{"id":10167,"date":"2013-11-04T17:58:50","date_gmt":"2013-11-04T22:58:50","guid":{"rendered":"http:\/\/www.oscarhumbertogomez.com\/?p=10167"},"modified":"2025-03-30T13:33:52","modified_gmt":"2025-03-30T18:33:52","slug":"la-conciliacion-en-equidad-por-hector-hernandez-mateus-3","status":"publish","type":"post","link":"https:\/\/oscarhumbertogomez.com\/?p=10167","title":{"rendered":"LA CONCILIACI\u00d3N EN EQUIDAD. Por H\u00e9ctor Hern\u00e1ndez Mateus"},"content":{"rendered":"<p><img loading=\"lazy\" decoding=\"async\" class=\"aligncenter size-full wp-image-12334\" title=\"HECTOR-HERNANDEZ-MATEUS\" src=\"https:\/\/lapiedrafilosofal.com\/wp-content\/uploads\/2014\/06\/HECTOR-HERNANDEZ-MATEUS.jpg\" alt=\"\" width=\"500\" height=\"408\"><\/p>\n<p>&nbsp;<\/p>\n<p>Al concluir la parte acad\u00e9mica del primer Diplomado de Actualizaci\u00f3n impartido para los Conciliadores en Equidad, es bueno hacer una s\u00edntesis de tan grata experiencia que durante varios meses se comparti\u00f3 con representantes de varios municipios del departamento, resaltando que, por primera vez, el Ministerio de Justicia y del Derecho se aperson\u00f3 en brindar, con fundamento propositivo, una herramienta para el desarrollo integral de la figura, que beneficia al pueblo-pueblo por ser prestatario de la misma, bien como parte del sistema o como usuarios.<\/p>\n<p>Se corrobora que las diferencias de ideales y procederes no pueden ser base para generar hostilidades; se armonizaron los conceptos, para al final entender que ejercer este apostolado es sin\u00f3nimo de amor, caridad cristiana y principio de paz en comunidades; las diferencias culturales y comportamientos propios de cada regi\u00f3n, hoy convergen en metr\u00f3polis multiculturales,&nbsp;siendo labor del Conciliador en Equidad orientar en normas sociales que no trasgredan los derechos que en libertad a cada uno compete, siendo por lo tanto la aplicaci\u00f3n de su filosof\u00eda, no exclusivamente para descongesti\u00f3n del sistema judicial, sino igualmente para recomponer el tejido social.<\/p>\n<p>La organizaci\u00f3n acert\u00f3 en la selecci\u00f3n de los conferencistas, fue ejemplar en la log\u00edstica y atenci\u00f3n de los educandos, una acci\u00f3n que busca optimizar el servicio, y que a fe, en concepto personal, ha sido rica en contenido del conocimiento y profuso en moldearnos espiritualmente, siendo trascendente para evaluarnos de manera integral.<\/p>\n<p>Coincidi\u00f3 d\u00edas antes de la finalizaci\u00f3n el lanzamiento de un programa que la gobernaci\u00f3n de Santander puso en marcha en Equidad de G\u00e9nero, siendo un lunar la no invitaci\u00f3n de representantes gestores de la figura, donde fue resaltado el concepto, por parte del director de acceso a la justicia Dr. Edgar Alfonso Ardila Amaya, de que nuestro Departamento es modelo en el pa\u00eds, siendo su experiencia ejemplo en la aplicaci\u00f3n en los diferentes territorios del mismo. Igualmente, la visita a los Conciliadores, por parte del encargado secretario del interior departamental Dr. Camilo Iv\u00e1n Rinc\u00f3n Le\u00f3n, quien en expresi\u00f3n no diplom\u00e1tica se refiri\u00f3 en su concepto personal a la mujer, creando un malestar silencioso; dada la calidad del auditorio no hubo la r\u00e9plica que se merec\u00eda; se debe tener mucha prudencia en los conceptos personales, ya que ellos dejan un sinsabor, contrario al querer del mandatario seccional.<\/p>\n<p>Esperemos que lo aprendido sirva para mejorar en el servicio; que haya la suficiente claridad conceptual para esperar que en un futuro no lejano las autoridades judiciales se sirvan atender las peticiones de respaldo, cumpliendo la ley, como es el querer de quienes le apostamos a un mejor pa\u00eds.<\/p>\n<p>&nbsp;<\/p>\n","protected":false},"excerpt":{"rendered":"<p>&nbsp; Al concluir la parte acad\u00e9mica del primer Diplomado de Actualizaci\u00f3n impartido para los Conciliadores en Equidad, es bueno hacer una s\u00edntesis de tan grata experiencia que durante varios meses se comparti\u00f3 con representantes de varios municipios del departamento, resaltando &hellip; <a href=\"https:\/\/oscarhumbertogomez.com\/?p=10167\">Sigue leyendo <span class=\"meta-nav\">&rarr;<\/span><\/a><\/p>\n<div class='heateorSssClear'><\/div><div  class='heateor_sss_sharing_container heateor_sss_horizontal_sharing' heateor-sss-data-href='https:\/\/oscarhumbertogomez.com\/?p=10167'><div class='heateor_sss_sharing_title' style=\"font-weight:bold\" >\u00a1Gracias por compartirla!<\/div><ul class=\"heateor_sss_sharing_ul\"><li class=\"heateorSssSharingRound\"><i style=\"width:35px;height:35px;border-radius:999px;\" alt=\"Facebook\" Title=\"Facebook\" class=\"heateorSssSharing heateorSssFacebookBackground\" onclick='heateorSssPopup(\"https:\/\/www.facebook.com\/sharer\/sharer.php?u=https%3A%2F%2Foscarhumbertogomez.com%2Findex.php%3Frest_route%3D%252Fwp%252Fv2%252Fposts%252F10167\")'><ss style=\"display:block;border-radius:999px;\" class=\"heateorSssSharingSvg heateorSssFacebookSvg\"><\/ss><\/i><\/li><li class=\"heateorSssSharingRound\"><i style=\"width:35px;height:35px;border-radius:999px;\" alt=\"Twitter\" Title=\"Twitter\" class=\"heateorSssSharing heateorSssTwitterBackground\" onclick='heateorSssPopup(\"http:\/\/twitter.com\/intent\/tweet?text=LA%20CONCILIACI%C3%93N%20EN%20EQUIDAD.%20Por%20H%C3%A9ctor%20Hern%C3%A1ndez%20Mateus&url=https%3A%2F%2Foscarhumbertogomez.com%2Findex.php%3Frest_route%3D%252Fwp%252Fv2%252Fposts%252F10167\")'><ss style=\"display:block;border-radius:999px;\" class=\"heateorSssSharingSvg heateorSssTwitterSvg\"><\/ss><\/i><\/li><li class=\"heateorSssSharingRound\"><i style=\"width:35px;height:35px;border-radius:999px;\" alt=\"Whatsapp\" Title=\"Whatsapp\" class=\"heateorSssSharing heateorSssWhatsappBackground\" onclick='heateorSssPopup(\"https:\/\/web.whatsapp.com\/send?text=LA%20CONCILIACI%C3%93N%20EN%20EQUIDAD.%20Por%20H%C3%A9ctor%20Hern%C3%A1ndez%20Mateus https%3A%2F%2Foscarhumbertogomez.com%2Findex.php%3Frest_route%3D%252Fwp%252Fv2%252Fposts%252F10167\")'><ss style=\"display:block\" class=\"heateorSssSharingSvg heateorSssWhatsappSvg\"><\/ss><\/i><\/li><li class=\"heateorSssSharingRound\"><i style=\"width:35px;height:35px;border-radius:999px;\" alt=\"Pinterest\" Title=\"Pinterest\" class=\"heateorSssSharing heateorSssPinterestBackground\" onclick=\"javascript:void( (function() {var e=document.createElement('script' );e.setAttribute('type','text\/javascript' );e.setAttribute('charset','UTF-8' );e.setAttribute('src','\/\/assets.pinterest.com\/js\/pinmarklet.js?r='+Math.random()*99999999);document.body.appendChild(e)})());\"><ss style=\"display:block;border-radius:999px;\" class=\"heateorSssSharingSvg heateorSssPinterestSvg\"><\/ss><\/i><\/li><li class=\"heateorSssSharingRound\"><i style=\"width:35px;height:35px;border-radius:999px;\" alt=\"Google Gmail\" Title=\"Google Gmail\" class=\"heateorSssSharing heateorSssGoogleGmailBackground\" onclick='heateorSssPopup(\"https:\/\/mail.google.com\/mail\/?ui=2&view=cm&fs=1&tf=1&su=LA%20CONCILIACI%C3%93N%20EN%20EQUIDAD.%20Por%20H%C3%A9ctor%20Hern%C3%A1ndez%20Mateus&body=Link:https%3A%2F%2Foscarhumbertogomez.com%2Findex.php%3Frest_route%3D%252Fwp%252Fv2%252Fposts%252F10167\")'><ss style=\"display:block;border-radius:999px;\" class=\"heateorSssSharingSvg heateorSssGoogleGmailSvg\"><\/ss><\/i><\/li><li class=\"heateorSssSharingRound\"><i style=\"width:35px;height:35px;border-radius:999px;\" title=\"More\" alt=\"More\" class=\"heateorSssSharing heateorSssMoreBackground\" onclick=\"heateorSssMoreSharingPopup(this, 'https:\/\/oscarhumbertogomez.com\/index.php?rest_route=%2Fwp%2Fv2%2Fposts%2F10167', 'LA%20CONCILIACI%C3%93N%20EN%20EQUIDAD.%20Por%20H%C3%A9ctor%20Hern%C3%A1ndez%20Mateus', '' )\" ><ss style=\"display:block\" class=\"heateorSssSharingSvg heateorSssMoreSvg\"><\/ss><\/i><\/li><\/ul><div class=\"heateorSssClear\"><\/div><\/div><div class='heateorSssClear'><\/div>","protected":false},"author":2,"featured_media":0,"comment_status":"closed","ping_status":"closed","sticky":false,"template":"","format":"standard","meta":{"spay_email":"","footnotes":""},"categories":[6],"tags":[],"class_list":["post-10167","post","type-post","status-publish","format-standard","hentry","category-la-pluma-ajena"],"jetpack_featured_media_url":"","jetpack_shortlink":"https:\/\/wp.me\/p1FYrr-2DZ","_links":{"self":[{"href":"https:\/\/oscarhumbertogomez.com\/index.php?rest_route=\/wp\/v2\/posts\/10167","targetHints":{"allow":["GET"]}}],"collection":[{"href":"https:\/\/oscarhumbertogomez.com\/index.php?rest_route=\/wp\/v2\/posts"}],"about":[{"href":"https:\/\/oscarhumbertogomez.com\/index.php?rest_route=\/wp\/v2\/types\/post"}],"author":[{"embeddable":true,"href":"https:\/\/oscarhumbertogomez.com\/index.php?rest_route=\/wp\/v2\/users\/2"}],"replies":[{"embeddable":true,"href":"https:\/\/oscarhumbertogomez.com\/index.php?rest_route=%2Fwp%2Fv2%2Fcomments&post=10167"}],"version-history":[{"count":5,"href":"https:\/\/oscarhumbertogomez.com\/index.php?rest_route=\/wp\/v2\/posts\/10167\/revisions"}],"predecessor-version":[{"id":53145,"href":"https:\/\/oscarhumbertogomez.com\/index.php?rest_route=\/wp\/v2\/posts\/10167\/revisions\/53145"}],"wp:attachment":[{"href":"https:\/\/oscarhumbertogomez.com\/index.php?rest_route=%2Fwp%2Fv2%2Fmedia&parent=10167"}],"wp:term":[{"taxonomy":"category","embeddable":true,"href":"https:\/\/oscarhumbertogomez.com\/index.php?rest_route=%2Fwp%2Fv2%2Fcategories&post=10167"},{"taxonomy":"post_tag","embeddable":true,"href":"https:\/\/oscarhumbertogomez.com\/index.php?rest_route=%2Fwp%2Fv2%2Ftags&post=10167"}],"curies":[{"name":"wp","href":"https:\/\/api.w.org\/{rel}","templated":true}]}}