{"id":1017,"date":"2011-08-22T14:48:21","date_gmt":"2011-08-22T19:48:21","guid":{"rendered":"http:\/\/www.oscarhumbertogomez.com\/?p=1017"},"modified":"2025-04-03T09:20:32","modified_gmt":"2025-04-03T14:20:32","slug":"acerca-de-la-discriminacion-el-acoso-y-la-violencia-contra-la-mujer-en-nuestra-sociedad-machista-parte-i","status":"publish","type":"post","link":"https:\/\/oscarhumbertogomez.com\/?p=1017","title":{"rendered":"La discriminaci\u00f3n contra la mujer en nuestra sociedad machista. El caso de Mar\u00eda Moliner. Por \u00d3scar Humberto G\u00f3mez G\u00f3mez"},"content":{"rendered":"<p><span style=\"color: #333399;\"><strong>La discriminaci\u00f3n contra la mujer en nuestra sociedad machista. El caso de Mar\u00eda Moliner.<\/strong><\/span><\/p>\n<p>&nbsp;<\/p>\n<p>Por <strong>\u00d3scar Humberto G\u00f3mez G\u00f3mez<\/strong><\/p>\n<p>&nbsp;<\/p>\n<p><img loading=\"lazy\" decoding=\"async\" class=\"aligncenter size-full wp-image-1130\" title=\"MAR\u00cdA MOLINER\" src=\"https:\/\/lapiedrafilosofal.com\/wp-content\/uploads\/2011\/08\/MAR\u00cdA-MOLINER.jpg\" alt=\"MAR\u00cdA MOLINER\" width=\"520\" height=\"520\" srcset=\"https:\/\/oscarhumbertogomez.com\/wp-content\/uploads\/2011\/08\/MAR\u00cdA-MOLINER.jpg 520w, https:\/\/oscarhumbertogomez.com\/wp-content\/uploads\/2011\/08\/MAR\u00cdA-MOLINER-150x150.jpg 150w, https:\/\/oscarhumbertogomez.com\/wp-content\/uploads\/2011\/08\/MAR\u00cdA-MOLINER-300x300.jpg 300w\" sizes=\"auto, (max-width: 520px) 100vw, 520px\" \/><\/p>\n<p>&nbsp;<\/p>\n<p>\u201cMar\u00eda Moliner \u2013para decirlo del modo m\u00e1s corto- hizo una proeza con muy pocos precedentes: escribi\u00f3 sola, en su casa, con su propia mano, el diccionario m\u00e1s completo, m\u00e1s \u00fatil, m\u00e1s acucioso y m\u00e1s divertido de la lengua castellana. Se llama&nbsp;<em>Diccionario de uso del espa\u00f1ol<\/em>, tiene dos tomos de casi 3.000 p\u00e1ginas en total, que pesan tres kilos, y viene a ser, en consecuencia, m\u00e1s de dos veces m\u00e1s largo que el de la Real Academia de la Lengua, y \u2013a mi juicio- m\u00e1s de dos veces mejor\u201d. GABRIEL GARC\u00cdA M\u00c1RQUEZ.<\/p>\n<p>&nbsp;<\/p>\n<p><img decoding=\"async\" class=\"aligncenter size-full wp-image-1185\" title=\"MAR\u00cdA MOLINER, LING\u00dcISTA ESPA\u00d1OLA\" src=\"https:\/\/lapiedrafilosofal.com\/wp-content\/uploads\/2011\/08\/MAR\u00cdA-MOLINER-LING\u00dcISTA-ESPA\u00d1OLA.jpg\" alt=\"MAR\u00cdA MOLINER, LING\u00dcISTA ESPA\u00d1OLA\" width=\"500\" height=\"\"><em><\/em><\/p>\n<p><em>&nbsp;<\/em><\/p>\n<p><em>&#8220;S\u00ed, mi biograf\u00eda es muy escueta en cuanto a que mi \u00fanico m\u00e9rito es mi diccionario. Es decir, yo no tengo ninguna obra que se pueda a\u00f1adir a esa para hacer una larga lista que contribuya a acreditar mi entrada en la Academia. (\u2026) Mi obra es limpiamente el diccionario (\u2026).<\/em><\/p>\n<p><em>Desde luego es una cosa indicada que un fil\u00f3sofo entre en la Academia y yo ya me echo fuera, pero si ese diccionario lo hubiera escrito un hombre, dir\u00edan: \u2018\u00a1Pero y ese hombre, c\u00f3mo no est\u00e1 en la Academia!<\/em>\u201d. MAR\u00cdA MOLINER. Entrevista con DANIEL SUEIRO.<\/p>\n<p>&nbsp;<\/p>\n<p>Las contundentes palabras del Premio Nobel de Literatura GABRIEL GARC\u00cdA M\u00c1RQUEZ, destacadas por Editorial Gredos, de Madrid, a prop\u00f3sito de la segunda edici\u00f3n de aquel portentoso trabajo ling\u00fc\u00edstico, hacen superfluo cualquier comentario.  Las de MAR\u00cdA MOLINER corroboran lo que hoy en d\u00eda empieza a reventar por todas partes, como una verdad que se est\u00e1 descubriendo y explica muchos supuestos axiomas predicados sin cr\u00edtica alguna a lo largo de la historia. Aseveraciones tajantes y estridentes que hasta ayer se tomaban como verdades incontrovertibles, pero que cada d\u00eda m\u00e1s est\u00e1n siendo cuestionadas y desnudadas como lo que realmente son: afirmaciones explicables \u00fanicamente gracias a la tradici\u00f3n machista de la humanidad. Por ejemplo, el &#8220;axioma&#8221; de que no han existido fil\u00f3sofas, sino tan s\u00f3lo fil\u00f3sofos, negando as\u00ed la existencia de excelsas figuras femeninas de la Filosof\u00eda como Hipatya de Alejandr\u00eda, la bella e inteligente directora del Museo, asesinada por la fan\u00e1tica turbamulta cristiana, instigada por el patriarca griego Cirilo.<\/p>\n<p>&nbsp;<\/p>\n<p><img decoding=\"async\" class=\"aligncenter size-full wp-image-1187\" title=\"MAR\u00cdA MOLINER Y SU ESPOSO, FERNANDO RAM\u00d3N, PROFESOR DE F\u00cdSICA\" src=\"https:\/\/lapiedrafilosofal.com\/wp-content\/uploads\/2011\/08\/MAR\u00cdA-MOLINER-Y-SU-ESPOSO-FERNANDO-RAM\u00d3N-PROFESOR-DE-F\u00cdSICA.jpg\" alt=\"MAR\u00cdA MOLINER Y SU ESPOSO, FERNANDO RAM\u00d3N, PROFESOR DE F\u00cdSICA\" width=\"500\" height=\"\"><\/p>\n<p>&nbsp;<\/p>\n<p>Para no ir tan lejos, aqu\u00ed, entre nosotros, tard\u00eda (aunque m\u00e1s vale tarde que nunca) la recopilaci\u00f3n de los nombres de las mujeres que enriquecieron la historia musical femenina de Santander durante los primeros setenta a\u00f1os del siglo XX, puesta sobre el tapete hasta ahora, gracias a interesante art\u00edculo, que recogimos para nuestro \u00faltimo libro: Beatriz Serpa Cuesto (o Beatriz Serpa de Mu\u00f1oz), Rosa Julia Peralta de Carvajal, Elvira Inmediato, Aura de Castellanos, Carlina Mantilla Murillo, Alicia Garc\u00eda de Uribe, Ana Sixta Hern\u00e1ndez, Amalia Carrera Duque, Beatriz V\u00e1squez de Ardila, Beatriz G\u00f3mez de Acevedo, Berta In\u00e9s Aguilar, Blanca Puyana de Obreg\u00f3n, Carmen In\u00e9s Carrero, Cecilia Granados, Cecilia N\u00fa\u00f1ez de Lega, Cecilia Pinz\u00f3n Urrea, Elpidia Torres de Rodr\u00edguez, Elvira Moreno Mart\u00ednez, Emilia G\u00f3mez Villa, Eugenia Galvis, Graciela Ord\u00f3\u00f1ez Montero, Graciela Pereira, Hortensia Galvis Ram\u00edrez, In\u00e9s Granados, Jacqueline Nova Sontac, Lissy Garc\u00eda de Serrano, Lucila Pailli\u00e9 de Azuero, Lucila Reyes Duarte, Lucila Villarreal Mej\u00eda, Luisa Mar\u00eda Pe\u00f1a Dur\u00e1n, Mar\u00eda Victoria Prieto Galvis, Mar\u00eda Mercedes Serrano Montagut, Martha Luc\u00eda G\u00f3mez Rueda, Marcela Garc\u00eda Ord\u00f3\u00f1ez, Patricia P\u00e9rez, Mariela Sanmiguel de Molano, Marina Abello de Camargo, Mercedes Cort\u00e9s Ram\u00edrez, Norma Dom\u00ednguez de Garc\u00eda, Raquel Serrano Sanmiguel, Rosalba Mantilla Prada, Teresa C\u00e1ceres de Serrano y Trinidad M\u00e1rquez de Pinilla. (S\u00c1NCHEZ MEJ\u00cdA, Magnolia. ECHEVERRI GUTI\u00c9RREZ, Diana Gabriela. <em>Presencia y esencia de la mujer en la m\u00fasica. Santander (1900-1970)<\/em>. En: Revista Santander. No. 2. Universidad Industrial de Santander. Marzo de 2007. Citado por \u00d3scar Humberto G\u00f3mez G\u00f3mez. <em>Historia de Bucaramanga. <\/em>Primera edici\u00f3n. (Sic) Editorial. Bucaramanga. 2009, p.p. 262-263).<\/p>\n<p>&nbsp;<\/p>\n<p><img decoding=\"async\" class=\"aligncenter size-full wp-image-1133\" title=\"MAR\u00cdA MOLINER JOVEN\" src=\"https:\/\/lapiedrafilosofal.com\/wp-content\/uploads\/2011\/08\/MAR\u00cdA-MOLINER-II.jpg\" alt=\"MAR\u00cdA MOLINER JOVEN\" width=\"500\" height=\"\"><\/p>\n<p>&nbsp;<\/p>\n<p>FEDERICO ENGELS en su libro <em>El origen de la familia, la propiedad privada y el Estado <\/em> precisa que la primera forma de dominaci\u00f3n y explotaci\u00f3n de unos seres humanos por otros no fue la del esclavo por el amo, sino la de la mujer por el hombre.<\/p>\n<p>No hace un a\u00f1o el mundo civilizado se estremec\u00eda con las im\u00e1genes de las mujeres iran\u00edes enterradas hasta el cuello como paso previo a su lapidaci\u00f3n a manos de verdugos varones, en el contexto de una sociedad, una religi\u00f3n y una cultura machistas hasta los tu\u00e9tanos. En <em>ZORBA EL GRIEGO<\/em>, ALEXIS ZORBA, el personaje protagonizado por el genial actor ANTHONY QUINN, no puede impedir la lapidaci\u00f3n de la mujer a quien representa la actriz IRENE PAPAS, acusada de que un hombre se ha suicidado por ella. En <em>EL QUIJOTE<\/em>, El Caballero Andante logra, en cambio, impedir que lapiden a la pastora MARCELA, acusada de lo mismo: de que un bachiller apreciado en toda la regi\u00f3n se ha suicidado porque ella no atendi\u00f3 sus requerimientos amorosos. Y en <em>La Biblia<\/em>, JES\u00daS salva a una mujer ad\u00faltera de la misma pena con aquella inmortal exhortaci\u00f3n a que <em>&#8220;aquel que est\u00e9 libre de pecado, que tire la primera piedra&#8221;<\/em>.<\/p>\n<p>El C\u00f3digo de Derecho Can\u00f3nico sanciona la ordenaci\u00f3n de sacerdotisas con la excomuni\u00f3n.<\/p>\n<p>Volvamos al caso MOLINER:<\/p>\n<p>&nbsp;<\/p>\n<p><img loading=\"lazy\" decoding=\"async\" class=\"aligncenter size-full wp-image-1183\" title=\"MAR\u00cdA MOLINER ESCRIBIENDO A MANO\" src=\"https:\/\/lapiedrafilosofal.com\/wp-content\/uploads\/2011\/08\/MAR\u00cdA-MOLINER-ESCRIBIENDO-A-MANO.png\" alt=\"MAR\u00cdA MOLINER ESCRIBIENDO A MANO\" width=\"465\" height=\"524\" srcset=\"https:\/\/oscarhumbertogomez.com\/wp-content\/uploads\/2011\/08\/MAR\u00cdA-MOLINER-ESCRIBIENDO-A-MANO.png 465w, https:\/\/oscarhumbertogomez.com\/wp-content\/uploads\/2011\/08\/MAR\u00cdA-MOLINER-ESCRIBIENDO-A-MANO-266x300.png 266w\" sizes=\"auto, (max-width: 465px) 100vw, 465px\" \/><\/p>\n<p>&nbsp;<\/p>\n<p>El 7 de noviembre de 1972, el escritor y periodista espa\u00f1ol DANIEL SUEIRO entrevistaba en El Heraldo de Arag\u00f3n a MAR\u00cdA MOLINER. El titular era un interrogante: &#8220;\u00bfSer\u00e1 Mar\u00eda Moliner la primera mujer que entre en la Academia?&#8221; A Mar\u00eda Moliner la hab\u00edan propuesto como miembro los acad\u00e9micos RAFAEL LAPESA y PEDRO LA\u00cdN  ENTRALGO. La pregunta del autor de <em>La pena de muerte<\/em> se qued\u00f3 esperando la respuesta positiva que seguramente esperaba. El machismo le cerr\u00f3 la puerta de la Real Academia Espa\u00f1ola (RAE) a la m\u00e1s grande ling\u00fcista de Espa\u00f1a.<\/p>\n<p>&nbsp;<\/p>\n<p><img decoding=\"async\" class=\"aligncenter size-full wp-image-1186\" title=\"MAR\u00cdA MOLINER, LECTORA INFATIGABLE\" src=\"https:\/\/lapiedrafilosofal.com\/wp-content\/uploads\/2011\/08\/MAR\u00cdA-MOLINER-LEE.jpg\" alt=\"MAR\u00cdA MOLINER, LECTORA INFATIGABLE\" width=\"500\" height=\"\"><\/p>\n<p>&nbsp;<\/p>\n<p>La oleada de duras cr\u00edticas al secular machismo de una academia que se hab\u00eda negado a recibir a MAR\u00cdA MOLINER, a pesar de sus innegables m\u00e9ritos, hizo que en 1978 (mil novecientos setenta y ocho) y casi desesperadamente la RAE se propusiera asegurar el ingreso de una mujer a la entidad. Para ello conform\u00f3 una terna de solo mujeres. Era tal la atm\u00f3sfera machista reinante, que resultaba casi segura la elecci\u00f3n de un var\u00f3n si se inclu\u00edan hombres -al menos uno- en la terna. CARMEN CONDE, CARMEN GUIRADO y ROSA CHACEL integraron aquella hist\u00f3rica terna que permiti\u00f3, por fin, con CARMEN CONDE, la entrada del sexo femenino a la herm\u00e9tica instituci\u00f3n. La Academia hab\u00eda sido fundada en el a\u00f1o 1774 (mil setecientos setenta y cuatro). La primera mujer ingres\u00f3 en el a\u00f1o 1978 (mil novecientos setenta y ocho). Ustedes mismos concluyan cu\u00e1ntos a\u00f1os hab\u00edan transcurrido desde entonces.<\/p>\n<p>Despu\u00e9s de CARMEN CONDE, otras damas como ANA MAR\u00cdA MATUTE (1996), MAR\u00cdA DEL CARMEN IGLESIAS (2000), MARGARITA SALAS (2003), IN\u00c9S FERN\u00c1NDEZ-ORD\u00d3\u00d1EZ (2008) y SOLEDAD PU\u00c9RTOLAS VILLANUEVA (2010), han ocupado sill\u00f3n en la RAE.<\/p>\n<p>A pesar de estas conquistas, sin embargo, el machismo contin\u00faa siendo una realidad innegable en el mundo entero.<\/p>\n<p>Y en Santander, nuestro departamento, una realidad verdaderamente preocupante.<\/p>\n<p>&nbsp;<\/p>\n","protected":false},"excerpt":{"rendered":"<p>La discriminaci\u00f3n contra la mujer en nuestra sociedad machista. El caso de Mar\u00eda Moliner. &nbsp; Por \u00d3scar Humberto G\u00f3mez G\u00f3mez &nbsp; &nbsp; \u201cMar\u00eda Moliner \u2013para decirlo del modo m\u00e1s corto- hizo una proeza con muy pocos precedentes: escribi\u00f3 sola, en &hellip; <a href=\"https:\/\/oscarhumbertogomez.com\/?p=1017\">Sigue leyendo <span class=\"meta-nav\">&rarr;<\/span><\/a><\/p>\n<div class='heateorSssClear'><\/div><div  class='heateor_sss_sharing_container heateor_sss_horizontal_sharing' heateor-sss-data-href='https:\/\/oscarhumbertogomez.com\/?p=1017'><div class='heateor_sss_sharing_title' style=\"font-weight:bold\" >\u00a1Gracias por compartirla!<\/div><ul class=\"heateor_sss_sharing_ul\"><li class=\"heateorSssSharingRound\"><i style=\"width:35px;height:35px;border-radius:999px;\" alt=\"Facebook\" Title=\"Facebook\" class=\"heateorSssSharing heateorSssFacebookBackground\" onclick='heateorSssPopup(\"https:\/\/www.facebook.com\/sharer\/sharer.php?u=https%3A%2F%2Foscarhumbertogomez.com%2Findex.php%3Frest_route%3D%252Fwp%252Fv2%252Fposts%252F1017\")'><ss style=\"display:block;border-radius:999px;\" class=\"heateorSssSharingSvg heateorSssFacebookSvg\"><\/ss><\/i><\/li><li class=\"heateorSssSharingRound\"><i style=\"width:35px;height:35px;border-radius:999px;\" alt=\"Twitter\" Title=\"Twitter\" class=\"heateorSssSharing heateorSssTwitterBackground\" onclick='heateorSssPopup(\"http:\/\/twitter.com\/intent\/tweet?text=La%20discriminaci%C3%B3n%20contra%20la%20mujer%20en%20nuestra%20sociedad%20machista.%20El%20caso%20de%20Mar%C3%ADa%20Moliner.%20Por%20%C3%93scar%20Humberto%20G%C3%B3mez%20G%C3%B3mez&url=https%3A%2F%2Foscarhumbertogomez.com%2Findex.php%3Frest_route%3D%252Fwp%252Fv2%252Fposts%252F1017\")'><ss style=\"display:block;border-radius:999px;\" class=\"heateorSssSharingSvg heateorSssTwitterSvg\"><\/ss><\/i><\/li><li class=\"heateorSssSharingRound\"><i style=\"width:35px;height:35px;border-radius:999px;\" alt=\"Whatsapp\" Title=\"Whatsapp\" class=\"heateorSssSharing heateorSssWhatsappBackground\" onclick='heateorSssPopup(\"https:\/\/web.whatsapp.com\/send?text=La%20discriminaci%C3%B3n%20contra%20la%20mujer%20en%20nuestra%20sociedad%20machista.%20El%20caso%20de%20Mar%C3%ADa%20Moliner.%20Por%20%C3%93scar%20Humberto%20G%C3%B3mez%20G%C3%B3mez https%3A%2F%2Foscarhumbertogomez.com%2Findex.php%3Frest_route%3D%252Fwp%252Fv2%252Fposts%252F1017\")'><ss style=\"display:block\" class=\"heateorSssSharingSvg heateorSssWhatsappSvg\"><\/ss><\/i><\/li><li class=\"heateorSssSharingRound\"><i style=\"width:35px;height:35px;border-radius:999px;\" alt=\"Pinterest\" Title=\"Pinterest\" class=\"heateorSssSharing heateorSssPinterestBackground\" onclick=\"javascript:void( (function() {var e=document.createElement('script' );e.setAttribute('type','text\/javascript' );e.setAttribute('charset','UTF-8' );e.setAttribute('src','\/\/assets.pinterest.com\/js\/pinmarklet.js?r='+Math.random()*99999999);document.body.appendChild(e)})());\"><ss style=\"display:block;border-radius:999px;\" class=\"heateorSssSharingSvg heateorSssPinterestSvg\"><\/ss><\/i><\/li><li class=\"heateorSssSharingRound\"><i style=\"width:35px;height:35px;border-radius:999px;\" alt=\"Google Gmail\" Title=\"Google Gmail\" class=\"heateorSssSharing heateorSssGoogleGmailBackground\" onclick='heateorSssPopup(\"https:\/\/mail.google.com\/mail\/?ui=2&view=cm&fs=1&tf=1&su=La%20discriminaci%C3%B3n%20contra%20la%20mujer%20en%20nuestra%20sociedad%20machista.%20El%20caso%20de%20Mar%C3%ADa%20Moliner.%20Por%20%C3%93scar%20Humberto%20G%C3%B3mez%20G%C3%B3mez&body=Link:https%3A%2F%2Foscarhumbertogomez.com%2Findex.php%3Frest_route%3D%252Fwp%252Fv2%252Fposts%252F1017\")'><ss style=\"display:block;border-radius:999px;\" class=\"heateorSssSharingSvg heateorSssGoogleGmailSvg\"><\/ss><\/i><\/li><li class=\"heateorSssSharingRound\"><i style=\"width:35px;height:35px;border-radius:999px;\" title=\"More\" alt=\"More\" class=\"heateorSssSharing heateorSssMoreBackground\" onclick=\"heateorSssMoreSharingPopup(this, 'https:\/\/oscarhumbertogomez.com\/index.php?rest_route=%2Fwp%2Fv2%2Fposts%2F1017', 'La%20discriminaci%C3%B3n%20contra%20la%20mujer%20en%20nuestra%20sociedad%20machista.%20El%20caso%20de%20Mar%C3%ADa%20Moliner.%20Por%20%C3%93scar%20Humberto%20G%C3%B3mez%20G%C3%B3mez', '' )\" ><ss style=\"display:block\" class=\"heateorSssSharingSvg heateorSssMoreSvg\"><\/ss><\/i><\/li><\/ul><div class=\"heateorSssClear\"><\/div><\/div><div class='heateorSssClear'><\/div>","protected":false},"author":2,"featured_media":0,"comment_status":"closed","ping_status":"closed","sticky":false,"template":"","format":"standard","meta":{"spay_email":"","footnotes":""},"categories":[1],"tags":[],"class_list":["post-1017","post","type-post","status-publish","format-standard","hentry","category-blog"],"jetpack_featured_media_url":"","jetpack_shortlink":"https:\/\/wp.me\/p1FYrr-gp","_links":{"self":[{"href":"https:\/\/oscarhumbertogomez.com\/index.php?rest_route=\/wp\/v2\/posts\/1017","targetHints":{"allow":["GET"]}}],"collection":[{"href":"https:\/\/oscarhumbertogomez.com\/index.php?rest_route=\/wp\/v2\/posts"}],"about":[{"href":"https:\/\/oscarhumbertogomez.com\/index.php?rest_route=\/wp\/v2\/types\/post"}],"author":[{"embeddable":true,"href":"https:\/\/oscarhumbertogomez.com\/index.php?rest_route=\/wp\/v2\/users\/2"}],"replies":[{"embeddable":true,"href":"https:\/\/oscarhumbertogomez.com\/index.php?rest_route=%2Fwp%2Fv2%2Fcomments&post=1017"}],"version-history":[{"count":5,"href":"https:\/\/oscarhumbertogomez.com\/index.php?rest_route=\/wp\/v2\/posts\/1017\/revisions"}],"predecessor-version":[{"id":53483,"href":"https:\/\/oscarhumbertogomez.com\/index.php?rest_route=\/wp\/v2\/posts\/1017\/revisions\/53483"}],"wp:attachment":[{"href":"https:\/\/oscarhumbertogomez.com\/index.php?rest_route=%2Fwp%2Fv2%2Fmedia&parent=1017"}],"wp:term":[{"taxonomy":"category","embeddable":true,"href":"https:\/\/oscarhumbertogomez.com\/index.php?rest_route=%2Fwp%2Fv2%2Fcategories&post=1017"},{"taxonomy":"post_tag","embeddable":true,"href":"https:\/\/oscarhumbertogomez.com\/index.php?rest_route=%2Fwp%2Fv2%2Ftags&post=1017"}],"curies":[{"name":"wp","href":"https:\/\/api.w.org\/{rel}","templated":true}]}}