{"id":10201,"date":"2013-11-10T14:44:01","date_gmt":"2013-11-10T19:44:01","guid":{"rendered":"http:\/\/www.oscarhumbertogomez.com\/?p=10201"},"modified":"2025-02-14T22:46:53","modified_gmt":"2025-02-15T03:46:53","slug":"poesia-santandereana-vii-por-oscar-humberto-gomez-gomez-2","status":"publish","type":"post","link":"https:\/\/oscarhumbertogomez.com\/?p=10201","title":{"rendered":"POES\u00cdA SANTANDEREANA (VII). Por \u00d3scar Humberto G\u00f3mez G\u00f3mez"},"content":{"rendered":"<p><span style=\"color: #ff0000;\"><strong>NOTA DEL PORTAL<\/strong>:<\/span> <strong><em><\/em><\/strong><\/p>\n<p><strong><em>De nuevo, con el mismo respeto de siempre por la diferencia, pilar fundamental de nuestro existir, aqu\u00ed est\u00e1 otra vez la Poes\u00eda, la emergida de nuestras bre\u00f1as nativas, de la pluma de quienes deben ser siempre nuestros, como nuestras deben ser todas las expresiones culturales que hacen de Santander un pueblo identificable en el concierto nacional y que deber\u00eda serlo tambi\u00e9n en el concierto de los dem\u00e1s pueblos del mundo. Aqu\u00ed est\u00e1n de nuevo el amor, la pasi\u00f3n y la desesperanza; aqu\u00ed est\u00e1 otra vez la rebeld\u00eda; aqu\u00ed est\u00e1 la exaltaci\u00f3n de la bondad, de la lealtad y de la gratitud; aqu\u00ed est\u00e1n la nobleza del perd\u00f3n y su mensaje de esperanza.<\/em><\/strong><\/p>\n<p><strong><em>&nbsp;<\/p>\n<p><\/em><\/strong><strong><em><\/em><\/strong><strong><em>\u00a1Bienvenidos a la Poes\u00eda santandereana! \u00a1Bienvenidos a esta nueva demostraci\u00f3n de que Santander vive!<\/em><\/strong><\/p>\n<p>&nbsp;<\/p>\n<p><span style=\"color: #800000;\"><strong>SECRETO EN EL CLAUSTRO<\/strong><\/span><\/p>\n<p>&nbsp;<\/p>\n<p><img loading=\"lazy\" decoding=\"async\" class=\"aligncenter size-full wp-image-10206\" title=\"NOVICIA ORANDO\" src=\"https:\/\/lapiedrafilosofal.com\/wp-content\/uploads\/2013\/11\/NOVICIA-ORANDO.jpg\" alt=\"\" width=\"640\" height=\"480\" srcset=\"https:\/\/oscarhumbertogomez.com\/wp-content\/uploads\/2013\/11\/NOVICIA-ORANDO.jpg 640w, https:\/\/oscarhumbertogomez.com\/wp-content\/uploads\/2013\/11\/NOVICIA-ORANDO-300x225.jpg 300w\" sizes=\"auto, (max-width: 640px) 100vw, 640px\" \/><\/p>\n<p>&nbsp;<\/p>\n<p>La Madre Superiora,<br \/>\ncon palidez mortal,<br \/>\nvigila a la novicia<br \/>\nsiempre que va a rezar.<\/p>\n<p>Se postra de rodillas<br \/>\nante el Cristo yacente,<br \/>\ny al mirar ese cuerpo<br \/>\nlacerado y divino,<br \/>\nella baja los ojos<br \/>\ny un ligero rubor<br \/>\nse refleja en su frente.<\/p>\n<p>La dulce religiosa<br \/>\nes silenciosa y triste,<br \/>\nla Madre Superiora<br \/>\nla ve siempre llorar.<br \/>\n\u00bfQu\u00e9 dudas la atormentan?<br \/>\n\u00bfqu\u00e9 recuerdos evoca<br \/>\nante el Cristo yacente del altar?<\/p>\n<p>La novicia est\u00e1 p\u00e1lida,<br \/>\nsus nostalgias no pasan,<br \/>\nese amor ya lejano<br \/>\nno volver\u00e1 jam\u00e1s.<\/p>\n<p>S\u00f3lo el Cristo lacerado y divino<br \/>\ncurar\u00e1 sus dolores,<br \/>\nsu pecado de amar.<\/p>\n<p>MARY REY DE QUINTERO.<\/p>\n<p>&nbsp;<\/p>\n<p>________<\/p>\n<p>&nbsp;<\/p>\n<p><span style=\"color: #ff6600;\"><strong>EL CABALLO FAROLITO<\/strong><\/span><\/p>\n<p>&nbsp;<\/p>\n<p><img loading=\"lazy\" decoding=\"async\" class=\"aligncenter size-full wp-image-10207\" title=\"CABALLO VIEJO\" src=\"https:\/\/lapiedrafilosofal.com\/wp-content\/uploads\/2013\/11\/CABALLO-VIEJO.jpg\" alt=\"\" width=\"300\" height=\"450\" srcset=\"https:\/\/oscarhumbertogomez.com\/wp-content\/uploads\/2013\/11\/CABALLO-VIEJO.jpg 300w, https:\/\/oscarhumbertogomez.com\/wp-content\/uploads\/2013\/11\/CABALLO-VIEJO-200x300.jpg 200w\" sizes=\"auto, (max-width: 300px) 100vw, 300px\" \/><\/p>\n<p>&nbsp;<\/p>\n<p>Por debajo del vientre sudoroso<br \/>\nde un caballo manso, desfilaban<br \/>\ncaminos polvorientos&#8230;barrizales,<br \/>\nllanuras, laderas&#8230;y ca\u00f1adas.<\/p>\n<p>En los despe\u00f1aderos y lomas empinadas<br \/>\ncabalgaba horqueteado sobre el anca,<br \/>\nasido de la brida y de la carga,<br \/>\nun muchacho, compa\u00f1ero inseparable<br \/>\nde aguaceros, cansancios y jornadas,<br \/>\ncapturando ilusiones y horizontes,<br \/>\nbuscando acortarle las distancias,<br \/>\nmientras su mirada escrutadora<br \/>\nmed\u00eda la inmensidad de la comarca.<\/p>\n<p>El equino era un macho vigoroso<br \/>\ndeshacedor de rutas desde el alba<br \/>\npor las que transitaba transportando<br \/>\nsobre su lomo todo,<br \/>\nsin recesos o estaciones en la marcha.<\/p>\n<p>Nada le intimidaba:<br \/>\nni las tinieblas que enredan los caminos,<br \/>\nni las laderas pulidas por la lluvia<br \/>\nen donde se precipitan las pisadas,<br \/>\nni los pedregales que arrancan herraduras,<br \/>\n&#8230;ni las noches cargadas de fantasmas.<\/p>\n<p>Cuando entre el lodo de los barrizales<br \/>\nel lodo le com\u00eda el vientre y las patas<br \/>\namenazando raparle incompasivo<br \/>\nlas fuerzas del cuerpo&#8230; y la enjalma,<br \/>\nO cuando vadeaba los r\u00edos tormentosos<br \/>\ncon el jinete y la carga a cuestas,<br \/>\nenfrentando remolinos y torrentes,<br \/>\nbuscando llegar a sus orillas ebrias.<br \/>\nO cuando el arriero agarrado de su crin<br \/>\nse dejaba remolcar<br \/>\npara hacer m\u00e1s llevadera la jornada,<br \/>\nFarolito obedec\u00eda resignado<br \/>\nsin pensar jam\u00e1s en recompensas.<\/p>\n<p>Pero pasados los d\u00edas, los meses y los a\u00f1os,<br \/>\nlos caminos alargaron sus distancias,<br \/>\nsus piernas no pudieron con el cuerpo,<br \/>\nni el cuerpo dolorido, con el peso<br \/>\nde sus luchas, contingencias y nostalgias.<\/p>\n<p>\u00a1Porque Farolito se encontraba viejo!<\/p>\n<p>Entonces, ciego, maltratado y rengo,<br \/>\ntropezaba y ca\u00eda en cualquier parte,<br \/>\nenfermo y arrinconado por el tiempo.<\/p>\n<p>Por eso&#8230;al final de cuentas,<br \/>\nel morral liviano de otros d\u00edas<br \/>\nle pesaba m\u00e1s que los recuerdos<br \/>\nde jornadas penosas y tormentos.<\/p>\n<p>\u00a1Porque el caballito se encontraba viejo!<\/p>\n<p>Finalmente&#8230;su amo, due\u00f1o y se\u00f1or,<br \/>\ncuando lo vio in\u00fatil, inservible y ciego,<br \/>\norden\u00f3 arrojarle a los caminos,<br \/>\ndonde la muerte mantiene su portillo abierto<br \/>\ny cerradas las talanqueras de los pastizales<br \/>\npara que coman s\u00f3lo los corceles nuevos.<\/p>\n<p>Por eso&#8230;atropellado por la ingratitud,<br \/>\nmuri\u00f3 de abandono el caballito bueno.<\/p>\n<p>&#8230;<\/p>\n<p>Hay hombres que en el peor de los momentos,<br \/>\ncuando la adversidad o los a\u00f1os nos golpean,<br \/>\nporque ya no les servimos m\u00e1s,<br \/>\nnos abandonan y olvidan&#8230;<br \/>\ncomo al caballo viejo.<\/p>\n<p>GERM\u00c1N FL\u00d3REZ FRANCO<\/p>\n<p>&nbsp;<\/p>\n<p>________<\/p>\n<p>&nbsp;<\/p>\n<p><strong>LAMENTO POR CA\u00cdN<\/strong><\/p>\n<p>&nbsp;<\/p>\n<p><img loading=\"lazy\" decoding=\"async\" class=\"aligncenter size-full wp-image-10208\" title=\"cain-abel\" src=\"https:\/\/lapiedrafilosofal.com\/wp-content\/uploads\/2013\/11\/cain-abel.jpg\" alt=\"\" width=\"375\" height=\"501\" srcset=\"https:\/\/oscarhumbertogomez.com\/wp-content\/uploads\/2013\/11\/cain-abel.jpg 375w, https:\/\/oscarhumbertogomez.com\/wp-content\/uploads\/2013\/11\/cain-abel-224x300.jpg 224w\" sizes=\"auto, (max-width: 375px) 100vw, 375px\" \/><\/p>\n<p>&nbsp;<\/p>\n<p>Ca\u00edn, no huyas por los montes de Neptuno,<br \/>\nbasta ya de recorrer Andr\u00f3meda,<br \/>\nno te ocultes de los rayos terribles<br \/>\nde las estrellas muertas.<br \/>\nEn la tierra no hay tumbas con tu nombre,<br \/>\nlas piedras ya no huyen a tu paso,<br \/>\nel mundo se cans\u00f3 de tu carrera.<br \/>\nVen, si\u00e9ntate junto al fuego,<br \/>\ntu raza ha poblado los paisajes.<br \/>\nVen por tus hijos, Ca\u00edn,<br \/>\nens\u00e9\u00f1ales el don de la verg\u00fcenza.<\/p>\n<p>LUZ HELENA CORDERO VILLAMIZAR<\/p>\n<p>&nbsp;<br \/>\n___________<\/p>\n<p>&nbsp;<\/p>\n<p><span style=\"color: #0000ff;\"><strong>PARA UNA DESPEDIDA<\/strong><\/span><\/p>\n<p>&nbsp;<\/p>\n<p><img loading=\"lazy\" decoding=\"async\" class=\"aligncenter size-full wp-image-10209\" title=\"DESPEDIDA II\" src=\"https:\/\/lapiedrafilosofal.com\/wp-content\/uploads\/2013\/11\/DESPEDIDA-II.jpg\" alt=\"\" width=\"800\" height=\"603\" srcset=\"https:\/\/oscarhumbertogomez.com\/wp-content\/uploads\/2013\/11\/DESPEDIDA-II.jpg 800w, https:\/\/oscarhumbertogomez.com\/wp-content\/uploads\/2013\/11\/DESPEDIDA-II-300x226.jpg 300w\" sizes=\"auto, (max-width: 800px) 100vw, 800px\" \/><\/p>\n<p>&nbsp;<\/p>\n<p>Yo s\u00e9 que al fin me dejas. Con l\u00e1grimas despides<br \/>\nel hondo amor sin l\u00edmites con que te quise yo&#8230;<br \/>\nEs bueno que te ausentes y es justo que me olvides<br \/>\nsi en nuestro cielo mustio la estrella se apag\u00f3.<\/p>\n<p>De nuestro idilio roto, de s\u00fabito, me queda,<br \/>\npara ir rememorando la dicha que pas\u00f3,<br \/>\nla l\u00e1mpara votiva, tu bata azul de seda,<br \/>\ny aquella margarita que se nos deshoj\u00f3.<\/p>\n<p>Con besos te lo dije: la dicha siempre es poca<br \/>\ny hay que saber vivirla con una fiebre loca<br \/>\nporque ella va llev\u00e1ndose, como hoy se llevar\u00e1,<\/p>\n<p>los \u00faltimos retazos amables de la vida,<br \/>\ncon esas despedidas, como esa despedida<br \/>\nque tiene aquel amargo sabor de la orfandad.<\/p>\n<p>JUAN CRIST\u00d3BAL MART\u00cdNEZ (<em>JUANC\u00c9<\/em>) (1896 &#8211; 1959)<\/p>\n<p>&nbsp;<\/p>\n<p>_________<\/p>\n<p>&nbsp;<\/p>\n<p><span style=\"color: #ffcc00;\"><strong>A UN LE\u00d3N DE PIEDRA<\/strong><\/span><\/p>\n<p>&nbsp;<\/p>\n<p>Para el tallador sangile\u00f1o Jos\u00e9 A. Pereira.<\/p>\n<p>&nbsp;<\/p>\n<p><em>Dormitaba el le\u00f3n sobre una roca<\/em><br \/>\n<em> Era ya un sue\u00f1o que duraba mucho.<\/em><br \/>\n<em> Y vinieron a despertarlo con su loca<\/em><br \/>\n<em> Alegr\u00eda las dianas de Ayacucho.<\/em><\/p>\n<p><em>de <strong>Luis Emilio Dur\u00e1n<\/strong><\/em><\/p>\n<p>&nbsp;<\/p>\n<p><img loading=\"lazy\" decoding=\"async\" class=\"aligncenter size-full wp-image-9206\" title=\"Le\u00f3n_de_piedra\" src=\"https:\/\/lapiedrafilosofal.com\/wp-content\/uploads\/2013\/07\/Le\u00f3n_de_piedra.jpg\" alt=\"\" width=\"800\" height=\"600\" srcset=\"https:\/\/oscarhumbertogomez.com\/wp-content\/uploads\/2013\/07\/Le\u00f3n_de_piedra.jpg 800w, https:\/\/oscarhumbertogomez.com\/wp-content\/uploads\/2013\/07\/Le\u00f3n_de_piedra-300x225.jpg 300w\" sizes=\"auto, (max-width: 800px) 100vw, 800px\" \/><\/p>\n<p>&nbsp;<\/p>\n<p>Le\u00f3n de piedra, magn\u00edfico, soberbio, melenudo,<br \/>\nQue guardas, silencioso, el p\u00f3rtico sagrado;<br \/>\nQue, con rampantes garras, con adem\u00e1n ce\u00f1udo,<br \/>\nEl ojo inm\u00f3vil fijas en un cielo vedado.<\/p>\n<p>Dime, le\u00f3n de piedra: \u00bfno sientes ansias locas<br \/>\nDe saltar de tu z\u00f3calo e irte por los montes,<br \/>\nY ser rey de la selva, y estremecer las rocas<br \/>\nCon tu rugido, y ver del mar los horizontes?&#8230;<\/p>\n<p>Le\u00f3n de piedra: Salta! Te espera la llanura;<br \/>\nTe espera el amor de una leona formidable;<br \/>\nTe espera el ancho r\u00edo, la fuente, la espesura\u2026<br \/>\nRompe tu p\u00e9treo sue\u00f1o! Haz que tu mudez hable!&#8230;<\/p>\n<p>Qu\u00e9 semejante eres al pueblo americano,<br \/>\nQue hace ya un siglo yace, silencioso y dormido\u2026<br \/>\n\u00a1Ruge, le\u00f3n de Am\u00e9rica, y atruena monte y llano!<br \/>\n\u00a1Ruge, que ha llegado la hora del rugido!<\/p>\n<p>PABLO ZOGOIBI (1909 &#8211; 1995).<\/p>\n<p>&nbsp;<br \/>\n______<\/p>\n<p>&nbsp;<\/p>\n","protected":false},"excerpt":{"rendered":"<p>NOTA DEL PORTAL: De nuevo, con el mismo respeto de siempre por la diferencia, pilar fundamental de nuestro existir, aqu\u00ed est\u00e1 otra vez la Poes\u00eda, la emergida de nuestras bre\u00f1as nativas, de la pluma de quienes deben ser siempre nuestros, &hellip; <a href=\"https:\/\/oscarhumbertogomez.com\/?p=10201\">Sigue leyendo <span class=\"meta-nav\">&rarr;<\/span><\/a><\/p>\n<div class='heateorSssClear'><\/div><div  class='heateor_sss_sharing_container heateor_sss_horizontal_sharing' heateor-sss-data-href='https:\/\/oscarhumbertogomez.com\/?p=10201'><div class='heateor_sss_sharing_title' style=\"font-weight:bold\" >\u00a1Gracias por compartirla!<\/div><ul class=\"heateor_sss_sharing_ul\"><li class=\"heateorSssSharingRound\"><i style=\"width:35px;height:35px;border-radius:999px;\" alt=\"Facebook\" Title=\"Facebook\" class=\"heateorSssSharing heateorSssFacebookBackground\" onclick='heateorSssPopup(\"https:\/\/www.facebook.com\/sharer\/sharer.php?u=https%3A%2F%2Foscarhumbertogomez.com%2Findex.php%3Frest_route%3D%252Fwp%252Fv2%252Fposts%252F10201\")'><ss style=\"display:block;border-radius:999px;\" class=\"heateorSssSharingSvg heateorSssFacebookSvg\"><\/ss><\/i><\/li><li class=\"heateorSssSharingRound\"><i style=\"width:35px;height:35px;border-radius:999px;\" alt=\"Twitter\" Title=\"Twitter\" class=\"heateorSssSharing heateorSssTwitterBackground\" onclick='heateorSssPopup(\"http:\/\/twitter.com\/intent\/tweet?text=POES%C3%8DA%20SANTANDEREANA%20%28VII%29.%20Por%20%C3%93scar%20Humberto%20G%C3%B3mez%20G%C3%B3mez&url=https%3A%2F%2Foscarhumbertogomez.com%2Findex.php%3Frest_route%3D%252Fwp%252Fv2%252Fposts%252F10201\")'><ss style=\"display:block;border-radius:999px;\" class=\"heateorSssSharingSvg heateorSssTwitterSvg\"><\/ss><\/i><\/li><li class=\"heateorSssSharingRound\"><i style=\"width:35px;height:35px;border-radius:999px;\" alt=\"Whatsapp\" Title=\"Whatsapp\" class=\"heateorSssSharing heateorSssWhatsappBackground\" onclick='heateorSssPopup(\"https:\/\/web.whatsapp.com\/send?text=POES%C3%8DA%20SANTANDEREANA%20%28VII%29.%20Por%20%C3%93scar%20Humberto%20G%C3%B3mez%20G%C3%B3mez https%3A%2F%2Foscarhumbertogomez.com%2Findex.php%3Frest_route%3D%252Fwp%252Fv2%252Fposts%252F10201\")'><ss style=\"display:block\" class=\"heateorSssSharingSvg heateorSssWhatsappSvg\"><\/ss><\/i><\/li><li class=\"heateorSssSharingRound\"><i style=\"width:35px;height:35px;border-radius:999px;\" alt=\"Pinterest\" Title=\"Pinterest\" class=\"heateorSssSharing heateorSssPinterestBackground\" onclick=\"javascript:void( (function() {var e=document.createElement('script' );e.setAttribute('type','text\/javascript' );e.setAttribute('charset','UTF-8' );e.setAttribute('src','\/\/assets.pinterest.com\/js\/pinmarklet.js?r='+Math.random()*99999999);document.body.appendChild(e)})());\"><ss style=\"display:block;border-radius:999px;\" class=\"heateorSssSharingSvg heateorSssPinterestSvg\"><\/ss><\/i><\/li><li class=\"heateorSssSharingRound\"><i style=\"width:35px;height:35px;border-radius:999px;\" alt=\"Google Gmail\" Title=\"Google Gmail\" class=\"heateorSssSharing heateorSssGoogleGmailBackground\" onclick='heateorSssPopup(\"https:\/\/mail.google.com\/mail\/?ui=2&view=cm&fs=1&tf=1&su=POES%C3%8DA%20SANTANDEREANA%20%28VII%29.%20Por%20%C3%93scar%20Humberto%20G%C3%B3mez%20G%C3%B3mez&body=Link:https%3A%2F%2Foscarhumbertogomez.com%2Findex.php%3Frest_route%3D%252Fwp%252Fv2%252Fposts%252F10201\")'><ss style=\"display:block;border-radius:999px;\" class=\"heateorSssSharingSvg heateorSssGoogleGmailSvg\"><\/ss><\/i><\/li><li class=\"heateorSssSharingRound\"><i style=\"width:35px;height:35px;border-radius:999px;\" title=\"More\" alt=\"More\" class=\"heateorSssSharing heateorSssMoreBackground\" onclick=\"heateorSssMoreSharingPopup(this, 'https:\/\/oscarhumbertogomez.com\/index.php?rest_route=%2Fwp%2Fv2%2Fposts%2F10201', 'POES%C3%8DA%20SANTANDEREANA%20%28VII%29.%20Por%20%C3%93scar%20Humberto%20G%C3%B3mez%20G%C3%B3mez', '' )\" ><ss style=\"display:block\" class=\"heateorSssSharingSvg heateorSssMoreSvg\"><\/ss><\/i><\/li><\/ul><div class=\"heateorSssClear\"><\/div><\/div><div class='heateorSssClear'><\/div>","protected":false},"author":2,"featured_media":0,"comment_status":"open","ping_status":"open","sticky":false,"template":"","format":"standard","meta":{"spay_email":"","footnotes":""},"categories":[6,7],"tags":[],"class_list":["post-10201","post","type-post","status-publish","format-standard","hentry","category-la-pluma-ajena","category-poesia"],"jetpack_featured_media_url":"","jetpack_shortlink":"https:\/\/wp.me\/p1FYrr-2Ex","_links":{"self":[{"href":"https:\/\/oscarhumbertogomez.com\/index.php?rest_route=\/wp\/v2\/posts\/10201","targetHints":{"allow":["GET"]}}],"collection":[{"href":"https:\/\/oscarhumbertogomez.com\/index.php?rest_route=\/wp\/v2\/posts"}],"about":[{"href":"https:\/\/oscarhumbertogomez.com\/index.php?rest_route=\/wp\/v2\/types\/post"}],"author":[{"embeddable":true,"href":"https:\/\/oscarhumbertogomez.com\/index.php?rest_route=\/wp\/v2\/users\/2"}],"replies":[{"embeddable":true,"href":"https:\/\/oscarhumbertogomez.com\/index.php?rest_route=%2Fwp%2Fv2%2Fcomments&post=10201"}],"version-history":[{"count":5,"href":"https:\/\/oscarhumbertogomez.com\/index.php?rest_route=\/wp\/v2\/posts\/10201\/revisions"}],"predecessor-version":[{"id":50690,"href":"https:\/\/oscarhumbertogomez.com\/index.php?rest_route=\/wp\/v2\/posts\/10201\/revisions\/50690"}],"wp:attachment":[{"href":"https:\/\/oscarhumbertogomez.com\/index.php?rest_route=%2Fwp%2Fv2%2Fmedia&parent=10201"}],"wp:term":[{"taxonomy":"category","embeddable":true,"href":"https:\/\/oscarhumbertogomez.com\/index.php?rest_route=%2Fwp%2Fv2%2Fcategories&post=10201"},{"taxonomy":"post_tag","embeddable":true,"href":"https:\/\/oscarhumbertogomez.com\/index.php?rest_route=%2Fwp%2Fv2%2Ftags&post=10201"}],"curies":[{"name":"wp","href":"https:\/\/api.w.org\/{rel}","templated":true}]}}