{"id":1032,"date":"2011-08-17T23:30:12","date_gmt":"2011-08-18T04:30:12","guid":{"rendered":"http:\/\/www.oscarhumbertogomez.com\/?p=1032"},"modified":"2025-03-23T13:00:13","modified_gmt":"2025-03-23T18:00:13","slug":"sigue-proceso-penal-contra-ambientalista-orlando-beltran-quesada%e2%80%8f","status":"publish","type":"post","link":"https:\/\/oscarhumbertogomez.com\/?p=1032","title":{"rendered":"Contin\u00faa el proceso penal contra el ambientalista y defensor de animales santandereano Orlando Beltr\u00e1n Quesada. Por \u00d3scar Humberto G\u00f3mez G\u00f3mez\u200f"},"content":{"rendered":"<p><a href=\"https:\/\/lapiedrafilosofal.com\/wp-content\/uploads\/2011\/08\/ORLANDO-BELTR\u00c1N-QUESADA.jpg\"><img loading=\"lazy\" decoding=\"async\" class=\"aligncenter size-medium wp-image-1038\" title=\"ORLANDO BELTR\u00c1N QUESADA\" src=\"https:\/\/lapiedrafilosofal.com\/wp-content\/uploads\/2011\/08\/ORLANDO-BELTR\u00c1N-QUESADA-285x300.jpg\" alt=\"ORLANDO BELTR\u00c1N QUESADA\" width=\"285\" height=\"300\" srcset=\"https:\/\/oscarhumbertogomez.com\/wp-content\/uploads\/2011\/08\/ORLANDO-BELTR\u00c1N-QUESADA-285x300.jpg 285w, https:\/\/oscarhumbertogomez.com\/wp-content\/uploads\/2011\/08\/ORLANDO-BELTR\u00c1N-QUESADA.jpg 800w\" sizes=\"auto, (max-width: 285px) 100vw, 285px\" \/><\/a><\/p>\n<p><strong>&nbsp;<\/strong><\/p>\n<p>Este viernes 19 de agosto a las 2 de la tarde, volver\u00e1 a comparecer ante el Juzgado Primero Penal Municipal de Bucaramanga el Dr. Orlando Beltr\u00e1n Quesada, distinguido empresario, ambientalista y defensor de animales santandereano, Presidente de la Asociaci\u00f3n Defensora de los Animales y de la Naturaleza (AD\u00c1N), quien se halla acusado por el Circo de M\u00e9xico, de propiedad de los Hermanos Gasca, del delito de injuria.<\/p>\n<p>El Dr. Beltr\u00e1n Quesada ser\u00e1 asistido en esta ocasi\u00f3n por el penalista y exmagistrado de la Sala Jurisdiccional Disciplinaria del Consejo Seccional de la Judicatura Dr. Pedro Pablo Contreras Pinillos, abogado de la Universidad Aut\u00f3noma de Bucaramanga (UNAB) y ampliamente conocido adem\u00e1s en nuestro medio por su vinculaci\u00f3n al periodismo y a la m\u00fasica.<\/p>\n<p>En anterior oportunidad nuestro portal destac\u00f3 el juicio contra el Dr. Orlando Beltr\u00e1n Quesada como un hecho del que estar\u00edamos pendientes dada la prestancia moral del acusado y su reconocida vocaci\u00f3n de servicio a la causa de la defensa del medio ambiente y de los animales. Retomando esa postura, estamos invitando a nuestros amigos y a nuestras amigas a dar clic izquierdo encima del siguiente enlace, que los llevar\u00e1 de nuevo a aquella rese\u00f1a del importante episodio judicial.<\/p>\n<p><strong>&nbsp;<\/strong><\/p>\n<p><a href=\"http:\/\/www.oscarhumbertogomez.com\/?p=108\"><span style=\"color: #0000ff;\">http:\/\/www.oscarhumbertogomez.com\/?p=108<\/span><\/a><\/p>\n<p><strong>&nbsp;<\/strong><\/p>\n<p><strong><span style=\"color: #ff0000;\">COMUNICADO A LA OPINI\u00d3N P\u00daBLICA<\/span><\/strong><\/p>\n<p><strong>&nbsp;<\/strong><\/p>\n<p>De otra parte, est\u00e1 circulando en Internet, y lleg\u00f3 a uno de nuestros correos, un comunicado a la opini\u00f3n p\u00fablica referido a la audiencia de este viernes, cuyo texto es el siguiente:<\/p>\n<p><strong>&nbsp;<\/strong><\/p>\n<p>&#8220;Este pr\u00f3ximo viernes 19 de agosto a las 2pm en el s\u00f3tano del Palacio de Justicia de Bucaramanga se realizar\u00e1 la AUDIENCIA P\u00daBLICA DE ACUSACION contra Orlando Beltr\u00e1n Quesada, por el presunto delito de INJURIA, dentro de la denuncia penal interpuesta en agosto de 2008 por los se\u00f1ores Hermanos Gasca, propietarios del CIRCO DE MEXICO.<\/p>\n<p>Orlando Beltr\u00e1n logr\u00f3 que la CDMB le incautara temporalmente a este circo durante su paso por Bucaramanga una elefanta africana de nombre SUJEY, dentro de la denuncia que present\u00f3 por MALTRATO ANIMAL, proceso que se adelanta todav\u00eda en una inspecci\u00f3n de polic\u00eda de Bucaramanga. Como se recordar\u00e1, SUJEY fue entregada nuevamente a sus propietarios bajo la figura de SECUESTRES DEPOSITARIOS, mientras continuaba el proceso. &nbsp;SUJEY muri\u00f3 en manos de los cirqueros tres meses despu\u00e9s de su devoluci\u00f3n, tal como lo hab\u00eda advertido Beltr\u00e1n Quesada oportunamente en un derecho de petici\u00f3n enviado a la CDMB en el que ped\u00eda su decomiso definitivo y la apertura de un proceso sancionatorio por maltrato de un espec\u00edmen de la fauna silvestre ex\u00f3tica, cobijado por las leyes colombianas gracias al Convenio CITES suscrito por Colombia.<\/p>\n<p>Con base en las declaraciones de Orlando Beltr\u00e1n a los medios noticiosos sobre este caso, los Hermanos Gasca presentaron en la Fiscal\u00eda una denuncia por considerar su buen nombre lesionado. El reconocido defensor de animales no acept\u00f3 ninguna conciliaci\u00f3n con los cirqueros, como tampoco se allan\u00f3 a los cargos en la pasada Audiencia de Imputaci\u00f3n, cuando hubiera podido obtener una rebaja de la mitad de la pena de prisi\u00f3n y la multa establecida para estos casos.<\/p>\n<p>El abogado defensor de Orlando Beltr\u00e1n Quesada es el especialista en Derecho Penal Acusatorio y Ex-Magistrado de la Judicatura Pedro Pablo Contreras Pinillos.<\/p>\n<p>La Audiencia es p\u00fablica y se espera la asistencia de numerosos defensores de animales y activistas comprometidos con los derechos de los animales y la naturaleza.<\/p>\n<p>Este es el <em>link<\/em> con el video de la pasada Audiencia de Imputaci\u00f3n, septiembre 17 de 2010, celebrada en el juzgado 1\u00ba penal de Bucaramanga:<\/p>\n<p><strong>&nbsp;<\/strong><\/p>\n<p><span class=\"embed-youtube\" style=\"text-align:center; display: block;\"><iframe class='youtube-player' width='640' height='360' src='https:\/\/www.youtube.com\/embed\/nzZOWdf1e8g?version=3&#038;rel=1&#038;showsearch=0&#038;showinfo=1&#038;iv_load_policy=1&#038;fs=1&#038;hl=es-ES&#038;autohide=2&#038;wmode=transparent' allowfullscreen='true' style='border:0;' sandbox='allow-scripts allow-same-origin allow-popups allow-presentation'><\/iframe><\/span><\/p>\n<p><strong>&nbsp;<\/strong><\/p>\n<p>Favor divulgar.<\/p>\n<p>Muchas Gracias&#8221;<\/p>\n<p><strong>&nbsp;<\/strong><\/p>\n<div id=\"attachment_1061\" style=\"width: 610px\" class=\"wp-caption aligncenter\"><a href=\"https:\/\/lapiedrafilosofal.com\/wp-content\/uploads\/2011\/08\/ORLANDO-BELTR\u00c1N-QUESADA-EN-EL-CONGRESO-NACIONAL-DE-CIENCIAS-Y-TECNOLOG\u00cdAS-AMBIENTALES.jpg\"><img loading=\"lazy\" decoding=\"async\" aria-describedby=\"caption-attachment-1061\" class=\"size-full wp-image-1061\" title=\"ORLANDO BELTR\u00c1N QUESADA EN EL CONGRESO NACIONAL DE CIENCIAS Y TECNOLOG\u00cdAS AMBIENTALES\" src=\"https:\/\/lapiedrafilosofal.com\/wp-content\/uploads\/2011\/08\/ORLANDO-BELTR\u00c1N-QUESADA-EN-EL-CONGRESO-NACIONAL-DE-CIENCIAS-Y-TECNOLOG\u00cdAS-AMBIENTALES.jpg\" alt=\"ORLANDO BELTR\u00c1N QUESADA EN EL CONGRESO NACIONAL DE CIENCIAS Y TECNOLOG\u00cdAS AMBIENTALES.\" width=\"600\" height=\"400\" srcset=\"https:\/\/oscarhumbertogomez.com\/wp-content\/uploads\/2011\/08\/ORLANDO-BELTR\u00c1N-QUESADA-EN-EL-CONGRESO-NACIONAL-DE-CIENCIAS-Y-TECNOLOG\u00cdAS-AMBIENTALES.jpg 600w, https:\/\/oscarhumbertogomez.com\/wp-content\/uploads\/2011\/08\/ORLANDO-BELTR\u00c1N-QUESADA-EN-EL-CONGRESO-NACIONAL-DE-CIENCIAS-Y-TECNOLOG\u00cdAS-AMBIENTALES-300x200.jpg 300w\" sizes=\"auto, (max-width: 600px) 100vw, 600px\" \/><\/a><p id=\"caption-attachment-1061\" class=\"wp-caption-text\">ORLANDO BELTR\u00c1N QUESADA EN EL CONGRESO NACIONAL DE CIENCIAS Y TECNOLOG\u00cdAS AMBIENTALES<\/p><\/div>\n<p><strong>&nbsp;<\/strong><\/p>\n<p><strong>&nbsp;<\/strong><\/p>\n<p><img loading=\"lazy\" decoding=\"async\" class=\"aligncenter size-full wp-image-1062\" title=\"ORLANDO BELTR\u00c0N QUESADA EL D\u00cdA DE LA AUDIENCIA QUE FUE APLAZADA\" src=\"https:\/\/lapiedrafilosofal.com\/wp-content\/uploads\/2011\/08\/ORLANDO-BELTR\u00c0N-QUESADA-EL-D\u00cdA-DE-LA-AUDIENCIA-QUE-FUE-APLAZADA.jpeg\" alt=\"ORLANDO BELTR\u00c1N QUESADA EL D\u00cdA DE LA AUDIENCIA QUE FUE APLAZADA\" width=\"259\" height=\"194\"><\/p>\n<p><strong>&nbsp;<\/strong><\/p>\n<p>Quedamos, pues, a la expectativa de lo que pueda suceder en este proceso contra un destacado l\u00edder ambientalista santandereano a quien le deseamos buen tiempo y buena mar no s\u00f3lo frente al trance judicial que afronta, sino en lo que toca con su respetable tarea de defensa de los animales y de la naturaleza, a la cual ha dedicado pr\u00e1cticamente toda su existencia.<\/p>\n<p>&nbsp;<\/p>\n","protected":false},"excerpt":{"rendered":"<p>&nbsp; Este viernes 19 de agosto a las 2 de la tarde, volver\u00e1 a comparecer ante el Juzgado Primero Penal Municipal de Bucaramanga el Dr. Orlando Beltr\u00e1n Quesada, distinguido empresario, ambientalista y defensor de animales santandereano, Presidente de la Asociaci\u00f3n &hellip; <a href=\"https:\/\/oscarhumbertogomez.com\/?p=1032\">Sigue leyendo <span class=\"meta-nav\">&rarr;<\/span><\/a><\/p>\n<div class='heateorSssClear'><\/div><div  class='heateor_sss_sharing_container heateor_sss_horizontal_sharing' heateor-sss-data-href='https:\/\/oscarhumbertogomez.com\/?p=1032'><div class='heateor_sss_sharing_title' style=\"font-weight:bold\" >\u00a1Gracias por compartirla!<\/div><ul class=\"heateor_sss_sharing_ul\"><li class=\"heateorSssSharingRound\"><i style=\"width:35px;height:35px;border-radius:999px;\" alt=\"Facebook\" Title=\"Facebook\" class=\"heateorSssSharing heateorSssFacebookBackground\" onclick='heateorSssPopup(\"https:\/\/www.facebook.com\/sharer\/sharer.php?u=https%3A%2F%2Foscarhumbertogomez.com%2Findex.php%3Frest_route%3D%252Fwp%252Fv2%252Fposts%252F1032\")'><ss style=\"display:block;border-radius:999px;\" class=\"heateorSssSharingSvg heateorSssFacebookSvg\"><\/ss><\/i><\/li><li class=\"heateorSssSharingRound\"><i style=\"width:35px;height:35px;border-radius:999px;\" alt=\"Twitter\" Title=\"Twitter\" class=\"heateorSssSharing heateorSssTwitterBackground\" onclick='heateorSssPopup(\"http:\/\/twitter.com\/intent\/tweet?text=Contin%C3%BAa%20el%20proceso%20penal%20contra%20el%20ambientalista%20y%20defensor%20de%20animales%20santandereano%20Orlando%20Beltr%C3%A1n%20Quesada.%20Por%20%C3%93scar%20Humberto%20G%C3%B3mez%20G%C3%B3mez%E2%80%8F&url=https%3A%2F%2Foscarhumbertogomez.com%2Findex.php%3Frest_route%3D%252Fwp%252Fv2%252Fposts%252F1032\")'><ss style=\"display:block;border-radius:999px;\" class=\"heateorSssSharingSvg heateorSssTwitterSvg\"><\/ss><\/i><\/li><li class=\"heateorSssSharingRound\"><i style=\"width:35px;height:35px;border-radius:999px;\" alt=\"Whatsapp\" Title=\"Whatsapp\" class=\"heateorSssSharing heateorSssWhatsappBackground\" onclick='heateorSssPopup(\"https:\/\/web.whatsapp.com\/send?text=Contin%C3%BAa%20el%20proceso%20penal%20contra%20el%20ambientalista%20y%20defensor%20de%20animales%20santandereano%20Orlando%20Beltr%C3%A1n%20Quesada.%20Por%20%C3%93scar%20Humberto%20G%C3%B3mez%20G%C3%B3mez%E2%80%8F https%3A%2F%2Foscarhumbertogomez.com%2Findex.php%3Frest_route%3D%252Fwp%252Fv2%252Fposts%252F1032\")'><ss style=\"display:block\" class=\"heateorSssSharingSvg heateorSssWhatsappSvg\"><\/ss><\/i><\/li><li class=\"heateorSssSharingRound\"><i style=\"width:35px;height:35px;border-radius:999px;\" alt=\"Pinterest\" Title=\"Pinterest\" class=\"heateorSssSharing heateorSssPinterestBackground\" onclick=\"javascript:void( (function() {var e=document.createElement('script' );e.setAttribute('type','text\/javascript' );e.setAttribute('charset','UTF-8' );e.setAttribute('src','\/\/assets.pinterest.com\/js\/pinmarklet.js?r='+Math.random()*99999999);document.body.appendChild(e)})());\"><ss style=\"display:block;border-radius:999px;\" class=\"heateorSssSharingSvg heateorSssPinterestSvg\"><\/ss><\/i><\/li><li class=\"heateorSssSharingRound\"><i style=\"width:35px;height:35px;border-radius:999px;\" alt=\"Google Gmail\" Title=\"Google Gmail\" class=\"heateorSssSharing heateorSssGoogleGmailBackground\" onclick='heateorSssPopup(\"https:\/\/mail.google.com\/mail\/?ui=2&view=cm&fs=1&tf=1&su=Contin%C3%BAa%20el%20proceso%20penal%20contra%20el%20ambientalista%20y%20defensor%20de%20animales%20santandereano%20Orlando%20Beltr%C3%A1n%20Quesada.%20Por%20%C3%93scar%20Humberto%20G%C3%B3mez%20G%C3%B3mez%E2%80%8F&body=Link:https%3A%2F%2Foscarhumbertogomez.com%2Findex.php%3Frest_route%3D%252Fwp%252Fv2%252Fposts%252F1032\")'><ss style=\"display:block;border-radius:999px;\" class=\"heateorSssSharingSvg heateorSssGoogleGmailSvg\"><\/ss><\/i><\/li><li class=\"heateorSssSharingRound\"><i style=\"width:35px;height:35px;border-radius:999px;\" title=\"More\" alt=\"More\" class=\"heateorSssSharing heateorSssMoreBackground\" onclick=\"heateorSssMoreSharingPopup(this, 'https:\/\/oscarhumbertogomez.com\/index.php?rest_route=%2Fwp%2Fv2%2Fposts%2F1032', 'Contin%C3%BAa%20el%20proceso%20penal%20contra%20el%20ambientalista%20y%20defensor%20de%20animales%20santandereano%20Orlando%20Beltr%C3%A1n%20Quesada.%20Por%20%C3%93scar%20Humberto%20G%C3%B3mez%20G%C3%B3mez%E2%80%8F', '' )\" ><ss style=\"display:block\" class=\"heateorSssSharingSvg heateorSssMoreSvg\"><\/ss><\/i><\/li><\/ul><div class=\"heateorSssClear\"><\/div><\/div><div class='heateorSssClear'><\/div>","protected":false},"author":2,"featured_media":0,"comment_status":"closed","ping_status":"closed","sticky":false,"template":"","format":"standard","meta":{"spay_email":"","footnotes":""},"categories":[18],"tags":[],"class_list":["post-1032","post","type-post","status-publish","format-standard","hentry","category-ecologia"],"jetpack_featured_media_url":"","jetpack_shortlink":"https:\/\/wp.me\/p1FYrr-gE","_links":{"self":[{"href":"https:\/\/oscarhumbertogomez.com\/index.php?rest_route=\/wp\/v2\/posts\/1032","targetHints":{"allow":["GET"]}}],"collection":[{"href":"https:\/\/oscarhumbertogomez.com\/index.php?rest_route=\/wp\/v2\/posts"}],"about":[{"href":"https:\/\/oscarhumbertogomez.com\/index.php?rest_route=\/wp\/v2\/types\/post"}],"author":[{"embeddable":true,"href":"https:\/\/oscarhumbertogomez.com\/index.php?rest_route=\/wp\/v2\/users\/2"}],"replies":[{"embeddable":true,"href":"https:\/\/oscarhumbertogomez.com\/index.php?rest_route=%2Fwp%2Fv2%2Fcomments&post=1032"}],"version-history":[{"count":5,"href":"https:\/\/oscarhumbertogomez.com\/index.php?rest_route=\/wp\/v2\/posts\/1032\/revisions"}],"predecessor-version":[{"id":52719,"href":"https:\/\/oscarhumbertogomez.com\/index.php?rest_route=\/wp\/v2\/posts\/1032\/revisions\/52719"}],"wp:attachment":[{"href":"https:\/\/oscarhumbertogomez.com\/index.php?rest_route=%2Fwp%2Fv2%2Fmedia&parent=1032"}],"wp:term":[{"taxonomy":"category","embeddable":true,"href":"https:\/\/oscarhumbertogomez.com\/index.php?rest_route=%2Fwp%2Fv2%2Fcategories&post=1032"},{"taxonomy":"post_tag","embeddable":true,"href":"https:\/\/oscarhumbertogomez.com\/index.php?rest_route=%2Fwp%2Fv2%2Ftags&post=1032"}],"curies":[{"name":"wp","href":"https:\/\/api.w.org\/{rel}","templated":true}]}}