{"id":10345,"date":"2013-11-30T19:15:52","date_gmt":"2013-12-01T00:15:52","guid":{"rendered":"http:\/\/www.oscarhumbertogomez.com\/?p=10345"},"modified":"2025-03-10T21:55:33","modified_gmt":"2025-03-11T02:55:33","slug":"los-mutis-ii-el-poeta","status":"publish","type":"post","link":"https:\/\/oscarhumbertogomez.com\/?p=10345","title":{"rendered":"Los Mutis (II). El Poeta. Por \u00d3scar Humberto G\u00f3mez G\u00f3mez"},"content":{"rendered":"<div id=\"attachment_49906\" style=\"width: 650px\" class=\"wp-caption aligncenter\"><img loading=\"lazy\" decoding=\"async\" aria-describedby=\"caption-attachment-49906\" class=\"size-large wp-image-49906\" src=\"https:\/\/oscarhumbertogomez.com\/wp-content\/uploads\/2011\/06\/WhatsApp-Image-2025-01-19-at-16.33.19-1024x690.jpeg\" alt=\"\" width=\"640\" height=\"431\" srcset=\"https:\/\/oscarhumbertogomez.com\/wp-content\/uploads\/2011\/06\/WhatsApp-Image-2025-01-19-at-16.33.19-1024x690.jpeg 1024w, https:\/\/oscarhumbertogomez.com\/wp-content\/uploads\/2011\/06\/WhatsApp-Image-2025-01-19-at-16.33.19-300x202.jpeg 300w, https:\/\/oscarhumbertogomez.com\/wp-content\/uploads\/2011\/06\/WhatsApp-Image-2025-01-19-at-16.33.19-768x517.jpeg 768w, https:\/\/oscarhumbertogomez.com\/wp-content\/uploads\/2011\/06\/WhatsApp-Image-2025-01-19-at-16.33.19.jpeg 1280w\" sizes=\"auto, (max-width: 640px) 100vw, 640px\" \/><p id=\"caption-attachment-49906\" class=\"wp-caption-text\">\u00d3SCAR HUMBERTO G\u00d3MEZ G\u00d3MEZ. Fotograf\u00eda de Nylse Blackburn. 2009<\/p><\/div>\n<p>&nbsp;<\/p>\n<p><em><span style=\"color: #000080;\"><strong>NOTA DEL PORTAL: &nbsp;<\/strong><\/span><\/em><em>Jos\u00e9 Celestino Mutis Bosio, sacerdote, m\u00e9dico, astr\u00f3nomo, bot\u00e1nico, ge\u00f3grafo y matem\u00e1tico, director de la Expedici\u00f3n Bot\u00e1nica, &nbsp;fue el primer Mutis que lleg\u00f3 de Espa\u00f1a a estas tierras. &nbsp;Vale la pena anotar que vino tra\u00eddo como m\u00e9dico personal del virrey.<\/em><\/p>\n<p><em>Jos\u00e9 Celestino convenci\u00f3 a su hermano Manuel para que tambi\u00e9n se radicara aqu\u00ed.<\/em><\/p>\n<p><em>Manuel Mutis Bosio se cas\u00f3 en Gir\u00f3n con Mar\u00eda Ignacia Consuegra.<\/em><\/p>\n<p><em>Adem\u00e1s de Sinforoso y Micaela, y de otros hijos m\u00e1s, en el seno del hogar conformado por Manuel Mutis Bosio y Mar\u00eda Ignacia Consuegra naci\u00f3 Facundo Mutis Consuegra.<br \/>\n<\/em><br \/>\n<em>Facundo se cas\u00f3 con Antonia Amaya Castillo, uni\u00f3n de la cual naci\u00f3 en Bucaramanga, el 12 de marzo de 1807, Manuel Mutis Amaya.<\/em><\/p>\n<p><em>Manuel contrajo matrimonio, en segundas nupcias, con Dolores Villafrades Vega.<\/em><\/p>\n<p><em>De la uni\u00f3n entre los dos anteriores, naci\u00f3 Elena Mutis Villafrades.<\/em><\/p>\n<p><em>Elena Mutis Villafrades se cas\u00f3 con Pedro Mart\u00ednez Ord\u00f3\u00f1ez.<\/em><\/p>\n<p><em>Y fue de este matrimonio, el de Pedro Mart\u00ednez Ord\u00f3\u00f1ez con Elena Mutis Villafrades, que naci\u00f3, en Bucaramanga, el 7 de setiembre de 1884, Aurelio Mart\u00ednez Mutis.<\/em><\/p>\n<p>___________<\/p>\n<p>&nbsp;<\/p>\n<p><span style=\"color: #ff0000;\"><strong>LOS MUTIS (II). El Poeta.<\/strong><\/span><\/p>\n<p>Por <strong>\u00d3scar Humberto G\u00f3mez G\u00f3mez<\/strong>.<\/p>\n<p>Miembro Correspondiente de la Academia de Historia de Santander.<\/p>\n<p>&nbsp;<\/p>\n<p><em>[A Clarita y Robertico Villamizar Mutis, con afecto]<\/em><\/p>\n<p>&nbsp;<\/p>\n<p><img loading=\"lazy\" decoding=\"async\" class=\"aligncenter size-large wp-image-10349\" title=\"Torre_Eiffel_Paris_Francia\" src=\"https:\/\/lapiedrafilosofal.com\/wp-content\/uploads\/2013\/11\/Torre_Eiffel_Paris_Francia-1024x640.jpg\" alt=\"\" width=\"640\" height=\"400\" srcset=\"https:\/\/oscarhumbertogomez.com\/wp-content\/uploads\/2013\/11\/Torre_Eiffel_Paris_Francia-1024x640.jpg 1024w, https:\/\/oscarhumbertogomez.com\/wp-content\/uploads\/2013\/11\/Torre_Eiffel_Paris_Francia-300x187.jpg 300w, https:\/\/oscarhumbertogomez.com\/wp-content\/uploads\/2013\/11\/Torre_Eiffel_Paris_Francia.jpg 1280w\" sizes=\"auto, (max-width: 640px) 100vw, 640px\" \/><\/p>\n<p>&nbsp;<\/p>\n<p>Para el a\u00f1o 1913, en Par\u00eds, la luminosa capital de Francia, la revista &#8220;Mundial&#8221; irradiaba por Europa la luz de la poes\u00eda y la literatura bajo la direcci\u00f3n del excelso y famoso poeta nicarag\u00fcense Rub\u00e9n Dar\u00edo.<br \/>\nLa revista convoc\u00f3 a un concurso internacional de poes\u00eda. Lo que se buscaba era encontrar la mejor poes\u00eda escrita en lengua castellana. El exigente jurado calificador lo integraban el propio Rub\u00e9n Dar\u00edo, el eximio poeta mexicano Amado Nervo, el gran cronista, novelista, cr\u00edtico literario y periodista guatemalteco Enrique G\u00f3mez Carrillo, el preclaro poeta y novelista espa\u00f1ol Ricardo Le\u00f3n y Rom\u00e1n, quien el a\u00f1o inmediatamente anterior hab\u00eda sido elegido nuevo Miembro de N\u00famero de la Real Academia Espa\u00f1ola de la Lengua, y el insigne catedr\u00e1tico de Literatura Espa\u00f1ola de la Universidad de La Sorbona Ernest Martinenche.<\/p>\n<p>&nbsp;<\/p>\n<div id=\"attachment_10381\" style=\"width: 803px\" class=\"wp-caption aligncenter\"><img loading=\"lazy\" decoding=\"async\" aria-describedby=\"caption-attachment-10381\" class=\"size-full wp-image-10381\" title=\"RUBEN DARIO\" src=\"https:\/\/lapiedrafilosofal.com\/wp-content\/uploads\/2013\/11\/RUBEN-DARIO.jpg\" alt=\"\" width=\"793\" height=\"1024\" srcset=\"https:\/\/oscarhumbertogomez.com\/wp-content\/uploads\/2013\/11\/RUBEN-DARIO.jpg 793w, https:\/\/oscarhumbertogomez.com\/wp-content\/uploads\/2013\/11\/RUBEN-DARIO-232x300.jpg 232w\" sizes=\"auto, (max-width: 793px) 100vw, 793px\" \/><p id=\"caption-attachment-10381\" class=\"wp-caption-text\">RUB\u00c9N DAR\u00cdO DURANTE SU RESIDENCIA EN FRANCIA.<\/p><\/div>\n<p>&nbsp;<\/p>\n<div id=\"attachment_10382\" style=\"width: 810px\" class=\"wp-caption aligncenter\"><img loading=\"lazy\" decoding=\"async\" aria-describedby=\"caption-attachment-10382\" class=\"size-full wp-image-10382\" title=\"AMADO-NERVO\" src=\"https:\/\/lapiedrafilosofal.com\/wp-content\/uploads\/2013\/11\/AMADO-NERVO.jpg\" alt=\"\" width=\"800\" height=\"668\" srcset=\"https:\/\/oscarhumbertogomez.com\/wp-content\/uploads\/2013\/11\/AMADO-NERVO.jpg 800w, https:\/\/oscarhumbertogomez.com\/wp-content\/uploads\/2013\/11\/AMADO-NERVO-300x250.jpg 300w\" sizes=\"auto, (max-width: 800px) 100vw, 800px\" \/><p id=\"caption-attachment-10382\" class=\"wp-caption-text\">EL EXTRAORDINARIO POETA MEXICANO AMADO NERVO.<\/p><\/div>\n<p>&nbsp;<\/p>\n<div id=\"attachment_10386\" style=\"width: 741px\" class=\"wp-caption aligncenter\"><img loading=\"lazy\" decoding=\"async\" aria-describedby=\"caption-attachment-10386\" class=\"size-full wp-image-10386\" title=\"GOMEZ CARRILLO ENRIQUE\" src=\"https:\/\/lapiedrafilosofal.com\/wp-content\/uploads\/2013\/11\/GOMEZ-CARRILLO-ENRIQUE.jpg\" alt=\"\" width=\"731\" height=\"1024\" srcset=\"https:\/\/oscarhumbertogomez.com\/wp-content\/uploads\/2013\/11\/GOMEZ-CARRILLO-ENRIQUE.jpg 731w, https:\/\/oscarhumbertogomez.com\/wp-content\/uploads\/2013\/11\/GOMEZ-CARRILLO-ENRIQUE-214x300.jpg 214w\" sizes=\"auto, (max-width: 731px) 100vw, 731px\" \/><p id=\"caption-attachment-10386\" class=\"wp-caption-text\">PARQUE DE LA CONCORDIA \/ MONUMENTO A ENRIQUE G\u00d3MEZ CARRILLO\/ CIUDAD DE GUATEMALA (GUATEMALA).<\/p><\/div>\n<p>&nbsp;<\/p>\n<div id=\"attachment_10387\" style=\"width: 510px\" class=\"wp-caption aligncenter\"><img loading=\"lazy\" decoding=\"async\" aria-describedby=\"caption-attachment-10387\" class=\"size-full wp-image-10387\" title=\"ENRIQUE G\u00d3MEZ CARRILLO\" src=\"https:\/\/lapiedrafilosofal.com\/wp-content\/uploads\/2013\/11\/ENRIQUE-G\u00d3MEZ-CARRILLO.jpg\" alt=\"\" width=\"500\" height=\"698\" srcset=\"https:\/\/oscarhumbertogomez.com\/wp-content\/uploads\/2013\/11\/ENRIQUE-G\u00d3MEZ-CARRILLO.jpg 500w, https:\/\/oscarhumbertogomez.com\/wp-content\/uploads\/2013\/11\/ENRIQUE-G\u00d3MEZ-CARRILLO-214x300.jpg 214w\" sizes=\"auto, (max-width: 500px) 100vw, 500px\" \/><p id=\"caption-attachment-10387\" class=\"wp-caption-text\">ENRIQUE G\u00d3MEZ CARRILLO, &#8220;EL PR\u00cdNCIPE DE LOS CRONISTAS&#8221;.<\/p><\/div>\n<p>&nbsp;<\/p>\n<div id=\"attachment_10540\" style=\"width: 352px\" class=\"wp-caption aligncenter\"><img loading=\"lazy\" decoding=\"async\" aria-describedby=\"caption-attachment-10540\" class=\"size-full wp-image-10540\" title=\"RICARDO_LEON[1]\" src=\"https:\/\/lapiedrafilosofal.com\/wp-content\/uploads\/2013\/11\/RICARDO_LEON1.jpg\" alt=\"\" width=\"342\" height=\"470\" srcset=\"https:\/\/oscarhumbertogomez.com\/wp-content\/uploads\/2013\/11\/RICARDO_LEON1.jpg 342w, https:\/\/oscarhumbertogomez.com\/wp-content\/uploads\/2013\/11\/RICARDO_LEON1-218x300.jpg 218w\" sizes=\"auto, (max-width: 342px) 100vw, 342px\" \/><p id=\"caption-attachment-10540\" class=\"wp-caption-text\">EL PROMINENTE POETA Y NOVELISTA ESPA\u00d1OL RICARDO LE\u00d3N, MIEMBRO DE N\u00daMERO DE LA REAL ACADEMIA ESPA\u00d1OLA DE LA LENGUA.<\/p><\/div>\n<p>&nbsp;<\/p>\n<div id=\"attachment_10541\" style=\"width: 560px\" class=\"wp-caption aligncenter\"><img loading=\"lazy\" decoding=\"async\" aria-describedby=\"caption-attachment-10541\" class=\"size-full wp-image-10541\" title=\"RICARDO LE\u00d3N (POSTAL)\" src=\"https:\/\/lapiedrafilosofal.com\/wp-content\/uploads\/2013\/11\/RICARDO-LE\u00d3N-POSTAL.jpg\" alt=\"\" width=\"550\" height=\"372\" srcset=\"https:\/\/oscarhumbertogomez.com\/wp-content\/uploads\/2013\/11\/RICARDO-LE\u00d3N-POSTAL.jpg 550w, https:\/\/oscarhumbertogomez.com\/wp-content\/uploads\/2013\/11\/RICARDO-LE\u00d3N-POSTAL-300x202.jpg 300w\" sizes=\"auto, (max-width: 550px) 100vw, 550px\" \/><p id=\"caption-attachment-10541\" class=\"wp-caption-text\">POSTAL EN HOMENAJE A RICARDO LE\u00d3N, CON SU RETRATO AL \u00d3LEO Y UN PRECIOSO SONETO A SU MEMORIA.<\/p><\/div>\n<p>&nbsp;<\/p>\n<div id=\"attachment_10385\" style=\"width: 650px\" class=\"wp-caption aligncenter\"><img loading=\"lazy\" decoding=\"async\" aria-describedby=\"caption-attachment-10385\" class=\"size-large wp-image-10385\" title=\"OLYMPUS DIGITAL CAMERA\" src=\"https:\/\/lapiedrafilosofal.com\/wp-content\/uploads\/2013\/11\/La-Sorbonne-768x1024.jpg\" alt=\"\" width=\"640\" height=\"853\" srcset=\"https:\/\/oscarhumbertogomez.com\/wp-content\/uploads\/2013\/11\/La-Sorbonne-768x1024.jpg 768w, https:\/\/oscarhumbertogomez.com\/wp-content\/uploads\/2013\/11\/La-Sorbonne-224x300.jpg 224w, https:\/\/oscarhumbertogomez.com\/wp-content\/uploads\/2013\/11\/La-Sorbonne.jpg 1704w\" sizes=\"auto, (max-width: 640px) 100vw, 640px\" \/><p id=\"caption-attachment-10385\" class=\"wp-caption-text\">LA UNIVERSIDAD DE PAR\u00cdS O SORBONA, S\u00cdMBOLO INTELECTUAL DE FRANCIA, ESTUVO PRESENTE EN EL JURADO CALIFICADOR DEL CONCURSO INTERNACIONAL CONVOCADO POR LA REVISTA &#8220;MUNDIAL&#8221; CON EL PRESTANTE CATEDR\u00c1TICO DE LITERATURA ESPA\u00d1OLA ERNEST MARTINENCHE (NO &#8220;MARTINECHE&#8221;, COMO SUELE ESCRIBIRSE). AUTOR DE LA &#8220;HISTORIA DE LA INFLUENCIA DE LA LITERATURA ESPA\u00d1OLA SOBRE LA LITERATURA FRANCESA&#8221;, PIERRE-HIPPOLYTE-ERNEST MARTINENCHE NACI\u00d3 EN CALVINSSON, GARD, EN 1869, Y MURI\u00d3 EN CROIX DU VAR EL 1o DE DICIEMBRE DE 1941.<\/p><\/div>\n<p>&nbsp;<\/p>\n<p>Cuando se esperaba que el triunfador fuera quiz\u00e1s alg\u00fan rapsoda europeo, de entre los m\u00e1s de quinientos participantes, quien result\u00f3 premiado con el primer puesto fue un joven colombiano de 29 a\u00f1os llamado Aurelio Mart\u00ednez Mutis, quien a pesar de que ya ven\u00eda destac\u00e1ndose en su tierra natal como hacedor de hermosos versos y hab\u00eda ganado otros importantes concursos de poes\u00eda, viv\u00eda en la m\u00e1s absoluta pobreza en una pieza de inquilinato ubicada en la actual calle 15 entre carreras 12 y 13 del centro de Bogot\u00e1, en ese entonces llamada Calle del Carnero.<\/p>\n<p>&nbsp;<\/p>\n<p><strong><img loading=\"lazy\" decoding=\"async\" class=\"aligncenter size-full wp-image-9259\" title=\"Rosas-exoticas-arcoiris-negras-verdes-etcmdn_MLM-F-4193013025_042013\" src=\"https:\/\/lapiedrafilosofal.com\/wp-content\/uploads\/2013\/07\/Rosas-exoticas-arcoiris-negras-verdes-etcmdn_MLM-F-4193013025_042013.jpg\" alt=\"\" width=\"917\" height=\"861\" srcset=\"https:\/\/oscarhumbertogomez.com\/wp-content\/uploads\/2013\/07\/Rosas-exoticas-arcoiris-negras-verdes-etcmdn_MLM-F-4193013025_042013.jpg 917w, https:\/\/oscarhumbertogomez.com\/wp-content\/uploads\/2013\/07\/Rosas-exoticas-arcoiris-negras-verdes-etcmdn_MLM-F-4193013025_042013-300x281.jpg 300w\" sizes=\"auto, (max-width: 917px) 100vw, 917px\" \/><\/strong><\/p>\n<p>&nbsp;<\/p>\n<p><strong>ANTECEDENTES HIST\u00d3RICOS.<\/strong><\/p>\n<p>&nbsp;<\/p>\n<p>Diez a\u00f1os atr\u00e1s, es decir, para el a\u00f1o 1903, Colombia era un pa\u00eds arruinado por la reciente Guerra de los Mil D\u00edas. Estados Unidos, presidido en esos momentos por Teodoro Roosevelt, estaba vivamente interesado en la construcci\u00f3n de un canal en el istmo de Panam\u00e1 que uniera los oc\u00e9anos Atl\u00e1ntico y Pac\u00edfico y les ahorrara a sus barcos la vuelta que ten\u00edan que dar hasta el sur del continente para poder pasar de las aguas de un oc\u00e9ano a las del otro. Con tal fin, se celebr\u00f3 un tratado, el Herr\u00e1n-Hay, pero el Senado colombiano no lo ratific\u00f3 por considerarlo lesivo para los intereses nacionales. Entonces, los norteamericanos atizaron una idea perversa, que ya germinaba en algunos dirigentes del departamento del istmo: la de que Panam\u00e1 se separara de Colombia y ya como pa\u00eds independiente firmara el tratado y lo ratificara. As\u00ed, Norteam\u00e9rica podr\u00eda construir tranquilamente el canal y beneficiarse de \u00e9l de manera indefinida y en condiciones altamente ventajosas. Se fragu\u00f3, entonces, una conspiraci\u00f3n contra nuestro pa\u00eds, que culmin\u00f3 en noviembre de 1903 cuando el departamento de Panam\u00e1 sorprendi\u00f3 al gobierno nacional, presidido por Jos\u00e9 Manuel Marroqu\u00edn, con el anuncio de que se separaba de Colombia. El gobierno nacional, tratando de controlar la situaci\u00f3n, que se le sal\u00eda de las manos, envi\u00f3 a Panam\u00e1 a los generales Juan B. Tovar y Ram\u00f3n G. Amaya, al mando del Batall\u00f3n Tiradores, conformado por 400 hombres, para reforzar las tropas colombianas acantonadas en Panam\u00e1 bajo el mando del general boyacense Esteban Huertas, a quien pensaba relevar del cargo por sospechas sobre su lealtad. El batall\u00f3n lleg\u00f3 a tierra paname\u00f1a el 3 de noviembre, justamente el d\u00eda para el cual estaba programada la revuelta separatista. Pero el general Huertas ya para entonces se hab\u00eda vendido a los conspiradores por 25.000 d\u00f3lares. La compa\u00f1\u00eda del ferrocarril, igualmente, estaba involucrada. Por ello, esta se neg\u00f3 a transportar a las tropas desde Col\u00f3n a Panam\u00e1, por lo cual se decidi\u00f3 que los generales Tovar y Amaya viajar\u00edan solos y las tropas quedar\u00edan al mando de un coronel. El traidor general Huertas hizo arrestar a los dos generales. Conocido el arresto de los oficiales colombianos, estallaron los motines callejeros. Estados Unidos fonde\u00f3 ocho naves de guerra en las costas paname\u00f1as. La superioridad militar de Estados Unidos, pa\u00eds que advirti\u00f3 que atacar\u00eda al nuestro si intentaba someter con el Ej\u00e9rcito a los sublevados, hizo que a Colombia no le quedara m\u00e1s opci\u00f3n que aceptar la p\u00e9rdida de su preciado departamento y que sus tropas regresaran a Bogot\u00e1. El 18 del mismo mes de noviembre de 1903 se firm\u00f3 entre Estados Unidos y Panam\u00e1 el tratado Hay-Buneau Varilla que posibilit\u00f3 la ansiada construcci\u00f3n del canal por los norteamericanos.<\/p>\n<p>La separaci\u00f3n de Panam\u00e1, tan pronto se produjo, gener\u00f3 en Colombia un fuerte sentimiento nacionalista y una gran hostilidad contra los Estados Unidos.<\/p>\n<p>&nbsp;<\/p>\n<div id=\"attachment_10357\" style=\"width: 427px\" class=\"wp-caption aligncenter\"><img loading=\"lazy\" decoding=\"async\" aria-describedby=\"caption-attachment-10357\" class=\"size-full wp-image-10357\" title=\"AURELIO MART\u00cdNEZ MUTIS\" src=\"https:\/\/lapiedrafilosofal.com\/wp-content\/uploads\/2013\/11\/AURELIO-MART\u00cdNEZ-MUTIS.jpg\" alt=\"\" width=\"417\" height=\"640\" srcset=\"https:\/\/oscarhumbertogomez.com\/wp-content\/uploads\/2013\/11\/AURELIO-MART\u00cdNEZ-MUTIS.jpg 417w, https:\/\/oscarhumbertogomez.com\/wp-content\/uploads\/2013\/11\/AURELIO-MART\u00cdNEZ-MUTIS-195x300.jpg 195w\" sizes=\"auto, (max-width: 417px) 100vw, 417px\" \/><p id=\"caption-attachment-10357\" class=\"wp-caption-text\">EL ENTONCES JOVEN POETA SANTANDEREANO AURELIO MART\u00cdNEZ MUTIS.<\/p><\/div>\n<p>&nbsp;<\/p>\n<p><strong><span style=\"color: #ff0000;\">EL POEMA.<\/span>&nbsp;<\/strong> Conforme hemos anotado, el joven poeta santandereano Aurelio Mart\u00ednez Mutis sorprendi\u00f3 a propios y extra\u00f1os cuando en aquel 1913, apenas diez a\u00f1os despu\u00e9s de la dolorosa desmembraci\u00f3n territorial sufrida por el suelo patrio, particip\u00f3 en el importante concurso internacional de poes\u00eda organizado en Par\u00eds, como queda dicho, por la prestigiosa revista &#8220;Mundial&#8221;. Pero los sorprendi\u00f3 m\u00e1s cuando fue proclamado ganador absoluto del concurso. Y los sorprendi\u00f3 todav\u00eda m\u00e1s cuando se supo que el poema con el que hab\u00eda ganado el certamen era uno titulado <em>&#8220;La epopeya del c\u00f3ndor&#8221;<\/em> y que constitu\u00eda una voz de protesta latinoamericana precisamente contra la descarada intervenci\u00f3n de los Estados Unidos en la separaci\u00f3n de Panam\u00e1 una d\u00e9cada antes. Sorpresa aun m\u00e1s grande, si se tiene en cuenta que aquel joven y rebelde poeta era un distinguido militante del Partido Conservador.<\/p>\n<p>El fuerte sentimiento antinorteamericano, nacionalista y latinoamericano que bull\u00eda a lo largo y ancho del pa\u00eds hizo que esta poes\u00eda se convirtiera en la m\u00e1s popular del momento, fama que habr\u00eda de acompa\u00f1arla durante los a\u00f1os venideros.<\/p>\n<p>&nbsp;<\/p>\n<div id=\"attachment_10391\" style=\"width: 650px\" class=\"wp-caption aligncenter\"><img loading=\"lazy\" decoding=\"async\" aria-describedby=\"caption-attachment-10391\" class=\"size-large wp-image-10391\" title=\"Revista Mundial-magazine-vol-2-1912-1913-ruben-dario\" src=\"https:\/\/lapiedrafilosofal.com\/wp-content\/uploads\/2013\/11\/Revista-Mundial-magazine-vol-2-1912-1913-ruben-dario-748x1024.jpg\" alt=\"\" width=\"640\" height=\"876\" srcset=\"https:\/\/oscarhumbertogomez.com\/wp-content\/uploads\/2013\/11\/Revista-Mundial-magazine-vol-2-1912-1913-ruben-dario-748x1024.jpg 748w, https:\/\/oscarhumbertogomez.com\/wp-content\/uploads\/2013\/11\/Revista-Mundial-magazine-vol-2-1912-1913-ruben-dario-219x300.jpg 219w, https:\/\/oscarhumbertogomez.com\/wp-content\/uploads\/2013\/11\/Revista-Mundial-magazine-vol-2-1912-1913-ruben-dario.jpg 877w\" sizes=\"auto, (max-width: 640px) 100vw, 640px\" \/><p id=\"caption-attachment-10391\" class=\"wp-caption-text\">PORTADA DE LA REVISTA &#8220;MUNDIAL&#8221;. (VOLUMEN 2 A\u00d1OS 1912 &#8211; 1913. A\u00f1o II.).PAR\u00cdS \/ FRANCIA<\/p><\/div>\n<p>&nbsp;<\/p>\n<div id=\"attachment_10392\" style=\"width: 650px\" class=\"wp-caption aligncenter\"><img loading=\"lazy\" decoding=\"async\" aria-describedby=\"caption-attachment-10392\" class=\"size-large wp-image-10392\" title=\"revista mundial-magazine-vol-2-1912-1913-ruben-dario II\" src=\"https:\/\/lapiedrafilosofal.com\/wp-content\/uploads\/2013\/11\/revista-mundial-magazine-vol-2-1912-1913-ruben-dario-II-722x1024.jpg\" alt=\"\" width=\"640\" height=\"907\" srcset=\"https:\/\/oscarhumbertogomez.com\/wp-content\/uploads\/2013\/11\/revista-mundial-magazine-vol-2-1912-1913-ruben-dario-II-722x1024.jpg 722w, https:\/\/oscarhumbertogomez.com\/wp-content\/uploads\/2013\/11\/revista-mundial-magazine-vol-2-1912-1913-ruben-dario-II-211x300.jpg 211w, https:\/\/oscarhumbertogomez.com\/wp-content\/uploads\/2013\/11\/revista-mundial-magazine-vol-2-1912-1913-ruben-dario-II.jpg 847w\" sizes=\"auto, (max-width: 640px) 100vw, 640px\" \/><p id=\"caption-attachment-10392\" class=\"wp-caption-text\">PORTADA DE LA REVISTA &#8220;MUNDIAL&#8221;. VOLUMEN 2. A\u00d1OS 1912 &#8211; 1913. A\u00f1o II. Navidad de 1912.PAR\u00cdS \/ FRANCIA<\/p><\/div>\n<p>&nbsp;<\/p>\n<div id=\"attachment_10393\" style=\"width: 510px\" class=\"wp-caption aligncenter\"><img loading=\"lazy\" decoding=\"async\" aria-describedby=\"caption-attachment-10393\" class=\"size-full wp-image-10393\" title=\"REVISTA MUNDIAL. INTERIOR.\" src=\"https:\/\/lapiedrafilosofal.com\/wp-content\/uploads\/2013\/11\/REVISTA-MUNDIAL.-INTERIOR.-.jpg\" alt=\"\" width=\"500\" height=\"374\" srcset=\"https:\/\/oscarhumbertogomez.com\/wp-content\/uploads\/2013\/11\/REVISTA-MUNDIAL.-INTERIOR.-.jpg 500w, https:\/\/oscarhumbertogomez.com\/wp-content\/uploads\/2013\/11\/REVISTA-MUNDIAL.-INTERIOR.--300x224.jpg 300w\" sizes=\"auto, (max-width: 500px) 100vw, 500px\" \/><p id=\"caption-attachment-10393\" class=\"wp-caption-text\">P\u00c1GINAS INTERIORES DE UNA EDICI\u00d3N DE LA REVISTA &#8220;MUNDIAL&#8221;.PAR\u00cdS \/ FRANCIA<\/p><\/div>\n<p>&nbsp;<\/p>\n<div id=\"attachment_9258\" style=\"width: 260px\" class=\"wp-caption aligncenter\"><img loading=\"lazy\" decoding=\"async\" aria-describedby=\"caption-attachment-9258\" class=\"size-full wp-image-9258\" title=\"Ruben_Dario_(1915)_cropped\" src=\"https:\/\/lapiedrafilosofal.com\/wp-content\/uploads\/2013\/07\/Ruben_Dario_1915_cropped.jpg\" alt=\"\" width=\"250\" height=\"303\" srcset=\"https:\/\/oscarhumbertogomez.com\/wp-content\/uploads\/2013\/07\/Ruben_Dario_1915_cropped.jpg 250w, https:\/\/oscarhumbertogomez.com\/wp-content\/uploads\/2013\/07\/Ruben_Dario_1915_cropped-247x300.jpg 247w\" sizes=\"auto, (max-width: 250px) 100vw, 250px\" \/><p id=\"caption-attachment-9258\" class=\"wp-caption-text\">RUB\u00c9N DAR\u00cdO, DIRECTOR DE LA REVISTA &#8220;MUNDIAL&#8221;. PAR\u00cdS \/ FRANCIA<\/p><\/div>\n<p>&nbsp;<\/p>\n<p>Nuestro portal, comprometido en la recuperaci\u00f3n de la memoria hist\u00f3rica y del legado cultural santandereano, no puede menos que exaltar la obra literaria que fue, a lo largo de muchos a\u00f1os, bandera del arte po\u00e9tico en Santander y en Colombia, emergida de la pluma de un Mutis, de nuestro hoy olvidado Aurelio Mart\u00ednez Mutis. Por eso, forzoso resulta insertar aqu\u00ed el texto completo de <em>&#8220;La epopeya del c\u00f3ndor&#8221;<\/em>.<em>&nbsp;<\/em><\/p>\n<p>__________<\/p>\n<p>&nbsp;<\/p>\n<p><em><span style=\"color: #000080;\"><strong>VOCABULARIO:<\/strong><\/span><\/em><\/p>\n<p>&nbsp;<\/p>\n<p>Como se trata de una poes\u00eda antigua, pues data de hace un siglo, y el poeta manejaba un lenguaje de refinada exquisitez, consideramos conveniente insertar antes un peque\u00f1o lexic\u00f3n que precise el significado de algunos de los vocablos empleados en ese entonces por el vate santandereano.<\/p>\n<p><em><strong>Epopeya:<\/strong> poema extenso que narra hechos heroicos, hist\u00f3ricos o legendarios. Conjunto de poemas que constituyen la tradici\u00f3n \u00e9pica de un pa\u00eds o de una \u00e9poca. Conjunto de esos hechos gloriosos. Acci\u00f3n que se lleva a cabo con grandes dificultades y padecimientos.&nbsp;<strong>Cimera:<\/strong> que remata por lo alto una elevaci\u00f3n. <strong>Umbr\u00eda:<\/strong> lugar que, por su orientaci\u00f3n, siempre permanece en la sombra. <strong>Columbrar:<\/strong> atisbar, vislumbrar, ver de lejos. <strong>Amianto:<\/strong> silicato de contextura fibrosa.&nbsp;<strong>Dobl\u00f3n:<\/strong> moneda de oro espa\u00f1ola. <strong>Inmoble:<\/strong> inm\u00f3vil. <strong>Vestiglo:<\/strong> monstruo horrible creado por la imaginaci\u00f3n. <strong>Ingente:<\/strong> muy grande. <strong>Histri\u00f3n:<\/strong> actor, farsante. <strong>Veste:<\/strong> vestidura, vestido, traje. <strong>La Idea:<\/strong> la unidad pol\u00edtica latinoamericana, idea de Sim\u00f3n Bol\u00edvar. <strong>Oceano:<\/strong> licencia po\u00e9tica por &#8220;oc\u00e9ano&#8221;. <strong>Molicie:<\/strong> blandura, comodidad excesiva en la manera de vivir. <strong>C\u00e1rmenes: <\/strong>versos, especialmente los latinos. <strong>Opimos:&nbsp;<\/strong>ricos, f\u00e9rtiles, abundantes. &#8220;Quiz\u00e1 por influencia de &#8220;\u00f3ptimo&#8221;, palabra con la que &#8220;opimo&#8221; no tiene ninguna relaci\u00f3n, es frecuente la falta de ortograf\u00eda de acentuar esta palabra en la &#8220;o&#8221; inicial&#8221;. (Moliner). <strong>Cohorte:<\/strong> Unidad del ej\u00e9rcito romano base de las legiones. &nbsp;<strong>Luisiana<\/strong> y <strong>La Florida<\/strong>: estados norteamericanos que fueron adquiridos por Estados Unidos a Francia y Espa\u00f1a mediante el pago de dinero. &nbsp;<strong>Lexington: <\/strong>Lugar donde se inici\u00f3, con la Batalla de Lexington, la Guerra de Independencia de los Estados Unidos. <strong>Epinicio:<\/strong> Himno triunfal o canto de victoria.<strong>&nbsp;Eclosi\u00f3n:&nbsp;<\/strong>Abrirse un capullo, una cris\u00e1lida o un huevo para dar paso a la flor, a la mariposa o al ave. <strong>Landa:&nbsp;<\/strong>Llanura extensa de tierra no apta para el cultivo.<strong> <strong>Doctrina Monroe:&nbsp;<\/strong><\/strong>&#8220;Am\u00e9rica para los americanos&#8221;. <strong>Gran\u00edtico:<\/strong> de granito o semejante a esa roca. <strong>Basti\u00f3n:<\/strong> Baluarte, fortaleza. <strong><strong><strong>Momotombo:<\/strong> <\/strong><\/strong>volc\u00e1n nicarag\u00fcense.<strong><strong> <strong>Rodrigo de Triana:<\/strong> <\/strong><\/strong>Marino de La Pinta que primero avist\u00f3 tierra el 12 de octubre de 1492 y lanz\u00f3 el consiguiente grito de&#8221;\u00a1Tierra! \u00a1Tierra!&#8221;.<\/em><\/p>\n<p>______________<\/p>\n<p>&nbsp;<\/p>\n<p><strong>LA EPOPEYA DEL C\u00d3NDOR<\/strong><\/p>\n<p>&nbsp;<\/p>\n<p><img loading=\"lazy\" decoding=\"async\" class=\"aligncenter size-full wp-image-9229\" title=\"C\u00f3ndor\" src=\"https:\/\/lapiedrafilosofal.com\/wp-content\/uploads\/2013\/07\/C\u00f3ndor.jpg\" alt=\"\" width=\"1024\" height=\"768\" srcset=\"https:\/\/oscarhumbertogomez.com\/wp-content\/uploads\/2013\/07\/C\u00f3ndor.jpg 1024w, https:\/\/oscarhumbertogomez.com\/wp-content\/uploads\/2013\/07\/C\u00f3ndor-300x225.jpg 300w\" sizes=\"auto, (max-width: 1024px) 100vw, 1024px\" \/><\/p>\n<p>&nbsp;<\/p>\n<p>&#8220;\u00a1Oh, Tiro, orgullosa, con tanta gloria y riquezas:<br \/>\ntus navegantes han tocado en todas las costas,<br \/>\ny ahora las olas del mar van a alzarse contra ti;<br \/>\nun viento impetuoso te precipitar\u00e1 en medio del abismo.<br \/>\nEn el d\u00eda de tu ruina, tus riquezas, tu comercio,<br \/>\ntus negociantes, tus marineros, tus pilotos,<br \/>\ntus hombres de guerra y ese pueblo que llena<br \/>\ntus asambleas, caer\u00e1n contigo&#8221;.<\/p>\n<p>Ezequiel, XXVII, 1-8.<\/p>\n<p>&nbsp;<\/p>\n<p><img loading=\"lazy\" decoding=\"async\" class=\"aligncenter size-full wp-image-9231\" title=\"CANAL DE PANAM\u00c1 II\" src=\"https:\/\/lapiedrafilosofal.com\/wp-content\/uploads\/2013\/07\/CANAL-DE-PANAM\u00c1-II.jpg\" alt=\"\" width=\"594\" height=\"600\" srcset=\"https:\/\/oscarhumbertogomez.com\/wp-content\/uploads\/2013\/07\/CANAL-DE-PANAM\u00c1-II.jpg 594w, https:\/\/oscarhumbertogomez.com\/wp-content\/uploads\/2013\/07\/CANAL-DE-PANAM\u00c1-II-297x300.jpg 297w\" sizes=\"auto, (max-width: 594px) 100vw, 594px\" \/><\/p>\n<p>&nbsp;<\/p>\n<p><img loading=\"lazy\" decoding=\"async\" class=\"aligncenter size-full wp-image-9230\" title=\"CANAL DE PANAM\u00c1\" src=\"https:\/\/lapiedrafilosofal.com\/wp-content\/uploads\/2013\/07\/CANAL-DE-PANAM\u00c1.jpg\" alt=\"\" width=\"640\" height=\"426\" srcset=\"https:\/\/oscarhumbertogomez.com\/wp-content\/uploads\/2013\/07\/CANAL-DE-PANAM\u00c1.jpg 640w, https:\/\/oscarhumbertogomez.com\/wp-content\/uploads\/2013\/07\/CANAL-DE-PANAM\u00c1-300x199.jpg 300w\" sizes=\"auto, (max-width: 640px) 100vw, 640px\" \/><img loading=\"lazy\" decoding=\"async\" class=\"aligncenter size-full wp-image-9234\" title=\"AGUILA\" src=\"https:\/\/lapiedrafilosofal.com\/wp-content\/uploads\/2013\/07\/AGUILA.jpg\" alt=\"\" width=\"259\" height=\"194\"><img loading=\"lazy\" decoding=\"async\" class=\"aligncenter size-full wp-image-9236\" title=\"aguila II\" src=\"https:\/\/lapiedrafilosofal.com\/wp-content\/uploads\/2013\/07\/aguila-II.jpg\" alt=\"\" width=\"738\" height=\"487\" srcset=\"https:\/\/oscarhumbertogomez.com\/wp-content\/uploads\/2013\/07\/aguila-II.jpg 738w, https:\/\/oscarhumbertogomez.com\/wp-content\/uploads\/2013\/07\/aguila-II-300x197.jpg 300w\" sizes=\"auto, (max-width: 738px) 100vw, 738px\" \/><img loading=\"lazy\" decoding=\"async\" class=\"aligncenter size-full wp-image-9237\" title=\"C\u00f3ndor pich\u00f3n\" src=\"https:\/\/lapiedrafilosofal.com\/wp-content\/uploads\/2013\/07\/C\u00f3ndor-pich\u00f3n2.jpg\" alt=\"\" width=\"268\" height=\"320\" srcset=\"https:\/\/oscarhumbertogomez.com\/wp-content\/uploads\/2013\/07\/C\u00f3ndor-pich\u00f3n2.jpg 268w, https:\/\/oscarhumbertogomez.com\/wp-content\/uploads\/2013\/07\/C\u00f3ndor-pich\u00f3n2-251x300.jpg 251w\" sizes=\"auto, (max-width: 268px) 100vw, 268px\" \/><\/p>\n<p>&nbsp;<\/p>\n<p>Sobre el flanco del monte<br \/>\nmeridional, cuya cimera umbr\u00eda<br \/>\nparece que interroga al horizonte,<br \/>\nensayaba un polluelo<br \/>\nel plum\u00f3n de sus alas, para el vuelo<br \/>\nd\u00e9biles e inexpertas todav\u00eda.<br \/>\nBrisas reci\u00e9n despiertas<br \/>\nllegaban hasta \u00e9l; por la rosada<br \/>\ninmensidad que se abre en lejan\u00eda,<br \/>\ncomo enorme y sangrienta llamarada,<br \/>\nla aurora en el Oriente aparec\u00eda.<br \/>\nAnsiosa de pillaje,<br \/>\nun \u00e1guila lleg\u00f3; bati\u00f3 en la roca<br \/>\nel \u00e9bano ruidoso del plumaje<br \/>\ne hinc\u00f3 la garra en la inviolada y fina<br \/>\ncarne de aquella juventud; inerte<br \/>\nla v\u00edctima cay\u00f3. La niebla andina<br \/>\ncubri\u00f3 el horror de la tragedia.<\/p>\n<p>Mudo pas\u00f3 el tiempo despu\u00e9s, pero la muerte<br \/>\nvencer la sangre juvenil no pudo.<br \/>\nFue propicia espera. Aquel polluelo<br \/>\nera un c\u00f3ndor, en su pupila ard\u00eda,<br \/>\ncomo un gran cofre millonario el cielo,<br \/>\nblanca gorguera en derredor bordaba<br \/>\nsu cuello, cual blas\u00f3n en que se ve\u00eda<br \/>\nla estirpe regia, prestigiosa y brava,<br \/>\ny aptos eran sus m\u00fasculos de bronce<br \/>\npara romper en la serena altura,<br \/>\na golpes de ala el hurac\u00e1n. Entonces,<br \/>\nsurgi\u00f3 el recuerdo rojo de su obscura<br \/>\nni\u00f1ez, y del alt\u00edsimo pe\u00f1asco<br \/>\nvol\u00f3. Al pasar, doblaron la cabeza<br \/>\ncien volcanes, cubiertos con su casco<br \/>\nde fuego; era un tributo a la grandeza<br \/>\nde aquel emperador. En la penumbra<br \/>\nindecisa y lejana del otero,<br \/>\ns\u00fabitamente al \u00e1guila columbra<br \/>\nabsorta en devorar tierno cordero<br \/>\nque robara a un pastor; el ala tiende,<br \/>\ncruza como un meteoro el infinito,<br \/>\ny a su enemiga en el fest\u00edn sorprende<br \/>\ncon un radiante y victorioso grito.<br \/>\nY fue la lid salvaje, el ansia sorda<br \/>\nque estalla hecha tumulto, la filuda<br \/>\ngarra contra la garra, el pico fuerte,<br \/>\nel aletazo, la agresi\u00f3n sa\u00f1uda,<br \/>\nel encono ancestral que se desborda<br \/>\ny condena a la fuga o a la muerte.<br \/>\nRendida al fin, entre la niebla muda,<br \/>\nhuy\u00f3 el \u00e1guila ol\u00edmpica&#8230;<\/p>\n<p>&nbsp;<\/p>\n<p>Un poeta,<br \/>\npeque\u00f1o como el \u00e1tomo infelice,<br \/>\npero grande y vidente porque canta<br \/>\nde pie sobre Am\u00e9rica, predice<br \/>\nla epopeya del pueblo,<br \/>\nque crece y se agiganta,<br \/>\ncomo el viejo profeta que el desastre<br \/>\nanunci\u00f3 de la orgullosa Tiro:<br \/>\n\u00a1Oh, Tit\u00e1n soberbio, yo te auguro<br \/>\nla ruina; es tu grandeza<br \/>\nun opulento roble<br \/>\nde ramas fuertes y rotundas,<br \/>\npero un gusano ha puesto en sus ra\u00edces<br \/>\nla justicia de Dios&#8230;<\/p>\n<p>&nbsp;<\/p>\n<p>Hacia las zonas<br \/>\ndonde duerme la Am\u00e9rica Latina<br \/>\nen molicie sensual, sobre coronas<br \/>\nde laureles antiguos, se encamina<br \/>\nuna falange de colosos. Traen<br \/>\nnervios de amianto y m\u00fasculos de acero,<br \/>\nen cada rostro la expresi\u00f3n felina,<br \/>\nde donde gotas sudorosas caen,<br \/>\nhay un rojizo resplandor de forja<br \/>\ny el gesto de un altivo aventurero,<br \/>\nque es un conquistador. Entre su alforja<br \/>\nhenchida tras tit\u00e1nica porf\u00eda,<br \/>\ndesb\u00f3rdase un torrente de doblones,<br \/>\ntumultuoso y soberbio, que podr\u00eda<br \/>\ncomprar a cien Naciones,<br \/>\ncual si fuesen menguada mercanc\u00eda.<\/p>\n<p>Ellos sacaron de la f\u00e9rrea mina<br \/>\nla fuente de agua negra y luminosa,<br \/>\nen dos partieron la extensi\u00f3n marina,<br \/>\nencerraron en l\u00e1mina divina<br \/>\nla palabra, con mano portentosa,<br \/>\ndieron al labrador armas mejores,<br \/>\nhaciendo el fluido el\u00e9ctrico fecundo,<br \/>\nla noche constelaron de fulgores,<br \/>\nmultiplicaron discos y motores,<br \/>\nal aire dieron trenes voladores<br \/>\ny hablaron con los t\u00e9rminos del mundo,<br \/>\ny bajo la ambici\u00f3n que los empuja,<br \/>\ncual si retar quisiesen a la brava<br \/>\nnube que en hoscos \u00edmpetus revienta,<br \/>\na los cielos alzaron una aguja<br \/>\ndiamantina e inmoble, donde clava<br \/>\nsus flam\u00edgeros rayos la tormenta.<\/p>\n<p>Un sue\u00f1o de grandeza y poder\u00edo<br \/>\nen sus cabezas flota. Es la avalancha<br \/>\nque se desborda desde el Norte fr\u00edo<br \/>\nhasta el conf\u00edn de Magallanes.<br \/>\nMancha de aceite multiforme<br \/>\nque avanza y crece, y cual si mengua fuera<br \/>\nya del hombre triunfar, quiere el Coloso,<br \/>\nque no temi\u00f3 de Camoens los vestiglos,<br \/>\ndespedazar con su martillo enorme<br \/>\nla gigantesca barrera<br \/>\nque formaron los siglos,<br \/>\ny rompiendo esas moles seculares<br \/>\nhabr\u00e1 de hacer, ingentes y profundos,<br \/>\nun idilio de amor entre dos mares<br \/>\ny una cita de hierro entre dos mundos.<\/p>\n<p>Pero pocos han sido<br \/>\nherederos de Washington, el noble,<br \/>\nel patriarcal, el austero ciudadano<br \/>\nque alzara ayer con majestad de roble<br \/>\nel pend\u00f3n del derecho americano.<br \/>\nHuy\u00f3 la santidad de esa bandera,<br \/>\ny junto al haz de olivos de su escudo<br \/>\nel drag\u00f3n que hoy impera<br \/>\nlas fauces abre amenazante y mudo.<br \/>\nHijos de los famosos bucaneros<br \/>\nson los imperialistas, herederos<br \/>\nde William Walker, el audaz bandido,<br \/>\nmaestro insigne de estupendos robos<br \/>\nque a Nicaragua penetr\u00f3 seguido<br \/>\nde sus marinos lobos,<br \/>\ny entonces comprendi\u00f3 que cuando vela<br \/>\npor su techo y por sus hijos, la gacela<br \/>\npuede hacerse le\u00f3n. Son los traidores<br \/>\ntent\u00e1culos del pulpo que hoy flagela<br \/>\ny oprime, y chupa, en lentos torcedores<br \/>\na ese inerme pa\u00eds. Son los hermanos<br \/>\nde Vern\u00f3n, que al sitiar la Heroica Villa<br \/>\ncon su corsaria flota,<br \/>\nhuy\u00f3 ante los rugidos soberanos<br \/>\ndel Le\u00f3n de Castilla,<br \/>\ny supo en su verg\u00fcenza y su derrota<br \/>\nque un soldado de Espa\u00f1a no se humilla<br \/>\nporque sabe morir. Son los histriones<br \/>\ndel T\u00edo Sam, que a la Antilla codiciada<br \/>\nle negaron los dones<br \/>\nque le ofreciera la latina espada,<br \/>\ny so\u00f1aron con burdas ambiciones<br \/>\ntrocar su magna libertad por una<br \/>\nmuelle y dorada servidumbre un d\u00eda,<br \/>\ncreyendo que el cubano vender\u00eda<br \/>\nel ideal que lo arrull\u00f3 en la cuna!<br \/>\nEllos, los nuevos b\u00e1rbaros, fijaron<br \/>\nen el hogar vecino sus anhelos,<br \/>\n\u00e1vidos como Atila, penetraron<br \/>\nen la patria de Hidalgo y de Morelos,<br \/>\ny tras lid sin igual, lid sin decoro<br \/>\nde ni\u00f1os aplastados por gigantes,<br \/>\nellos, los hijos cl\u00e1sicos del toro,<br \/>\nhicieron un fest\u00edn de sangre y oro<br \/>\ncon las rojas entra\u00f1as palpitantes.<br \/>\nY oro y sangre tambi\u00e9n, sangre que canta<br \/>\nla vida, y oro espl\u00e9ndido de soles<br \/>\nbebieron en la herida sacrosanta<br \/>\nabierta en los dominios espa\u00f1oles.<\/p>\n<p>Fue entonces nuevo heraldo<br \/>\nde la raza vencida, la figura<br \/>\nprimitiva y fastuosa de Aguinaldo:<br \/>\ncon un \u00faltimo gesto de locura,<br \/>\ncuando, con la actitud del que despoja,<br \/>\na las Islas lleg\u00f3 la gente extra\u00f1a,<br \/>\nal cinto puso la luciente hoja,<br \/>\nclav\u00f3 en las cumbres su bandera roja<br \/>\ny cay\u00f3 como el roble en la monta\u00f1a!<\/p>\n<p>Pero lleg\u00f3 a su colmo la medida:<br \/>\nahogando en el alud de la materia<br \/>\na la v\u00edctima incauta y sorprendida,<br \/>\nel jay\u00e1n de la feria<br \/>\ncompra al traidor en la almoneda obscura,<br \/>\nfalta a la fe con imperial cinismo<br \/>\ny hunde a un pueblo indefenso en el abismo<br \/>\nde la m\u00e1s espantosa desventura.<\/p>\n<p>Ante ese gran dolor, crucificado,<br \/>\nmudo, impotente, inextinguible y solo,<br \/>\nal crimen se han alzado<br \/>\nhimnos de admiraci\u00f3n de polo a polo.<br \/>\nAl villano que roba en el camino<br \/>\n-hambriento acaso- cu\u00e9lgase el grillete<br \/>\nbrutal del salteador y el asesino,<br \/>\ny al ladr\u00f3n de naciones<br \/>\nque oculto en la emboscada del bufete<br \/>\ny amparado por barcos y ca\u00f1ones<br \/>\nllena a un pueblo de l\u00e1grimas y luto,<br \/>\na ese le da las palmas del tributo<br \/>\nla Civilizaci\u00f3n! Clama y protesta<br \/>\nel idioma espa\u00f1ol, que no se presta<br \/>\npara hacer del honor pasto y vitualla<br \/>\ny pregona que es \u00e9sta<br \/>\nla Civilizaci\u00f3n de la canalla.<br \/>\nConcierto de abyecci\u00f3n, verdugo listo<br \/>\nque al reo aclama y vilipendia a Cristo!<br \/>\nEl c\u00f3digo social fustiga y mata<br \/>\na quien roba a un hogar casta doncella,<br \/>\ny hoy que todo lo noble se atropella<br \/>\nc\u00fabrese de laureles al pirata<br \/>\nque hurt\u00f3 a Colombia su mejor estrella!<\/p>\n<p>Ella al infame castigar no pudo;<br \/>\nsobre las playas que el Caribe azota<br \/>\nrecogi\u00f3 los pedazos de su escudo,<br \/>\ny sin doblar un punto la rodilla,<br \/>\nmostr\u00f3 su veste ensangrentada y rota,<br \/>\npero limpia de fango y de mancilla.<\/p>\n<p>Ante ese cuadro l\u00edvido,<br \/>\nque apenas el pincel a rasgos traza,<br \/>\np\u00e1lido centinela clamorea<br \/>\ny habla a los horizontes de la Raza,<br \/>\nde pie sobre la torre de la Idea.<br \/>\nEs la voz de la Uni\u00f3n. En el sosiego<br \/>\nde la noche pret\u00e9rita y distante,<br \/>\ntal como un bronce que tocara a fuego,<br \/>\nhabla el Libertador. Ya en el cuadrante<br \/>\nque la impasible eternidad esp\u00eda,<br \/>\nson\u00f3 la sollozante<br \/>\nhora de su tremenda profec\u00eda.<\/p>\n<p>Y es forzosa esa uni\u00f3n, dique y cimiento<br \/>\npara un haz de Rep\u00fablicas. En vano<br \/>\nir\u00e1 a buscar ex\u00f3tico elemento<br \/>\nel hijo de la Loba y del Hispano;<br \/>\nla raza buscar\u00e1 cada fragmento<br \/>\ncomo busca la gota el oceano.<\/p>\n<p>Mas, \u00bfqu\u00e9 son los ardientes<br \/>\ngritos ante la ola despe\u00f1ada?<br \/>\nEsp\u00edritus videntes<br \/>\npredican paz y anuncian la llegada<br \/>\ndel Tit\u00e1n que, cortando las ortigas<br \/>\nde nuestros viejos odios carniceros,<br \/>\ndesatar\u00e1 las pr\u00f3speras espigas<br \/>\ncomo un r\u00edo de oro en los graneros.<br \/>\n\u00a1Honor y gloria para Sancho! \u00a1Brote<br \/>\nde la prudencia suma,<br \/>\ngu\u00eda, escudo y sost\u00e9n de Don Quijote!<br \/>\n\u00a1Olvidemos la pluma,<br \/>\nla espada y los or\u00edgenes proceros,<br \/>\ndurmamos en molicie musulmana<br \/>\nel sue\u00f1o de los brutos, y ma\u00f1ana<br \/>\ncuando atrapen los c\u00e1rmenes opimos<br \/>\nde la heredad, los burdos mercaderes,<br \/>\ntendremos que llorar como mujeres<br \/>\nlo que guardar como hombres no supimos!<\/p>\n<p>Arde el fuego sagrado del honor<br \/>\nen el templo del Pasado;<br \/>\njam\u00e1s podr\u00e1n vestir con la librea<br \/>\ncon que visten el lacayo y el eunuco<br \/>\nlos que fueron leones de la Idea<br \/>\nen Puebla, y en Jun\u00edn, y en Chacabuco.<br \/>\nEs preciso vencer. No es ilusoria<br \/>\nla voz que da la juventud florida;<br \/>\nla pampa inmensa a laborar convida,<br \/>\nquien gan\u00f3 las batallas de la gloria,<br \/>\npuede ganar tambi\u00e9n las de la vida!<\/p>\n<p>Despertando vigores<br \/>\ny arrojando en el surco la simiente,<br \/>\nse acercan los latinos sembradores,<br \/>\ny van bizarramente<br \/>\nal Coloso lanzando un desaf\u00edo<br \/>\nbajo el suntuoso pabell\u00f3n del Arte,<br \/>\nde Chocano el ap\u00f3strofe brav\u00edo,<br \/>\nel arpa inmensa de Rub\u00e9n Dar\u00edo<br \/>\ny el verbo rudo y redentor de Ugarte.<\/p>\n<p>Es hora de las grandes odiseas,<br \/>\nuna bandada l\u00edrica de ideas<br \/>\ndespierta al continente adormecido<br \/>\ny hace poner de pie sus avanzadas,<br \/>\ncomo el brusco graznido<br \/>\nde las aves sagradas<br \/>\nque poniendo las lanzas y rodelas<br \/>\nen manos de la it\u00e1lica cohorte,<br \/>\navis\u00f3 a los dormidos centinelas<br \/>\nque llegaban los b\u00e1rbaros del Norte!<\/p>\n<p>Es preciso luchar, romper la infanda<br \/>\nnoche, hacer fecunda la procera<br \/>\ny alta lecci\u00f3n que la altivez nos diera<br \/>\nen la patria de Sucre y de Miranda,<br \/>\ny en la cuna de O&#8217;Higgins y Carrera.<\/p>\n<p>Trabajo es libertad. Nuestro destino<br \/>\nes oro en el fil\u00f3n; para el Latino<br \/>\nel secreto del triunfo est\u00e1 fincado<br \/>\nen ser obrero y a la vez soldado,<br \/>\nen romper a lo largo del sendero<br \/>\nla valla con el filo del acero<br \/>\ny el surco con la reja del arado.<\/p>\n<p>Pueblo que fue en la fragua modelado<br \/>\nno es el h\u00edbrido pueblo que en su aurora<br \/>\ncompra trozos de patria en el mercado.<br \/>\nQuiz\u00e1 el ce\u00f1udo traficante ignora<br \/>\nla sangre ilustre en Lexington vertida:<br \/>\nal atar la Luisiana y la Florida<br \/>\na su carroza de brillantes ruedas,<br \/>\nen lugar de un pu\u00f1ado de su vida<br \/>\ndio tan solo un pu\u00f1ado de monedas!<\/p>\n<p>&nbsp;<\/p>\n<p>Fue el astro del Derecho en su epinicio,<br \/>\nsol de invierno, tard\u00edo e incoloro,<br \/>\nque apenas dio su resplandor propicio<br \/>\ncuando hume\u00f3 el sangrante sacrificio<br \/>\nante las aras del becerro de oro,<br \/>\ncomo aborto imposible, surgi\u00f3 una<br \/>\nrep\u00fablica imperial, tras el prodigio<br \/>\nde lid recia y gigante cual ninguna,<br \/>\nel hombre negro redimido al cabo,<br \/>\na par del gorro frigio<br \/>\nsigui\u00f3 llevando el hierro del esclavo.<\/p>\n<p>Y en tanto que esa hond\u00edsima gangrena<br \/>\ncamina en las entra\u00f1as del Coloso<br \/>\ny para breve plazo la condena<br \/>\na caer con estr\u00e9pito espantoso,<br \/>\nla savia nueva, generosa y rica<br \/>\nque nos dieran ayer nuestros mayores<br \/>\nabajo el tronco nutre y fortifica<br \/>\ny arriba salta en eclosi\u00f3n de flores!<\/p>\n<p>La libertad las almas se\u00f1orea<br \/>\ny es todo libre, en monte y en llanura,<br \/>\ndesde el boa monstruoso que en oscura<br \/>\nlanda, la presa esp\u00eda y se recrea<br \/>\nen su banquete de siniestras galas,<br \/>\nal colibr\u00ed peque\u00f1o, miniatura<br \/>\ndel arco iris, flor que juguetea,<br \/>\nrayo de sol sobre columpio de alas.<\/p>\n<p>De nuestra casa bajo el amplio techo<br \/>\nhallan el pan y el vino,<br \/>\njunto al pend\u00f3n sagrado del derecho,<br \/>\nel indio, el ruso, el sirio, el africano,<br \/>\ny es porque encierra el ideal latino<br \/>\ntodas las ansias del linaje humano,<br \/>\ncomo contiene el caracol marino<br \/>\nla voz, la inmensa voz del oceano.<\/p>\n<p>Monroe lanz\u00f3 su f\u00f3rmula col\u00e9rica<br \/>\ny ambigua, como un reto hacia la Europa,<br \/>\nS\u00e1enz cre\u00f3 nuestra divisa: &#8220;Am\u00e9rica<br \/>\npara la Humanidad&#8221;. Bulle en su copa<br \/>\nla vida. La esperanza es una estrella<br \/>\nque conduce a la Tierra Prometida<br \/>\nlas caravanas de emigrantes; ella<br \/>\nrenueva la resaca empobrecida,<br \/>\npalpita en un comp\u00e1s grave y profundo<br \/>\ny hasta la extremidad m\u00e1s apartada<br \/>\nlanza toda esa vida desbordada,<br \/>\ncomo si fuese el coraz\u00f3n del mundo!<\/p>\n<p>La raza est\u00e1 de pie. Como un vig\u00eda<br \/>\nque vela en los gran\u00edticos bastiones,<br \/>\nel Momotombo enciende sus fanales,<br \/>\ny como los tupidos escuadrones<br \/>\nde un ej\u00e9rcito en marcha que, triunfales<br \/>\npendones lleva y al combate gu\u00eda,<br \/>\nse enfilan en la turbia lejan\u00eda<br \/>\nlos Andes con sus cumbres inmortales.<\/p>\n<p>Viene de la llanura<br \/>\nla fragancia oto\u00f1al que da la siembra<br \/>\nen saz\u00f3n ya. La Tierra es una hembra<br \/>\nque ha dado a luz. Como la hostia santa,<br \/>\nincendiando los cielos se levanta<br \/>\nel sol del Porvenir. El azul pleno<br \/>\ncanta: es el mismo luminar sereno<br \/>\nque alboreaba en el p\u00e1lido infinito<br \/>\ncuando, desde las velas espa\u00f1olas,<br \/>\nse alz\u00f3, jocundo y poderoso, el grito<br \/>\nde Rodrigo de Triana<br \/>\nque anunci\u00f3 la epopeya americana<br \/>\nentre el estruendo salvaje de las olas!<\/p>\n<p>___________<\/p>\n<p>&nbsp;<\/p>\n<p><strong>EL HOMENAJE EN EL TEATRO COL\u00d3N, EL SABOTEO Y LA RESPUESTA DEL POETA.<\/strong><span style=\"color: #ff0000;\"><strong>&nbsp;<\/strong>&nbsp;<\/span><\/p>\n<p>&nbsp;<\/p>\n<div id=\"attachment_10373\" style=\"width: 1034px\" class=\"wp-caption aligncenter\"><img loading=\"lazy\" decoding=\"async\" aria-describedby=\"caption-attachment-10373\" class=\"size-full wp-image-10373\" title=\"TEATRO COL\u00d3N\" src=\"https:\/\/lapiedrafilosofal.com\/wp-content\/uploads\/2013\/11\/TEATRO-COL\u00d3N1.jpg\" alt=\"\" width=\"1024\" height=\"768\" srcset=\"https:\/\/oscarhumbertogomez.com\/wp-content\/uploads\/2013\/11\/TEATRO-COL\u00d3N1.jpg 1024w, https:\/\/oscarhumbertogomez.com\/wp-content\/uploads\/2013\/11\/TEATRO-COL\u00d3N1-300x225.jpg 300w\" sizes=\"auto, (max-width: 1024px) 100vw, 1024px\" \/><p id=\"caption-attachment-10373\" class=\"wp-caption-text\">TEATRO COL\u00d3N. BOGOT\u00c1 \/ COLOMBIA.<\/p><\/div>\n<p>&nbsp;<\/p>\n<p>Con la corona de laurel ce\u00f1ida sobre sus sienes, el poeta, quien curiosamente habr\u00eda de ir a morir cuarenta a\u00f1os m\u00e1s tarde (1954) precisamente en Par\u00eds, la luminosa capital francesa donde obtuvo este galard\u00f3n internacional, recibi\u00f3 felicitaciones por parte de figuras prominentes de la poes\u00eda, como Guillermo Valencia, y en la g\u00e9lida y brumosa Bogot\u00e1, de donde era inquilino, se le prepar\u00f3 un merecido homenaje, en solemne acto nocturno y de gala que se llevar\u00eda a cabo en el Teatro Col\u00f3n. &nbsp;Sin embargo, periodistas de la capital de la rep\u00fablica, inconformes con que el premio se le hubiese otorgado a un poeta provinciano, y m\u00e1xime a alguien que no pertenec\u00eda a la \u00e9lite social bogotana, y fieles a esa tradici\u00f3n infortunada del centralismo a ultranza y socialmente discriminante, que solo ve virtudes y merecimientos en los capitalinos pudientes, pretendieron sabotear el acto. &nbsp;A Mart\u00ednez Mutis &#8220;se le sali\u00f3 el santandereano&#8221;, y &#8220;se le sali\u00f3 el Mutis&#8221;, y entonces, en aquella natural reacci\u00f3n de leg\u00edtima defensa que conduce a que la persona ilustre injustamente atacada saque a relucir sus pergaminos, respondi\u00f3 airado, pero tambi\u00e9n desencantado y triste, las cr\u00edticas y los ataques de que era objeto rememor\u00e1ndoles a sus detractores y saboteadores del homenaje que se le brindaba -o haci\u00e9ndoselo saber- de qu\u00e9 estirpe proven\u00eda y en qu\u00e9 concepto, en cambio, los ten\u00eda a ellos. &nbsp;Lo hizo, por supuesto, con versos, m\u00e1s espec\u00edficamente con un tr\u00edptico po\u00e9tico, con tres duros sonetos. &nbsp;Los mismos con los que hoy cerramos esta segunda entrega acerca de los Mutis, la primera sobre nuestro preclaro bardo, y con los cuales volvemos a deleitarnos, una vez m\u00e1s, trayendo al presente la vena po\u00e9tica de un santandereano ejemplar, de un verdadero hijo ilustre de Bucaramanga, de un Mutis que hizo honor a su apellido, de alguien que con su pluma supo poner los puntos sobre las \u00edes dejando en claro que era pobre, pero que tambi\u00e9n era digno.<\/p>\n<p>____<\/p>\n<p>&nbsp;<\/p>\n<p>Nos parece conveniente insertar los tres sonetos por separado y precisar el significado de algunas de las expresiones usadas en cada uno de ellos por el rapsoda bumangu\u00e9s hace un siglo.<\/p>\n<p>En el primer soneto, el poeta se refiere a las duras condiciones en que ha vivido, la luz esperanzadora que le significan las oraciones de su se\u00f1ora madre, y el triunfo que \u00e9l, y con \u00e9l las letras colombianas, han obtenido m\u00e1s all\u00e1 de los mares.<\/p>\n<p>&nbsp;<\/p>\n<p><strong>VOCABULARIO:<\/strong><\/p>\n<p><strong>Covacha:<\/strong> Habitaci\u00f3n pobre y oscura. El poeta no niega las condiciones paup\u00e9rrimas en las que vive. Por el contrario, muestra que as\u00ed es m\u00e1s meritorio su contundente triunfo. <strong>Atenas de la Am\u00e9rica espa\u00f1ola:<\/strong> se refiere a Bogot\u00e1 y, por extensi\u00f3n, a Colombia.<\/p>\n<p>&nbsp;<\/p>\n<p><img loading=\"lazy\" decoding=\"async\" class=\"aligncenter size-full wp-image-10485\" title=\"LIRA V\" src=\"https:\/\/lapiedrafilosofal.com\/wp-content\/uploads\/2013\/11\/LIRA-V.jpg\" alt=\"\" width=\"315\" height=\"500\" srcset=\"https:\/\/oscarhumbertogomez.com\/wp-content\/uploads\/2013\/11\/LIRA-V.jpg 315w, https:\/\/oscarhumbertogomez.com\/wp-content\/uploads\/2013\/11\/LIRA-V-189x300.jpg 189w\" sizes=\"auto, (max-width: 315px) 100vw, 315px\" \/><br \/>\n<em><strong>&#8220;Espantosa miseria me oprim\u00eda,<br \/>\npasaban y pasaban los laureles,<br \/>\ncon su verde rel\u00e1mpago, en las crueles<br \/>\nnoches sin luz de la covacha fr\u00eda.<br \/>\n<\/strong><br \/>\n<strong><em>Sonaba ya sus roncos cascabeles<\/em><\/strong><br \/>\n<strong><em> la desesperaci\u00f3n, pero ten\u00eda<\/em><\/strong><br \/>\n<strong><em> en continua oraci\u00f3n dos manos fieles:<\/em><\/strong><br \/>\n<strong><em>las blancas manos de la madre m\u00eda!<\/em><\/strong><\/em><\/p>\n<p><strong><em>Invoqu\u00e9 a Dios para vencer. El Arte<\/em><\/strong><br \/>\n<strong><em> llev\u00f3 otra vez mi l\u00edrico estandarte<\/em><\/strong><br \/>\n<strong><em> m\u00e1s all\u00e1 de los tumbos de la ola;<\/em><\/strong><\/p>\n<p><strong><em>y hoy ha mostrado en el mundial concierto<\/em><\/strong><br \/>\n<strong><em> que es cl\u00e1sica mi pluma y que no ha muerto<\/em><\/strong><br \/>\n<strong><em> la Atenas de la Am\u00e9rica espa\u00f1ola!<\/em><\/strong><\/p>\n<p>_________<\/p>\n<p>&nbsp;<\/p>\n<p>En el segundo soneto, el poeta rememora toda la persecuci\u00f3n de la que ha sido objeto, los naturales sentimientos de desprecio que ello le ha generado hacia la condici\u00f3n mezquina y envidiosa del ser humano, pero advierte que no odia a la humanidad, pues concluye que no toda ella muestra esa misma condici\u00f3n moral, ni que a sus envidiosos detractores les teme.<\/p>\n<p>&nbsp;<\/p>\n<p><strong>VOCABULARIO:<\/strong><\/p>\n<p><strong>Gayos:<\/strong> vistosos, alegres, adornados, engalanados. El poeta resalta el lujo de los salones donde se desenvuelve la vida de los magnates.&nbsp;<strong><strong>Zoilo:<\/strong> <\/strong>Hombre que critica con malevolencia las obras ajenas. La palabra deriva del nombre de un gram\u00e1tico de Alejandr\u00eda que era cr\u00edtico detractor de Homero, de Plat\u00f3n y de otros grandes autores de la Antig\u00fcedad. <strong>Jarales:<\/strong> sitio de vegetaci\u00f3n muy espesa e intrincada. Por extensi\u00f3n, asunto muy enredado o complicado.<\/p>\n<p>&nbsp;<\/p>\n<p><img loading=\"lazy\" decoding=\"async\" class=\"aligncenter size-full wp-image-10483\" title=\"LIRA IV\" src=\"https:\/\/lapiedrafilosofal.com\/wp-content\/uploads\/2013\/11\/LIRA-IV.jpg\" alt=\"\" width=\"288\" height=\"450\" srcset=\"https:\/\/oscarhumbertogomez.com\/wp-content\/uploads\/2013\/11\/LIRA-IV.jpg 288w, https:\/\/oscarhumbertogomez.com\/wp-content\/uploads\/2013\/11\/LIRA-IV-192x300.jpg 192w\" sizes=\"auto, (max-width: 288px) 100vw, 288px\" \/><\/p>\n<p>&nbsp;<\/p>\n<p><strong><em>Desde el magnate que en salones gayos<\/em><\/strong><br \/>\n<strong><em> mora, hasta el zoilo maldiciente, hostiles<\/em><\/strong><br \/>\n<strong><em> me lanzaron, con \u00edmpetus febriles,<\/em><\/strong><br \/>\n<strong><em> m\u00faltiples, recios y encendidos rayos,<\/em><\/strong><\/p>\n<p><strong><em>porque yo no sab\u00eda los desmayos<\/em><\/strong><br \/>\n<strong><em> torpes, el gesto amable de los viles,<\/em><\/strong><br \/>\n<strong><em> el tortuoso andar de los reptiles,<\/em><\/strong><br \/>\n<strong><em> ni la genuflexi\u00f3n de los lacayos.<\/em><\/strong><\/p>\n<p><em><strong>Aunque una horrible decepci\u00f3n me inunda,<\/strong><\/em><br \/>\n<strong><em>odiar la pobre humanidad no puedo.<\/em><\/strong><br \/>\n<strong><em> Ese humano lodazal, la charca inmunda<\/em><\/strong><\/p>\n<p><strong><em>en cuyos jarales no me enredo,<\/em><\/strong><br \/>\n<strong><em> me inspira a veces compasi\u00f3n profunda,<\/em><\/strong><br \/>\n<strong><em> y a veces asco&#8230;pero nunca miedo!<\/em><\/strong><\/p>\n<p>____________<\/p>\n<p>&nbsp;<\/p>\n<p>En el tercer y \u00faltimo soneto, el poeta saca, ahora s\u00ed, a relucir sus pergaminos, les espeta a sus detractores qui\u00e9n es \u00e9l y qui\u00e9nes son ellos, y al final los deja ignorados a la vera del camino mientras \u00e9l sigue adelante con su vida de triunfos literarios nacionales e internacionales. Este es el soneto que mejor retrata su altivez de santandereano pobre, pero digno y orgulloso de ser quien es.<\/p>\n<p><strong>VOCABULARIO:<\/strong><\/p>\n<p><strong> Blas\u00f3n:<\/strong> abolengo noble. El poeta les enrostra a sus cr\u00edticos y saboteadores de d\u00f3nde procede, es decir, les advierte que no se confundan, que su pobreza es solo econ\u00f3mica, pero su se\u00f1or\u00edo se lo da el ser quien es y provenir de donde proviene.&nbsp;<strong>Abyecci\u00f3n:<\/strong> bajeza, vileza, ruindad. Acto innoble, despreciable, rastrero, mezquino, cobarde. <strong>Hampones:<\/strong> en el sentido de la poes\u00eda, bravucones. <strong>C\u00edrculo:<\/strong> en el sentido de la poes\u00eda, medio social, ambiente social, entorno social.&nbsp;<strong>Mediano<\/strong>: en el sentido de la poes\u00eda, mediocre, carente de brillo, que no sobresale. <strong>Rastacuero:<\/strong> Ricach\u00f3n inculto, ostentoso y grosero. Con la expresi\u00f3n &#8220;<em>hampones de c\u00edrculo mediano y rastacuero<\/em>&#8220;, el poeta quiere decir, pues, que el grupo que est\u00e1 detr\u00e1s del saboteo a su homenaje en el Teatro Col\u00f3n est\u00e1 conformado por personas adineradas, pero carentes de cultura, vale decir, por patanes con plata, que solo se destacan gracias a la extravagante ostentaci\u00f3n que hacen de su dinero.&nbsp;<strong>Mesnada:<\/strong> Grupo de personas al servicio de alguien. El poeta se refiere a que el grupo de sus detractores y cr\u00edticos est\u00e1 al servicio de personajes ocultos que no soportan su \u00e9xito. <strong>Lebrel:&nbsp;<\/strong>perro de caza.<\/p>\n<p>&nbsp;<\/p>\n<p><img loading=\"lazy\" decoding=\"async\" class=\"aligncenter size-full wp-image-10481\" title=\"LIRA II\" src=\"https:\/\/lapiedrafilosofal.com\/wp-content\/uploads\/2013\/11\/LIRA-II.jpg\" alt=\"\" width=\"288\" height=\"500\" srcset=\"https:\/\/oscarhumbertogomez.com\/wp-content\/uploads\/2013\/11\/LIRA-II.jpg 288w, https:\/\/oscarhumbertogomez.com\/wp-content\/uploads\/2013\/11\/LIRA-II-172x300.jpg 172w\" sizes=\"auto, (max-width: 288px) 100vw, 288px\" \/><\/p>\n<p>&nbsp;<\/p>\n<p><strong><em>Sangre ilustre palpita en mis blasones,<\/em><\/strong><br \/>\n<strong><em> luz la ciencia le dio, temple el acero,<\/em><\/strong><br \/>\n<strong><em> gloria mil veces grande mis canciones,<\/em><\/strong><br \/>\n<strong><em> nobleza el porte c\u00edvico y austero.<\/em><\/strong><\/p>\n<p><strong><em>No sabe el caballero de abyecciones,<\/em><\/strong><br \/>\n<strong><em> por eso le han negado al caballero<\/em><\/strong><br \/>\n<strong><em> el agua, el pan y el fuego esos hampones<\/em><\/strong><br \/>\n<strong><em> de c\u00edrculo mediano y rastacuero.<\/em><\/strong><\/p>\n<p><em><strong>Re\u00edrme puedo ya de la mesnada.<\/strong><\/em><br \/>\n<em><strong> A Colombia, adorable y adorada,<\/strong><\/em><br \/>\n<em><strong> una corona universal destino,<\/strong><\/em><\/p>\n<p><em><strong>y aunque ladren y ladren los lebreles,<\/strong><\/em><br \/>\n<em><strong> junto una rama al haz de mis laureles<\/strong><\/em><br \/>\n<em><strong> y prosigo indiferente mi camino&#8221;.<\/strong><\/em><\/p>\n<p>_______<\/p>\n<p>&nbsp;<\/p>\n<p>[CONTINUAR\u00c1]<\/p>\n<p>&nbsp;<\/p>\n","protected":false},"excerpt":{"rendered":"<p>&nbsp; NOTA DEL PORTAL: &nbsp;Jos\u00e9 Celestino Mutis Bosio, sacerdote, m\u00e9dico, astr\u00f3nomo, bot\u00e1nico, ge\u00f3grafo y matem\u00e1tico, director de la Expedici\u00f3n Bot\u00e1nica, &nbsp;fue el primer Mutis que lleg\u00f3 de Espa\u00f1a a estas tierras. &nbsp;Vale la pena anotar que vino tra\u00eddo como m\u00e9dico &hellip; <a href=\"https:\/\/oscarhumbertogomez.com\/?p=10345\">Sigue leyendo <span class=\"meta-nav\">&rarr;<\/span><\/a><\/p>\n<div class='heateorSssClear'><\/div><div  class='heateor_sss_sharing_container heateor_sss_horizontal_sharing' heateor-sss-data-href='https:\/\/oscarhumbertogomez.com\/?p=10345'><div class='heateor_sss_sharing_title' style=\"font-weight:bold\" >\u00a1Gracias por compartirla!<\/div><ul class=\"heateor_sss_sharing_ul\"><li class=\"heateorSssSharingRound\"><i style=\"width:35px;height:35px;border-radius:999px;\" alt=\"Facebook\" Title=\"Facebook\" class=\"heateorSssSharing heateorSssFacebookBackground\" onclick='heateorSssPopup(\"https:\/\/www.facebook.com\/sharer\/sharer.php?u=https%3A%2F%2Foscarhumbertogomez.com%2Findex.php%3Frest_route%3D%252Fwp%252Fv2%252Fposts%252F10345\")'><ss style=\"display:block;border-radius:999px;\" class=\"heateorSssSharingSvg heateorSssFacebookSvg\"><\/ss><\/i><\/li><li class=\"heateorSssSharingRound\"><i style=\"width:35px;height:35px;border-radius:999px;\" alt=\"Twitter\" Title=\"Twitter\" class=\"heateorSssSharing heateorSssTwitterBackground\" onclick='heateorSssPopup(\"http:\/\/twitter.com\/intent\/tweet?text=Los%20Mutis%20%28II%29.%20El%20Poeta.%20Por%20%C3%93scar%20Humberto%20G%C3%B3mez%20G%C3%B3mez&url=https%3A%2F%2Foscarhumbertogomez.com%2Findex.php%3Frest_route%3D%252Fwp%252Fv2%252Fposts%252F10345\")'><ss style=\"display:block;border-radius:999px;\" class=\"heateorSssSharingSvg heateorSssTwitterSvg\"><\/ss><\/i><\/li><li class=\"heateorSssSharingRound\"><i style=\"width:35px;height:35px;border-radius:999px;\" alt=\"Whatsapp\" Title=\"Whatsapp\" class=\"heateorSssSharing heateorSssWhatsappBackground\" onclick='heateorSssPopup(\"https:\/\/web.whatsapp.com\/send?text=Los%20Mutis%20%28II%29.%20El%20Poeta.%20Por%20%C3%93scar%20Humberto%20G%C3%B3mez%20G%C3%B3mez https%3A%2F%2Foscarhumbertogomez.com%2Findex.php%3Frest_route%3D%252Fwp%252Fv2%252Fposts%252F10345\")'><ss style=\"display:block\" class=\"heateorSssSharingSvg heateorSssWhatsappSvg\"><\/ss><\/i><\/li><li class=\"heateorSssSharingRound\"><i style=\"width:35px;height:35px;border-radius:999px;\" alt=\"Pinterest\" Title=\"Pinterest\" class=\"heateorSssSharing heateorSssPinterestBackground\" onclick=\"javascript:void( (function() {var e=document.createElement('script' );e.setAttribute('type','text\/javascript' );e.setAttribute('charset','UTF-8' );e.setAttribute('src','\/\/assets.pinterest.com\/js\/pinmarklet.js?r='+Math.random()*99999999);document.body.appendChild(e)})());\"><ss style=\"display:block;border-radius:999px;\" class=\"heateorSssSharingSvg heateorSssPinterestSvg\"><\/ss><\/i><\/li><li class=\"heateorSssSharingRound\"><i style=\"width:35px;height:35px;border-radius:999px;\" alt=\"Google Gmail\" Title=\"Google Gmail\" class=\"heateorSssSharing heateorSssGoogleGmailBackground\" onclick='heateorSssPopup(\"https:\/\/mail.google.com\/mail\/?ui=2&view=cm&fs=1&tf=1&su=Los%20Mutis%20%28II%29.%20El%20Poeta.%20Por%20%C3%93scar%20Humberto%20G%C3%B3mez%20G%C3%B3mez&body=Link:https%3A%2F%2Foscarhumbertogomez.com%2Findex.php%3Frest_route%3D%252Fwp%252Fv2%252Fposts%252F10345\")'><ss style=\"display:block;border-radius:999px;\" class=\"heateorSssSharingSvg heateorSssGoogleGmailSvg\"><\/ss><\/i><\/li><li class=\"heateorSssSharingRound\"><i style=\"width:35px;height:35px;border-radius:999px;\" title=\"More\" alt=\"More\" class=\"heateorSssSharing heateorSssMoreBackground\" onclick=\"heateorSssMoreSharingPopup(this, 'https:\/\/oscarhumbertogomez.com\/index.php?rest_route=%2Fwp%2Fv2%2Fposts%2F10345', 'Los%20Mutis%20%28II%29.%20El%20Poeta.%20Por%20%C3%93scar%20Humberto%20G%C3%B3mez%20G%C3%B3mez', '' )\" ><ss style=\"display:block\" class=\"heateorSssSharingSvg heateorSssMoreSvg\"><\/ss><\/i><\/li><\/ul><div class=\"heateorSssClear\"><\/div><\/div><div class='heateorSssClear'><\/div>","protected":false},"author":2,"featured_media":0,"comment_status":"closed","ping_status":"closed","sticky":false,"template":"","format":"standard","meta":{"spay_email":"","footnotes":""},"categories":[12],"tags":[],"class_list":["post-10345","post","type-post","status-publish","format-standard","hentry","category-historia"],"jetpack_featured_media_url":"","jetpack_shortlink":"https:\/\/wp.me\/p1FYrr-2GR","_links":{"self":[{"href":"https:\/\/oscarhumbertogomez.com\/index.php?rest_route=\/wp\/v2\/posts\/10345","targetHints":{"allow":["GET"]}}],"collection":[{"href":"https:\/\/oscarhumbertogomez.com\/index.php?rest_route=\/wp\/v2\/posts"}],"about":[{"href":"https:\/\/oscarhumbertogomez.com\/index.php?rest_route=\/wp\/v2\/types\/post"}],"author":[{"embeddable":true,"href":"https:\/\/oscarhumbertogomez.com\/index.php?rest_route=\/wp\/v2\/users\/2"}],"replies":[{"embeddable":true,"href":"https:\/\/oscarhumbertogomez.com\/index.php?rest_route=%2Fwp%2Fv2%2Fcomments&post=10345"}],"version-history":[{"count":5,"href":"https:\/\/oscarhumbertogomez.com\/index.php?rest_route=\/wp\/v2\/posts\/10345\/revisions"}],"predecessor-version":[{"id":52201,"href":"https:\/\/oscarhumbertogomez.com\/index.php?rest_route=\/wp\/v2\/posts\/10345\/revisions\/52201"}],"wp:attachment":[{"href":"https:\/\/oscarhumbertogomez.com\/index.php?rest_route=%2Fwp%2Fv2%2Fmedia&parent=10345"}],"wp:term":[{"taxonomy":"category","embeddable":true,"href":"https:\/\/oscarhumbertogomez.com\/index.php?rest_route=%2Fwp%2Fv2%2Fcategories&post=10345"},{"taxonomy":"post_tag","embeddable":true,"href":"https:\/\/oscarhumbertogomez.com\/index.php?rest_route=%2Fwp%2Fv2%2Ftags&post=10345"}],"curies":[{"name":"wp","href":"https:\/\/api.w.org\/{rel}","templated":true}]}}