{"id":10526,"date":"2015-02-02T08:00:47","date_gmt":"2015-02-02T13:00:47","guid":{"rendered":"http:\/\/www.oscarhumbertogomez.com\/?p=10526"},"modified":"2025-04-05T19:47:06","modified_gmt":"2025-04-06T00:47:06","slug":"en-defensa-de-las-profesiones-liberales-ii-por-oscar-humberto-gomez-gomez","status":"publish","type":"post","link":"https:\/\/oscarhumbertogomez.com\/?p=10526","title":{"rendered":"En defensa de las profesiones liberales. Los profesionales liberales NO somos comerciantes [PARTE II]. Por \u00d3scar Humberto G\u00f3mez G\u00f3mez"},"content":{"rendered":"<p><img decoding=\"async\" class=\"aligncenter size-full wp-image-4481\" src=\"https:\/\/lapiedrafilosofal.com\/wp-content\/uploads\/2012\/06\/OSCAR-HUMBERTO-GOMEZ.jpg\" alt=\"OSCAR HUMBERTO GOMEZ\" width=\"500\"><\/p>\n<p>&nbsp;<\/p>\n<p>El Consejo de Estado. Sala de lo Contencioso-Administrativo. Secci\u00f3n Primera, con ponencia del ilustre jurista santandereano doctor Libardo Rodr\u00edguez Rodr\u00edguez, hab\u00eda dejado perfectamente en claro no solo que los profesionales liberales no eran comerciantes, sino que las sociedades conformadas por profesionales liberales eran de car\u00e1cter civil y, como tales, no estaban reguladas por el C\u00f3digo de Comercio ni por las normas mercantiles. Ver:&nbsp;<a href=\"http:\/\/www.oscarhumbertogomez.com\/?p=8364\">[http:\/\/www.oscarhumbertogomez.com\/?p=8364]<\/a><\/p>\n<p>&nbsp;<\/p>\n<div id=\"attachment_15219\" style=\"width: 810px\" class=\"wp-caption aligncenter\"><img loading=\"lazy\" decoding=\"async\" aria-describedby=\"caption-attachment-15219\" class=\"size-full wp-image-15219\" title=\"LIBARDO RODR\u00cdGUEZ RODR\u00cdGUEZ\" src=\"https:\/\/lapiedrafilosofal.com\/wp-content\/uploads\/2015\/02\/LIBARDO-RODR\u00cdGUEZ-RODR\u00cdGUEZ.jpg\" alt=\"\" width=\"800\" height=\"607\" srcset=\"https:\/\/oscarhumbertogomez.com\/wp-content\/uploads\/2015\/02\/LIBARDO-RODR\u00cdGUEZ-RODR\u00cdGUEZ.jpg 800w, https:\/\/oscarhumbertogomez.com\/wp-content\/uploads\/2015\/02\/LIBARDO-RODR\u00cdGUEZ-RODR\u00cdGUEZ-300x227.jpg 300w\" sizes=\"auto, (max-width: 800px) 100vw, 800px\" \/><p id=\"caption-attachment-15219\" class=\"wp-caption-text\">LIBARDO RODR\u00cdGUEZ RODR\u00cdGUEZ, CONSEJERO PONENTE.<\/p><\/div>\n<p>&nbsp;<\/p>\n<p>Empero, unos a\u00f1os m\u00e1s tarde, en 1995, esa situaci\u00f3n cambi\u00f3. En efecto, mediante una reforma que afect\u00f3 el C\u00f3digo de Comercio y una derogatoria que afect\u00f3 el C\u00f3digo Civil, las cosas quedaron de la siguiente manera:<\/p>\n<p>El ejercicio de una profesi\u00f3n liberal por parte de un profesional sigue siendo una actividad no mercantil y, en consecuencia, ese profesional no tiene por qu\u00e9 inscribirse en el registro mercantil de la C\u00e1mara de Comercio, ni puede ser incluido como contribuyente del impuesto de industria y comercio.<\/p>\n<p>Pero la sociedad que formen varios profesionales para el ejercicio conjunto de esa profesi\u00f3n liberal si bien sigue siendo una sociedad civil, se rige por el C\u00f3digo de Comercio y por las normas mercantiles. En consecuencia, esa sociedad, no obstante ser civil y no comercial, debe inscribirse en el registro mercantil de la C\u00e1mara de Comercio y podr\u00e1 ser incluida como contribuyente del impuesto de industria y comercio. Ello, mientras que no se d\u00e9 la reforma legal que regule la situaci\u00f3n espec\u00edfica de las sociedades civiles como una figura de naturaleza distinta a las sociedades comerciales.<\/p>\n<p>&nbsp;<\/p>\n<p><img decoding=\"async\" class=\"aligncenter size-medium wp-image-15206\" title=\"Bufete de Abogados\" src=\"https:\/\/lapiedrafilosofal.com\/wp-content\/uploads\/2015\/02\/Bufete-de-Abogados-300x199.jpg\" alt=\"\" width=\"900\" srcset=\"https:\/\/oscarhumbertogomez.com\/wp-content\/uploads\/2015\/02\/Bufete-de-Abogados-300x199.jpg 300w, https:\/\/oscarhumbertogomez.com\/wp-content\/uploads\/2015\/02\/Bufete-de-Abogados.jpg 800w\" sizes=\"(max-width: 300px) 100vw, 300px\" \/><\/p>\n<p>&nbsp;<\/p>\n<p>El C\u00f3digo Civil, en efecto, dec\u00eda:<\/p>\n<p>&#8220;ART\u00cdCULO 2085. La sociedad puede ser civil o comercial. Son sociedades comerciales las que se forman para negocios que la ley califica de actos de comercio. Las otras son sociedades civiles&#8221;.<\/p>\n<p>Empero, este art\u00edculo fue derogado por el art\u00edculo 242 de la Ley 222 de 1995, publicada en el Diario Oficial No. 42.156 del 20 de diciembre de 1995.<\/p>\n<p>El C\u00f3digo de Comercio en sus art\u00edculos 20 y 23 delimita qu\u00e9 actos son comerciales y cu\u00e1les no.<\/p>\n<p>Dice as\u00ed el C\u00f3digo de Comercio:<\/p>\n<p>Art. 20 &#8211; ordinal 5o.: &#8220;Son mercantiles para todos los efectos legales: (&#8230;) 5o.) La intervenci\u00f3n como asociado en la constituci\u00f3n de sociedades <strong>comerciales<\/strong>, los actos de administraci\u00f3n de las mismas o la negociaci\u00f3n a t\u00edtulo oneroso de las partes de inter\u00e9s, cuotas o acciones&#8221;.<\/p>\n<p>Art. 23 &#8211; ordinal 5o.:&#8221;<strong>No<\/strong> son mercantiles: (&#8230;) 5o.) La prestaci\u00f3n de servicios inherentes a las profesiones liberales&#8221;.<\/p>\n<p>No obstante, desde 1995 el art\u00edculo 100 del C\u00f3digo de Comercio qued\u00f3 diciendo as\u00ed: &#8220;Se tendr\u00e1n como comerciales, para todos los efectos legales, las sociedades que se formen <strong>para la ejecuci\u00f3n de actos o empresas mercantiles<\/strong>. Si la empresa comercial comprende actos mercantiles y actos que no tengan esa calidad, la sociedad ser\u00e1 comercial. Las sociedades que <strong>no<\/strong> contemplen en su objeto social actos <strong>mercantiles<\/strong>, ser\u00e1n <strong>civiles<\/strong>.<br \/>\nSin embargo, cualquiera que sea su objeto, las sociedades comerciales <strong>y civiles<\/strong> estar\u00e1n sujetas, para todos los efectos, a la legislaci\u00f3n <strong>mercantil<\/strong>&#8220;.<\/p>\n<p>La Corte Constitucional, mediante sentencia C-435\/96 calendada el 12 de septiembre de 1996, declar\u00f3 exequible el precitado inciso 2\u00ba del art\u00edculo 100 del C\u00f3digo de Comercio en la forma como qued\u00f3 a partir del art\u00edculo 1\u00ba de la Ley 222 de 1995. Tambi\u00e9n declar\u00f3 exequible el inciso 1\u00ba del art\u00edculo 238 de la Ley 222\/95.<\/p>\n<p>&nbsp;<\/p>\n<div id=\"attachment_15222\" style=\"width: 1610px\" class=\"wp-caption aligncenter\"><img loading=\"lazy\" decoding=\"async\" aria-describedby=\"caption-attachment-15222\" class=\"size-full wp-image-15222\" title=\"CORTE CONSTITUCIONAL\" src=\"https:\/\/lapiedrafilosofal.com\/wp-content\/uploads\/2015\/02\/CORTE-CONSTITUCIONAL.jpeg\" alt=\"\" width=\"1600\" height=\"933\" srcset=\"https:\/\/oscarhumbertogomez.com\/wp-content\/uploads\/2015\/02\/CORTE-CONSTITUCIONAL.jpeg 1600w, https:\/\/oscarhumbertogomez.com\/wp-content\/uploads\/2015\/02\/CORTE-CONSTITUCIONAL-300x174.jpeg 300w, https:\/\/oscarhumbertogomez.com\/wp-content\/uploads\/2015\/02\/CORTE-CONSTITUCIONAL-1024x597.jpeg 1024w\" sizes=\"auto, (max-width: 1600px) 100vw, 1600px\" \/><p id=\"caption-attachment-15222\" class=\"wp-caption-text\">CORTE CONSTITUCIONAL.<\/p><\/div>\n<p>&nbsp;<\/p>\n<p>El magistrado Jos\u00e9 Gregorio Hern\u00e1ndez aclar\u00f3 su voto escribiendo lo siguiente:<\/p>\n<p>&nbsp;<\/p>\n<div id=\"attachment_15220\" style=\"width: 650px\" class=\"wp-caption aligncenter\"><img loading=\"lazy\" decoding=\"async\" aria-describedby=\"caption-attachment-15220\" class=\"size-large wp-image-15220\" title=\"JOS\u00c9 GREGORIO HERN\u00c1NDEZ GALINDO\" src=\"https:\/\/lapiedrafilosofal.com\/wp-content\/uploads\/2015\/02\/JOS\u00c9-GREGORIO-HERN\u00c1NDEZ-GALINDO-1024x576.jpg\" alt=\"\" width=\"640\" height=\"360\" srcset=\"https:\/\/oscarhumbertogomez.com\/wp-content\/uploads\/2015\/02\/JOS\u00c9-GREGORIO-HERN\u00c1NDEZ-GALINDO-1024x576.jpg 1024w, https:\/\/oscarhumbertogomez.com\/wp-content\/uploads\/2015\/02\/JOS\u00c9-GREGORIO-HERN\u00c1NDEZ-GALINDO-300x168.jpg 300w, https:\/\/oscarhumbertogomez.com\/wp-content\/uploads\/2015\/02\/JOS\u00c9-GREGORIO-HERN\u00c1NDEZ-GALINDO.jpg 1920w\" sizes=\"auto, (max-width: 640px) 100vw, 640px\" \/><p id=\"caption-attachment-15220\" class=\"wp-caption-text\">JOS\u00c9 GREGORIO HERN\u00c1NDEZ, MAGISTRADO DE LA CORTE CONSTITUCIONAL AUTOR DE LA ACLARACI\u00d3N DE VOTO.<\/p><\/div>\n<p>&nbsp;<\/p>\n<p>&#8220;Si bien he acogido la constitucionalidad de las normas acusadas, con base en los argumentos expuestos y debatidos en Sala \u2013en desarrollo de los cuales acced\u00ed a modificar mi ponencia original, de inexequibilidad\u2013, estimo que el Estado, mediante una pol\u00edtica legislativa err\u00e1tica, que no define con claridad las opciones ofrecidas por el sistema jur\u00eddico, env\u00eda a los destinatarios del mismo se\u00f1ales equ\u00edvocas que no encajan precisamente en los presupuestos de la buena fe&#8221;<\/p>\n<p>&#8220;El caso propuesto constituye ejemplo acerca de c\u00f3mo no debe actuar el legislador, si quiere dotar al sistema jur\u00eddico de una m\u00ednima estabilidad y garantizar a los gobernados el adecuado conocimiento sobre el verdadero alcance de las modificaciones que introduzca&#8230;&#8221;.<\/p>\n<p>&#8220;El legislador no puede ocasionar confusi\u00f3n sobre los alcances y consecuencias que habr\u00e1 de tener la determinaci\u00f3n que adopten las personas acerca del tipo societario al que se acogen&#8221;.<\/p>\n<p>&#8220;Disponer por una parte, como lo hace el art\u00edculo 1 de la Ley 222 de 1995, que las sociedades civiles y comerciales se diferencian en raz\u00f3n de su objeto, pues las primeras se forman para la ejecuci\u00f3n de actos o empresas no mercantiles, al paso que las segundas se constituyen para la ejecuci\u00f3n de actos o empresas de dicha \u00edndole y, por otra, que &#8220;cualquiera que sea su objeto, las sociedades comerciales y civiles estar\u00e1n sujetas, para todos los efectos, a la legislaci\u00f3n mercantil&#8221;, lleva desorientaci\u00f3n a los destinatarios de la norma y les impide que el correspondiente acto de voluntad est\u00e9 fundado en el cabal conocimiento acerca de los efectos que tendr\u00e1 la opci\u00f3n escogida&#8221;.<\/p>\n<p>&#8220;Desaparece entonces la posibilidad de integrarse a una compa\u00f1\u00eda cuyo objeto ser\u00e1 civil en el entendido de que su r\u00e9gimen ser\u00e1 diverso del consagrado para las sociedades con objeto comercial y, por tanto, se diluye el margen de libre apreciaci\u00f3n y selecci\u00f3n de las opciones que ofrece la ley, ya que siempre dar\u00e1 lo mismo una u otra clase de asociaci\u00f3n, sin que el conjunto del sistema legislativo otorgue certidumbre en torno a la uniformidad o disparidad de reg\u00edmenes&#8221;.<\/p>\n<p>En conclusi\u00f3n: un m\u00e9dico que ejerce la Medicina <strong>no<\/strong> es comerciante. Una sociedad de m\u00e9dicos <strong>no<\/strong> ser\u00e1, tampoco, una sociedad comercial. Pero, en todo caso, esa sociedad \u2014que, indudablemente, es una sociedad <strong>civil\u2014<\/strong>&nbsp;se regir\u00e1 por las normas <strong>comerciales<\/strong>.<\/p>\n<p>&nbsp;<\/p>\n<p><img loading=\"lazy\" decoding=\"async\" class=\"aligncenter size-full wp-image-10529\" title=\"medicos\" src=\"https:\/\/lapiedrafilosofal.com\/wp-content\/uploads\/2013\/12\/medicos.jpg\" alt=\"\" width=\"480\" height=\"337\" srcset=\"https:\/\/oscarhumbertogomez.com\/wp-content\/uploads\/2013\/12\/medicos.jpg 480w, https:\/\/oscarhumbertogomez.com\/wp-content\/uploads\/2013\/12\/medicos-300x210.jpg 300w\" sizes=\"auto, (max-width: 480px) 100vw, 480px\" \/><\/p>\n<p>&nbsp;<\/p>\n<p>Seguimos a la espera de la nueva legislaci\u00f3n que restablezca la independencia normativa de las sociedades civiles, como lo son -indudablemente- las sociedades formadas por profesionales liberales que se agrupan alrededor de su labor profesional.<\/p>\n<p>En ese &#8220;mientras tanto&#8221; llevamos dieciocho a\u00f1os.<\/p>\n<p>&nbsp;<\/p>\n","protected":false},"excerpt":{"rendered":"<p>&nbsp; El Consejo de Estado. Sala de lo Contencioso-Administrativo. Secci\u00f3n Primera, con ponencia del ilustre jurista santandereano doctor Libardo Rodr\u00edguez Rodr\u00edguez, hab\u00eda dejado perfectamente en claro no solo que los profesionales liberales no eran comerciantes, sino que las sociedades conformadas &hellip; <a href=\"https:\/\/oscarhumbertogomez.com\/?p=10526\">Sigue leyendo <span class=\"meta-nav\">&rarr;<\/span><\/a><\/p>\n<div class='heateorSssClear'><\/div><div  class='heateor_sss_sharing_container heateor_sss_horizontal_sharing' heateor-sss-data-href='https:\/\/oscarhumbertogomez.com\/?p=10526'><div class='heateor_sss_sharing_title' style=\"font-weight:bold\" >\u00a1Gracias por compartirla!<\/div><ul class=\"heateor_sss_sharing_ul\"><li class=\"heateorSssSharingRound\"><i style=\"width:35px;height:35px;border-radius:999px;\" alt=\"Facebook\" Title=\"Facebook\" class=\"heateorSssSharing heateorSssFacebookBackground\" onclick='heateorSssPopup(\"https:\/\/www.facebook.com\/sharer\/sharer.php?u=https%3A%2F%2Foscarhumbertogomez.com%2Findex.php%3Frest_route%3D%252Fwp%252Fv2%252Fposts%252F10526\")'><ss style=\"display:block;border-radius:999px;\" class=\"heateorSssSharingSvg heateorSssFacebookSvg\"><\/ss><\/i><\/li><li class=\"heateorSssSharingRound\"><i style=\"width:35px;height:35px;border-radius:999px;\" alt=\"Twitter\" Title=\"Twitter\" class=\"heateorSssSharing heateorSssTwitterBackground\" onclick='heateorSssPopup(\"http:\/\/twitter.com\/intent\/tweet?text=En%20defensa%20de%20las%20profesiones%20liberales.%20Los%20profesionales%20liberales%20NO%20somos%20comerciantes%20%5BPARTE%20II%5D.%20Por%20%C3%93scar%20Humberto%20G%C3%B3mez%20G%C3%B3mez&url=https%3A%2F%2Foscarhumbertogomez.com%2Findex.php%3Frest_route%3D%252Fwp%252Fv2%252Fposts%252F10526\")'><ss style=\"display:block;border-radius:999px;\" class=\"heateorSssSharingSvg heateorSssTwitterSvg\"><\/ss><\/i><\/li><li class=\"heateorSssSharingRound\"><i style=\"width:35px;height:35px;border-radius:999px;\" alt=\"Whatsapp\" Title=\"Whatsapp\" class=\"heateorSssSharing heateorSssWhatsappBackground\" onclick='heateorSssPopup(\"https:\/\/web.whatsapp.com\/send?text=En%20defensa%20de%20las%20profesiones%20liberales.%20Los%20profesionales%20liberales%20NO%20somos%20comerciantes%20%5BPARTE%20II%5D.%20Por%20%C3%93scar%20Humberto%20G%C3%B3mez%20G%C3%B3mez https%3A%2F%2Foscarhumbertogomez.com%2Findex.php%3Frest_route%3D%252Fwp%252Fv2%252Fposts%252F10526\")'><ss style=\"display:block\" class=\"heateorSssSharingSvg heateorSssWhatsappSvg\"><\/ss><\/i><\/li><li class=\"heateorSssSharingRound\"><i style=\"width:35px;height:35px;border-radius:999px;\" alt=\"Pinterest\" Title=\"Pinterest\" class=\"heateorSssSharing heateorSssPinterestBackground\" onclick=\"javascript:void( (function() {var e=document.createElement('script' );e.setAttribute('type','text\/javascript' );e.setAttribute('charset','UTF-8' );e.setAttribute('src','\/\/assets.pinterest.com\/js\/pinmarklet.js?r='+Math.random()*99999999);document.body.appendChild(e)})());\"><ss style=\"display:block;border-radius:999px;\" class=\"heateorSssSharingSvg heateorSssPinterestSvg\"><\/ss><\/i><\/li><li class=\"heateorSssSharingRound\"><i style=\"width:35px;height:35px;border-radius:999px;\" alt=\"Google Gmail\" Title=\"Google Gmail\" class=\"heateorSssSharing heateorSssGoogleGmailBackground\" onclick='heateorSssPopup(\"https:\/\/mail.google.com\/mail\/?ui=2&view=cm&fs=1&tf=1&su=En%20defensa%20de%20las%20profesiones%20liberales.%20Los%20profesionales%20liberales%20NO%20somos%20comerciantes%20%5BPARTE%20II%5D.%20Por%20%C3%93scar%20Humberto%20G%C3%B3mez%20G%C3%B3mez&body=Link:https%3A%2F%2Foscarhumbertogomez.com%2Findex.php%3Frest_route%3D%252Fwp%252Fv2%252Fposts%252F10526\")'><ss style=\"display:block;border-radius:999px;\" class=\"heateorSssSharingSvg heateorSssGoogleGmailSvg\"><\/ss><\/i><\/li><li class=\"heateorSssSharingRound\"><i style=\"width:35px;height:35px;border-radius:999px;\" title=\"More\" alt=\"More\" class=\"heateorSssSharing heateorSssMoreBackground\" onclick=\"heateorSssMoreSharingPopup(this, 'https:\/\/oscarhumbertogomez.com\/index.php?rest_route=%2Fwp%2Fv2%2Fposts%2F10526', 'En%20defensa%20de%20las%20profesiones%20liberales.%20Los%20profesionales%20liberales%20NO%20somos%20comerciantes%20%5BPARTE%20II%5D.%20Por%20%C3%93scar%20Humberto%20G%C3%B3mez%20G%C3%B3mez', '' )\" ><ss style=\"display:block\" class=\"heateorSssSharingSvg heateorSssMoreSvg\"><\/ss><\/i><\/li><\/ul><div class=\"heateorSssClear\"><\/div><\/div><div class='heateorSssClear'><\/div>","protected":false},"author":2,"featured_media":0,"comment_status":"closed","ping_status":"closed","sticky":false,"template":"","format":"standard","meta":{"spay_email":"","footnotes":""},"categories":[60,10],"tags":[],"class_list":["post-10526","post","type-post","status-publish","format-standard","hentry","category-tribuna-de-opinion","category-derecho"],"jetpack_featured_media_url":"","jetpack_shortlink":"https:\/\/wp.me\/p1FYrr-2JM","_links":{"self":[{"href":"https:\/\/oscarhumbertogomez.com\/index.php?rest_route=\/wp\/v2\/posts\/10526","targetHints":{"allow":["GET"]}}],"collection":[{"href":"https:\/\/oscarhumbertogomez.com\/index.php?rest_route=\/wp\/v2\/posts"}],"about":[{"href":"https:\/\/oscarhumbertogomez.com\/index.php?rest_route=\/wp\/v2\/types\/post"}],"author":[{"embeddable":true,"href":"https:\/\/oscarhumbertogomez.com\/index.php?rest_route=\/wp\/v2\/users\/2"}],"replies":[{"embeddable":true,"href":"https:\/\/oscarhumbertogomez.com\/index.php?rest_route=%2Fwp%2Fv2%2Fcomments&post=10526"}],"version-history":[{"count":5,"href":"https:\/\/oscarhumbertogomez.com\/index.php?rest_route=\/wp\/v2\/posts\/10526\/revisions"}],"predecessor-version":[{"id":50941,"href":"https:\/\/oscarhumbertogomez.com\/index.php?rest_route=\/wp\/v2\/posts\/10526\/revisions\/50941"}],"wp:attachment":[{"href":"https:\/\/oscarhumbertogomez.com\/index.php?rest_route=%2Fwp%2Fv2%2Fmedia&parent=10526"}],"wp:term":[{"taxonomy":"category","embeddable":true,"href":"https:\/\/oscarhumbertogomez.com\/index.php?rest_route=%2Fwp%2Fv2%2Fcategories&post=10526"},{"taxonomy":"post_tag","embeddable":true,"href":"https:\/\/oscarhumbertogomez.com\/index.php?rest_route=%2Fwp%2Fv2%2Ftags&post=10526"}],"curies":[{"name":"wp","href":"https:\/\/api.w.org\/{rel}","templated":true}]}}