{"id":10551,"date":"2014-01-28T20:00:41","date_gmt":"2014-01-29T01:00:41","guid":{"rendered":"http:\/\/www.oscarhumbertogomez.com\/?p=10551"},"modified":"2025-02-17T20:47:38","modified_gmt":"2025-02-18T01:47:38","slug":"la-destitucion-del-alcalde-mayor-de-bogota-gustavo-petro-por-oscar-humberto-gomez-gomez","status":"publish","type":"post","link":"https:\/\/oscarhumbertogomez.com\/?p=10551","title":{"rendered":"Grandes controversias jur\u00eddicas colombianas \/. LA CRISIS DEL SERVICIO P\u00daBLICO EN COLOMBIA. Por \u00d3scar Humberto G\u00f3mez G\u00f3mez"},"content":{"rendered":"<p><img decoding=\"async\" class=\"aligncenter size-full wp-image-4481\" src=\"https:\/\/lapiedrafilosofal.com\/wp-content\/uploads\/2012\/06\/OSCAR-HUMBERTO-GOMEZ.jpg\" alt=\"OSCAR HUMBERTO GOMEZ\" width=\"500\"><\/p>\n<p>&nbsp;<\/p>\n<p>De un tiempo ac\u00e1, el derecho p\u00fablico colombiano -hijo del derecho administrativo franc\u00e9s- comenz\u00f3 a experimentar el <strong>desmantelamiento de la noci\u00f3n del servicio p\u00fablico<\/strong> y se principiaron a quebrar sus principios y sus conceptos m\u00e1s elementales, todo ello con fundamento primero en la <strong>descentralizaci\u00f3n administrativa<\/strong> y luego en la <strong>permisi\u00f3n de que los servicios p\u00fablicos fueran prestados por los particulares<\/strong>.<\/p>\n<p>En efecto, mientras la primera hab\u00eda creado en la d\u00e9cada de los a\u00f1os 60 adem\u00e1s de los <strong>establecimientos p\u00fablicos<\/strong> (juzgables a la luz del derecho p\u00fablico), las <strong>empresas industriales y comerciales del Estado<\/strong>, y las <strong>sociedades de econom\u00eda mixta<\/strong> (juzgables a la luz del derecho privado), la segunda puso al Estado a <strong>competir<\/strong> con los particulares en un \u00e1rea que hasta ese momento le hab\u00eda sido <strong>exclusiva<\/strong> y que, incluso, dentro de una concepci\u00f3n democr\u00e1tica, explicaba su raz\u00f3n de ser como Estado: <strong>la prestaci\u00f3n de los servicios p\u00fablicos<\/strong>.<\/p>\n<p>&nbsp;<\/p>\n<p><strong><em><br \/>\n<\/em><\/strong> <img loading=\"lazy\" decoding=\"async\" class=\"aligncenter size-full wp-image-10566\" title=\"BOMBERO\" src=\"https:\/\/lapiedrafilosofal.com\/wp-content\/uploads\/2013\/12\/BOMBERO.jpg\" alt=\"\" width=\"450\" height=\"299\" srcset=\"https:\/\/oscarhumbertogomez.com\/wp-content\/uploads\/2013\/12\/BOMBERO.jpg 450w, https:\/\/oscarhumbertogomez.com\/wp-content\/uploads\/2013\/12\/BOMBERO-300x199.jpg 300w\" sizes=\"auto, (max-width: 450px) 100vw, 450px\" \/><\/p>\n<p>&nbsp;<\/p>\n<p>Al amparo de la descentralizaci\u00f3n se termin\u00f3 <strong>transformando<\/strong> los establecimientos p\u00fablicos primero en sociedades de econom\u00eda mixta y despu\u00e9s en empresas industriales y comerciales del Estado. Esa transformaci\u00f3n posibilit\u00f3 que se diera comienzo al <strong>trasteo<\/strong> de numerosas entidades oficiales <strong>desde el \u00e1mbito del derecho p\u00fablico<\/strong>, donde eran juzgadas por la jurisdicci\u00f3n contencioso-administrativa, la jurisdicci\u00f3n natural para juzgar al Estado, bajo principios de derecho p\u00fablico, <strong>al \u00e1mbito del derecho privado<\/strong>, donde pasaron a ser juzgadas por la jurisdicci\u00f3n civil ordinaria, como cualquier particular, bajo principios de derecho privado, lo que hizo que, por ejemplo, el Instituto de Seguros Sociales (ISS), tradicionalmente un establecimiento p\u00fablico del orden nacional y sujeto, por tanto, al derecho p\u00fablico, se convirtiera en una empresa industrial y comercial del Estado, y pasara a ser juzgado por la jurisdicci\u00f3n civil ordinaria como cualquier otra empresa privada, al punto de que las demandas dirigidas contra este por la muerte de pacientes en sus cl\u00ednicas (hoy, por cierto, en manos privadas) y que hab\u00edan sido presentadas correcta y oportunamente ante la jurisdicci\u00f3n contencioso-administrativa, comenzaron a ser rechazadas con el argumento de que deb\u00edan serlo ante la justicia civil ordinaria. &nbsp;Esta aparentemente inocente remisi\u00f3n de una jurisdicci\u00f3n a otra no era tan inocente, como se suger\u00eda. Por el contrario, encerraba razones de fondo, que nosotros advertimos en su momento, con precario \u00e9xito. El tiempo, juez supremo, termin\u00f3 d\u00e1ndonos la raz\u00f3n.<\/p>\n<p>&nbsp;<\/p>\n<p><em> <\/em><br \/>\n<em><img loading=\"lazy\" decoding=\"async\" class=\"aligncenter size-large wp-image-10563\" title=\"ALTA TENSI\u00d3N\" src=\"https:\/\/lapiedrafilosofal.com\/wp-content\/uploads\/2013\/12\/ALTA-TENSI\u00d3N-768x1024.jpg\" alt=\"\" width=\"640\" height=\"853\" srcset=\"https:\/\/oscarhumbertogomez.com\/wp-content\/uploads\/2013\/12\/ALTA-TENSI\u00d3N-768x1024.jpg 768w, https:\/\/oscarhumbertogomez.com\/wp-content\/uploads\/2013\/12\/ALTA-TENSI\u00d3N-225x300.jpg 225w, https:\/\/oscarhumbertogomez.com\/wp-content\/uploads\/2013\/12\/ALTA-TENSI\u00d3N.jpg 1200w\" sizes=\"auto, (max-width: 640px) 100vw, 640px\" \/><\/em><\/p>\n<p><em>&nbsp;<\/em><\/p>\n<p><em><img loading=\"lazy\" decoding=\"async\" class=\"aligncenter size-full wp-image-10567\" title=\"Telefonia\" src=\"https:\/\/lapiedrafilosofal.com\/wp-content\/uploads\/2013\/12\/Telefonia.jpg\" alt=\"\" width=\"600\" height=\"399\" srcset=\"https:\/\/oscarhumbertogomez.com\/wp-content\/uploads\/2013\/12\/Telefonia.jpg 600w, https:\/\/oscarhumbertogomez.com\/wp-content\/uploads\/2013\/12\/Telefonia-300x199.jpg 300w\" sizes=\"auto, (max-width: 600px) 100vw, 600px\" \/><\/em><\/p>\n<p><em>&nbsp;<\/em><\/p>\n<p><em><br \/>\n<\/em><em><\/em><em><\/em><em><\/em><em><img loading=\"lazy\" decoding=\"async\" class=\"aligncenter size-full wp-image-10568\" title=\"ASEO\" src=\"https:\/\/lapiedrafilosofal.com\/wp-content\/uploads\/2013\/12\/ASEO.jpg\" alt=\"\" width=\"600\" height=\"400\" srcset=\"https:\/\/oscarhumbertogomez.com\/wp-content\/uploads\/2013\/12\/ASEO.jpg 600w, https:\/\/oscarhumbertogomez.com\/wp-content\/uploads\/2013\/12\/ASEO-300x200.jpg 300w\" sizes=\"auto, (max-width: 600px) 100vw, 600px\" \/><\/em><\/p>\n<p>&nbsp;<\/p>\n<p>Pero la verdadera <strong>crisis del servicio p\u00fablico como raz\u00f3n de ser del Estado<\/strong> principi\u00f3 cuando se admiti\u00f3 que los servicios p\u00fablicos fuesen asumidos <strong>tambi\u00e9n<\/strong> por los particulares. Si bien inicialmente se reservaron para el Estado unas prerrogativas que lo pon\u00edan por encima de aquellos (cosa que era l\u00f3gica puesto que, en \u00faltimas, se trataba de la transfusi\u00f3n a estos de unas funciones que, en principio, eran <strong>propias<\/strong> del Estado), con el paso del tiempo el Estado fue siendo colocado <strong>al mismo nivel<\/strong> de los particulares hasta acabar poni\u00e9ndosele en una posici\u00f3n de <strong>desventaja<\/strong>. Por ese camino, se <strong>privatizaron<\/strong> servicios p\u00fablicos esenciales como las telecomunicaciones y se agudiz\u00f3 la privatizaci\u00f3n de la salud, de la seguridad social y de la educaci\u00f3n. Aunque no se ha llegado al extremo de privatizar servicios p\u00fablicos que ya no tendr\u00eda presentaci\u00f3n alguna privatizar, porque de hacerlo pr\u00e1cticamente se desnaturalizar\u00eda al Estado mismo, s\u00ed se le introdujeron fuertes aranceles y expensas al servicio p\u00fablico de justicia en la rama contencioso-administrativa, en la cual -despu\u00e9s de una f\u00e9rrea oposici\u00f3n en el interior del Consejo de Estado, se col\u00f3 lo que el consejero Eduardo Suesc\u00fan Monroy llam\u00f3 <em>&#8220;el instituto romanista de las costas&#8221;<\/em>, en virtud del cual si el Estado pierde el pleito no paga costas, pero si lo pierde el particular \u00e9ste s\u00ed tiene que pagarlas. Se produjo, adem\u00e1s, una reforma al derecho procesal penal que puso la debilidad del reo a tener que enfrentar el poder\u00edo ilimitado de la Fiscal\u00eda General de la Naci\u00f3n, debido a lo cual no es lo mismo, en Colombia, ser un reo rico que un reo pobre, pues el primero nivela su desigualdad frente al Estado con su poder econ\u00f3mico, que le permite acopiar medios probatorios de primera, mientras que al segundo a duras penas le alcanza su estrella para que le nombren un defensor de oficio. Incluso, se ha llegado a hablar de contratar con particulares el servicio p\u00fablico de las prisiones, adem\u00e1s de que ha habido noticia sobre pagos de entidades bancarias y empresas a la Polic\u00eda Nacional por el servicio p\u00fablico de vigilancia, servicio que se supone sostenido con nuestros impuestos y que debe ser brindado a todos por igual y sin contraprestaci\u00f3n adicional alguna, y, en algunas regiones colombianas se lleg\u00f3 a una asombrosa aceptaci\u00f3n social de que el servicio p\u00fablico de seguridad ciudadana fuese prestado por particulares, d\u00e1ndose origen a fen\u00f3menos de los que todav\u00eda no se repone el pa\u00eds.<\/p>\n<p>&nbsp;<\/p>\n<p><em><img loading=\"lazy\" decoding=\"async\" class=\"aligncenter size-full wp-image-10564\" title=\"hospital\" src=\"https:\/\/lapiedrafilosofal.com\/wp-content\/uploads\/2013\/12\/hospital.gif\" alt=\"\" width=\"640\" height=\"480\" srcset=\"https:\/\/oscarhumbertogomez.com\/wp-content\/uploads\/2013\/12\/hospital.gif 640w, https:\/\/oscarhumbertogomez.com\/wp-content\/uploads\/2013\/12\/hospital-300x225.gif 300w\" sizes=\"auto, (max-width: 640px) 100vw, 640px\" \/><\/em><em><\/em><\/p>\n<p><em>&nbsp;<\/em><\/p>\n<p><em><br \/>\n<\/em><em><\/em><em><\/em><em><img loading=\"lazy\" decoding=\"async\" class=\"aligncenter size-full wp-image-10569\" title=\"ENFERMO\" src=\"https:\/\/lapiedrafilosofal.com\/wp-content\/uploads\/2013\/12\/ENFERMO.jpg\" alt=\"\" width=\"625\" height=\"410\" srcset=\"https:\/\/oscarhumbertogomez.com\/wp-content\/uploads\/2013\/12\/ENFERMO.jpg 625w, https:\/\/oscarhumbertogomez.com\/wp-content\/uploads\/2013\/12\/ENFERMO-300x196.jpg 300w\" sizes=\"auto, (max-width: 625px) 100vw, 625px\" \/><\/em><\/p>\n<p>&nbsp;<\/p>\n<p><em><\/em><em><img loading=\"lazy\" decoding=\"async\" class=\"aligncenter size-full wp-image-10576\" title=\"ALCANTARILLA\" src=\"https:\/\/lapiedrafilosofal.com\/wp-content\/uploads\/2013\/12\/ALCANTARILLA1.jpg\" alt=\"\" width=\"500\" height=\"375\" srcset=\"https:\/\/oscarhumbertogomez.com\/wp-content\/uploads\/2013\/12\/ALCANTARILLA1.jpg 500w, https:\/\/oscarhumbertogomez.com\/wp-content\/uploads\/2013\/12\/ALCANTARILLA1-300x225.jpg 300w\" sizes=\"auto, (max-width: 500px) 100vw, 500px\" \/><\/em><em><\/em><\/p>\n<p><em>&nbsp;<\/em><\/p>\n<p><em><img loading=\"lazy\" decoding=\"async\" class=\"aligncenter size-full wp-image-10577\" title=\"JUSTICIA I\" src=\"https:\/\/lapiedrafilosofal.com\/wp-content\/uploads\/2013\/12\/JUSTICIA-I.jpg\" alt=\"\" width=\"600\" height=\"400\" srcset=\"https:\/\/oscarhumbertogomez.com\/wp-content\/uploads\/2013\/12\/JUSTICIA-I.jpg 600w, https:\/\/oscarhumbertogomez.com\/wp-content\/uploads\/2013\/12\/JUSTICIA-I-300x200.jpg 300w\" sizes=\"auto, (max-width: 600px) 100vw, 600px\" \/><\/em><\/p>\n<p><em>&nbsp;<\/p>\n<p><img loading=\"lazy\" decoding=\"async\" class=\"aligncenter size-full wp-image-10578\" title=\"educacion-primaria\" src=\"https:\/\/lapiedrafilosofal.com\/wp-content\/uploads\/2013\/12\/educacion-primaria.jpg\" alt=\"\" width=\"620\" height=\"250\" srcset=\"https:\/\/oscarhumbertogomez.com\/wp-content\/uploads\/2013\/12\/educacion-primaria.jpg 620w, https:\/\/oscarhumbertogomez.com\/wp-content\/uploads\/2013\/12\/educacion-primaria-300x120.jpg 300w\" sizes=\"auto, (max-width: 620px) 100vw, 620px\" \/><\/p>\n<p>&nbsp;<\/p>\n<p><img loading=\"lazy\" decoding=\"async\" class=\"aligncenter size-full wp-image-10579\" title=\"REQUISA POLIC\u00cdA\" src=\"https:\/\/lapiedrafilosofal.com\/wp-content\/uploads\/2013\/12\/REQUISA-POLIC\u00cdA.jpg\" alt=\"\" width=\"700\" height=\"525\" srcset=\"https:\/\/oscarhumbertogomez.com\/wp-content\/uploads\/2013\/12\/REQUISA-POLIC\u00cdA.jpg 700w, https:\/\/oscarhumbertogomez.com\/wp-content\/uploads\/2013\/12\/REQUISA-POLIC\u00cdA-300x225.jpg 300w\" sizes=\"auto, (max-width: 700px) 100vw, 700px\" \/><\/p>\n<p>&nbsp;<\/p>\n<p><\/em><em><\/em><em><\/em><em><\/em><em><\/em>Le har\u00eda inmenso provecho a Colombia iniciar un <strong>gran debate nacional sobre la privatizaci\u00f3n de los servicios p\u00fablicos<\/strong> y, de paso, sobre las actuales tendencias que pretenden <strong>desacreditar al Derecho Administrativo<\/strong>, considerado hasta hace poco el instrumento logrado por la democracia para que la fragilidad del ciudadano pudiera enfrentar el poder\u00edo avasallador del Estado, y hoy perversamente presentado por sus enemigos, a trav\u00e9s de los grandes medios de comunicaci\u00f3n y ante una comunidad que se traga las pastillas sin agua, como una mera herramienta apta para esquilmarlo.<\/p>\n<p>&nbsp;<\/p>\n<p><em><img loading=\"lazy\" decoding=\"async\" class=\"aligncenter size-full wp-image-10565\" title=\"Acueducto\" src=\"https:\/\/lapiedrafilosofal.com\/wp-content\/uploads\/2013\/12\/Acueducto.jpg\" alt=\"\" width=\"600\" height=\"400\" srcset=\"https:\/\/oscarhumbertogomez.com\/wp-content\/uploads\/2013\/12\/Acueducto.jpg 600w, https:\/\/oscarhumbertogomez.com\/wp-content\/uploads\/2013\/12\/Acueducto-300x200.jpg 300w\" sizes=\"auto, (max-width: 600px) 100vw, 600px\" \/><\/em><\/p>\n<p><em>&nbsp;<\/em><\/p>\n<p><em><img loading=\"lazy\" decoding=\"async\" class=\"aligncenter size-large wp-image-10580\" title=\"HIDRANTE\" src=\"https:\/\/lapiedrafilosofal.com\/wp-content\/uploads\/2013\/12\/HIDRANTE-1024x517.jpg\" alt=\"\" width=\"640\" height=\"323\" srcset=\"https:\/\/oscarhumbertogomez.com\/wp-content\/uploads\/2013\/12\/HIDRANTE-1024x517.jpg 1024w, https:\/\/oscarhumbertogomez.com\/wp-content\/uploads\/2013\/12\/HIDRANTE-300x151.jpg 300w, https:\/\/oscarhumbertogomez.com\/wp-content\/uploads\/2013\/12\/HIDRANTE.jpg 1246w\" sizes=\"auto, (max-width: 640px) 100vw, 640px\" \/><\/em><\/p>\n<p><em>&nbsp;<\/em><\/p>\n<p><em><br \/>\n<\/em><em><\/em><em><\/em><em><\/em><em><\/em>Hay una <strong>an\u00e9cdota<\/strong> que hoy queremos contar. Hace ya un considerable n\u00famero de a\u00f1os, el registrador especial del estado civil en Barrancabermeja se encontraba junto con sus subalternos preparando las instalaciones de la Registradur\u00eda del Estado Civil para un certamen electoral que se avecinaba. Al querer acomodar una varilla en la terraza de la edificaci\u00f3n, esta se aproxim\u00f3 tanto a la red de alta tensi\u00f3n, que gener\u00f3 el llamado arco voltaico y se produjo la consiguiente descarga de alto voltaje, a consecuencia de la cual el funcionario perdi\u00f3 ambas manos. Se demand\u00f3 ante la jurisdicci\u00f3n contencioso-administrativa a la Electrificadora de Santander y al Municipio de Barrancabermeja bajo el argumento de que la conducci\u00f3n de la energ\u00eda el\u00e9ctrica, la iluminaci\u00f3n de las ciudades, el funcionamiento de las industrias y el consiguiente avance del progreso generaban unos enormes <strong>riesgos<\/strong> que deb\u00edan ser asumidos <strong>por la comunidad beneficiada<\/strong> si alguien, a consecuencia de los mismos, sufr\u00eda da\u00f1o en su vida o en su integridad. El Tribunal Administrativo de Santander admiti\u00f3 la demanda y adelant\u00f3 el proceso. Pero cuando se aproximaba a la etapa del fallo, sorprendi\u00f3 al demandante declarando la nulidad de lo actuado y el archivo del expediente, por considerar que la jurisdicci\u00f3n contencioso-administrativa carec\u00eda de competencia para ese asunto y el mismo deb\u00eda ventilarse en el \u00e1mbito de la justicia civil ordinaria con base en las normas y principios del derecho privado, pues se trataba de un asunto meramente <strong>privado<\/strong>. Fue entonces cuando tuve la oportunidad de tratar por primera vez el espinoso tema de la privatizaci\u00f3n de los servicios p\u00fablicos y la grave incidencia que ya empezaba a tener en el desmantelamiento del derecho p\u00fablico colombiano. Lo hice en el recurso de apelaci\u00f3n que, por supuesto en mi condici\u00f3n de abogado, redact\u00e9 y present\u00e9. All\u00ed part\u00ed de la base de que la electrocuci\u00f3n de un ciudadano o el hecho de que sufriera graves lesiones en su integridad f\u00edsica a consecuencia de los riesgos generados por una actividad de inter\u00e9s <strong>p\u00fablico<\/strong> adelantada por una empresa <strong>del Estado<\/strong> en beneficio de un <strong>municipio<\/strong> no pod\u00eda ser tenida como una cuesti\u00f3n meramente privada. El magistrado ponente nos coment\u00f3 que hab\u00eda le\u00eddo nuestro memorial y que, aunque ya a \u00e9l no le correspond\u00eda resolverlo, estaba <strong>de acuerdo<\/strong> conmigo. Pues bien: curiosamente, a favor de que la jurisdicci\u00f3n contencioso-administrativa dictara sentencia de fondo y <strong>condenara<\/strong> a la Electrificadora se hab\u00eda pronunciado el vocero de la Procuradur\u00eda General de la Naci\u00f3n ante el Tribunal. Y curiosamente tambi\u00e9n, aquel magistrado a quien le dirigimos el citado memorial y que nos dijo que estaba de acuerdo con nosotros era el doctor Alejandro Ord\u00f3\u00f1ez Maldonado, actual Procurador General de la Naci\u00f3n. <em><br \/>\n<\/em><\/p>\n<p>&nbsp;<\/p>\n","protected":false},"excerpt":{"rendered":"<p>&nbsp; De un tiempo ac\u00e1, el derecho p\u00fablico colombiano -hijo del derecho administrativo franc\u00e9s- comenz\u00f3 a experimentar el desmantelamiento de la noci\u00f3n del servicio p\u00fablico y se principiaron a quebrar sus principios y sus conceptos m\u00e1s elementales, todo ello con &hellip; <a href=\"https:\/\/oscarhumbertogomez.com\/?p=10551\">Sigue leyendo <span class=\"meta-nav\">&rarr;<\/span><\/a><\/p>\n<div class='heateorSssClear'><\/div><div  class='heateor_sss_sharing_container heateor_sss_horizontal_sharing' heateor-sss-data-href='https:\/\/oscarhumbertogomez.com\/?p=10551'><div class='heateor_sss_sharing_title' style=\"font-weight:bold\" >\u00a1Gracias por compartirla!<\/div><ul class=\"heateor_sss_sharing_ul\"><li class=\"heateorSssSharingRound\"><i style=\"width:35px;height:35px;border-radius:999px;\" alt=\"Facebook\" Title=\"Facebook\" class=\"heateorSssSharing heateorSssFacebookBackground\" onclick='heateorSssPopup(\"https:\/\/www.facebook.com\/sharer\/sharer.php?u=https%3A%2F%2Foscarhumbertogomez.com%2Findex.php%3Frest_route%3D%252Fwp%252Fv2%252Fposts%252F10551\")'><ss style=\"display:block;border-radius:999px;\" class=\"heateorSssSharingSvg heateorSssFacebookSvg\"><\/ss><\/i><\/li><li class=\"heateorSssSharingRound\"><i style=\"width:35px;height:35px;border-radius:999px;\" alt=\"Twitter\" Title=\"Twitter\" class=\"heateorSssSharing heateorSssTwitterBackground\" onclick='heateorSssPopup(\"http:\/\/twitter.com\/intent\/tweet?text=Grandes%20controversias%20jur%C3%ADdicas%20colombianas%20%2F.%20LA%20CRISIS%20DEL%20SERVICIO%20P%C3%9ABLICO%20EN%20COLOMBIA.%20Por%20%C3%93scar%20Humberto%20G%C3%B3mez%20G%C3%B3mez&url=https%3A%2F%2Foscarhumbertogomez.com%2Findex.php%3Frest_route%3D%252Fwp%252Fv2%252Fposts%252F10551\")'><ss style=\"display:block;border-radius:999px;\" class=\"heateorSssSharingSvg heateorSssTwitterSvg\"><\/ss><\/i><\/li><li class=\"heateorSssSharingRound\"><i style=\"width:35px;height:35px;border-radius:999px;\" alt=\"Whatsapp\" Title=\"Whatsapp\" class=\"heateorSssSharing heateorSssWhatsappBackground\" onclick='heateorSssPopup(\"https:\/\/web.whatsapp.com\/send?text=Grandes%20controversias%20jur%C3%ADdicas%20colombianas%20%2F.%20LA%20CRISIS%20DEL%20SERVICIO%20P%C3%9ABLICO%20EN%20COLOMBIA.%20Por%20%C3%93scar%20Humberto%20G%C3%B3mez%20G%C3%B3mez https%3A%2F%2Foscarhumbertogomez.com%2Findex.php%3Frest_route%3D%252Fwp%252Fv2%252Fposts%252F10551\")'><ss style=\"display:block\" class=\"heateorSssSharingSvg heateorSssWhatsappSvg\"><\/ss><\/i><\/li><li class=\"heateorSssSharingRound\"><i style=\"width:35px;height:35px;border-radius:999px;\" alt=\"Pinterest\" Title=\"Pinterest\" class=\"heateorSssSharing heateorSssPinterestBackground\" onclick=\"javascript:void( (function() {var e=document.createElement('script' );e.setAttribute('type','text\/javascript' );e.setAttribute('charset','UTF-8' );e.setAttribute('src','\/\/assets.pinterest.com\/js\/pinmarklet.js?r='+Math.random()*99999999);document.body.appendChild(e)})());\"><ss style=\"display:block;border-radius:999px;\" class=\"heateorSssSharingSvg heateorSssPinterestSvg\"><\/ss><\/i><\/li><li class=\"heateorSssSharingRound\"><i style=\"width:35px;height:35px;border-radius:999px;\" alt=\"Google Gmail\" Title=\"Google Gmail\" class=\"heateorSssSharing heateorSssGoogleGmailBackground\" onclick='heateorSssPopup(\"https:\/\/mail.google.com\/mail\/?ui=2&view=cm&fs=1&tf=1&su=Grandes%20controversias%20jur%C3%ADdicas%20colombianas%20%2F.%20LA%20CRISIS%20DEL%20SERVICIO%20P%C3%9ABLICO%20EN%20COLOMBIA.%20Por%20%C3%93scar%20Humberto%20G%C3%B3mez%20G%C3%B3mez&body=Link:https%3A%2F%2Foscarhumbertogomez.com%2Findex.php%3Frest_route%3D%252Fwp%252Fv2%252Fposts%252F10551\")'><ss style=\"display:block;border-radius:999px;\" class=\"heateorSssSharingSvg heateorSssGoogleGmailSvg\"><\/ss><\/i><\/li><li class=\"heateorSssSharingRound\"><i style=\"width:35px;height:35px;border-radius:999px;\" title=\"More\" alt=\"More\" class=\"heateorSssSharing heateorSssMoreBackground\" onclick=\"heateorSssMoreSharingPopup(this, 'https:\/\/oscarhumbertogomez.com\/index.php?rest_route=%2Fwp%2Fv2%2Fposts%2F10551', 'Grandes%20controversias%20jur%C3%ADdicas%20colombianas%20%2F.%20LA%20CRISIS%20DEL%20SERVICIO%20P%C3%9ABLICO%20EN%20COLOMBIA.%20Por%20%C3%93scar%20Humberto%20G%C3%B3mez%20G%C3%B3mez', '' )\" ><ss style=\"display:block\" class=\"heateorSssSharingSvg heateorSssMoreSvg\"><\/ss><\/i><\/li><\/ul><div class=\"heateorSssClear\"><\/div><\/div><div class='heateorSssClear'><\/div>","protected":false},"author":2,"featured_media":0,"comment_status":"closed","ping_status":"closed","sticky":false,"template":"","format":"standard","meta":{"spay_email":"","footnotes":""},"categories":[10],"tags":[],"class_list":["post-10551","post","type-post","status-publish","format-standard","hentry","category-derecho"],"jetpack_featured_media_url":"","jetpack_shortlink":"https:\/\/wp.me\/p1FYrr-2Kb","_links":{"self":[{"href":"https:\/\/oscarhumbertogomez.com\/index.php?rest_route=\/wp\/v2\/posts\/10551","targetHints":{"allow":["GET"]}}],"collection":[{"href":"https:\/\/oscarhumbertogomez.com\/index.php?rest_route=\/wp\/v2\/posts"}],"about":[{"href":"https:\/\/oscarhumbertogomez.com\/index.php?rest_route=\/wp\/v2\/types\/post"}],"author":[{"embeddable":true,"href":"https:\/\/oscarhumbertogomez.com\/index.php?rest_route=\/wp\/v2\/users\/2"}],"replies":[{"embeddable":true,"href":"https:\/\/oscarhumbertogomez.com\/index.php?rest_route=%2Fwp%2Fv2%2Fcomments&post=10551"}],"version-history":[{"count":4,"href":"https:\/\/oscarhumbertogomez.com\/index.php?rest_route=\/wp\/v2\/posts\/10551\/revisions"}],"predecessor-version":[{"id":50874,"href":"https:\/\/oscarhumbertogomez.com\/index.php?rest_route=\/wp\/v2\/posts\/10551\/revisions\/50874"}],"wp:attachment":[{"href":"https:\/\/oscarhumbertogomez.com\/index.php?rest_route=%2Fwp%2Fv2%2Fmedia&parent=10551"}],"wp:term":[{"taxonomy":"category","embeddable":true,"href":"https:\/\/oscarhumbertogomez.com\/index.php?rest_route=%2Fwp%2Fv2%2Fcategories&post=10551"},{"taxonomy":"post_tag","embeddable":true,"href":"https:\/\/oscarhumbertogomez.com\/index.php?rest_route=%2Fwp%2Fv2%2Ftags&post=10551"}],"curies":[{"name":"wp","href":"https:\/\/api.w.org\/{rel}","templated":true}]}}