{"id":108,"date":"2011-06-14T21:13:00","date_gmt":"2011-06-15T02:13:00","guid":{"rendered":"http:\/\/www.oscarhumbertogomez.com\/?p=108"},"modified":"2025-03-23T13:03:52","modified_gmt":"2025-03-23T18:03:52","slug":"el-ambientalista-santandereano-orlando-beltran-quesada-es-acusado-por-el-circo-gasca-de-mexico","status":"publish","type":"post","link":"https:\/\/oscarhumbertogomez.com\/?p=108","title":{"rendered":"El ambientalista y defensor de animales santandereano Orlando Beltr\u00e1n Quesada enfrentar\u00e1 acusaci\u00f3n penal del Circo Gasca de M\u00e9xico el pr\u00f3ximo 19 de agosto. Por \u00d3scar Humberto G\u00f3mez G\u00f3mez"},"content":{"rendered":"<div id=\"attachment_49906\" style=\"width: 650px\" class=\"wp-caption aligncenter\"><img loading=\"lazy\" decoding=\"async\" aria-describedby=\"caption-attachment-49906\" class=\"size-large wp-image-49906\" src=\"https:\/\/oscarhumbertogomez.com\/wp-content\/uploads\/2011\/06\/WhatsApp-Image-2025-01-19-at-16.33.19-1024x690.jpeg\" alt=\"\" width=\"640\" height=\"431\" srcset=\"https:\/\/oscarhumbertogomez.com\/wp-content\/uploads\/2011\/06\/WhatsApp-Image-2025-01-19-at-16.33.19-1024x690.jpeg 1024w, https:\/\/oscarhumbertogomez.com\/wp-content\/uploads\/2011\/06\/WhatsApp-Image-2025-01-19-at-16.33.19-300x202.jpeg 300w, https:\/\/oscarhumbertogomez.com\/wp-content\/uploads\/2011\/06\/WhatsApp-Image-2025-01-19-at-16.33.19-768x517.jpeg 768w, https:\/\/oscarhumbertogomez.com\/wp-content\/uploads\/2011\/06\/WhatsApp-Image-2025-01-19-at-16.33.19.jpeg 1280w\" sizes=\"auto, (max-width: 640px) 100vw, 640px\" \/><p id=\"caption-attachment-49906\" class=\"wp-caption-text\">\u00d3SCAR HUMBERTO G\u00d3MEZ G\u00d3MEZ. Fotograf\u00eda de Nylse Blackburn. 2009<\/p><\/div>\n<p>&nbsp;<\/p>\n<p>Como es de p\u00fablico conocimiento, el destacado empresario santandereano Dr. Orlando Beltr\u00e1n Quesada ha liderado en esta regi\u00f3n de Colombia, en su condici\u00f3n de Presidente de la Asociaci\u00f3n Defensora de los Animales y de la Naturaleza (AD\u00c1N), la decidida defensa de los perros, los caballos y las dem\u00e1s especies animales, que han sido y contin\u00faan siendo maltratadas con fines de explotaci\u00f3n econ\u00f3mica o por simple diversi\u00f3n, como acontece, en su sentir, con los circos y los zool\u00f3gicos.<\/p>\n<p>Son muchos los que piensan, desde su personal perspectiva del tema, que el solo hecho de mantener animales en cautiverio es una modalidad de maltrato animal. &nbsp;Incluso se tiende a estimar, cada vez con mayor fuerza, a ra\u00edz de recientes y escandalosos episodios que se han denunciado, que de una vez por todas, el Estado, y no s\u00f3lo el colombiano, sino el Estado como concepto filos\u00f3fico, pol\u00edtico y jur\u00eddico de orden internacional, vale decir, aquel que se re\u00fane de manera multilateral en el seno de la Organizaci\u00f3n de Naciones Unidas (ONU) o de la Organizaci\u00f3n de Estados Americanos (OEA), deber\u00eda abordar, y no s\u00f3lo normativamente, la protecci\u00f3n de la fauna, m\u00e1xime cuando buena parte de ella se encuentra en franca v\u00eda de extinci\u00f3n.<\/p>\n<p>&nbsp;<\/p>\n<p><a href=\"https:\/\/lapiedrafilosofal.com\/wp-content\/uploads\/2011\/08\/ORLANDO-BELTR\u00c1N-QUESADA.jpg\"><img decoding=\"async\" class=\"aligncenter size-medium wp-image-1038\" title=\"ORLANDO BELTR\u00c1N QUESADA\" src=\"https:\/\/lapiedrafilosofal.com\/wp-content\/uploads\/2011\/08\/ORLANDO-BELTR\u00c1N-QUESADA-285x300.jpg\" alt=\"ORLANDO BELTR\u00c1N QUESADA\" width=\"500\" height=\"\" srcset=\"https:\/\/oscarhumbertogomez.com\/wp-content\/uploads\/2011\/08\/ORLANDO-BELTR\u00c1N-QUESADA-285x300.jpg 285w, https:\/\/oscarhumbertogomez.com\/wp-content\/uploads\/2011\/08\/ORLANDO-BELTR\u00c1N-QUESADA.jpg 800w\" sizes=\"(max-width: 285px) 100vw, 285px\" \/><\/a><\/p>\n<p>&nbsp;<\/p>\n<p>Pues bien: Desde el a\u00f1o 2009, el Circo Gasca de M\u00e9xico denunci\u00f3 penalmente al Dr. Orlando Beltr\u00e1n Quesada, quien se opone de manera radical a que se mantengan animales cautivos y se les d\u00e9 malos tratos, conducta \u00e9sta en la que el circo niega categ\u00f3ricamente haber incurrido. &nbsp;Seg\u00fan lo hizo saber el propio denunciado a trav\u00e9s de su cuenta de <em>Facebook<\/em>, el proceso ha llegado a la etapa de la acusaci\u00f3n. La audiencia correspondiente, prevista para ayer, mi\u00e9rcoles 15 de junio, debi\u00f3 ser, sin embargo, aplazada debido a la ausencia del apoderado que representa los intereses del circo mexicano y se llevar\u00e1 a cabo el pr\u00f3ximo 19 de agosto.<\/p>\n<p>Se informa que los cargos contra el Dr. Beltr\u00e1n Quesada son por el delito de injuria y su comisi\u00f3n empleando un medio de comunicaci\u00f3n. &nbsp;En primer lugar, el delito de injuria s\u00f3lo se tipifica cuando se hacen afirmaciones deshonrosas&nbsp;<strong>con \u00e1nimo de injuriar<\/strong>, lo que se conoce como <strong>\u00e1nimus injuriandi<\/strong>. &nbsp;El Dr. Beltr\u00e1n Quesada no pareciera ser eso lo que viene haciendo. Sencillamente, en un mundo donde se emplean cada vez m\u00e1s el grafito, el an\u00f3nimo, la llamada telef\u00f3nica amenazante sin identificaci\u00f3n alguna del interlocutor que llama, la palabra soez, el pseud\u00f3nimo y hasta la violencia, \u00e9l, dando siempre su nombre y sus dos apellidos, sin ocultarse detr\u00e1s de m\u00e1scaras de ninguna \u00edndole, ha venido defendiendo, con lenguaje claro, lo que considera una agresi\u00f3n que, en su sentir, tiene que acabarse: &nbsp;la dirigida contra los animales, los que por no poder hablar ni escribir, como s\u00ed lo puede hacer el ser humano, obviamente est\u00e1n en una manifiesta desventaja dentro del contexto de la naturaleza. &nbsp;No vemos que esa labor tenga nada de delictivo. Al contrario, consideramos que la misma est\u00e1 enmarcada dentro del leg\u00edtimo derecho de toda persona pensante a ejercer su libertad de expresi\u00f3n en un Estado de Derecho, y m\u00e1xime en un Estado de &nbsp;Derecho que, como el colombiano, ha suscrito y ratificado tratados internacionales de protecci\u00f3n de los animales.<\/p>\n<p>En segundo lugar, por muy duras que sean las cr\u00edticas, ense\u00f1a la doctrina, no hay injuria cuando simplemente se est\u00e1 diciendo la verdad (<em><strong>Exceptio veritatis<\/strong><\/em>). &nbsp;Pero la verdad no s\u00f3lo es objetiva, sino que tambi\u00e9n suele tener un componente <strong>subjetivo<\/strong>. Por eso se insiste en que nadie puede creerse poseedor de ella, con exclusi\u00f3n arbitraria de lo que piensan los dem\u00e1s acerca del mismo tema. &nbsp;En el caso que nos ocupa, lo que para unos es diversi\u00f3n, para otros, como el Dr. Beltr\u00e1n Quesada, es burda agresi\u00f3n e inaceptable irrespeto a los animales. Y \u00e9l, independientemente de que tenga la raz\u00f3n o de que est\u00e9 equivocado, est\u00e1 en todo su derecho de pensarlo as\u00ed, &nbsp;de manifestarlo y de actuar en consecuencia, sin que tenga que pagar por ello el precio de ir a la c\u00e1rcel.<\/p>\n<p>De abrirse camino semejante extravagancia, tambi\u00e9n podr\u00edan denunciar penalmente, pongamos por caso, los taur\u00f3filos a quienes consideran que el toreo es un espect\u00e1culo salvaje, los due\u00f1os de los zool\u00f3gicos a quienes estiman que mantener animales salvajes en una jaula para ganar dinero exhibi\u00e9ndolos es una conducta reprobable o los cazadores a quienes creen que la cacer\u00eda es una conducta criminal. Hace algunos a\u00f1os, Juan Gossa\u00edn se enfrent\u00f3, desde los micr\u00f3fonos de RCN, con los directivos de un club de tiro por la pr\u00e1ctica del curioso &#8220;deporte&#8221; de lanzar a volar palomas para luego tratar de despedazarlas de un balazo. &nbsp;El periodista adujo que eso no era deporte, sino un crimen contra la naturaleza, porque las palomas estaban completamente indefensas y a merced de los tiradores. &nbsp;El club replic\u00f3 que para defenderse y esquivar los proyectiles, las palomas contaban con sus alas. Gossa\u00edn remat\u00f3 su intervenci\u00f3n retomando este \u00faltimo argumento y comentando: &#8220;Y despu\u00e9s ustedes se disgustan conmigo porque yo digo que el ser humano es una mierda&#8221;.<\/p>\n<p>No debe perderse tampoco de vista que en materia probatoria existen los <strong>indicios<\/strong> y las <strong>presunciones de hombre<\/strong>. Por ello, para efectos de determinar si una afirmaci\u00f3n es injuriosa o no, debe apreciarse si <strong>al momento de hacerse<\/strong> exist\u00edan indicios serios o hechos concretos sobre los cuales pudiera edificarse razonablemente una presunci\u00f3n. Pues como de lo que se trata es de precisar si el autor de las aseveraciones actu\u00f3 con mero \u00e1nimo de injuriar o no, o sea, si obr\u00f3 con dolo o no, poco importa que, finalmente, sus apreciaciones, <strong>basadas en los indicios que observ\u00f3 o en las deducciones que extrajo de alg\u00fan hecho realmente ocurrido<\/strong>, estuviesen equivocadas.<\/p>\n<p>Seg\u00fan lo poco que ha trascendido del caso, el Dr. Beltr\u00e1n Quesada se pronunci\u00f3 en\u00e9rgicamente contra el cautiverio de una elefanta que era mantenida en el interior del circo en adversas condiciones de salud. &nbsp;Dado que se trataba de la prueba de un hecho que estaba ocurriendo dentro de un lugar al que no se ten\u00eda acceso, no quedaba sino la opci\u00f3n probatoria de los indicios y las presunciones de hombre. &nbsp;Pues bien: <strong>el solo hecho de haber muerto la elefanta<\/strong> poco despu\u00e9s de la denuncia formulada por el ambientalista y de las actuaciones que despleg\u00f3 en procura de que fuese liberada, constituy\u00f3, l\u00f3gicamente, <strong>un indicio muy serio y grave de que sus apreciaciones no andaban descaminadas<\/strong>, y adem\u00e1s le permiti\u00f3 <strong>deducir razonablemente<\/strong> que a la muerte la hab\u00edan conducido <strong>las condiciones de cautiverio en que se hallaba<\/strong>. &nbsp;Ahora bien: que eso, a la luz de autopsias o pruebas cient\u00edficas <strong>posteriores<\/strong>, hubiese terminado siendo cierto o no, resulta completamente irrelevante frente al tema, porque <strong>para el momento en que el defensor del animal hizo sus afirmaciones<\/strong>,&nbsp;<strong>la realidad consolidada era, \u00fanica y exclusivamente, la que \u00e9l estaba apreciando y que le permit\u00eda extraer las conclusiones que extrajo<\/strong>.<\/p>\n<p>Y es que la verdad tiene tambi\u00e9n un componente&nbsp;<strong>relativo<\/strong>: lo que es verdad en un momento determinado y dentro de determinadas circunstancias, deja de serlo m\u00e1s tarde, cuando esas circunstancias cambian.&nbsp; La verdad del gran Claudio Ptolomeo de Hep\u00e1seo seg\u00fan la cual el Sol giraba alrededor de la Tierra se mantuvo vigente durante siglos y fue, por lo tanto, la \u00fanica verdad para no pocas generaciones de habitantes del planeta, que nacieron, vivieron y murieron aprendiendo y ense\u00f1ando esa verdad. &nbsp;Pero esa verdad dej\u00f3 de serlo cuando el gran Nicol\u00e1s Cop\u00e9rnico arrib\u00f3 al escenario con su propia verdad: la de que no era el Sol el que giraba alrededor de la Tierra, sino que era la Tierra la que giraba alrededor del Sol. &nbsp;Por eso, en un Estado de Derecho jam\u00e1s se acusa de calumnia (delito que junto con la injuria conforman la dupla de conductas contra el patrimonio moral) al Juez que profiri\u00f3 contra alguien una decisi\u00f3n revocada posteriormente debido a que aparecieron nuevos elementos de an\u00e1lisis.<\/p>\n<p>Finalmente, desde el punto de vista de la <strong>reciprocidad jur\u00eddica<\/strong>, el respeto a la libertad de expresi\u00f3n tiene que ir en ambos sentidos. Los amantes del circo, de los toros, de las corralejas, de los zool\u00f3gicos, de las ri\u00f1as de gallos y de los dem\u00e1s espect\u00e1culos que se basan en el cautiverio de los animales, tienen derecho a expresar libremente lo que piensan sobre esas actividades, obviamente a favor de las mismas. &nbsp;\u00bfPor qu\u00e9 se va a enviar a la c\u00e1rcel a quienes osan pensar en sentido contrario?<\/p>\n<p><strong>&nbsp;<\/strong><\/p>\n<p>A continuaci\u00f3n, reproducimos la nota que el acusado public\u00f3 en su portal de <em>Facebook<\/em>.<\/p>\n<p><strong>&nbsp;<\/strong><\/p>\n<p>&#8220;\u00bfIR\u00c9 A LA CARCEL POR DEFENDER LOS ANIMALES?<\/p>\n<p><strong>&nbsp;<\/strong><\/p>\n<p>El CIRCO DE MEXICO de propiedad de los HERMANOS GASCA me acus\u00f3 penalmente en julio de 2009 por el presunto delito de INJURIA Y CALUMNIA. La primera parte del proceso correspondi\u00f3 a la AUDIENCIA DE CONCILIACION, en la que no solo NO ME RETRACT\u00c9, sino que les confirm\u00e9 mis se\u00f1alamientos. Luego, el siguiente paso fue la AUDIENCIA DE IMPUTACION , realizada el pasado 27 de Octubre de 2010, donde la JUEZ ley\u00f3 los cargos y el FISCAL propuso que me declarara CULPABLE, ya que con ello me rebajar\u00edan las penas de CARCEL y SANCION a la mitad (14 a 48 MESES DE PRISION y 15 a 1500 salarios m\u00ednimos legales mensuales vigente, art. 221,222,223 C\u00f3digo Pena l). Obviamente NO ACEPTE LA IMPUTACION. Ahora viene la AUDIENCIA PUBLICA DE ACUSACION, que ser\u00e1 este MI\u00c9RCOLES 15DE JUNIO, a las 10 A.M. en una sala del PALACIO DE JUSTICIA DE BUCARAMANGA (S\u00f3tano, por la Calle 34.) Esta audiencia es PUBLICA es decir cualquier persona puede asistir.(\u00bfQui\u00e9nes pueden ir?)<\/p>\n<p>LOS Y LAS QUE ME CONOCEN DE VERDAD, SABEN QUE LA BANDERA QUE HE LLEVADO EN ALTO DURANTE LOS MEJORES A\u00d1OS DE MI VIDA NO LE DEJARE AGACHAR, CUESTE LO QUE ME COSTARE: HASTA LA VIDA MISMA. Y SI DEBO IR A LA CARCEL, LO HARE\u00b4,PERO LA VERDAD SOBRE LA CRUELDAD OCULTA Y EL TRAFICO DEL DOLOR QUE HACEN LOS CIRQUEROS DEBE TRIUNFAR SOBRE ESAS PERVERSAS INTENCIONES DE CALLAR MI VOZ Y MI PLUMA. Y SE QUE YA HAY MUCHA GENTE QUE SEGUIRA CON ESA BANDERA EN ALTO Y LA LUCHA ENTONCES NO HABRA SIDO EN VANO. DIOS, E L UNICO SE\u00d1OR DE LA VERDAD ABSOLUTA, GUIAR\u00c1 MI CAMINO Y ME DARA LAS MEJORES ARMAS PARA MI DEFENSA. LAS VOY A NECESITAR. Y LOS ANIMALES, NUESTROS HERMANOS MENORES EN LA CREACION, TENDRAN UN CAMINO MAS DESPEJADO PARA SU LIBERACION DEL OPRESIVO Y CRUEL UTILITARISMO HUMANO.<\/p>\n<p>Bucaramanga, junio 12 de 2011<br \/>\nORLANDO BELTRAN QUESADA&#8221;<\/p>\n<p><strong>&nbsp;<\/strong><\/p>\n<p>Confiamos en el buen juicio de nuestra Administraci\u00f3n de Justicia y en que no se sentar\u00e1 lo que ser\u00eda un funesto precedente para la libertad de expresi\u00f3n y para quienes han optado por asumir la defensa de los animales, del medio ambiente y, en general, de la naturaleza, que es, en el sentir de algunos, como los cristianos, la gran obra de Dios, y en el sentir de otros, como los pante\u00edstas, Dios mismo.<\/p>\n<p>&nbsp;<\/p>\n","protected":false},"excerpt":{"rendered":"<p>&nbsp; Como es de p\u00fablico conocimiento, el destacado empresario santandereano Dr. Orlando Beltr\u00e1n Quesada ha liderado en esta regi\u00f3n de Colombia, en su condici\u00f3n de Presidente de la Asociaci\u00f3n Defensora de los Animales y de la Naturaleza (AD\u00c1N), la decidida &hellip; <a href=\"https:\/\/oscarhumbertogomez.com\/?p=108\">Sigue leyendo <span class=\"meta-nav\">&rarr;<\/span><\/a><\/p>\n<div class='heateorSssClear'><\/div><div  class='heateor_sss_sharing_container heateor_sss_horizontal_sharing' heateor-sss-data-href='https:\/\/oscarhumbertogomez.com\/?p=108'><div class='heateor_sss_sharing_title' style=\"font-weight:bold\" >\u00a1Gracias por compartirla!<\/div><ul class=\"heateor_sss_sharing_ul\"><li class=\"heateorSssSharingRound\"><i style=\"width:35px;height:35px;border-radius:999px;\" alt=\"Facebook\" Title=\"Facebook\" class=\"heateorSssSharing heateorSssFacebookBackground\" onclick='heateorSssPopup(\"https:\/\/www.facebook.com\/sharer\/sharer.php?u=https%3A%2F%2Foscarhumbertogomez.com%2Findex.php%3Frest_route%3D%252Fwp%252Fv2%252Fposts%252F108\")'><ss style=\"display:block;border-radius:999px;\" class=\"heateorSssSharingSvg heateorSssFacebookSvg\"><\/ss><\/i><\/li><li class=\"heateorSssSharingRound\"><i style=\"width:35px;height:35px;border-radius:999px;\" alt=\"Twitter\" Title=\"Twitter\" class=\"heateorSssSharing heateorSssTwitterBackground\" onclick='heateorSssPopup(\"http:\/\/twitter.com\/intent\/tweet?text=El%20ambientalista%20y%20defensor%20de%20animales%20santandereano%20Orlando%20Beltr%C3%A1n%20Quesada%20enfrentar%C3%A1%20acusaci%C3%B3n%20penal%20del%20Circo%20Gasca%20de%20M%C3%A9xico%20el%20pr%C3%B3ximo%2019%20de%20agosto.%20Por%20%C3%93scar%20Humberto%20G%C3%B3mez%20G%C3%B3mez&url=https%3A%2F%2Foscarhumbertogomez.com%2Findex.php%3Frest_route%3D%252Fwp%252Fv2%252Fposts%252F108\")'><ss style=\"display:block;border-radius:999px;\" class=\"heateorSssSharingSvg heateorSssTwitterSvg\"><\/ss><\/i><\/li><li class=\"heateorSssSharingRound\"><i style=\"width:35px;height:35px;border-radius:999px;\" alt=\"Whatsapp\" Title=\"Whatsapp\" class=\"heateorSssSharing heateorSssWhatsappBackground\" onclick='heateorSssPopup(\"https:\/\/web.whatsapp.com\/send?text=El%20ambientalista%20y%20defensor%20de%20animales%20santandereano%20Orlando%20Beltr%C3%A1n%20Quesada%20enfrentar%C3%A1%20acusaci%C3%B3n%20penal%20del%20Circo%20Gasca%20de%20M%C3%A9xico%20el%20pr%C3%B3ximo%2019%20de%20agosto.%20Por%20%C3%93scar%20Humberto%20G%C3%B3mez%20G%C3%B3mez https%3A%2F%2Foscarhumbertogomez.com%2Findex.php%3Frest_route%3D%252Fwp%252Fv2%252Fposts%252F108\")'><ss style=\"display:block\" class=\"heateorSssSharingSvg heateorSssWhatsappSvg\"><\/ss><\/i><\/li><li class=\"heateorSssSharingRound\"><i style=\"width:35px;height:35px;border-radius:999px;\" alt=\"Pinterest\" Title=\"Pinterest\" class=\"heateorSssSharing heateorSssPinterestBackground\" onclick=\"javascript:void( (function() {var e=document.createElement('script' );e.setAttribute('type','text\/javascript' );e.setAttribute('charset','UTF-8' );e.setAttribute('src','\/\/assets.pinterest.com\/js\/pinmarklet.js?r='+Math.random()*99999999);document.body.appendChild(e)})());\"><ss style=\"display:block;border-radius:999px;\" class=\"heateorSssSharingSvg heateorSssPinterestSvg\"><\/ss><\/i><\/li><li class=\"heateorSssSharingRound\"><i style=\"width:35px;height:35px;border-radius:999px;\" alt=\"Google Gmail\" Title=\"Google Gmail\" class=\"heateorSssSharing heateorSssGoogleGmailBackground\" onclick='heateorSssPopup(\"https:\/\/mail.google.com\/mail\/?ui=2&view=cm&fs=1&tf=1&su=El%20ambientalista%20y%20defensor%20de%20animales%20santandereano%20Orlando%20Beltr%C3%A1n%20Quesada%20enfrentar%C3%A1%20acusaci%C3%B3n%20penal%20del%20Circo%20Gasca%20de%20M%C3%A9xico%20el%20pr%C3%B3ximo%2019%20de%20agosto.%20Por%20%C3%93scar%20Humberto%20G%C3%B3mez%20G%C3%B3mez&body=Link:https%3A%2F%2Foscarhumbertogomez.com%2Findex.php%3Frest_route%3D%252Fwp%252Fv2%252Fposts%252F108\")'><ss style=\"display:block;border-radius:999px;\" class=\"heateorSssSharingSvg heateorSssGoogleGmailSvg\"><\/ss><\/i><\/li><li class=\"heateorSssSharingRound\"><i style=\"width:35px;height:35px;border-radius:999px;\" title=\"More\" alt=\"More\" class=\"heateorSssSharing heateorSssMoreBackground\" onclick=\"heateorSssMoreSharingPopup(this, 'https:\/\/oscarhumbertogomez.com\/index.php?rest_route=%2Fwp%2Fv2%2Fposts%2F108', 'El%20ambientalista%20y%20defensor%20de%20animales%20santandereano%20Orlando%20Beltr%C3%A1n%20Quesada%20enfrentar%C3%A1%20acusaci%C3%B3n%20penal%20del%20Circo%20Gasca%20de%20M%C3%A9xico%20el%20pr%C3%B3ximo%2019%20de%20agosto.%20Por%20%C3%93scar%20Humberto%20G%C3%B3mez%20G%C3%B3mez', '' )\" ><ss style=\"display:block\" class=\"heateorSssSharingSvg heateorSssMoreSvg\"><\/ss><\/i><\/li><\/ul><div class=\"heateorSssClear\"><\/div><\/div><div class='heateorSssClear'><\/div>","protected":false},"author":2,"featured_media":0,"comment_status":"open","ping_status":"open","sticky":false,"template":"","format":"standard","meta":{"spay_email":"","footnotes":""},"categories":[18],"tags":[],"class_list":["post-108","post","type-post","status-publish","format-standard","hentry","category-ecologia"],"jetpack_featured_media_url":"","jetpack_shortlink":"https:\/\/wp.me\/p1FYrr-1K","_links":{"self":[{"href":"https:\/\/oscarhumbertogomez.com\/index.php?rest_route=\/wp\/v2\/posts\/108","targetHints":{"allow":["GET"]}}],"collection":[{"href":"https:\/\/oscarhumbertogomez.com\/index.php?rest_route=\/wp\/v2\/posts"}],"about":[{"href":"https:\/\/oscarhumbertogomez.com\/index.php?rest_route=\/wp\/v2\/types\/post"}],"author":[{"embeddable":true,"href":"https:\/\/oscarhumbertogomez.com\/index.php?rest_route=\/wp\/v2\/users\/2"}],"replies":[{"embeddable":true,"href":"https:\/\/oscarhumbertogomez.com\/index.php?rest_route=%2Fwp%2Fv2%2Fcomments&post=108"}],"version-history":[{"count":4,"href":"https:\/\/oscarhumbertogomez.com\/index.php?rest_route=\/wp\/v2\/posts\/108\/revisions"}],"predecessor-version":[{"id":52721,"href":"https:\/\/oscarhumbertogomez.com\/index.php?rest_route=\/wp\/v2\/posts\/108\/revisions\/52721"}],"wp:attachment":[{"href":"https:\/\/oscarhumbertogomez.com\/index.php?rest_route=%2Fwp%2Fv2%2Fmedia&parent=108"}],"wp:term":[{"taxonomy":"category","embeddable":true,"href":"https:\/\/oscarhumbertogomez.com\/index.php?rest_route=%2Fwp%2Fv2%2Fcategories&post=108"},{"taxonomy":"post_tag","embeddable":true,"href":"https:\/\/oscarhumbertogomez.com\/index.php?rest_route=%2Fwp%2Fv2%2Ftags&post=108"}],"curies":[{"name":"wp","href":"https:\/\/api.w.org\/{rel}","templated":true}]}}