{"id":10952,"date":"2014-01-25T17:35:15","date_gmt":"2014-01-25T22:35:15","guid":{"rendered":"http:\/\/www.oscarhumbertogomez.com\/?p=10952"},"modified":"2022-04-05T11:22:54","modified_gmt":"2022-04-05T16:22:54","slug":"aurelio-martinez-mutis-por-oscar-humberto-gomez-gomez","status":"publish","type":"post","link":"https:\/\/oscarhumbertogomez.com\/?p=10952","title":{"rendered":"AURELIO MART\u00cdNEZ MUTIS. Por \u00d3scar Humberto G\u00f3mez G\u00f3mez, Miembro Correspondiente de la Academia de Historia de Santander."},"content":{"rendered":"<p><span style=\"color: #333399;\">Nuestro portal public\u00f3 tres entregas sobre el poeta santandereano Aurelio Mart\u00ednez Mutis, dentro de la serie titulada &#8220;Los Mutis&#8221;. Accediendo a las sugerencias y solicitudes que nos han hecho sobre la conveniencia de facilitar su b\u00fasqueda en Google por parte de quienes est\u00e9n interesados en conocer acerca de su vida y obra, hemos decidido reunir aqu\u00ed las tres entradas bajo el nombre completo del poeta. \u00a1Bienvenidos!<\/span><\/p>\n<p>&nbsp;<\/p>\n<div id=\"attachment_10966\" style=\"width: 650px\" class=\"wp-caption aligncenter\"><img loading=\"lazy\" decoding=\"async\" aria-describedby=\"caption-attachment-10966\" class=\"size-large wp-image-10966\" title=\"B\u00daCAROS\" src=\"https:\/\/lapiedrafilosofal.com\/wp-content\/uploads\/2014\/01\/B\u00daCAROS-1024x768.jpg\" alt=\"\" width=\"640\" height=\"480\" srcset=\"https:\/\/oscarhumbertogomez.com\/wp-content\/uploads\/2014\/01\/B\u00daCAROS-1024x768.jpg 1024w, https:\/\/oscarhumbertogomez.com\/wp-content\/uploads\/2014\/01\/B\u00daCAROS-300x225.jpg 300w, https:\/\/oscarhumbertogomez.com\/wp-content\/uploads\/2014\/01\/B\u00daCAROS.jpg 1094w\" sizes=\"auto, (max-width: 640px) 100vw, 640px\" \/><p id=\"caption-attachment-10966\" class=\"wp-caption-text\">B\u00daCAROS.<\/p><\/div>\n<p>&nbsp;<\/p>\n<p><em><span style=\"color: #000080;\"><strong>NOTA DEL PORTAL: &nbsp;<\/strong><\/span><\/em><em>Jos\u00e9 Celestino Mutis Bosio, sacerdote, m\u00e9dico, astr\u00f3nomo, bot\u00e1nico, ge\u00f3grafo y matem\u00e1tico, director de la Expedici\u00f3n Bot\u00e1nica, &nbsp;fue el primer Mutis que lleg\u00f3 de Espa\u00f1a a estas tierras. &nbsp;Vale la pena anotar que vino tra\u00eddo como m\u00e9dico personal del virrey.<\/em><\/p>\n<p><em>Jos\u00e9 Celestino convenci\u00f3 a su hermano Manuel para que tambi\u00e9n se radicara aqu\u00ed.<\/em><\/p>\n<p><em>Manuel Mutis Bosio se cas\u00f3 en Gir\u00f3n con Mar\u00eda Ignacia Consuegra.<\/em><\/p>\n<p><em>Adem\u00e1s de Sinforoso y Micaela, y de otros hijos m\u00e1s, en el seno del hogar conformado por Manuel Mutis Bosio y Mar\u00eda Ignacia Consuegra naci\u00f3 Facundo Mutis Consuegra.<br \/>\n<\/em><br \/>\n<em>Facundo se cas\u00f3 con Antonia Amaya Castillo, uni\u00f3n de la cual naci\u00f3 en Bucaramanga, el 12 de marzo de 1807, Manuel Mutis Amaya.<\/em><\/p>\n<p><em>Manuel contrajo matrimonio, en segundas nupcias, con Dolores Villafrades Vega.<\/em><\/p>\n<p><em>De la uni\u00f3n entre los dos anteriores, naci\u00f3 Elena Mutis Villafrades.<\/em><\/p>\n<p><em>Elena Mutis Villafrades se cas\u00f3 con Pedro Mart\u00ednez Ord\u00f3\u00f1ez.<\/em><\/p>\n<p><em>Y fue de este matrimonio, el de Pedro Mart\u00ednez Ord\u00f3\u00f1ez con Elena Mutis Villafrades, que naci\u00f3, en Bucaramanga, el 7 de setiembre de 1884, Aurelio Mart\u00ednez Mutis.<\/em><\/p>\n<p>___________<\/p>\n<p>&nbsp;<\/p>\n<p><span style=\"color: #ff0000;\"><strong>LOS MUTIS (II). El Poeta (I) <\/strong><\/span><\/p>\n<p>Por <strong>\u00d3scar Humberto G\u00f3mez G\u00f3mez<\/strong>.<\/p>\n<p>Miembro Correspondiente de la Academia de Historia de Santander.<\/p>\n<p>&nbsp;<\/p>\n<p><em>[A Clarita y Robertico Villamizar Mutis, con afecto]<\/em><\/p>\n<p>&nbsp;<\/p>\n<p><img loading=\"lazy\" decoding=\"async\" class=\"aligncenter size-large wp-image-10349\" title=\"Torre_Eiffel_Paris_Francia\" src=\"https:\/\/lapiedrafilosofal.com\/wp-content\/uploads\/2013\/11\/Torre_Eiffel_Paris_Francia-1024x640.jpg\" alt=\"\" width=\"640\" height=\"400\" srcset=\"https:\/\/oscarhumbertogomez.com\/wp-content\/uploads\/2013\/11\/Torre_Eiffel_Paris_Francia-1024x640.jpg 1024w, https:\/\/oscarhumbertogomez.com\/wp-content\/uploads\/2013\/11\/Torre_Eiffel_Paris_Francia-300x187.jpg 300w, https:\/\/oscarhumbertogomez.com\/wp-content\/uploads\/2013\/11\/Torre_Eiffel_Paris_Francia.jpg 1280w\" sizes=\"auto, (max-width: 640px) 100vw, 640px\" \/><\/p>\n<p>&nbsp;<\/p>\n<p>Para el a\u00f1o 1913, en Par\u00eds, la luminosa capital de Francia, la revista &#8220;Mundial&#8221; irradiaba por Europa la luz de la poes\u00eda y la literatura bajo la direcci\u00f3n del excelso y famoso poeta nicarag\u00fcense Rub\u00e9n Dar\u00edo.<br \/>\nLa revista convoc\u00f3 a un concurso internacional de poes\u00eda. Lo que se buscaba era encontrar la mejor poes\u00eda escrita en lengua castellana. El exigente jurado calificador lo integraban el propio Rub\u00e9n Dar\u00edo, el eximio poeta mexicano Amado Nervo, el gran cronista, novelista, cr\u00edtico literario y periodista guatemalteco Enrique G\u00f3mez Carrillo, el preclaro poeta y novelista espa\u00f1ol Ricardo Le\u00f3n y Rom\u00e1n, quien el a\u00f1o inmediatamente anterior hab\u00eda sido elegido nuevo Miembro de N\u00famero de la Real Academia Espa\u00f1ola de la Lengua, y el insigne catedr\u00e1tico de Literatura Espa\u00f1ola de la Universidad de La Sorbona Ernest Martinenche.<\/p>\n<p>&nbsp;<\/p>\n<div id=\"attachment_10381\" style=\"width: 803px\" class=\"wp-caption aligncenter\"><img loading=\"lazy\" decoding=\"async\" aria-describedby=\"caption-attachment-10381\" class=\"size-full wp-image-10381\" title=\"RUBEN DARIO\" src=\"https:\/\/lapiedrafilosofal.com\/wp-content\/uploads\/2013\/11\/RUBEN-DARIO.jpg\" alt=\"\" width=\"793\" height=\"1024\" srcset=\"https:\/\/oscarhumbertogomez.com\/wp-content\/uploads\/2013\/11\/RUBEN-DARIO.jpg 793w, https:\/\/oscarhumbertogomez.com\/wp-content\/uploads\/2013\/11\/RUBEN-DARIO-232x300.jpg 232w\" sizes=\"auto, (max-width: 793px) 100vw, 793px\" \/><p id=\"caption-attachment-10381\" class=\"wp-caption-text\">RUB\u00c9N DAR\u00cdO DURANTE SU RESIDENCIA EN FRANCIA.<\/p><\/div>\n<div id=\"attachment_10382\" style=\"width: 810px\" class=\"wp-caption aligncenter\"><img loading=\"lazy\" decoding=\"async\" aria-describedby=\"caption-attachment-10382\" class=\"size-full wp-image-10382\" title=\"AMADO-NERVO\" src=\"https:\/\/lapiedrafilosofal.com\/wp-content\/uploads\/2013\/11\/AMADO-NERVO.jpg\" alt=\"\" width=\"800\" height=\"668\" srcset=\"https:\/\/oscarhumbertogomez.com\/wp-content\/uploads\/2013\/11\/AMADO-NERVO.jpg 800w, https:\/\/oscarhumbertogomez.com\/wp-content\/uploads\/2013\/11\/AMADO-NERVO-300x250.jpg 300w\" sizes=\"auto, (max-width: 800px) 100vw, 800px\" \/><p id=\"caption-attachment-10382\" class=\"wp-caption-text\">EL EXTRAORDINARIO POETA MEXICANO AMADO NERVO.<\/p><\/div>\n<div id=\"attachment_10386\" style=\"width: 741px\" class=\"wp-caption aligncenter\"><img loading=\"lazy\" decoding=\"async\" aria-describedby=\"caption-attachment-10386\" class=\"size-full wp-image-10386\" title=\"GOMEZ CARRILLO ENRIQUE\" src=\"https:\/\/lapiedrafilosofal.com\/wp-content\/uploads\/2013\/11\/GOMEZ-CARRILLO-ENRIQUE.jpg\" alt=\"\" width=\"731\" height=\"1024\" srcset=\"https:\/\/oscarhumbertogomez.com\/wp-content\/uploads\/2013\/11\/GOMEZ-CARRILLO-ENRIQUE.jpg 731w, https:\/\/oscarhumbertogomez.com\/wp-content\/uploads\/2013\/11\/GOMEZ-CARRILLO-ENRIQUE-214x300.jpg 214w\" sizes=\"auto, (max-width: 731px) 100vw, 731px\" \/><p id=\"caption-attachment-10386\" class=\"wp-caption-text\">PARQUE DE LA CONCORDIA \/ MONUMENTO A ENRIQUE G\u00d3MEZ CARRILLO\/ CIUDAD DE GUATEMALA (GUATEMALA).<\/p><\/div>\n<div id=\"attachment_10387\" style=\"width: 510px\" class=\"wp-caption aligncenter\"><img loading=\"lazy\" decoding=\"async\" aria-describedby=\"caption-attachment-10387\" class=\"size-full wp-image-10387\" title=\"ENRIQUE G\u00d3MEZ CARRILLO\" src=\"https:\/\/lapiedrafilosofal.com\/wp-content\/uploads\/2013\/11\/ENRIQUE-G\u00d3MEZ-CARRILLO.jpg\" alt=\"\" width=\"500\" height=\"698\" srcset=\"https:\/\/oscarhumbertogomez.com\/wp-content\/uploads\/2013\/11\/ENRIQUE-G\u00d3MEZ-CARRILLO.jpg 500w, https:\/\/oscarhumbertogomez.com\/wp-content\/uploads\/2013\/11\/ENRIQUE-G\u00d3MEZ-CARRILLO-214x300.jpg 214w\" sizes=\"auto, (max-width: 500px) 100vw, 500px\" \/><p id=\"caption-attachment-10387\" class=\"wp-caption-text\">ENRIQUE G\u00d3MEZ CARRILLO, &#8220;EL PR\u00cdNCIPE DE LOS CRONISTAS&#8221;.<\/p><\/div>\n<div id=\"attachment_10540\" style=\"width: 352px\" class=\"wp-caption aligncenter\"><img loading=\"lazy\" decoding=\"async\" aria-describedby=\"caption-attachment-10540\" class=\"size-full wp-image-10540\" title=\"RICARDO_LEON[1]\" src=\"https:\/\/lapiedrafilosofal.com\/wp-content\/uploads\/2013\/11\/RICARDO_LEON1.jpg\" alt=\"\" width=\"342\" height=\"470\" srcset=\"https:\/\/oscarhumbertogomez.com\/wp-content\/uploads\/2013\/11\/RICARDO_LEON1.jpg 342w, https:\/\/oscarhumbertogomez.com\/wp-content\/uploads\/2013\/11\/RICARDO_LEON1-218x300.jpg 218w\" sizes=\"auto, (max-width: 342px) 100vw, 342px\" \/><p id=\"caption-attachment-10540\" class=\"wp-caption-text\">EL PROMINENTE POETA Y NOVELISTA ESPA\u00d1OL RICARDO LE\u00d3N, MIEMBRO DE N\u00daMERO DE LA REAL ACADEMIA ESPA\u00d1OLA DE LA LENGUA.<\/p><\/div>\n<div id=\"attachment_10541\" style=\"width: 560px\" class=\"wp-caption aligncenter\"><img loading=\"lazy\" decoding=\"async\" aria-describedby=\"caption-attachment-10541\" class=\"size-full wp-image-10541\" title=\"RICARDO LE\u00d3N (POSTAL)\" src=\"https:\/\/lapiedrafilosofal.com\/wp-content\/uploads\/2013\/11\/RICARDO-LE\u00d3N-POSTAL.jpg\" alt=\"\" width=\"550\" height=\"372\" srcset=\"https:\/\/oscarhumbertogomez.com\/wp-content\/uploads\/2013\/11\/RICARDO-LE\u00d3N-POSTAL.jpg 550w, https:\/\/oscarhumbertogomez.com\/wp-content\/uploads\/2013\/11\/RICARDO-LE\u00d3N-POSTAL-300x202.jpg 300w\" sizes=\"auto, (max-width: 550px) 100vw, 550px\" \/><p id=\"caption-attachment-10541\" class=\"wp-caption-text\">POSTAL EN HOMENAJE A RICARDO LE\u00d3N, CON SU RETRATO AL \u00d3LEO Y UN PRECIOSO SONETO A SU MEMORIA.<\/p><\/div>\n<div id=\"attachment_10385\" style=\"width: 650px\" class=\"wp-caption aligncenter\"><img loading=\"lazy\" decoding=\"async\" aria-describedby=\"caption-attachment-10385\" class=\"size-large wp-image-10385\" title=\"OLYMPUS DIGITAL CAMERA\" src=\"https:\/\/lapiedrafilosofal.com\/wp-content\/uploads\/2013\/11\/La-Sorbonne-768x1024.jpg\" alt=\"\" width=\"640\" height=\"853\" srcset=\"https:\/\/oscarhumbertogomez.com\/wp-content\/uploads\/2013\/11\/La-Sorbonne-768x1024.jpg 768w, https:\/\/oscarhumbertogomez.com\/wp-content\/uploads\/2013\/11\/La-Sorbonne-224x300.jpg 224w, https:\/\/oscarhumbertogomez.com\/wp-content\/uploads\/2013\/11\/La-Sorbonne.jpg 1704w\" sizes=\"auto, (max-width: 640px) 100vw, 640px\" \/><p id=\"caption-attachment-10385\" class=\"wp-caption-text\">LA UNIVERSIDAD DE PAR\u00cdS O SORBONA, S\u00cdMBOLO INTELECTUAL DE FRANCIA, ESTUVO PRESENTE EN EL JURADO CALIFICADOR DEL CONCURSO INTERNACIONAL CONVOCADO POR LA REVISTA &#8220;MUNDIAL&#8221; CON EL PRESTANTE CATEDR\u00c1TICO DE LITERATURA ESPA\u00d1OLA ERNEST MARTINENCHE (NO &#8220;MARTINECHE&#8221;, COMO SUELE ESCRIBIRSE). AUTOR DE LA &#8220;HISTORIA DE LA INFLUENCIA DE LA LITERATURA ESPA\u00d1OLA SOBRE LA LITERATURA FRANCESA&#8221;, PIERRE-HIPPOLYTE-ERNEST MARTINENCHE NACI\u00d3 EN CALVINSSON, GARD, EN 1869, Y MURI\u00d3 EN CROIX DU VAR EL 1o DE DICIEMBRE DE 1941.<\/p><\/div>\n<p>&nbsp;<\/p>\n<p>Cuando se esperaba que el triunfador fuera quiz\u00e1s alg\u00fan rapsoda europeo, de entre los m\u00e1s de quinientos participantes, quien result\u00f3 premiado con el primer puesto fue un joven colombiano de 29 a\u00f1os llamado Aurelio Mart\u00ednez Mutis, quien a pesar de que ya ven\u00eda destac\u00e1ndose en su tierra natal como hacedor de hermosos versos y hab\u00eda ganado otros importantes concursos de poes\u00eda, viv\u00eda en la m\u00e1s absoluta pobreza en una pieza de inquilinato ubicada en la actual calle 15 entre carreras 12 y 13 del centro de Bogot\u00e1, en ese entonces llamada Calle del Carnero.<\/p>\n<p>&nbsp;<\/p>\n<p><strong><img loading=\"lazy\" decoding=\"async\" class=\"aligncenter size-full wp-image-9259\" title=\"Rosas-exoticas-arcoiris-negras-verdes-etcmdn_MLM-F-4193013025_042013\" src=\"https:\/\/lapiedrafilosofal.com\/wp-content\/uploads\/2013\/07\/Rosas-exoticas-arcoiris-negras-verdes-etcmdn_MLM-F-4193013025_042013.jpg\" alt=\"\" width=\"917\" height=\"861\" srcset=\"https:\/\/oscarhumbertogomez.com\/wp-content\/uploads\/2013\/07\/Rosas-exoticas-arcoiris-negras-verdes-etcmdn_MLM-F-4193013025_042013.jpg 917w, https:\/\/oscarhumbertogomez.com\/wp-content\/uploads\/2013\/07\/Rosas-exoticas-arcoiris-negras-verdes-etcmdn_MLM-F-4193013025_042013-300x281.jpg 300w\" sizes=\"auto, (max-width: 917px) 100vw, 917px\" \/><\/strong><\/p>\n<p>&nbsp;<\/p>\n<p><strong>ANTECEDENTES HIST\u00d3RICOS.<\/strong>&nbsp; Diez a\u00f1os atr\u00e1s, es decir, para el a\u00f1o 1903, Colombia era un pa\u00eds arruinado por la reciente Guerra de los Mil D\u00edas. Estados Unidos, presidido en esos momentos por Teodoro Roosevelt, estaba vivamente interesado en la construcci\u00f3n de un canal en el istmo de Panam\u00e1 que uniera los oc\u00e9anos Atl\u00e1ntico y Pac\u00edfico y les ahorrara a sus barcos la vuelta que ten\u00edan que dar hasta el sur del continente para poder pasar de las aguas de un oc\u00e9ano a las del otro. Con tal fin, se celebr\u00f3 un tratado, el Herr\u00e1n-Hay, pero el Senado colombiano no lo ratific\u00f3 por considerarlo lesivo para los intereses nacionales. Entonces, los norteamericanos atizaron una idea perversa, que ya germinaba en algunos dirigentes del departamento del istmo: la de que Panam\u00e1 se separara de Colombia y ya como pa\u00eds independiente firmara el tratado y lo ratificara. As\u00ed, Norteam\u00e9rica podr\u00eda construir tranquilamente el canal y beneficiarse de \u00e9l de manera indefinida y en condiciones altamente ventajosas. Se fragu\u00f3, entonces, una conspiraci\u00f3n contra nuestro pa\u00eds, que culmin\u00f3 en noviembre de 1903 cuando el departamento de Panam\u00e1 sorprendi\u00f3 al gobierno nacional, presidido por Jos\u00e9 Manuel Marroqu\u00edn, con el anuncio de que se separaba de Colombia. El gobierno nacional, tratando de controlar la situaci\u00f3n, que se le sal\u00eda de las manos, envi\u00f3 a Panam\u00e1 a los generales Juan B. Tovar y Ram\u00f3n G. Amaya, al mando del Batall\u00f3n Tiradores, conformado por 400 hombres, para reforzar las tropas colombianas acantonadas en Panam\u00e1 bajo el mando del general boyacense Esteban Huertas, a quien pensaba relevar del cargo por sospechas sobre su lealtad. El batall\u00f3n lleg\u00f3 a tierra paname\u00f1a el 3 de noviembre, justamente el d\u00eda para el cual estaba programada la revuelta separatista. Pero el general Huertas ya para entonces se hab\u00eda vendido a los conspiradores por 25.000 d\u00f3lares. La compa\u00f1\u00eda del ferrocarril, igualmente, estaba involucrada. Por ello, esta se neg\u00f3 a transportar a las tropas desde Col\u00f3n a Panam\u00e1, por lo cual se decidi\u00f3 que los generales Tovar y Amaya viajar\u00edan solos y las tropas quedar\u00edan al mando de un coronel. El traidor general Huertas hizo arrestar a los dos generales. Conocido el arresto de los oficiales colombianos, estallaron los motines callejeros. Estados Unidos fonde\u00f3 ocho naves de guerra en las costas paname\u00f1as. La superioridad militar de Estados Unidos, pa\u00eds que advirti\u00f3 que atacar\u00eda al nuestro si intentaba someter con el Ej\u00e9rcito a los sublevados, hizo que a Colombia no le quedara m\u00e1s opci\u00f3n que aceptar la p\u00e9rdida de su preciado departamento y que sus tropas regresaran a Bogot\u00e1. El 18 del mismo mes de noviembre de 1903 se firm\u00f3 entre Estados Unidos y Panam\u00e1 el tratado Hay-Buneau Varilla que posibilit\u00f3 la ansiada construcci\u00f3n del canal por los norteamericanos.<\/p>\n<p>La separaci\u00f3n de Panam\u00e1, tan pronto se produjo, gener\u00f3 en Colombia un fuerte sentimiento nacionalista y una gran hostilidad contra los Estados Unidos.<\/p>\n<p>&nbsp;<\/p>\n<div id=\"attachment_10357\" style=\"width: 427px\" class=\"wp-caption aligncenter\"><img loading=\"lazy\" decoding=\"async\" aria-describedby=\"caption-attachment-10357\" class=\"size-full wp-image-10357\" title=\"AURELIO MART\u00cdNEZ MUTIS\" src=\"https:\/\/lapiedrafilosofal.com\/wp-content\/uploads\/2013\/11\/AURELIO-MART\u00cdNEZ-MUTIS.jpg\" alt=\"\" width=\"417\" height=\"640\" srcset=\"https:\/\/oscarhumbertogomez.com\/wp-content\/uploads\/2013\/11\/AURELIO-MART\u00cdNEZ-MUTIS.jpg 417w, https:\/\/oscarhumbertogomez.com\/wp-content\/uploads\/2013\/11\/AURELIO-MART\u00cdNEZ-MUTIS-195x300.jpg 195w\" sizes=\"auto, (max-width: 417px) 100vw, 417px\" \/><p id=\"caption-attachment-10357\" class=\"wp-caption-text\">EL ENTONCES JOVEN POETA SANTANDEREANO AURELIO MART\u00cdNEZ MUTIS.<\/p><\/div>\n<p>&nbsp;<\/p>\n<p><strong><span style=\"color: #ff0000;\">EL POEMA.<\/span>&nbsp;<\/strong> Conforme hemos anotado, el joven poeta santandereano Aurelio Mart\u00ednez Mutis sorprendi\u00f3 a propios y extra\u00f1os cuando en aquel 1913, apenas diez a\u00f1os despu\u00e9s de la dolorosa desmembraci\u00f3n territorial sufrida por el suelo patrio, particip\u00f3 en el importante concurso internacional de poes\u00eda organizado en Par\u00eds, como queda dicho, por la prestigiosa revista &#8220;Mundial&#8221;. Pero los sorprendi\u00f3 m\u00e1s cuando fue proclamado ganador absoluto del concurso. Y los sorprendi\u00f3 todav\u00eda m\u00e1s cuando se supo que el poema con el que hab\u00eda ganado el certamen era uno titulado <em>&#8220;La epopeya del c\u00f3ndor&#8221;<\/em> y que constitu\u00eda una voz de protesta latinoamericana precisamente contra la descarada intervenci\u00f3n de los Estados Unidos en la separaci\u00f3n de Panam\u00e1 una d\u00e9cada antes. Sorpresa aun m\u00e1s grande, si se tiene en cuenta que aquel joven y rebelde poeta era un distinguido militante del Partido Conservador.<\/p>\n<p>El fuerte sentimiento antinorteamericano, nacionalista y latinoamericano que bull\u00eda a lo largo y ancho del pa\u00eds hizo que esta poes\u00eda se convirtiera en la m\u00e1s popular del momento, fama que habr\u00eda de acompa\u00f1arla durante los a\u00f1os venideros.<\/p>\n<p>&nbsp;<\/p>\n<div id=\"attachment_10391\" style=\"width: 650px\" class=\"wp-caption aligncenter\"><img loading=\"lazy\" decoding=\"async\" aria-describedby=\"caption-attachment-10391\" class=\"size-large wp-image-10391\" title=\"Revista Mundial-magazine-vol-2-1912-1913-ruben-dario\" src=\"https:\/\/lapiedrafilosofal.com\/wp-content\/uploads\/2013\/11\/Revista-Mundial-magazine-vol-2-1912-1913-ruben-dario-748x1024.jpg\" alt=\"\" width=\"640\" height=\"876\" srcset=\"https:\/\/oscarhumbertogomez.com\/wp-content\/uploads\/2013\/11\/Revista-Mundial-magazine-vol-2-1912-1913-ruben-dario-748x1024.jpg 748w, https:\/\/oscarhumbertogomez.com\/wp-content\/uploads\/2013\/11\/Revista-Mundial-magazine-vol-2-1912-1913-ruben-dario-219x300.jpg 219w, https:\/\/oscarhumbertogomez.com\/wp-content\/uploads\/2013\/11\/Revista-Mundial-magazine-vol-2-1912-1913-ruben-dario.jpg 877w\" sizes=\"auto, (max-width: 640px) 100vw, 640px\" \/><p id=\"caption-attachment-10391\" class=\"wp-caption-text\">PORTADA DE LA REVISTA &#8220;MUNDIAL&#8221;. (VOLUMEN 2 A\u00d1OS 1912 &#8211; 1913. A\u00f1o II.).PAR\u00cdS \/ FRANCIA<\/p><\/div>\n<div id=\"attachment_10392\" style=\"width: 650px\" class=\"wp-caption aligncenter\"><img loading=\"lazy\" decoding=\"async\" aria-describedby=\"caption-attachment-10392\" class=\"size-large wp-image-10392\" title=\"revista mundial-magazine-vol-2-1912-1913-ruben-dario II\" src=\"https:\/\/lapiedrafilosofal.com\/wp-content\/uploads\/2013\/11\/revista-mundial-magazine-vol-2-1912-1913-ruben-dario-II-722x1024.jpg\" alt=\"\" width=\"640\" height=\"907\" srcset=\"https:\/\/oscarhumbertogomez.com\/wp-content\/uploads\/2013\/11\/revista-mundial-magazine-vol-2-1912-1913-ruben-dario-II-722x1024.jpg 722w, https:\/\/oscarhumbertogomez.com\/wp-content\/uploads\/2013\/11\/revista-mundial-magazine-vol-2-1912-1913-ruben-dario-II-211x300.jpg 211w, https:\/\/oscarhumbertogomez.com\/wp-content\/uploads\/2013\/11\/revista-mundial-magazine-vol-2-1912-1913-ruben-dario-II.jpg 847w\" sizes=\"auto, (max-width: 640px) 100vw, 640px\" \/><p id=\"caption-attachment-10392\" class=\"wp-caption-text\">PORTADA DE LA REVISTA &#8220;MUNDIAL&#8221;. VOLUMEN 2. A\u00d1OS 1912 &#8211; 1913. A\u00f1o II. Navidad de 1912.PAR\u00cdS \/ FRANCIA<\/p><\/div>\n<div id=\"attachment_10393\" style=\"width: 510px\" class=\"wp-caption aligncenter\"><img loading=\"lazy\" decoding=\"async\" aria-describedby=\"caption-attachment-10393\" class=\"size-full wp-image-10393\" title=\"REVISTA MUNDIAL. INTERIOR.\" src=\"https:\/\/lapiedrafilosofal.com\/wp-content\/uploads\/2013\/11\/REVISTA-MUNDIAL.-INTERIOR.-.jpg\" alt=\"\" width=\"500\" height=\"374\" srcset=\"https:\/\/oscarhumbertogomez.com\/wp-content\/uploads\/2013\/11\/REVISTA-MUNDIAL.-INTERIOR.-.jpg 500w, https:\/\/oscarhumbertogomez.com\/wp-content\/uploads\/2013\/11\/REVISTA-MUNDIAL.-INTERIOR.--300x224.jpg 300w\" sizes=\"auto, (max-width: 500px) 100vw, 500px\" \/><p id=\"caption-attachment-10393\" class=\"wp-caption-text\">P\u00c1GINAS INTERIORES DE UNA EDICI\u00d3N DE LA REVISTA &#8220;MUNDIAL&#8221;.PAR\u00cdS \/ FRANCIA<\/p><\/div>\n<div id=\"attachment_9258\" style=\"width: 1510px\" class=\"wp-caption aligncenter\"><img loading=\"lazy\" decoding=\"async\" aria-describedby=\"caption-attachment-9258\" class=\"size-full wp-image-9258\" title=\"Ruben_Dario_(1915)_cropped\" src=\"https:\/\/lapiedrafilosofal.com\/wp-content\/uploads\/2013\/07\/Ruben_Dario_1915_cropped.jpg\" alt=\"\" width=\"1500\" height=\"1000\"><p id=\"caption-attachment-9258\" class=\"wp-caption-text\">RUB\u00c9N DAR\u00cdO, DIRECTOR DE LA REVISTA &#8220;MUNDIAL&#8221;. PAR\u00cdS \/ FRANCIA<\/p><\/div>\n<div id=\"attachment_13563\" style=\"width: 1034px\" class=\"wp-caption aligncenter\"><img loading=\"lazy\" decoding=\"async\" aria-describedby=\"caption-attachment-13563\" class=\"size-full wp-image-13563\" title=\"OLYMPUS DIGITAL CAMERA\" src=\"https:\/\/lapiedrafilosofal.com\/wp-content\/uploads\/2014\/01\/MONUMENTO-A-RUB\u00c9N-DAR\u00cdO.jpg\" alt=\"\" width=\"1024\" height=\"768\" srcset=\"https:\/\/oscarhumbertogomez.com\/wp-content\/uploads\/2014\/01\/MONUMENTO-A-RUB\u00c9N-DAR\u00cdO.jpg 1024w, https:\/\/oscarhumbertogomez.com\/wp-content\/uploads\/2014\/01\/MONUMENTO-A-RUB\u00c9N-DAR\u00cdO-300x225.jpg 300w\" sizes=\"auto, (max-width: 1024px) 100vw, 1024px\" \/><p id=\"caption-attachment-13563\" class=\"wp-caption-text\">MONUMENTO A RUB\u00c9N DAR\u00cdO \/ Managua (NIcaragua).<\/p><\/div>\n<p>&nbsp;<\/p>\n<p>Nuestro portal, comprometido en la recuperaci\u00f3n de la memoria hist\u00f3rica y del legado cultural santandereano, no puede menos que exaltar la obra literaria que fue, a lo largo de muchos a\u00f1os, bandera del arte po\u00e9tico en Santander y en Colombia, emergida de la pluma de un Mutis, de nuestro hoy olvidado Aurelio Mart\u00ednez Mutis. Por eso, forzoso resulta insertar aqu\u00ed el texto completo de <em>&#8220;La epopeya del c\u00f3ndor&#8221;<\/em>.<em>&nbsp;<\/em><\/p>\n<p>__________<\/p>\n<p>&nbsp;<\/p>\n<p><em><span style=\"color: #000080;\"><strong>VOCABULARIO:<\/strong><\/span><\/em><\/p>\n<p>&nbsp;<\/p>\n<p>Como se trata de una poes\u00eda antigua, pues data de hace un siglo, y el poeta manejaba un lenguaje de refinada exquisitez, consideramos conveniente insertar antes un peque\u00f1o lexic\u00f3n que precise el significado de algunos de los vocablos empleados en ese entonces por el vate santandereano.<\/p>\n<p>&nbsp;<\/p>\n<p><em><strong>Epopeya:<\/strong> poema extenso que narra hechos heroicos, hist\u00f3ricos o legendarios. Conjunto de poemas que constituyen la tradici\u00f3n \u00e9pica de un pa\u00eds o de una \u00e9poca. Conjunto de esos hechos gloriosos. Acci\u00f3n que se lleva a cabo con grandes dificultades y padecimientos.&nbsp;<strong>Cimera:<\/strong> que remata por lo alto una elevaci\u00f3n. <strong>Umbr\u00eda:<\/strong> lugar que, por su orientaci\u00f3n, siempre permanece en la sombra. <strong>Columbrar:<\/strong> atisbar, vislumbrar, ver de lejos. <strong>Amianto:<\/strong> silicato de contextura fibrosa.&nbsp;<strong>Dobl\u00f3n:<\/strong> moneda de oro espa\u00f1ola. <strong>Inmoble:<\/strong> inm\u00f3vil. <strong>Vestiglo:<\/strong> monstruo horrible creado por la imaginaci\u00f3n. <strong>Ingente:<\/strong> muy grande. <strong>Histri\u00f3n:<\/strong> actor, farsante. <strong>Veste:<\/strong> vestidura, vestido, traje. <strong>La Idea:<\/strong> la unidad pol\u00edtica latinoamericana, idea atribuida generalmente a Sim\u00f3n Bol\u00edvar, aunque su precursor fue Francisco Miranda. <strong>Oceano:<\/strong> licencia po\u00e9tica por &#8220;oc\u00e9ano&#8221;. <strong>Molicie:<\/strong> blandura, comodidad excesiva en la manera de vivir. <strong>C\u00e1rmenes: <\/strong>versos, especialmente los latinos. <strong>Opimos:&nbsp;<\/strong>ricos, f\u00e9rtiles, abundantes. &#8220;Quiz\u00e1 por influencia de &#8220;\u00f3ptimo&#8221;, palabra con la que &#8220;opimo&#8221; no tiene ninguna relaci\u00f3n, es frecuente la falta de ortograf\u00eda de acentuar esta palabra en la &#8220;o&#8221; inicial&#8221;. (Moliner). <strong>Cohorte:<\/strong> Unidad del ej\u00e9rcito romano base de las legiones. &nbsp;<strong>Luisiana<\/strong> y <strong>La Florida<\/strong>: estados norteamericanos que fueron adquiridos por Estados Unidos a Francia y Espa\u00f1a mediante el pago de dinero. &nbsp;<strong>Lexington: <\/strong>Lugar donde se inici\u00f3, con la Batalla de Lexington, la Guerra de Independencia de los Estados Unidos. <strong>Epinicio:<\/strong> Himno triunfal o canto de victoria.<strong>&nbsp;Eclosi\u00f3n:&nbsp;<\/strong>Abrirse un capullo, una cris\u00e1lida o un huevo para dar paso a la flor, a la mariposa o al ave. <strong>Landa:&nbsp;<\/strong>Llanura extensa de tierra no apta para el cultivo.<strong> <strong>Doctrina Monroe:&nbsp;<\/strong><\/strong>&#8220;Am\u00e9rica para los americanos&#8221;. <strong>Gran\u00edtico:<\/strong> de granito o semejante a esa roca. <strong>Basti\u00f3n:<\/strong> Baluarte, fortaleza. <strong><strong><strong>Momotombo:<\/strong> <\/strong><\/strong>volc\u00e1n nicarag\u00fcense.<strong><strong> <strong>Rodrigo de Triana:<\/strong> <\/strong><\/strong>Marino de La Pinta que primero avist\u00f3 tierra el 12 de octubre de 1492 y lanz\u00f3 el consiguiente grito de&#8221;\u00a1Tierra! \u00a1Tierra!&#8221;.<\/em><\/p>\n<p>______________<\/p>\n<p>&nbsp;<\/p>\n<p><strong>LA EPOPEYA DEL C\u00d3NDOR<\/strong><\/p>\n<p>Por <strong>Aurelio Mart\u00ednez Mutis<\/strong><\/p>\n<p>&nbsp;<\/p>\n<p><img loading=\"lazy\" decoding=\"async\" class=\"aligncenter size-full wp-image-9229\" title=\"C\u00f3ndor\" src=\"https:\/\/lapiedrafilosofal.com\/wp-content\/uploads\/2013\/07\/C\u00f3ndor.jpg\" alt=\"\" width=\"1024\" height=\"768\" srcset=\"https:\/\/oscarhumbertogomez.com\/wp-content\/uploads\/2013\/07\/C\u00f3ndor.jpg 1024w, https:\/\/oscarhumbertogomez.com\/wp-content\/uploads\/2013\/07\/C\u00f3ndor-300x225.jpg 300w\" sizes=\"auto, (max-width: 1024px) 100vw, 1024px\" \/><\/p>\n<p>&nbsp;<\/p>\n<p>&#8220;\u00a1Oh, Tiro, orgullosa, con tanta gloria y riquezas:<br \/>\ntus navegantes han tocado en todas las costas,<br \/>\ny ahora las olas del mar van a alzarse contra ti;<br \/>\nun viento impetuoso te precipitar\u00e1 en medio del abismo.<br \/>\nEn el d\u00eda de tu ruina, tus riquezas, tu comercio,<br \/>\ntus negociantes, tus marineros, tus pilotos,<br \/>\ntus hombres de guerra y ese pueblo que llena<br \/>\ntus asambleas, caer\u00e1n contigo&#8221;.<\/p>\n<p>Ezequiel, XXVII, 1-8.<\/p>\n<p>&nbsp;<\/p>\n<p><img loading=\"lazy\" decoding=\"async\" class=\"aligncenter size-full wp-image-9231\" title=\"CANAL DE PANAM\u00c1 II\" src=\"https:\/\/lapiedrafilosofal.com\/wp-content\/uploads\/2013\/07\/CANAL-DE-PANAM\u00c1-II.jpg\" alt=\"\" width=\"594\" height=\"600\" srcset=\"https:\/\/oscarhumbertogomez.com\/wp-content\/uploads\/2013\/07\/CANAL-DE-PANAM\u00c1-II.jpg 594w, https:\/\/oscarhumbertogomez.com\/wp-content\/uploads\/2013\/07\/CANAL-DE-PANAM\u00c1-II-297x300.jpg 297w\" sizes=\"auto, (max-width: 594px) 100vw, 594px\" \/><\/p>\n<p><img loading=\"lazy\" decoding=\"async\" class=\"aligncenter size-full wp-image-9230\" title=\"CANAL DE PANAM\u00c1\" src=\"https:\/\/lapiedrafilosofal.com\/wp-content\/uploads\/2013\/07\/CANAL-DE-PANAM\u00c1.jpg\" alt=\"\" width=\"640\" height=\"426\" srcset=\"https:\/\/oscarhumbertogomez.com\/wp-content\/uploads\/2013\/07\/CANAL-DE-PANAM\u00c1.jpg 640w, https:\/\/oscarhumbertogomez.com\/wp-content\/uploads\/2013\/07\/CANAL-DE-PANAM\u00c1-300x199.jpg 300w\" sizes=\"auto, (max-width: 640px) 100vw, 640px\" \/><img loading=\"lazy\" decoding=\"async\" class=\"aligncenter size-full wp-image-9234\" title=\"AGUILA\" src=\"https:\/\/lapiedrafilosofal.com\/wp-content\/uploads\/2013\/07\/AGUILA.jpg\" alt=\"\" width=\"259\" height=\"194\"><img loading=\"lazy\" decoding=\"async\" class=\"aligncenter size-full wp-image-9236\" title=\"aguila II\" src=\"https:\/\/lapiedrafilosofal.com\/wp-content\/uploads\/2013\/07\/aguila-II.jpg\" alt=\"\" width=\"738\" height=\"487\" srcset=\"https:\/\/oscarhumbertogomez.com\/wp-content\/uploads\/2013\/07\/aguila-II.jpg 738w, https:\/\/oscarhumbertogomez.com\/wp-content\/uploads\/2013\/07\/aguila-II-300x197.jpg 300w\" sizes=\"auto, (max-width: 738px) 100vw, 738px\" \/><img loading=\"lazy\" decoding=\"async\" class=\"aligncenter size-full wp-image-9237\" title=\"C\u00f3ndor pich\u00f3n\" src=\"https:\/\/lapiedrafilosofal.com\/wp-content\/uploads\/2013\/07\/C\u00f3ndor-pich\u00f3n2.jpg\" alt=\"\" width=\"268\" height=\"320\" srcset=\"https:\/\/oscarhumbertogomez.com\/wp-content\/uploads\/2013\/07\/C\u00f3ndor-pich\u00f3n2.jpg 268w, https:\/\/oscarhumbertogomez.com\/wp-content\/uploads\/2013\/07\/C\u00f3ndor-pich\u00f3n2-251x300.jpg 251w\" sizes=\"auto, (max-width: 268px) 100vw, 268px\" \/><\/p>\n<p>&nbsp;<\/p>\n<p>Sobre el flanco del monte<br \/>\nmeridional, cuya cimera umbr\u00eda<br \/>\nparece que interroga al horizonte,<br \/>\nensayaba un polluelo<br \/>\nel plum\u00f3n de sus alas, para el vuelo<br \/>\nd\u00e9biles e inexpertas todav\u00eda.<br \/>\nBrisas reci\u00e9n despiertas<br \/>\nllegaban hasta \u00e9l; por la rosada<br \/>\ninmensidad que se abre en lejan\u00eda,<br \/>\ncomo enorme y sangrienta llamarada,<br \/>\nla aurora en el Oriente aparec\u00eda.<br \/>\nAnsiosa de pillaje,<br \/>\nun \u00e1guila lleg\u00f3; bati\u00f3 en la roca<br \/>\nel \u00e9bano ruidoso del plumaje<br \/>\ne hinc\u00f3 la garra en la inviolada y fina<br \/>\ncarne de aquella juventud; inerte<br \/>\nla v\u00edctima cay\u00f3. La niebla andina<br \/>\ncubri\u00f3 el horror de la tragedia.<\/p>\n<p>Mudo pas\u00f3 el tiempo despu\u00e9s, pero la muerte<br \/>\nvencer la sangre juvenil no pudo.<br \/>\nFue propicia espera. Aquel polluelo<br \/>\nera un c\u00f3ndor, en su pupila ard\u00eda,<br \/>\ncomo un gran cofre millonario el cielo,<br \/>\nblanca gorguera en derredor bordaba<br \/>\nsu cuello, cual blas\u00f3n en que se ve\u00eda<br \/>\nla estirpe regia, prestigiosa y brava,<br \/>\ny aptos eran sus m\u00fasculos de bronce<br \/>\npara romper en la serena altura,<br \/>\na golpes de ala el hurac\u00e1n. Entonces,<br \/>\nsurgi\u00f3 el recuerdo rojo de su obscura<br \/>\nni\u00f1ez, y del alt\u00edsimo pe\u00f1asco<br \/>\nvol\u00f3. Al pasar, doblaron la cabeza<br \/>\ncien volcanes, cubiertos con su casco<br \/>\nde fuego; era un tributo a la grandeza<br \/>\nde aquel emperador. En la penumbra<br \/>\nindecisa y lejana del otero,<br \/>\ns\u00fabitamente al \u00e1guila columbra<br \/>\nabsorta en devorar tierno cordero<br \/>\nque robara a un pastor; el ala tiende,<br \/>\ncruza como un meteoro el infinito,<br \/>\ny a su enemiga en el fest\u00edn sorprende<br \/>\ncon un radiante y victorioso grito.<br \/>\nY fue la lid salvaje, el ansia sorda<br \/>\nque estalla hecha tumulto, la filuda<br \/>\ngarra contra la garra, el pico fuerte,<br \/>\nel aletazo, la agresi\u00f3n sa\u00f1uda,<br \/>\nel encono ancestral que se desborda<br \/>\ny condena a la fuga o a la muerte.<br \/>\nRendida al fin, entre la niebla muda,<br \/>\nhuy\u00f3 el \u00e1guila ol\u00edmpica&#8230;<\/p>\n<p>&nbsp;<\/p>\n<p>Un poeta,<br \/>\npeque\u00f1o como el \u00e1tomo, infelice,<br \/>\npero grande y vidente porque canta<br \/>\nde pie sobre Am\u00e9rica, predice<br \/>\nla epopeya del pueblo,<br \/>\nque crece y se agiganta,<br \/>\ncomo el viejo profeta que el desastre<br \/>\nanunci\u00f3 de la orgullosa Tiro:<br \/>\n\u00a1Oh, Tit\u00e1n soberbio, yo te auguro<br \/>\nla ruina; es tu grandeza<br \/>\nun opulento roble<br \/>\nde ramas fuertes y rotundas,<br \/>\npero un gusano ha puesto en sus ra\u00edces<br \/>\nla justicia de Dios&#8230;<\/p>\n<p>&nbsp;<\/p>\n<p>Hacia las zonas<br \/>\ndonde duerme la Am\u00e9rica Latina<br \/>\nen molicie sensual, sobre coronas<br \/>\nde laureles antiguos, se encamina<br \/>\nuna falange de colosos. Traen<br \/>\nnervios de amianto y m\u00fasculos de acero,<br \/>\nen cada rostro la expresi\u00f3n felina,<br \/>\nde donde gotas sudorosas caen,<br \/>\nhay un rojizo resplandor de forja<br \/>\ny el gesto de un altivo aventurero,<br \/>\nque es un conquistador. Entre su alforja<br \/>\nhenchida tras tit\u00e1nica porf\u00eda,<br \/>\ndesb\u00f3rdase un torrente de doblones,<br \/>\ntumultuoso y soberbio, que podr\u00eda<br \/>\ncomprar a cien Naciones,<br \/>\ncual si fuesen menguada mercanc\u00eda.<\/p>\n<p>Ellos sacaron de la f\u00e9rrea mina<br \/>\nla fuente de agua negra y luminosa,<br \/>\nen dos partieron la extensi\u00f3n marina,<br \/>\nencerraron en l\u00e1mina divina<br \/>\nla palabra, con mano portentosa,<br \/>\ndieron al labrador armas mejores,<br \/>\nhaciendo el fluido el\u00e9ctrico fecundo,<br \/>\nla noche constelaron de fulgores,<br \/>\nmultiplicaron discos y motores,<br \/>\nal aire dieron trenes voladores<br \/>\ny hablaron con los t\u00e9rminos del mundo,<br \/>\ny bajo la ambici\u00f3n que los empuja,<br \/>\ncual si retar quisiesen a la brava<br \/>\nnube que en hoscos \u00edmpetus revienta,<br \/>\na los cielos alzaron una aguja<br \/>\ndiamantina e inmoble, donde clava<br \/>\nsus flam\u00edgeros rayos la tormenta.<\/p>\n<p>Un sue\u00f1o de grandeza y poder\u00edo<br \/>\nen sus cabezas flota. Es la avalancha<br \/>\nque se desborda desde el Norte fr\u00edo<br \/>\nhasta el conf\u00edn de Magallanes.<br \/>\nMancha de aceite multiforme<br \/>\nque avanza y crece, y cual si mengua fuera<br \/>\nya del hombre triunfar, quiere el Coloso,<br \/>\nque no temi\u00f3 de Camoens los vestiglos,<br \/>\ndespedazar con su martillo enorme<br \/>\nla gigantesca barrera<br \/>\nque formaron los siglos,<br \/>\ny rompiendo esas moles seculares<br \/>\nhabr\u00e1 de hacer, ingentes y profundos,<br \/>\nun idilio de amor entre dos mares<br \/>\ny una cita de hierro entre dos mundos.<\/p>\n<p>Pero pocos han sido<br \/>\nherederos de Washington, el noble,<br \/>\nel patriarcal, el austero ciudadano<br \/>\nque alzara ayer con majestad de roble<br \/>\nel pend\u00f3n del derecho americano.<br \/>\nHuy\u00f3 la santidad de esa bandera,<br \/>\ny junto al haz de olivos de su escudo<br \/>\nel drag\u00f3n que hoy impera<br \/>\nlas fauces abre amenazante y mudo.<br \/>\nHijos de los famosos bucaneros<br \/>\nson los imperialistas, herederos<br \/>\nde William Walker, el audaz bandido,<br \/>\nmaestro insigne de estupendos robos<br \/>\nque a Nicaragua penetr\u00f3 seguido<br \/>\nde sus marinos lobos,<br \/>\ny entonces comprendi\u00f3 que cuando vela<br \/>\npor su techo y por sus hijos, la gacela<br \/>\npuede hacerse le\u00f3n. Son los traidores<br \/>\ntent\u00e1culos del pulpo que hoy flagela<br \/>\ny oprime, y chupa, en lentos torcedores<br \/>\na ese inerme pa\u00eds. Son los hermanos<br \/>\nde Vern\u00f3n, que al sitiar la Heroica Villa<br \/>\ncon su corsaria flota,<br \/>\nhuy\u00f3 ante los rugidos soberanos<br \/>\ndel Le\u00f3n de Castilla,<br \/>\ny supo en su verg\u00fcenza y su derrota<br \/>\nque un soldado de Espa\u00f1a no se humilla<br \/>\nporque sabe morir. Son los histriones<br \/>\ndel T\u00edo Sam, que a la Antilla codiciada<br \/>\nle negaron los dones<br \/>\nque le ofreciera la latina espada,<br \/>\ny so\u00f1aron con burdas ambiciones<br \/>\ntrocar su magna libertad por una<br \/>\nmuelle y dorada servidumbre un d\u00eda,<br \/>\ncreyendo que el cubano vender\u00eda<br \/>\nel ideal que lo arrull\u00f3 en la cuna!<br \/>\nEllos, los nuevos b\u00e1rbaros, fijaron<br \/>\nen el hogar vecino sus anhelos,<br \/>\n\u00e1vidos como Atila, penetraron<br \/>\nen la patria de Hidalgo y de Morelos,<br \/>\ny tras lid sin igual, lid sin decoro<br \/>\nde ni\u00f1os aplastados por gigantes,<br \/>\nellos, los hijos cl\u00e1sicos del toro,<br \/>\nhicieron un fest\u00edn de sangre y oro<br \/>\ncon las rojas entra\u00f1as palpitantes.<br \/>\nY oro y sangre tambi\u00e9n, sangre que canta<br \/>\nla vida, y oro espl\u00e9ndido de soles<br \/>\nbebieron en la herida sacrosanta<br \/>\nabierta en los dominios espa\u00f1oles.<\/p>\n<p>Fue entonces nuevo heraldo<br \/>\nde la raza vencida, la figura<br \/>\nprimitiva y fastuosa de Aguinaldo:<br \/>\ncon un \u00faltimo gesto de locura,<br \/>\ncuando, con la actitud del que despoja,<br \/>\na las Islas lleg\u00f3 la gente extra\u00f1a,<br \/>\nal cinto puso la luciente hoja,<br \/>\nclav\u00f3 en las cumbres su bandera roja<br \/>\ny cay\u00f3 como el roble en la monta\u00f1a!<\/p>\n<p>Pero lleg\u00f3 a su colmo la medida:<br \/>\nahogando en el alud de la materia<br \/>\na la v\u00edctima incauta y sorprendida,<br \/>\nel jay\u00e1n de la feria<br \/>\ncompra al traidor en la almoneda obscura,<br \/>\nfalta a la fe con imperial cinismo<br \/>\ny hunde a un pueblo indefenso en el abismo<br \/>\nde la m\u00e1s espantosa desventura.<\/p>\n<p>Ante ese gran dolor, crucificado,<br \/>\nmudo, impotente, inextinguible y solo,<br \/>\nal crimen se han alzado<br \/>\nhimnos de admiraci\u00f3n de polo a polo.<br \/>\nAl villano que roba en el camino<br \/>\n-hambriento acaso- cu\u00e9lgase el grillete<br \/>\nbrutal del salteador y el asesino,<br \/>\ny al ladr\u00f3n de naciones<br \/>\nque oculto en la emboscada del bufete<br \/>\ny amparado por barcos y ca\u00f1ones<br \/>\nllena a un pueblo de l\u00e1grimas y luto,<br \/>\na ese le da las palmas del tributo<br \/>\nla Civilizaci\u00f3n! Clama y protesta<br \/>\nel idioma espa\u00f1ol, que no se presta<br \/>\npara hacer del honor pasto y vitualla<br \/>\ny pregona que es \u00e9sta<br \/>\nla Civilizaci\u00f3n de la canalla.<br \/>\nConcierto de abyecci\u00f3n, verdugo listo<br \/>\nque al reo aclama y vilipendia a Cristo!<br \/>\nEl c\u00f3digo social fustiga y mata<br \/>\na quien roba a un hogar casta doncella,<br \/>\ny hoy que todo lo noble se atropella<br \/>\nc\u00fabrese de laureles al pirata<br \/>\nque hurt\u00f3 a Colombia su mejor estrella!<\/p>\n<p>Ella al infame castigar no pudo;<br \/>\nsobre las playas que el Caribe azota<br \/>\nrecogi\u00f3 los pedazos de su escudo,<br \/>\ny sin doblar un punto la rodilla,<br \/>\nmostr\u00f3 su veste ensangrentada y rota,<br \/>\npero limpia de fango y de mancilla.<\/p>\n<p>Ante ese cuadro l\u00edvido,<br \/>\nque apenas el pincel a rasgos traza,<br \/>\np\u00e1lido centinela clamorea<br \/>\ny habla a los horizontes de la Raza,<br \/>\nde pie sobre la torre de la Idea.<br \/>\nEs la voz de la Uni\u00f3n. En el sosiego<br \/>\nde la noche pret\u00e9rita y distante,<br \/>\ntal como un bronce que tocara a fuego,<br \/>\nhabla el Libertador. Ya en el cuadrante<br \/>\nque la impasible eternidad esp\u00eda,<br \/>\nson\u00f3 la sollozante<br \/>\nhora de su tremenda profec\u00eda.<\/p>\n<p>Y es forzosa esa uni\u00f3n, dique y cimiento<br \/>\npara un haz de Rep\u00fablicas. En vano<br \/>\nir\u00e1 a buscar ex\u00f3tico elemento<br \/>\nel hijo de la Loba y del Hispano;<br \/>\nla raza buscar\u00e1 cada fragmento<br \/>\ncomo busca la gota el oceano.<\/p>\n<p>Mas, \u00bfqu\u00e9 son los ardientes<br \/>\ngritos ante la ola despe\u00f1ada?<br \/>\nEsp\u00edritus videntes<br \/>\npredican paz y anuncian la llegada<br \/>\ndel Tit\u00e1n que, cortando las ortigas<br \/>\nde nuestros viejos odios carniceros,<br \/>\ndesatar\u00e1 las pr\u00f3speras espigas<br \/>\ncomo un r\u00edo de oro en los graneros.<br \/>\n\u00a1Honor y gloria para Sancho! \u00a1Brote<br \/>\nde la prudencia suma,<br \/>\ngu\u00eda, escudo y sost\u00e9n de Don Quijote!<br \/>\n\u00a1Olvidemos la pluma,<br \/>\nla espada y los or\u00edgenes proceros,<br \/>\ndurmamos en molicie musulmana<br \/>\nel sue\u00f1o de los brutos, y ma\u00f1ana<br \/>\ncuando atrapen los c\u00e1rmenes opimos<br \/>\nde la heredad, los burdos mercaderes,<br \/>\ntendremos que llorar como mujeres<br \/>\nlo que guardar como hombres no supimos!<\/p>\n<p>Arde el fuego sagrado del honor<br \/>\nen el templo del Pasado;<br \/>\njam\u00e1s podr\u00e1n vestir con la librea<br \/>\ncon que visten el lacayo y el eunuco<br \/>\nlos que fueron leones de la Idea<br \/>\nen Puebla, y en Jun\u00edn, y en Chacabuco.<br \/>\nEs preciso vencer. No es ilusoria<br \/>\nla voz que da la juventud florida;<br \/>\nla pampa inmensa a laborar convida,<br \/>\nquien gan\u00f3 las batallas de la gloria,<br \/>\npuede ganar tambi\u00e9n las de la vida!<\/p>\n<p>Despertando vigores<br \/>\ny arrojando en el surco la simiente,<br \/>\nse acercan los latinos sembradores,<br \/>\ny van bizarramente<br \/>\nal Coloso lanzando un desaf\u00edo<br \/>\nbajo el suntuoso pabell\u00f3n del Arte,<br \/>\nde Chocano el ap\u00f3strofe brav\u00edo,<br \/>\nel arpa inmensa de Rub\u00e9n Dar\u00edo<br \/>\ny el verbo rudo y redentor de Ugarte.<\/p>\n<p>Es hora de las grandes odiseas,<br \/>\nuna bandada l\u00edrica de ideas<br \/>\ndespierta al continente adormecido<br \/>\ny hace poner de pie sus avanzadas,<br \/>\ncomo el brusco graznido<br \/>\nde las aves sagradas<br \/>\nque poniendo las lanzas y rodelas<br \/>\nen manos de la it\u00e1lica cohorte,<br \/>\navis\u00f3 a los dormidos centinelas<br \/>\nque llegaban los b\u00e1rbaros del Norte!<\/p>\n<p>Es preciso luchar, romper la infanda<br \/>\nnoche, hacer fecunda la procera<br \/>\ny alta lecci\u00f3n que la altivez nos diera<br \/>\nen la patria de Sucre y de Miranda,<br \/>\ny en la cuna de O&#8217;Higgins y Carrera.<\/p>\n<p>Trabajo es libertad. Nuestro destino<br \/>\nes oro en el fil\u00f3n; para el Latino<br \/>\nel secreto del triunfo est\u00e1 fincado<br \/>\nen ser obrero y a la vez soldado,<br \/>\nen romper a lo largo del sendero<br \/>\nla valla con el filo del acero<br \/>\ny el surco con la reja del arado.<\/p>\n<p>Pueblo que fue en la fragua modelado<br \/>\nno es el h\u00edbrido pueblo que en su aurora<br \/>\ncompra trozos de patria en el mercado.<br \/>\nQuiz\u00e1 el ce\u00f1udo traficante ignora<br \/>\nla sangre ilustre en Lexington vertida:<br \/>\nal atar la Luisiana y la Florida<br \/>\na su carroza de brillantes ruedas,<br \/>\nen lugar de un pu\u00f1ado de su vida<br \/>\ndio tan solo un pu\u00f1ado de monedas!<\/p>\n<p>&nbsp;<\/p>\n<p>Fue el astro del Derecho en su epinicio,<br \/>\nsol de invierno, tard\u00edo e incoloro,<br \/>\nque apenas dio su resplandor propicio<br \/>\ncuando hume\u00f3 el sangrante sacrificio<br \/>\nante las aras del becerro de oro,<br \/>\ncomo aborto imposible, surgi\u00f3 una<br \/>\nrep\u00fablica imperial, tras el prodigio<br \/>\nde lid recia y gigante cual ninguna,<br \/>\nel hombre negro redimido al cabo,<br \/>\na par del gorro frigio<br \/>\nsigui\u00f3 llevando el hierro del esclavo.<\/p>\n<p>Y en tanto que esa hond\u00edsima gangrena<br \/>\ncamina en las entra\u00f1as del Coloso<br \/>\ny para breve plazo lo condena<br \/>\na caer con estr\u00e9pito espantoso,<br \/>\nla savia nueva, generosa y rica<br \/>\nque nos dieran ayer nuestros mayores<br \/>\nabajo el tronco nutre y fortifica<br \/>\ny arriba salta en eclosi\u00f3n de flores!<\/p>\n<p>La libertad las almas se\u00f1orea<br \/>\ny es todo libre, en monte y en llanura,<br \/>\ndesde el boa monstruoso que en oscura<br \/>\nlanda, la presa esp\u00eda y se recrea<br \/>\nen su banquete de siniestras galas,<br \/>\nal colibr\u00ed peque\u00f1o, miniatura<br \/>\ndel arco iris, flor que juguetea,<br \/>\nrayo de sol sobre columpio de alas.<\/p>\n<p>De nuestra casa bajo el amplio techo<br \/>\nhallan el pan y el vino,<br \/>\njunto al pend\u00f3n sagrado del derecho,<br \/>\nel indio, el ruso, el sirio, el africano,<br \/>\ny es porque encierra el ideal latino<br \/>\ntodas las ansias del linaje humano,<br \/>\ncomo contiene el caracol marino<br \/>\nla voz, la inmensa voz del oceano.<\/p>\n<p>Monroe lanz\u00f3 su f\u00f3rmula col\u00e9rica<br \/>\ny ambigua, como un reto hacia la Europa,<br \/>\nS\u00e1enz cre\u00f3 nuestra divisa: &#8220;Am\u00e9rica<br \/>\npara la Humanidad&#8221;. Bulle en su copa<br \/>\nla vida. La esperanza es una estrella<br \/>\nque conduce a la Tierra Prometida<br \/>\nlas caravanas de emigrantes; ella<br \/>\nrenueva la resaca empobrecida,<br \/>\npalpita en un comp\u00e1s grave y profundo<br \/>\ny hasta la extremidad m\u00e1s apartada<br \/>\nlanza toda esa vida desbordada,<br \/>\ncomo si fuese el coraz\u00f3n del mundo!<\/p>\n<p>La raza est\u00e1 de pie. Como un vig\u00eda<br \/>\nque vela en los gran\u00edticos bastiones,<br \/>\nel Momotombo enciende sus fanales,<br \/>\ny como los tupidos escuadrones<br \/>\nde un ej\u00e9rcito en marcha que, triunfales<br \/>\npendones lleva y al combate gu\u00eda,<br \/>\nse enfilan en la turbia lejan\u00eda<br \/>\nlos Andes con sus cumbres inmortales.<\/p>\n<p>Viene de la llanura<br \/>\nla fragancia oto\u00f1al que da la siembra<br \/>\nen saz\u00f3n ya. La Tierra es una hembra<br \/>\nque ha dado a luz. Como la hostia santa,<br \/>\nincendiando los cielos se levanta<br \/>\nel sol del Porvenir. El azul pleno<br \/>\ncanta: es el mismo luminar sereno<br \/>\nque alboreaba en el p\u00e1lido infinito<br \/>\ncuando, desde las velas espa\u00f1olas,<br \/>\nse alz\u00f3, jocundo y poderoso, el grito<br \/>\nde Rodrigo de Triana<br \/>\nque anunci\u00f3 la epopeya americana<br \/>\nentre el estruendo salvaje de las olas!<\/p>\n<p><em>Aurelio Mart\u00ednez Mutis<\/em><\/p>\n<p>Bogot\u00e1, 1913.<\/p>\n<p>___________<\/p>\n<p>&nbsp;<\/p>\n<p><strong>EL HOMENAJE EN EL TEATRO COL\u00d3N, EL SABOTEO Y LA RESPUESTA DEL POETA.<\/strong><span style=\"color: #ff0000;\"><strong>&nbsp;<\/strong>&nbsp;<\/span><\/p>\n<p>&nbsp;<\/p>\n<div id=\"attachment_10373\" style=\"width: 1034px\" class=\"wp-caption aligncenter\"><img loading=\"lazy\" decoding=\"async\" aria-describedby=\"caption-attachment-10373\" class=\"size-full wp-image-10373\" title=\"TEATRO COL\u00d3N\" src=\"https:\/\/lapiedrafilosofal.com\/wp-content\/uploads\/2013\/11\/TEATRO-COL\u00d3N1.jpg\" alt=\"\" width=\"1024\" height=\"768\" srcset=\"https:\/\/oscarhumbertogomez.com\/wp-content\/uploads\/2013\/11\/TEATRO-COL\u00d3N1.jpg 1024w, https:\/\/oscarhumbertogomez.com\/wp-content\/uploads\/2013\/11\/TEATRO-COL\u00d3N1-300x225.jpg 300w\" sizes=\"auto, (max-width: 1024px) 100vw, 1024px\" \/><p id=\"caption-attachment-10373\" class=\"wp-caption-text\">TEATRO COL\u00d3N. BOGOT\u00c1 \/ COLOMBIA.<\/p><\/div>\n<p>&nbsp;<\/p>\n<p>Con la corona de laurel ce\u00f1ida sobre sus sienes, el poeta, quien curiosamente hab\u00eda de ir a morir cuarenta a\u00f1os m\u00e1s tarde (1954) precisamente en Par\u00eds, la luminosa capital francesa donde obtuvo este galard\u00f3n internacional, recibi\u00f3 felicitaciones por parte de figuras prominentes de la poes\u00eda, como Guillermo Valencia, y en la g\u00e9lida y brumosa Bogot\u00e1, de donde era inquilino, se le prepar\u00f3 un merecido homenaje, en solemne acto nocturno y de gala que se llevar\u00eda a cabo en el Teatro Col\u00f3n. &nbsp;Sin embargo, periodistas de la capital de la rep\u00fablica, inconformes con que el premio se le hubiese otorgado a un poeta provinciano, y m\u00e1xime a alguien que no pertenec\u00eda a la \u00e9lite social bogotana, y fieles a esa tradici\u00f3n infortunada del centralismo a ultranza y socialmente discriminante, que solo ve virtudes y merecimientos en los capitalinos pudientes, pretendieron sabotear el acto. &nbsp;A Mart\u00ednez Mutis &#8220;se le sali\u00f3 el santandereano&#8221;, y &#8220;se le sali\u00f3 el Mutis&#8221;, y entonces, en aquella natural reacci\u00f3n de leg\u00edtima defensa que conduce a que la persona ilustre injustamente atacada saque a relucir sus pergaminos, respondi\u00f3 airado, pero tambi\u00e9n desencantado y triste, las cr\u00edticas y los ataques de que era objeto rememor\u00e1ndoles a sus detractores y saboteadores del homenaje que se le brindaba -o haci\u00e9ndoselo saber- de qu\u00e9 estirpe proven\u00eda y en qu\u00e9 concepto, en cambio, los ten\u00eda a ellos. &nbsp;Lo hizo, por supuesto, con versos, m\u00e1s espec\u00edficamente con un tr\u00edptico po\u00e9tico, con tres duros sonetos. &nbsp;Los mismos con los que hoy cerramos esta segunda entrega acerca de los Mutis, la primera sobre nuestro preclaro bardo, y con los cuales volvemos a deleitarnos, una vez m\u00e1s, trayendo al presente la vena po\u00e9tica de un santandereano ejemplar, de un verdadero hijo ilustre de Bucaramanga, de un Mutis que hizo honor a su apellido, de alguien que con su pluma supo poner los puntos sobre las \u00edes dejando en claro que era pobre, pero que tambi\u00e9n era digno.<\/p>\n<p>____<\/p>\n<p>&nbsp;<\/p>\n<p>Nos parece conveniente insertar los tres sonetos por separado y precisar el significado de algunas de las expresiones usadas en cada uno de ellos por el rapsoda bumangu\u00e9s hace un siglo.<\/p>\n<p>&nbsp;<\/p>\n<p>En el primer soneto, el poeta se refiere a las duras condiciones en que ha vivido, la luz esperanzadora que le significan las oraciones de su se\u00f1ora madre, y el triunfo que \u00e9l, y con \u00e9l las letras colombianas, han obtenido m\u00e1s all\u00e1 de los mares.<\/p>\n<p>&nbsp;<\/p>\n<p><strong>VOCABULARIO:<\/strong><\/p>\n<p>&nbsp;<\/p>\n<p><strong>Covacha:<\/strong> Habitaci\u00f3n pobre y oscura. El poeta no niega las condiciones paup\u00e9rrimas en las que vive. Por el contrario, muestra que as\u00ed es m\u00e1s meritorio su contundente triunfo. <strong>Atenas de la Am\u00e9rica espa\u00f1ola:<\/strong> se refiere a Bogot\u00e1 y, por extensi\u00f3n, a Colombia.<\/p>\n<p>&nbsp;<\/p>\n<p><img loading=\"lazy\" decoding=\"async\" class=\"aligncenter size-full wp-image-10485\" title=\"LIRA V\" src=\"https:\/\/lapiedrafilosofal.com\/wp-content\/uploads\/2013\/11\/LIRA-V.jpg\" alt=\"\" width=\"315\" height=\"500\" srcset=\"https:\/\/oscarhumbertogomez.com\/wp-content\/uploads\/2013\/11\/LIRA-V.jpg 315w, https:\/\/oscarhumbertogomez.com\/wp-content\/uploads\/2013\/11\/LIRA-V-189x300.jpg 189w\" sizes=\"auto, (max-width: 315px) 100vw, 315px\" \/><\/p>\n<p>&nbsp;<\/p>\n<p><em><strong>&#8220;Espantosa miseria me oprim\u00eda,<br \/>\npasaban y pasaban los laureles,<br \/>\ncon su verde rel\u00e1mpago, en las crueles<br \/>\nnoches sin luz de la covacha fr\u00eda.<br \/>\n<\/strong><br \/>\n<strong><em>Sonaba ya sus roncos cascabeles<\/em><\/strong><br \/>\n<strong><em> la desesperaci\u00f3n, pero ten\u00eda<\/em><\/strong><br \/>\n<strong><em> en continua oraci\u00f3n dos manos fieles:<\/em><\/strong><br \/>\n<strong><em>las blancas manos de la madre m\u00eda!<\/em><\/strong><\/em><\/p>\n<p><strong><em>Invoqu\u00e9 a Dios para vencer. El Arte<\/em><\/strong><br \/>\n<strong><em> llev\u00f3 otra vez mi l\u00edrico estandarte<\/em><\/strong><br \/>\n<strong><em> m\u00e1s all\u00e1 de los tumbos de la ola;<\/em><\/strong><\/p>\n<p><strong><em>y hoy ha mostrado en el mundial concierto<\/em><\/strong><br \/>\n<strong><em> que es cl\u00e1sica mi pluma y que no ha muerto<\/em><\/strong><br \/>\n<strong><em> la Atenas de la Am\u00e9rica espa\u00f1ola!<\/em><\/strong><\/p>\n<p>_________<\/p>\n<p>&nbsp;<\/p>\n<p>En el segundo soneto, el poeta rememora toda la persecuci\u00f3n de la que ha sido objeto, los naturales sentimientos de desprecio que ello le ha generado hacia la condici\u00f3n mezquina y envidiosa del ser humano, pero advierte que no odia a la humanidad, pues concluye que no toda ella muestra esa misma condici\u00f3n moral, ni que a sus envidiosos detractores les teme.<\/p>\n<p>&nbsp;<\/p>\n<p><strong>VOCABULARIO:<\/strong><\/p>\n<p>&nbsp;<\/p>\n<p><strong>Gayos:<\/strong> vistosos, alegres, adornados, engalanados. El poeta resalta el lujo de los salones donde se desenvuelve la vida de los magnates.&nbsp;<strong><strong>Zoilo:<\/strong> <\/strong>Hombre que critica con malevolencia las obras ajenas. La palabra deriva del nombre de un gram\u00e1tico de Alejandr\u00eda que era cr\u00edtico detractor de Homero, de Plat\u00f3n y de otros grandes autores de la Antig\u00fcedad. <strong>Jarales:<\/strong> sitio de vegetaci\u00f3n muy espesa e intrincada. Por extensi\u00f3n, asunto muy enredado o complicado.<\/p>\n<p>&nbsp;<\/p>\n<p><img loading=\"lazy\" decoding=\"async\" class=\"aligncenter size-full wp-image-10483\" title=\"LIRA IV\" src=\"https:\/\/lapiedrafilosofal.com\/wp-content\/uploads\/2013\/11\/LIRA-IV.jpg\" alt=\"\" width=\"288\" height=\"450\" srcset=\"https:\/\/oscarhumbertogomez.com\/wp-content\/uploads\/2013\/11\/LIRA-IV.jpg 288w, https:\/\/oscarhumbertogomez.com\/wp-content\/uploads\/2013\/11\/LIRA-IV-192x300.jpg 192w\" sizes=\"auto, (max-width: 288px) 100vw, 288px\" \/><\/p>\n<p>&nbsp;<\/p>\n<p><strong><em>Desde el magnate que en salones gayos<\/em><\/strong><br \/>\n<strong><em> mora, hasta el zoilo maldiciente, hostiles<\/em><\/strong><br \/>\n<strong><em> me lanzaron, con \u00edmpetus febriles,<\/em><\/strong><br \/>\n<strong><em> m\u00faltiples, recios y encendidos rayos,<\/em><\/strong><\/p>\n<p><strong><em>porque yo no sab\u00eda los desmayos<\/em><\/strong><br \/>\n<strong><em> torpes, el gesto amable de los viles,<\/em><\/strong><br \/>\n<strong><em> el tortuoso andar de los reptiles,<\/em><\/strong><br \/>\n<strong><em> ni la genuflexi\u00f3n de los lacayos.<\/em><\/strong><\/p>\n<p><em><strong>Aunque una horrible decepci\u00f3n me inunda,<\/strong><\/em><br \/>\n<strong><em>odiar la pobre humanidad no puedo.<\/em><\/strong><br \/>\n<strong><em> Ese humano lodazal, la charca inmunda<\/em><\/strong><\/p>\n<p><strong><em>en cuyos jarales no me enredo,<\/em><\/strong><br \/>\n<strong><em> me inspira a veces compasi\u00f3n profunda,<\/em><\/strong><br \/>\n<strong><em> y a veces asco&#8230;pero nunca miedo!<\/em><\/strong><\/p>\n<p>____________<\/p>\n<p>&nbsp;<\/p>\n<p>En el tercer y \u00faltimo soneto, el poeta saca, ahora s\u00ed, a relucir sus pergaminos, les espeta a sus detractores qui\u00e9n es \u00e9l y qui\u00e9nes son ellos, y al final los deja ignorados a la vera del camino mientras \u00e9l sigue adelante con su vida de triunfos literarios nacionales e internacionales. Este es el soneto que mejor retrata su altivez de santandereano pobre, pero digno y orgulloso de ser quien es.<\/p>\n<p>&nbsp;<\/p>\n<p><strong>VOCABULARIO:<\/strong><\/p>\n<p>&nbsp;<\/p>\n<p><strong>Blas\u00f3n:<\/strong> abolengo noble. El poeta les enrostra a sus cr\u00edticos y saboteadores de d\u00f3nde procede, es decir, les advierte que no se confundan, que su pobreza es solo econ\u00f3mica, pero su se\u00f1or\u00edo se lo da el ser quien es y provenir de donde proviene.&nbsp;<strong>Abyecci\u00f3n:<\/strong> bajeza, vileza, ruindad. Acto innoble, despreciable, rastrero, mezquino, cobarde. <strong>Hampones:<\/strong> en el sentido de la poes\u00eda, bravucones. <strong>C\u00edrculo:<\/strong> en el sentido de la poes\u00eda, medio social, ambiente social, entorno social.&nbsp;<strong>Mediano<\/strong>: en el sentido de la poes\u00eda, mediocre, carente de brillo, que no sobresale. <strong>Rastacuero:<\/strong> Ricach\u00f3n inculto, ostentoso y grosero. Con la expresi\u00f3n &#8220;<em>hampones de c\u00edrculo mediano y rastacuero<\/em>&#8220;, el poeta quiere decir, pues, que el grupo que est\u00e1 detr\u00e1s del saboteo a su homenaje en el Teatro Col\u00f3n est\u00e1 conformado por personas adineradas, pero carentes de cultura, vale decir, por patanes con plata, que solo se destacan gracias a la extravagante ostentaci\u00f3n que hacen de su dinero.&nbsp;<strong>Mesnada:<\/strong> Grupo de personas al servicio de alguien. El poeta se refiere a que el grupo de sus detractores y cr\u00edticos est\u00e1 al servicio de personajes ocultos que no soportan su \u00e9xito. <strong>Lebrel:&nbsp;<\/strong>perro de caza.<\/p>\n<p>&nbsp;<\/p>\n<p><img loading=\"lazy\" decoding=\"async\" class=\"aligncenter size-full wp-image-10481\" title=\"LIRA II\" src=\"https:\/\/lapiedrafilosofal.com\/wp-content\/uploads\/2013\/11\/LIRA-II.jpg\" alt=\"\" width=\"288\" height=\"500\" srcset=\"https:\/\/oscarhumbertogomez.com\/wp-content\/uploads\/2013\/11\/LIRA-II.jpg 288w, https:\/\/oscarhumbertogomez.com\/wp-content\/uploads\/2013\/11\/LIRA-II-172x300.jpg 172w\" sizes=\"auto, (max-width: 288px) 100vw, 288px\" \/><\/p>\n<p>&nbsp;<\/p>\n<p><strong><em>Sangre ilustre palpita en mis blasones,<\/em><\/strong><br \/>\n<strong><em> luz la ciencia le dio, temple el acero,<\/em><\/strong><br \/>\n<strong><em> gloria mil veces grande mis canciones,<\/em><\/strong><br \/>\n<strong><em> nobleza el porte c\u00edvico y austero.<\/em><\/strong><\/p>\n<p><strong><em>No sabe el caballero de abyecciones,<\/em><\/strong><br \/>\n<strong><em> por eso le han negado al caballero<\/em><\/strong><br \/>\n<strong><em> el agua, el pan y el fuego esos hampones<\/em><\/strong><br \/>\n<strong><em> de c\u00edrculo mediano y rastacuero.<\/em><\/strong><\/p>\n<p><em><strong>Re\u00edrme puedo ya de la mesnada.<\/strong><\/em><br \/>\n<em><strong> A Colombia, adorable y adorada,<\/strong><\/em><br \/>\n<em><strong> una corona universal destino,<\/strong><\/em><\/p>\n<p><em><strong>y aunque ladren y ladren los lebreles,<\/strong><\/em><br \/>\n<em><strong> junto una rama al haz de mis laureles<\/strong><\/em><br \/>\n<em><strong> y prosigo indiferente mi camino&#8221;.<\/strong><\/em><\/p>\n<p>_______<\/p>\n<p>&nbsp;<\/p>\n<p>[CONTINUAR\u00c1]<\/p>\n<p>&nbsp;<\/p>\n<p>________<\/p>\n<p>&nbsp;<\/p>\n<p><strong><span style=\"color: #333399;\"><em>NOTA DEL PORTAL:<\/em><\/span>&nbsp;<\/strong><em>Jos\u00e9 Celestino Mutis Bosio y Manuel Mutis Bosio se vienen de Espa\u00f1a, inicialmente el primero, como m\u00e9dico del virrey, y luego el segundo, convencido por aquel, y se establecen en territorio santandereano. Ambos ejercen la miner\u00eda en lo que hoy es Soto Norte, al norte de Bucaramanga. &nbsp;Jos\u00e9 Celestino no deja descendientes, pues su condici\u00f3n sacerdotal lo obliga al celibato. Manuel, en cambio, se constituye en el tronco com\u00fan de los Mutis. Del hogar formado por Elena Mutis Villafrade y Pedro Mart\u00ednez Ord\u00f3\u00f1ez nace Aurelio Mart\u00ednez Mutis, quien llega a ser un reconocido poeta colombiano. Pero su vida no ser\u00e1 color de rosa. Cuando muera en Par\u00eds, el jueves 25 de febrero de 1954, habr\u00e1 sido un hombre admirado por unos, pero odiado por otros; habr\u00e1 sido un poeta premiado en concursos nacionales e internacionales, y coronado en imponente ceremonia celebrada en el Teatro Santander, pero de quien sus detractores hablar\u00e1n y escribir\u00e1n con acentuada hostilidad; habr\u00e1 sido, en fin, uno de los poetas m\u00e1s famosos del siglo XX, pero que terminar\u00e1 sumido en el olvido. &nbsp;Sin embargo, hasta ah\u00ed no llegar\u00e1 el encono en su contra y la controversia sobre su obra y su vida. Ya muerto y pr\u00e1cticamente relegado al olvido, el nombre de Aurelio Mart\u00ednez Mutis ser\u00e1 revivido por algunos, &nbsp;pero solamente para hacerlo objeto de nuevo de una implacable persecuci\u00f3n. Otros, en cambio, rememorar\u00e1n sus versos y su par\u00e1bola vital para exaltarlo como uno de los grandes exponentes de las letras en nuestra comarca.&nbsp;<\/em><\/p>\n<p>__________________<\/p>\n<p>&nbsp;<\/p>\n<p><span style=\"color: #ff0000;\"><strong>LOS MUTIS (III). El Poeta (II)<\/strong><\/span><\/p>\n<p>Por <strong>\u00d3scar Humberto G\u00f3mez G\u00f3mez<\/strong>.<\/p>\n<p>Miembro Correspondiente de la Academia de Historia de Santander.<\/p>\n<p>&nbsp;<\/p>\n<p><em>[A Clarita y Robertico Villamizar Mutis, con afecto]<\/em><\/p>\n<p>&nbsp;<\/p>\n<div id=\"attachment_10730\" style=\"width: 650px\" class=\"wp-caption aligncenter\"><img loading=\"lazy\" decoding=\"async\" aria-describedby=\"caption-attachment-10730\" class=\"size-large wp-image-10730\" title=\"AURELIO MART\u00cdNEZ MUTIS I\" src=\"https:\/\/lapiedrafilosofal.com\/wp-content\/uploads\/2013\/12\/AURELIO-MART\u00cdNEZ-MUTIS-I-1024x768.jpg\" alt=\"\" width=\"640\" height=\"480\" srcset=\"https:\/\/oscarhumbertogomez.com\/wp-content\/uploads\/2013\/12\/AURELIO-MART\u00cdNEZ-MUTIS-I-1024x768.jpg 1024w, https:\/\/oscarhumbertogomez.com\/wp-content\/uploads\/2013\/12\/AURELIO-MART\u00cdNEZ-MUTIS-I-300x225.jpg 300w\" sizes=\"auto, (max-width: 640px) 100vw, 640px\" \/><p id=\"caption-attachment-10730\" class=\"wp-caption-text\">MONUMENTO A AURELIO MART\u00cdNEZ MUTIS EN BUCARAMANGA. Escultor: Carlos G\u00f3mez Castro. Homenaje de la Asamblea Departamental de Santander. Ubicaci\u00f3n: Calle 36 con carrera 11 frente al costado oriental del parque Garc\u00eda Rovira. Al fondo se observa el hist\u00f3rico templo de San Laureano. [Fotograf\u00eda de Fernando Rueda Villamizar para www.oscarhumbertogomez.com Santander en la Red].<\/p><\/div>\n<p>&nbsp;<\/p>\n<p>Los triunfos literarios que fue cosechando, a Aurelio Mart\u00ednez Mutis tambi\u00e9n le fueron generando enemigos. Enemigos que no fueron capaces jam\u00e1s de reconocerle m\u00e9ritos como poeta o que se los restaron con cr\u00edticas acerbas, que echaban mano de todo, desde la falta de claridad sobre a qu\u00e9 escuela po\u00e9tica finalmente pertenec\u00eda (pues parec\u00eda pertenecer a todas y no parec\u00eda pertenecer a ninguna) hasta la de que se hab\u00eda dedicado a una religiosidad m\u00e1s digna de un cura que de un poeta y a exaltar el amor que le profesaba a su mam\u00e1, sentimiento que, para fastidio de sus adversarios, en \u00e9l luc\u00eda cada vez m\u00e1s acentuado a medida que pasaban los a\u00f1os.<\/p>\n<p>No falt\u00f3, desde luego, el enfoque pol\u00edtico destructivo. Tanto de los de derecha, que lo consideraron un izquierdista infiltrado en las filas conservadoras, como de los de izquierda, que lo reputaban un derechista cat\u00f3lico y godo. Los poemas que le dedic\u00f3 al partido pol\u00edtico al cual pertenec\u00eda y a figuras prominentes del mismo produjeron, como era de esperarse en una sociedad tan intolerante como la colombiana, una tormenta de ataques personales que pretendi\u00f3 hacer trizas su poes\u00eda con argumentos m\u00e1s inclinados a mostrar la verdadera catadura de un poeta &#8220;revolucionario&#8221; que hab\u00eda pasado de &#8220;La epopeya del c\u00f3ndor&#8221; a hacerle versos a la Virgen Mar\u00eda, que a valorar verdaderamente la riqueza de su prol\u00edfica obra literaria. Esta visi\u00f3n miope del aeda santandereano, que no es sino una expresi\u00f3n m\u00e1s de la visi\u00f3n miope que se tiene de la poes\u00eda en general, carece -desde luego- de fundamento y se cae por s\u00ed misma. Pero es que, adem\u00e1s, aquellos parcializados cr\u00edticos pasaban por alto \u2014o se hac\u00edan los que pasaban por alto\u2014 que el mismo a\u00f1o de &#8220;La epopeya del c\u00f3ndor&#8221;, poema contra el imperialismo norteamericano, fue el de &#8220;La epopeya de la espiga&#8221;, poema de exaltaci\u00f3n de la Sagrada Eucarist\u00eda, y que el bardo bumangu\u00e9s, en el fondo, nunca dej\u00f3 de ser el mismo cat\u00f3lico convencido de las bondades de su religi\u00f3n, el mismo hispanoamericano convencido de la grandeza de Espa\u00f1a, el mismo conservador ortodoxo, el mismo buen hijo admirador de su mam\u00e1, el mismo cantor de la tierra nativa, el mismo Aurelio Mart\u00ednez Mutis que nunca dijo que fuera revolucionario, ni siquiera liberal, sino que, simplemente, dedic\u00f3 su pluma a la defensa y exaltaci\u00f3n de lo que \u00e9l cre\u00eda bello y justo.<\/p>\n<p>&nbsp;<\/p>\n<p><span style=\"color: #ff0000;\"><strong>RETAZOS PO\u00c9TICOS<\/strong><\/span><\/p>\n<p>&nbsp;<\/p>\n<p>La poes\u00eda de Mart\u00ednez Mutis termina abordando los m\u00e1s diversos temas.<\/p>\n<p>&nbsp;<\/p>\n<p>El amor filial, por ejemplo. Elena Mutis Villafrades, su progenitora, pierde el sentido de la vista cuando supera los noventa a\u00f1os. Su hijo escribe el poema &#8220;<em>Rosas blancas<\/em>&#8221; y lo remata con los siguientes versos:<\/p>\n<p>&nbsp;<\/p>\n<p><img loading=\"lazy\" decoding=\"async\" class=\"aligncenter size-full wp-image-10709\" title=\"rosas-blancas\" src=\"https:\/\/lapiedrafilosofal.com\/wp-content\/uploads\/2013\/12\/rosas-blancas.jpg\" alt=\"\" width=\"1024\" height=\"768\" srcset=\"https:\/\/oscarhumbertogomez.com\/wp-content\/uploads\/2013\/12\/rosas-blancas.jpg 1024w, https:\/\/oscarhumbertogomez.com\/wp-content\/uploads\/2013\/12\/rosas-blancas-300x225.jpg 300w\" sizes=\"auto, (max-width: 1024px) 100vw, 1024px\" \/><\/p>\n<p>&nbsp;<\/p>\n<p>&#8220;<strong>Cerca de un siglo, heroica, y amante, y sin sosiego,<\/strong><br \/>\n<strong> dio fe y ejemplo a todos, y a nuestro hogar dio fuego.<\/strong><br \/>\n<strong> Ya nada ven sus ojos&#8230;mas, ciega y afligida,<\/strong><br \/>\n<strong> es gloria de una raza su ancianidad vencida.<\/strong><br \/>\n<strong> Rosas blancas, dejadme tejer una corona<\/strong><br \/>\n<strong> que mi ni\u00f1ez restaure, de p\u00e1jaros vestida,<\/strong><br \/>\n<strong> para ce\u00f1ir sus sienes, que el tiempo desmorona<\/strong><br \/>\n<strong> y perfumar con ella la tarde de su vida!<\/strong>&#8221;<\/p>\n<p>&nbsp;<\/p>\n<p>En procura de rebuscarse el pan, el poeta entra a trabajar en el taller de linotipia de un peri\u00f3dico chileno, luego de arribar a Chile como culminaci\u00f3n de un largo y penoso viaje por mar. All\u00ed observa las condiciones dif\u00edciles de sus compa\u00f1eros de trabajo. A pesar de ello, y como siempre, conserva intactas tanto su altivez como su religiosidad y es cuando escribe el poema &#8220;<em>A un compa\u00f1ero de taller<\/em>&#8220;:<\/p>\n<p>&nbsp;<\/p>\n<p><img loading=\"lazy\" decoding=\"async\" class=\"aligncenter size-large wp-image-10710\" title=\"LINOTIPISTAS\" src=\"https:\/\/lapiedrafilosofal.com\/wp-content\/uploads\/2013\/12\/LINOTIPISTAS-1024x795.jpg\" alt=\"\" width=\"640\" height=\"496\" srcset=\"https:\/\/oscarhumbertogomez.com\/wp-content\/uploads\/2013\/12\/LINOTIPISTAS-1024x795.jpg 1024w, https:\/\/oscarhumbertogomez.com\/wp-content\/uploads\/2013\/12\/LINOTIPISTAS-300x233.jpg 300w, https:\/\/oscarhumbertogomez.com\/wp-content\/uploads\/2013\/12\/LINOTIPISTAS.jpg 1133w\" sizes=\"auto, (max-width: 640px) 100vw, 640px\" \/><\/p>\n<p>&nbsp;<\/p>\n<p>&#8220;<strong>Manchas de aceite y negras quemaduras<\/strong><br \/>\n<strong> nos dej\u00f3 la labor, pero la frente<\/strong><br \/>\n<strong> est\u00e1 limpia, radiosa de blancuras,<\/strong><br \/>\n<strong> y es blanco nuestro hogar, m\u00e1s que el Oriente.<\/strong><\/p>\n<p><strong>Y pues sabemos de combates fieros<\/strong><br \/>\n<strong> y de olvidos, rebeldes ante el yugo<\/strong><br \/>\n<strong> que infama, no seremos pordioseros<\/strong><br \/>\n<strong> de la honra, ni esclavos del mendrugo.<\/strong><\/p>\n<p><strong>Evocando al id\u00edlico artesano<\/strong><br \/>\n<strong> de Nazareth, cuyo taller sencillo<\/strong><br \/>\n<strong> honr\u00f3 un Ni\u00f1o adorable en cuya mano<\/strong><br \/>\n<strong> se embelleci\u00f3 el serrucho, y el martillo,<\/strong><br \/>\n<strong> tendremos todo: la conciencia en calma,<\/strong><br \/>\n<strong> perfumadas de amor las amarguras,<\/strong><br \/>\n<strong> sonrisa en la mujer, fe en las alturas,<\/strong><br \/>\n<strong> pulcra la mesa y jubilosa el alma<\/strong>&#8220;.<\/p>\n<p>&nbsp;<\/p>\n<p>Su esp\u00edritu ecol\u00f3gico, la comuni\u00f3n entre el hombre y el medio ambiente que lo rodea, y su concepci\u00f3n universal, cosmopolita y errabunda de la vida, al mejor estilo de Di\u00f3genes, quien se sent\u00eda &#8220;ciudadano del mundo&#8221;, se evidencia en poemas como &#8220;<em>Tedium vitae<\/em>&#8220;:<\/p>\n<p>&nbsp;<\/p>\n<p><img loading=\"lazy\" decoding=\"async\" class=\"aligncenter size-full wp-image-10711\" title=\"los_andes\" src=\"https:\/\/lapiedrafilosofal.com\/wp-content\/uploads\/2013\/12\/los_andes.jpg\" alt=\"\" width=\"955\" height=\"632\" srcset=\"https:\/\/oscarhumbertogomez.com\/wp-content\/uploads\/2013\/12\/los_andes.jpg 955w, https:\/\/oscarhumbertogomez.com\/wp-content\/uploads\/2013\/12\/los_andes-300x198.jpg 300w\" sizes=\"auto, (max-width: 955px) 100vw, 955px\" \/><\/p>\n<p>&nbsp;<\/p>\n<p>&#8220;<strong>He sido en todas partes extranjero,<\/strong><br \/>\n<strong> pero en todas ser\u00eda ciudadano,<\/strong><br \/>\n<strong> porque soy hombre, y porque soy hermano<\/strong><br \/>\n<strong> del gusano, del aire y del lucero.<\/strong><\/p>\n<p><strong>Tengo en la paz del alma mi sendero,<\/strong><br \/>\n<strong> pero en los juicios del comercio humano<\/strong><br \/>\n<strong> hay que venderle el alma al usurero<\/strong><br \/>\n<strong> o perecer en el empe\u00f1o vano.<\/strong><\/p>\n<p><strong>Cantando en patria ajena sin fortuna<\/strong><br \/>\n<strong> hago un poco de patria en cada una.<\/strong><br \/>\n<strong> Porque soy libre, pienso en cosas grandes,<\/strong><\/p>\n<p><strong>y es mi alma, obligada a lo imposible,<\/strong><br \/>\n<strong> triste como la cumbre inaccesible,<\/strong><br \/>\n<strong> orgullosa y azul como los Andes<\/strong>&#8220;.<\/p>\n<p>&nbsp;<\/p>\n<p>En torno a la compleja y contradictoria personalidad de &#8220;el cura de Bucaramanga&#8221;, el poeta escribe, en &#8220;<em>El braserillo de plata<\/em>&#8220;:<\/p>\n<p>&nbsp;<\/p>\n<div id=\"attachment_10713\" style=\"width: 488px\" class=\"wp-caption aligncenter\"><img loading=\"lazy\" decoding=\"async\" aria-describedby=\"caption-attachment-10713\" class=\"size-full wp-image-10713\" title=\"eloy valenzuela mantilla 1\" src=\"https:\/\/lapiedrafilosofal.com\/wp-content\/uploads\/2013\/12\/eloy-valenzuela-mantilla-1.jpg\" alt=\"\" width=\"478\" height=\"773\" srcset=\"https:\/\/oscarhumbertogomez.com\/wp-content\/uploads\/2013\/12\/eloy-valenzuela-mantilla-1.jpg 478w, https:\/\/oscarhumbertogomez.com\/wp-content\/uploads\/2013\/12\/eloy-valenzuela-mantilla-1-185x300.jpg 185w\" sizes=\"auto, (max-width: 478px) 100vw, 478px\" \/><p id=\"caption-attachment-10713\" class=\"wp-caption-text\">ELOY VALENZUELA, EL CURA DE BUCARAMANGA.<\/p><\/div>\n<p>&nbsp;<\/p>\n<p>&#8220;<strong>Es dos veces curandero<\/strong><br \/>\n<strong> \u2014de yerbas y de doctrina\u2014<\/strong><br \/>\n<strong> el Padre Eloy Valenzuela,<\/strong><br \/>\n<strong> luz de su feligres\u00eda.<\/strong><br \/>\n<strong> Cuando pas\u00f3, el a\u00f1o trece,<\/strong><br \/>\n<strong> el General por la villa,<\/strong><br \/>\n<strong> velas con gran devoci\u00f3n<\/strong><br \/>\n<strong> a &#8220;San Fernando&#8221; pon\u00eda;<\/strong><br \/>\n<strong> pero cediendo terreno<\/strong><br \/>\n<strong> su reciedumbre realista,<\/strong><br \/>\n<strong> asimismo a &#8220;San Sim\u00f3n&#8221;<\/strong><br \/>\n<strong> otras velas encend\u00eda.<\/strong><br \/>\n<strong> Le pone el hu\u00e9sped glorioso<\/strong><br \/>\n<strong> una burlesca apostilla,<\/strong><br \/>\n<strong> y que el credo de la Am\u00e9rica<\/strong><br \/>\n<strong> ha de abrazar, profetiza.<\/strong><br \/>\n<strong> Hoy ya la heroica grandeza<\/strong><br \/>\n<strong> le embarg\u00f3 todas las fibras;<\/strong><br \/>\n<strong> y el que gan\u00f3 sus coronas<\/strong><br \/>\n<strong> en cien batallas horr\u00edsonas<\/strong><br \/>\n<strong> sabe por esa victoria<\/strong><br \/>\n<strong> que el laurel de m\u00e1s val\u00eda<\/strong><br \/>\n<strong> es el amor de las almas<\/strong><br \/>\n<strong> que s\u00f3lo el alma conquista<\/strong>&#8220;.<\/p>\n<p>&nbsp;<\/p>\n<p>En 1913, en la dura Bogot\u00e1 donde sobrevive por aquel entonces, Mart\u00ednez Mutis observa, por supuesto con ojos de poeta, el drama humano de la ni\u00f1ez humilde, del ni\u00f1o que desde corta edad debe sumergirse del todo en las durezas cotidianas del trabajo callejero. Entonces, tomando como ep\u00edgrafe un verso del poeta Julio Defrancisco (&#8220;<em>Y entre el gent\u00edo se escurre con su cara negra de bola<\/em>&#8220;). [&#8220;<strong>Bola<\/strong>: Bet\u00fan para el calzado&#8221;], escribe &#8220;<em>La canci\u00f3n del embolador<\/em>&#8220;, sensible y hermoso poema que termina con los siguientes versos:<\/p>\n<p>&nbsp;<\/p>\n<p><img loading=\"lazy\" decoding=\"async\" class=\"aligncenter size-full wp-image-10716\" title=\"NI\u00d1O EMBOLADOR\" src=\"https:\/\/lapiedrafilosofal.com\/wp-content\/uploads\/2013\/12\/NI\u00d1O-EMBOLADOR.jpg\" alt=\"\" width=\"1024\" height=\"1011\" srcset=\"https:\/\/oscarhumbertogomez.com\/wp-content\/uploads\/2013\/12\/NI\u00d1O-EMBOLADOR.jpg 1024w, https:\/\/oscarhumbertogomez.com\/wp-content\/uploads\/2013\/12\/NI\u00d1O-EMBOLADOR-300x296.jpg 300w\" sizes=\"auto, (max-width: 1024px) 100vw, 1024px\" \/><\/p>\n<p>&nbsp;<\/p>\n<p>&#8220;<strong>Al caer de la noche, vivaz y arisco,<\/strong><br \/>\n<strong> al cuarto en donde tiene a su madre sola,<\/strong><br \/>\n<strong> como en el gran soneto de Defrancisco<\/strong><br \/>\n<strong> se escurre con su cara negra de bola.<\/strong><\/p>\n<p><strong>En las grietas del muro silba la racha,<\/strong><br \/>\n<strong> y sobre la aspereza de los jergones<\/strong><br \/>\n<strong> se duerme en el silencio de la covacha<\/strong><br \/>\n<strong> despu\u00e9s de haber rezado sus oraciones.<\/strong><\/p>\n<p><strong>Y sue\u00f1a que la dulce Virgen Mar\u00eda<\/strong><br \/>\n<strong> extendiendo en la sombra sus manos bellas,<\/strong><br \/>\n<strong> le da, como en un cofre de seder\u00eda,<\/strong><br \/>\n<strong> el caudal millonario de las estrellas!<\/strong>&#8220;.<\/p>\n<p>&nbsp;<\/p>\n<p>Como es de suponerse, el poeta tambi\u00e9n le canta al amor. As\u00ed, por ejemplo, cuando ya ha abandonado su residencia en Santiago de Chile y la ha fijado en Madrid \/ Espa\u00f1a, le llega una carta de alguien. Se trata de una mujer infelizmente casada, que cree ver en \u00e9l la salida a su desdicha. La respuesta es, desde luego, po\u00e9tica. &#8220;<em>Mensaje inal\u00e1mbrico<\/em>&#8221; es el t\u00edtulo de aquellos versos, los \u00faltimos de los cuales son los siguientes:<\/p>\n<p>&nbsp;<\/p>\n<p><img loading=\"lazy\" decoding=\"async\" class=\"aligncenter size-full wp-image-10717\" title=\"mujer-triste\" src=\"https:\/\/lapiedrafilosofal.com\/wp-content\/uploads\/2013\/12\/mujer-triste.jpg\" alt=\"\" width=\"560\" height=\"373\" srcset=\"https:\/\/oscarhumbertogomez.com\/wp-content\/uploads\/2013\/12\/mujer-triste.jpg 560w, https:\/\/oscarhumbertogomez.com\/wp-content\/uploads\/2013\/12\/mujer-triste-300x199.jpg 300w\" sizes=\"auto, (max-width: 560px) 100vw, 560px\" \/><\/p>\n<p>&nbsp;<\/p>\n<p><strong>&#8220;Hay que callar para que se oiga el trino.<\/strong><br \/>\n<strong> No hay que hacer ruido en la nocturna calma.<\/strong><br \/>\n<strong> Lleg\u00f3 un p\u00e1jaro azul, raro y divino<\/strong><br \/>\n<strong> que est\u00e1 cantando en la mitad del alma.<\/strong><\/p>\n<p><strong>Y una misma ansiedad nos encadena<\/strong><br \/>\n<strong> con un lazo espectral, de polo a polo,<\/strong><br \/>\n<strong> pues si est\u00e1s triste t\u00fa por ser ajena,<\/strong><br \/>\n<strong> yo estoy triste tambi\u00e9n porque estoy solo!&#8221;.<\/strong><\/p>\n<p>&nbsp;<\/p>\n<p>Y compone tambi\u00e9n madrigales. Como este, por ejemplo:<\/p>\n<p>&nbsp;<\/p>\n<p><img loading=\"lazy\" decoding=\"async\" class=\"aligncenter size-full wp-image-10718\" title=\"ojos bellos\" src=\"https:\/\/lapiedrafilosofal.com\/wp-content\/uploads\/2013\/12\/ojos-bellos.jpg\" alt=\"\" width=\"400\" height=\"333\" srcset=\"https:\/\/oscarhumbertogomez.com\/wp-content\/uploads\/2013\/12\/ojos-bellos.jpg 400w, https:\/\/oscarhumbertogomez.com\/wp-content\/uploads\/2013\/12\/ojos-bellos-300x249.jpg 300w\" sizes=\"auto, (max-width: 400px) 100vw, 400px\" \/><\/p>\n<p>&nbsp;<\/p>\n<p><strong>&#8220;Con la nostalgia de labrar un fino<\/strong><br \/>\n<strong> madrigal, un tributo peregrino<\/strong><br \/>\n<strong> de fragancia y de amor, busqu\u00e9 en mi anhelo,<\/strong><br \/>\n<strong> para ensalzar tus ojos ideales,<\/strong><br \/>\n<strong> sinfon\u00edas de luz, cromos del cielo<\/strong><br \/>\n<strong> y temblorosas rimas siderales.<\/strong><\/p>\n<p><strong>Mas hall\u00e9 mi ilusi\u00f3n pobre y menguada<\/strong><br \/>\n<strong> cuando en la gloria azul del mediod\u00eda<\/strong><br \/>\n<strong> vi que otro inmenso firmamento hab\u00eda<\/strong><br \/>\n<strong> m\u00e1s hermoso que aqu\u00e9l, en tu mirada;<\/strong><\/p>\n<p><strong>y tan s\u00f3lo colmara mis antojos<\/strong><br \/>\n<strong> al darme t\u00fa la inspiraci\u00f3n, Mar\u00eda,<\/strong><br \/>\n<strong> al darme t\u00fa la luz, y as\u00ed le har\u00eda<\/strong><br \/>\n<strong> un madrigal al cielo con tus ojos!&#8221;.<\/strong><\/p>\n<p>&nbsp;<\/p>\n<p>Mart\u00ednez Mutis le cant\u00f3 a todo. A la Patria colombiana, por ejemplo, con ocasi\u00f3n de la fiesta del 20 de julio de 1910, centenario del Acta de Independencia:<\/p>\n<p>&nbsp;<\/p>\n<p><img loading=\"lazy\" decoding=\"async\" class=\"aligncenter size-full wp-image-10719\" title=\"Patria (ni\u00f1o)\" src=\"https:\/\/lapiedrafilosofal.com\/wp-content\/uploads\/2013\/12\/Patria-ni\u00f1o.jpg\" alt=\"\" width=\"620\" height=\"350\" srcset=\"https:\/\/oscarhumbertogomez.com\/wp-content\/uploads\/2013\/12\/Patria-ni\u00f1o.jpg 620w, https:\/\/oscarhumbertogomez.com\/wp-content\/uploads\/2013\/12\/Patria-ni\u00f1o-300x169.jpg 300w\" sizes=\"auto, (max-width: 620px) 100vw, 620px\" \/><\/p>\n<p>&nbsp;<\/p>\n<p><strong>&#8220;Naciste \u00a1oh Patria!, y desde entonces nada<\/strong><br \/>\n<strong> m\u00e1s que el dolor, la sangre y los vaivenes<\/strong><br \/>\n<strong> tr\u00e1gicos se divisa en tu jornada;<\/strong><br \/>\n<strong> grande es tu historia, y sin embargo vienes<\/strong><\/p>\n<p><strong>llorosa y triste, exang\u00fce y enlutada;<\/strong><br \/>\n<strong> est\u00e1s en la plena juventud, y tienes<\/strong><br \/>\n<strong> hilos de plata en las marchitas sienes<\/strong><br \/>\n<strong> y arrugas en la faz desencajada.<\/strong><\/p>\n<p><strong>Hoy vives del ayer. Mas la memoria<\/strong><br \/>\n<strong> de tu preclara estirpe y de tu gloria<\/strong><br \/>\n<strong> a veces \u00a1ay! tu postraci\u00f3n alegra;<\/strong><\/p>\n<p><strong>pues cerca ya del espantoso abismo,<\/strong><br \/>\n<strong> tu aliento surge del desastre mismo<\/strong><br \/>\n<strong> como el diamante de la roca negra!&#8221;.<\/strong><\/p>\n<p>&nbsp;<\/p>\n<p>O a la presencia del Hacedor, que se refleja en la inmensidad de las aguas:<\/p>\n<p>&nbsp;<\/p>\n<p><img loading=\"lazy\" decoding=\"async\" class=\"aligncenter size-full wp-image-10720\" title=\"horizonte marino\" src=\"https:\/\/lapiedrafilosofal.com\/wp-content\/uploads\/2013\/12\/horizonte-marino.jpg\" alt=\"\" width=\"1024\" height=\"768\" srcset=\"https:\/\/oscarhumbertogomez.com\/wp-content\/uploads\/2013\/12\/horizonte-marino.jpg 1024w, https:\/\/oscarhumbertogomez.com\/wp-content\/uploads\/2013\/12\/horizonte-marino-300x225.jpg 300w\" sizes=\"auto, (max-width: 1024px) 100vw, 1024px\" \/><\/p>\n<p>&nbsp;<\/p>\n<p><strong>&#8220;Ya la noche sus f\u00fanebres plumones<\/strong><br \/>\n<strong> bate sobre los l\u00edmites postreros.<\/strong><br \/>\n<strong> El viejo mar despierta en los playones<\/strong><br \/>\n<strong> m\u00fasica de invisibles marineros.<\/strong><\/p>\n<p><strong>Cielo y agua confunden sus linderos,<\/strong><br \/>\n<strong> y as\u00ed quedan, en mutuas vibraciones,<\/strong><br \/>\n<strong> el cielo estremecido de canciones<\/strong><br \/>\n<strong> y el agua salpicada de luceros.<\/strong><\/p>\n<p><strong>Se alza la Cruz Austral sobre la altura;<\/strong><br \/>\n<strong> en la gran misa negra, la figura<\/strong><br \/>\n<strong> habla en misterioso simbolismo.<\/strong><\/p>\n<p><strong>El tr\u00f3pico hecho lira resplandece,<\/strong><br \/>\n<strong> y ardiendo ya en la inmensidad, parece<\/strong><br \/>\n<strong> que Dios se est\u00e1 asomando en el abismo&#8221;<\/strong>.<\/p>\n<p>&nbsp;<\/p>\n<p>O al encanto de la ni\u00f1ez, cuando con el poema &#8220;<em>Romance de oro y plata<\/em>&#8221; le responde a la peque\u00f1a y aguda cumplimentada de diez a\u00f1os que, al verle su pelo completamente blanco y percibir su sensibilidad y ternura, lo llama &#8220;el ni\u00f1o de los cabellos plateados&#8221;:<\/p>\n<p>&nbsp;<\/p>\n<p><img loading=\"lazy\" decoding=\"async\" class=\"aligncenter size-large wp-image-10721\" title=\"Soldadito-de-plomo\" src=\"https:\/\/lapiedrafilosofal.com\/wp-content\/uploads\/2013\/12\/Soldadito-de-plomo-711x1024.jpg\" alt=\"\" width=\"640\" height=\"921\" srcset=\"https:\/\/oscarhumbertogomez.com\/wp-content\/uploads\/2013\/12\/Soldadito-de-plomo-711x1024.jpg 711w, https:\/\/oscarhumbertogomez.com\/wp-content\/uploads\/2013\/12\/Soldadito-de-plomo-208x300.jpg 208w, https:\/\/oscarhumbertogomez.com\/wp-content\/uploads\/2013\/12\/Soldadito-de-plomo.jpg 1111w\" sizes=\"auto, (max-width: 640px) 100vw, 640px\" \/><\/p>\n<p>&nbsp;<\/p>\n<p><strong>&#8220;Dulce amiguita, en la flor<\/strong><br \/>\n<strong> amable de tus diez a\u00f1os:<\/strong><br \/>\n<strong> tienes raz\u00f3n, y es muy linda<\/strong><br \/>\n<strong> la frase que has inventado:<\/strong><br \/>\n<strong> es verdad, yo soy el ni\u00f1o<\/strong><br \/>\n<strong> de los cabellos plateados.<\/strong><br \/>\n<strong> Porque juego con las nubes,<\/strong><br \/>\n<strong> porque juego con los astros<\/strong><br \/>\n<strong> que en el espejo del r\u00edo<\/strong><br \/>\n<strong> son como trompos fant\u00e1sticos<\/strong><br \/>\n<strong> que bailan llenos de m\u00fasica<\/strong><br \/>\n<strong> y que se duermen bailando.<\/strong><br \/>\n<strong> (&#8230;)<\/strong><br \/>\n<strong> Dicen que el mundo da vueltas;<\/strong><br \/>\n<strong> yo en carrusel lo he trocado,<\/strong><br \/>\n<strong> y mientras buscan el oro<\/strong><br \/>\n<strong> ansiosos los hombres pr\u00e1cticos,<\/strong><br \/>\n<strong> yo prendo en mi carrusel<\/strong><br \/>\n<strong> colombinas, dromedarios,<\/strong><br \/>\n<strong> sierras nevadas de az\u00facar<\/strong><br \/>\n<strong> y caballitos de palo,<\/strong><br \/>\n<strong> y al son de inefable m\u00fasica<\/strong><br \/>\n<strong> giro y giro, y ando y ando,<\/strong><br \/>\n<strong> y s\u00e9 que son ellos los locos<\/strong><br \/>\n<strong> y yo, el ni\u00f1o, soy el sabio.<\/strong><br \/>\n<strong> S\u00e9 que las cosas del mundo<\/strong><br \/>\n<strong> son un tejido de enga\u00f1os,<\/strong><br \/>\n<strong> que son mentiras las guerras,<\/strong><br \/>\n<strong> que los amores son falsos,<\/strong><br \/>\n<strong> polvo de arroz las bellezas,<\/strong><br \/>\n<strong> hipotecas los palacios,<\/strong><br \/>\n<strong> tahures los alguaciles,<\/strong><br \/>\n<strong> mendigos los millonarios.<\/strong><br \/>\n<strong> Mientras yo, prudente, doy<\/strong><br \/>\n<strong> mis batallas con soldados<\/strong><br \/>\n<strong> de plomo, que son invictos<\/strong><br \/>\n<strong> y tan valientes, que cuando<\/strong><br \/>\n<strong> caen heridos de muerte<\/strong><br \/>\n<strong> por un certero disparo<\/strong><br \/>\n<strong> del ca\u00f1\u00f3n que arroja un chorro<\/strong><br \/>\n<strong> de confites incendiarios,<\/strong><br \/>\n<strong> vuelvo a ponerlos de pie<\/strong><br \/>\n<strong> y ellos prosiguen imp\u00e1vidos<\/strong><br \/>\n<strong> peleando como leones,<\/strong><br \/>\n<strong> siempre el fusil apuntando<\/strong><br \/>\n<strong> y en el puesto de peligro<\/strong><br \/>\n<strong> heroicamente clavados.<\/strong><\/p>\n<p><strong>Preguntas por qu\u00e9 voy solo<\/strong><br \/>\n<strong> y que por qu\u00e9 no me caso&#8230;<\/strong><br \/>\n<strong> (&#8230;)<\/strong><br \/>\n<strong> Pues bien: juego al casamiento,<\/strong><br \/>\n<strong> y con las nubes me caso,<\/strong><br \/>\n<strong> y me caso con las olas,<\/strong><br \/>\n<strong> y a las mujeres a ratos<\/strong><br \/>\n<strong> las quiero mucho, y despu\u00e9s<\/strong><br \/>\n<strong> las olvido, porque es claro<\/strong><br \/>\n<strong> que todo pasa en el mundo<\/strong><br \/>\n<strong> como el tiempo va pasando,<\/strong><br \/>\n<strong> y al ver la ola y la nube<\/strong><br \/>\n<strong> fugitivas, en su encanto,<\/strong><br \/>\n<strong> pienso que es el matrimonio<\/strong><br \/>\n<strong> muy bueno, pero muy largo.<\/strong><br \/>\n<strong> (&#8230;)<\/strong><br \/>\n<strong> S\u00ed, soy ni\u00f1o, y cuando lloro,<\/strong><br \/>\n<strong> en trovas cambio mi llanto,<\/strong><br \/>\n<strong> y en pedrer\u00edas de luna<\/strong><br \/>\n<strong> para ofrecerte el regalo<\/strong><br \/>\n<strong> de un collar precioso, digno<\/strong><br \/>\n<strong> de tu cuello de alabastro.<\/strong><br \/>\n<strong>(&#8230;)&#8221;<\/strong>.<\/p>\n<p>&nbsp;<\/p>\n<p>Y, como es obvio suponerlo, le cant\u00f3 a su tierra, a su departamento de Santander. As\u00ed lo hizo, por ejemplo, en su &#8220;<em>Canci\u00f3n de Garc\u00eda Rovira<\/em>&#8220;:<\/p>\n<p>&nbsp;<\/p>\n<p><img class=\"aligncenter size-large wp-image-10722\" title=\"<KENOX S760 \/ Samsung S760>&#8221; src=&#8221;https:\/\/lapiedrafilosofal.com\/wp-content\/uploads\/2013\/12\/Cesta-de-Frutas-1024&#215;768.jpg&#8221; alt=&#8221;&#8221; width=&#8221;640&#8243; height=&#8221;480&#8243;><\/p>\n<p>&nbsp;<\/p>\n<p><strong>&#8220;Es una cesta de frutas<\/strong><br \/>\n<strong> Garc\u00eda Rovira opulenta:<\/strong><br \/>\n<strong> hay all\u00ed cerezas rojas,<\/strong><br \/>\n<strong> hay all\u00ed verdes grosellas,<\/strong><br \/>\n<strong> manzanas paradisiales<\/strong><br \/>\n<strong> y toronjas como reinas,<\/strong><br \/>\n<strong> el fino mango de az\u00facar,<\/strong><br \/>\n<strong> digno de que lo mordiera<\/strong><br \/>\n<strong> con su blanca dentadura<\/strong><br \/>\n<strong> la Dama de las Camelias.<\/strong><br \/>\n<strong> (&#8230;)<\/strong><br \/>\n<strong> Son mil las frutas vern\u00e1culas<\/strong><br \/>\n<strong> en cuyas fibras alienta<\/strong><br \/>\n<strong> toda la farmacia, y toda<\/strong><br \/>\n<strong> la alegr\u00eda de la tierra.<\/strong><br \/>\n<strong> Garc\u00eda Rovira, la heroica,<\/strong><br \/>\n<strong> es una cesta de yerbas:<\/strong><br \/>\n<strong> en su oda perfumada<\/strong><br \/>\n<strong> fray Luis de Le\u00f3n conversa,<\/strong><br \/>\n<strong> porque el an\u00eds, el sa\u00faco,<\/strong><br \/>\n<strong> la mejorana modesta,<\/strong><br \/>\n<strong> el poleo y la albahaca<\/strong><br \/>\n<strong> le dan aroma y cadencia.<\/strong><br \/>\n<strong> Ay, cu\u00e1ntos hombres querr\u00edan<\/strong><br \/>\n<strong> en vista de esas praderas<\/strong><br \/>\n<strong> de alfalfa y de yaragu\u00e1<\/strong><br \/>\n<strong> cambiarse en chivos y ovejas;<\/strong><br \/>\n<strong> de esos pecados de gula<\/strong><br \/>\n<strong> limpiar\u00edan la conciencia<\/strong><br \/>\n<strong> bebiendo la pica-pica<\/strong><br \/>\n<strong> para expulsar las culebras.<\/strong><br \/>\n<strong> (&#8230;)<\/strong><br \/>\n<strong> Es una cesta de flores<\/strong><br \/>\n<strong> la provincia rovire\u00f1a:<\/strong><br \/>\n<strong> hay rosas madrugadoras<\/strong><br \/>\n<strong> all\u00ed, y ardientes violetas,<\/strong><br \/>\n<strong> las que por siglos de siglos<\/strong><br \/>\n<strong> han de ser siempre las reinas.<\/strong><br \/>\n<strong> (&#8230;)<\/strong><br \/>\n<strong> El amor est\u00e1 de ronda,<\/strong><br \/>\n<strong> tiene cien novios la hortensia<\/strong><br \/>\n<strong> y se va con &#8220;Don Cen\u00f3n&#8221;,<\/strong><br \/>\n<strong> la flor del baile, a la fiesta.<\/strong><\/p>\n<p><strong>Emperatriz orgullosa<\/strong><br \/>\n<strong> de las orqu\u00eddeas, campea<\/strong><br \/>\n<strong> con su penacho de plumas<\/strong><br \/>\n<strong> ind\u00edgenas, la catleya,<\/strong><br \/>\n<strong> que es, como Dios, una y trina<\/strong><br \/>\n<strong> con trinidad de belleza.<\/strong><br \/>\n<strong> (&#8230;)<\/strong><br \/>\n<strong> En la cascada sonora<\/strong><br \/>\n<strong> se ba\u00f1an las madreselvas<\/strong><br \/>\n<strong> y son desnudas m\u00e1s lindas<\/strong><br \/>\n<strong> lo mismo que las nereidas.<\/strong><br \/>\n<strong> (&#8230;)<\/strong><br \/>\n<strong> A M\u00e1laga, la espa\u00f1ola,<\/strong><br \/>\n<strong> nombran &#8220;M\u00e1laga la bella&#8221;,<\/strong><br \/>\n<strong> el mar latino le da<\/strong><br \/>\n<strong> truchas saladas y frescas<\/strong><br \/>\n<strong> y boquerones de plata<\/strong><br \/>\n<strong> y langostinos de perlas.<\/strong><br \/>\n<strong> Un pi\u00e9lago de verdura,<\/strong><br \/>\n<strong> en cambio, tiene la nuestra,<\/strong><br \/>\n<strong> donde con redes buc\u00f3licas<\/strong><br \/>\n<strong> se pescan ritmos y esencias,<\/strong><br \/>\n<strong> brilla un mill\u00f3n de reba\u00f1os<\/strong><br \/>\n<strong> y de alquer\u00edas ub\u00e9rrimas,<\/strong><br \/>\n<strong> en los confines del llano<\/strong><br \/>\n<strong> vuelan las garzas morenas,<\/strong><br \/>\n<strong> y el Nevado del Cocuy<\/strong><br \/>\n<strong> en la celeste turquesa<\/strong><br \/>\n<strong> abre a la ovaci\u00f3n del d\u00eda<\/strong><br \/>\n<strong> la m\u00fasica de sus velas.<\/strong><br \/>\n<strong> (&#8230;)<\/strong><br \/>\n<strong> \u00a1<em>Sursum corda<\/em>, tierra virgen,<\/strong><br \/>\n<strong> tierra hermosa, tierra buena!<\/strong><br \/>\n<strong> Haz una arcada triunfal<\/strong><br \/>\n<strong> de frutas, flores y yerbas,<\/strong><br \/>\n<strong> una herradura salvaje,<\/strong><br \/>\n<strong> para que pase por ella<\/strong><br \/>\n<strong> la Raza santandereana<\/strong><br \/>\n<strong> con rumbo a una vida nueva&#8221;.<\/strong><\/p>\n<p>&nbsp;<\/p>\n<p><img loading=\"lazy\" decoding=\"async\" class=\"aligncenter size-full wp-image-10723\" title=\"arco-de-frutas\" src=\"https:\/\/lapiedrafilosofal.com\/wp-content\/uploads\/2013\/12\/arco-de-frutas.jpg\" alt=\"\" width=\"500\" height=\"572\" srcset=\"https:\/\/oscarhumbertogomez.com\/wp-content\/uploads\/2013\/12\/arco-de-frutas.jpg 500w, https:\/\/oscarhumbertogomez.com\/wp-content\/uploads\/2013\/12\/arco-de-frutas-262x300.jpg 262w\" sizes=\"auto, (max-width: 500px) 100vw, 500px\" \/><\/p>\n<p>&nbsp;<\/p>\n<p>A la m\u00fasica colombiana tambi\u00e9n le compuso versos. He aqu\u00ed los de &#8220;<em>El pasillo<\/em>&#8220;:<\/p>\n<p>&nbsp;<\/p>\n<p><img loading=\"lazy\" decoding=\"async\" class=\"aligncenter size-full wp-image-10724\" title=\"pasillo-colombiano\" src=\"https:\/\/lapiedrafilosofal.com\/wp-content\/uploads\/2013\/12\/pasillo-colombiano.jpg\" alt=\"\" width=\"357\" height=\"473\" srcset=\"https:\/\/oscarhumbertogomez.com\/wp-content\/uploads\/2013\/12\/pasillo-colombiano.jpg 357w, https:\/\/oscarhumbertogomez.com\/wp-content\/uploads\/2013\/12\/pasillo-colombiano-226x300.jpg 226w\" sizes=\"auto, (max-width: 357px) 100vw, 357px\" \/><strong><img loading=\"lazy\" decoding=\"async\" class=\"aligncenter size-full wp-image-10731\" title=\"TIPLE II\" src=\"https:\/\/lapiedrafilosofal.com\/wp-content\/uploads\/2013\/12\/TIPLE-II.jpg\" alt=\"\" width=\"515\" height=\"978\"><\/strong><\/p>\n<p>&nbsp;<\/p>\n<p>&nbsp;<\/p>\n<p><strong>&#8220;Aunque no sea muy cierto,<\/strong><br \/>\n<strong> ya me est\u00e1 entrando una gana:<\/strong><br \/>\n<strong> decir que tuvo el pasillo<\/strong><br \/>\n<strong> su cuna en Bucaramanga.<\/strong><br \/>\n<strong> Y es que ya tenga su origen<\/strong><br \/>\n<strong> del Orinoco en las aguas,<\/strong><br \/>\n<strong> o en las quiebras del Tolima<\/strong><br \/>\n<strong> o cerca del Tequendama,<\/strong><br \/>\n<strong> en parte alguna resuena<\/strong><br \/>\n<strong> con m\u00e1s honda resonancia<\/strong><br \/>\n<strong> y m\u00e1s divino sollozo<\/strong><br \/>\n<strong> y m\u00e1s queja enamorada,<\/strong><br \/>\n<strong> que debajo de aquel cielo<\/strong><br \/>\n<strong> que al de N\u00e1poles iguala,<\/strong><br \/>\n<strong> cuando al volver las parejas<\/strong><br \/>\n<strong> de El Cacique o La Mala\u00f1a,<\/strong><br \/>\n<strong> despu\u00e9s de bailar seis horas<\/strong><br \/>\n<strong> seguidas en la parranda<\/strong><br \/>\n<strong> y comer miel de trapiche<\/strong><br \/>\n<strong> y chupar jugo de ca\u00f1a,<\/strong><br \/>\n<strong> un dulce cansancio inunda<\/strong><br \/>\n<strong> al par el cuerpo y el alma,<\/strong><br \/>\n<strong> all\u00e1 tras de Palonegro<\/strong><br \/>\n<strong> el crep\u00fasculo se apaga,<\/strong><br \/>\n<strong> y en la orquesta de bandolas,<\/strong><br \/>\n<strong> de tiples y de guitarras<\/strong><br \/>\n<strong> se alza c\u00e1lido el pasillo,<\/strong><br \/>\n<strong> mezcla de risas y l\u00e1grimas,<\/strong><br \/>\n<strong> y al Oriente, sobre el dorso<\/strong><br \/>\n<strong> de La Jud\u00eda lejana,<\/strong><br \/>\n<strong> se entreabre la luna llena<\/strong><br \/>\n<strong> como un estuche de n\u00e1car.<\/strong><\/p>\n<p><strong>Es el pasillo un pedazo<\/strong><br \/>\n<strong> de tierra santandereana<\/strong><br \/>\n<strong> y hay una cesta de frutas<\/strong><br \/>\n<strong> escondida en su tonada:<\/strong><br \/>\n<strong>tiene el licor de la pi\u00f1a,<br \/>\nla crema de la guayaba,<br \/>\nlas hilachas del zapote<br \/>\ny las copas de la guama;<br \/>\nhay en \u00e9l carne de n\u00edsperos<br \/>\ny pomarrosas y champas,<br \/>\ny frescuras de badea<br \/>\ny cintillos de granada:<br \/>\ny, como nota soberbia<br \/>\nde la ind\u00edgena abundancia,<br \/>\ntiene la pulpa riqu\u00edsima<br \/>\ndel mango, criollo monarca,<br \/>\nemperador de las frutas,<br \/>\nfest\u00edn de gloria y fragancia<br \/>\nque, parecido a la boca<br \/>\nde la mujer adorada,<br \/>\nr\u00ede en el fleco del sol,<br \/>\nnos provoca entre las ramas,<br \/>\ny cuando al fin lo cogemos<br \/>\npara besarlo con ansia,<br \/>\nel apetito traiciona<br \/>\na las f\u00f3rmulas urbanas,<br \/>\ny el beso se hace mordisco<br \/>\nde p\u00farpura ensangrentada!<\/strong><\/p>\n<p><strong>El pasillo es algo nuestro<\/strong><br \/>\n<strong> y es bien ra\u00edz, aunque anda;<\/strong><br \/>\n<strong> es bien inmueble, adquirido<\/strong><br \/>\n<strong> con escritura sagrada:<\/strong><br \/>\n<strong> lo bail\u00f3 el Libertador<\/strong><br \/>\n<strong> con las nativas muchachas<\/strong><br \/>\n<strong> entre picantes requiebros,<\/strong><br \/>\n<strong> madrigales y humoradas;<\/strong><br \/>\n<strong> y el h\u00e9roe oy\u00f3 sus acordes<\/strong><br \/>\n<strong> en las tardes sosegadas,<\/strong><br \/>\n<strong> tras la cl\u00e1sica merienda<\/strong><br \/>\n<strong> a la hora de las \u00e1nimas,<\/strong><br \/>\n<strong> en que, buscando reposo<\/strong><br \/>\n<strong> a la oreja, fatigada<\/strong><br \/>\n<strong> por el brutal clamoreo<\/strong><br \/>\n<strong> que ven\u00eda desde Oca\u00f1a,<\/strong><br \/>\n<strong> el palique requer\u00eda<\/strong><br \/>\n<strong> dando una tregua a la espada,<\/strong><br \/>\n<strong> para dar tema al famoso<\/strong><br \/>\n<strong> Diario de Bucaramanga&#8221;.<\/strong><\/p>\n<p>________________<\/p>\n<p>&nbsp;<\/p>\n<p><span style=\"color: #ff0000;\"><strong>UNA PERSECUCI\u00d3N QUE SE PERPET\u00daA<\/strong><\/span><\/p>\n<p>&nbsp;<\/p>\n<div id=\"attachment_10777\" style=\"width: 650px\" class=\"wp-caption aligncenter\"><img loading=\"lazy\" decoding=\"async\" aria-describedby=\"caption-attachment-10777\" class=\"size-large wp-image-10777\" title=\"CAPILLA DE LOS DOLORES\" src=\"https:\/\/lapiedrafilosofal.com\/wp-content\/uploads\/2013\/12\/CAPILLA-DE-LOS-DOLORES-1024x640.jpg\" alt=\"\" width=\"640\" height=\"400\" srcset=\"https:\/\/oscarhumbertogomez.com\/wp-content\/uploads\/2013\/12\/CAPILLA-DE-LOS-DOLORES-1024x640.jpg 1024w, https:\/\/oscarhumbertogomez.com\/wp-content\/uploads\/2013\/12\/CAPILLA-DE-LOS-DOLORES-300x187.jpg 300w, https:\/\/oscarhumbertogomez.com\/wp-content\/uploads\/2013\/12\/CAPILLA-DE-LOS-DOLORES.jpg 1600w\" sizes=\"auto, (max-width: 640px) 100vw, 640px\" \/><p id=\"caption-attachment-10777\" class=\"wp-caption-text\">CAPILLA DE LOS DOLORES DE BUCARAMANGA, el templo al cual asist\u00eda Sim\u00f3n Bol\u00edvar el Libertador, presidente de la Gran Colombia, durante su residencia en Bucaramanga en 1828. En la ronda de esta capilla se encuentra la tumba de Aurelio Mart\u00ednez Mutis. [Fotograf\u00eda de Fernando Rueda Villamizar para www.oscarhumbertogomez.com Santander en la Red].<\/p><\/div>\n<p>&nbsp;<\/p>\n<p>&nbsp;<\/p>\n<p>Pero no se crea que la andanada cr\u00edtica destructiva contra el poeta santandereano se circunscribi\u00f3 al 1913 de &#8220;La epopeya del c\u00f3ndor&#8221; y de su resonante triunfo literario en el gran concurso internacional de poes\u00eda de la revista &#8220;Mundial&#8221;. No. Esa andanada nunca disminuy\u00f3 con el tiempo; antes, por el contrario, con el paso de los a\u00f1os aument\u00f3. Incluso hoy en d\u00eda, cuando Aurelio Mart\u00ednez Mutis lleva de fallecido m\u00e1s de medio siglo, sus detractores siguen apareciendo por doquier. La Biblioteca Luis \u00c1ngel Arango del Banco de la Rep\u00fablica, por ejemplo, public\u00f3, ayer no m\u00e1s, en plenos a\u00f1os dos mil, una agresiva diatriba contra el ilustre bardo santandereano, firmada \u00a1vaya novedad! por otro poeta (al menos eso dicen de su recargado autor, \u00a1vaya coincidencia! bogotano y profesor de literatura en prestigiosa universidad bogotana), art\u00edculo que se constituy\u00f3, dicho sea de paso, en una de las razones que motivaron al redactor de estas l\u00edneas para decidirse a escribir su &#8220;Historia de Bucaramanga&#8221;, porque aquel virulento ataque contra Mart\u00ednez Mutis, y lo que, de otro lado, &#8220;ense\u00f1aban&#8221; los sitios de Internet seg\u00fan los cuales el pr\u00f3cer bumangu\u00e9s Custodio Garc\u00eda Rovira hab\u00eda nacido en Cartagena, nos indicaron que era tarea de nosotros, los hijos de Bucaramanga, la de rescatar la memoria hist\u00f3rica de nuestra tierra natal y de sus personajes ilustres.<\/p>\n<p>&nbsp;<\/p>\n<p><span style=\"color: #ff0000;\"><strong>UNA PERSECUCI\u00d3N CON MOTIVACIONES POL\u00cdTICAS<\/strong><\/span><\/p>\n<p>&nbsp;<\/p>\n<div id=\"attachment_10778\" style=\"width: 1034px\" class=\"wp-caption aligncenter\"><img loading=\"lazy\" decoding=\"async\" aria-describedby=\"caption-attachment-10778\" class=\"size-full wp-image-10778\" title=\"TEATRO SANTANDER\" src=\"https:\/\/lapiedrafilosofal.com\/wp-content\/uploads\/2013\/12\/TEATRO-SANTANDER.jpg\" alt=\"\" width=\"1024\" height=\"768\" srcset=\"https:\/\/oscarhumbertogomez.com\/wp-content\/uploads\/2013\/12\/TEATRO-SANTANDER.jpg 1024w, https:\/\/oscarhumbertogomez.com\/wp-content\/uploads\/2013\/12\/TEATRO-SANTANDER-300x225.jpg 300w\" sizes=\"auto, (max-width: 1024px) 100vw, 1024px\" \/><p id=\"caption-attachment-10778\" class=\"wp-caption-text\">TEATRO SANTANDER DE BUCARAMANGA. Ubicaci\u00f3n: Calle 33 con carrera 19 esquina, costado suroriental del parque Centenario. Fue inaugurado el viernes 19 de febrero de 1932. Poco despu\u00e9s, el s\u00e1bado 21 de mayo de ese mismo a\u00f1o, se llev\u00f3 a cabo all\u00ed la ceremonia de coronaci\u00f3n del poeta Aurelio Mart\u00ednez Mutis. En el acto cultural se present\u00f3 la cantante l\u00edrica Elvira Inmediato.<\/p><\/div>\n<p>&nbsp;<\/p>\n<p>Como anotamos atr\u00e1s, la militancia pol\u00edtica del vate en el Partido Conservador contribuy\u00f3, indudablemente, a que los nuevos expositores de la literatura colombiana y universal, marcados por una evidente inclinaci\u00f3n hacia la izquierda, cuando no por una franca militancia en sus filas, lo criticaran, hasta la groser\u00eda del desconocimiento. Desconocimiento que, a su vez, en burda petici\u00f3n de principio, tomaron como argumento para &#8220;demostrar&#8221; que Aurelio Mart\u00ednez Mutis no era, en realidad, -seg\u00fan ellos- un buen poeta. Si lo fuera, -argumentaron- seguir\u00eda &#8220;vigente&#8221;. Como no sigui\u00f3 &#8220;vigente&#8221;, como fue olvidado, ah\u00ed estaba la &#8220;prueba&#8221; de su escaso valor como poeta. En tal razonamiento se persiste aun hoy en d\u00eda. Es m\u00e1s: uno que otro de sus detractores se refiere al &#8220;vate&#8221; santandereano, poniendo la palabra vate entre comillas con prop\u00f3sito claramente ir\u00f3nico, dando a entender que no lo era.<\/p>\n<p>Por supuesto, argumentar el olvido como soporte para afirmar que algo carece de valor es sof\u00edstico. La vigencia de algo en el tiempo depende de muchos factores y tambi\u00e9n de muchos factores depende el olvido. En estos tiempos dif\u00edciles para el buen gusto, la propia Poes\u00eda, para no ir tan lejos, ha sido marginada. Y, llevando el an\u00e1lisis al extremo, hasta Dios mismo ha sido relegado al olvido y hasta expulsado de las constituciones pol\u00edticas, donde antes era mencionado como fuente suprema del principio de autoridad y faro de la vida social.<\/p>\n<p>M\u00e1s bien, hay que subrayar el factor pol\u00edtico, que ciega e impide la reflexi\u00f3n serena y, por ende, imposibilita la objetividad.<\/p>\n<p>Y es que, contrario a lo que pudiera pensarse al leer &#8220;La epopeya del c\u00f3ndor&#8221;, Aurelio Mart\u00ednez Mutis, en efecto, era conservador. Conservador, s\u00ed, contrario a lo que se piensa incluso en la actualidad e inclusive dentro de las propias filas conservadoras.<\/p>\n<p>Esa activa militancia pol\u00edtica, para disgusto de sus cr\u00edticos, la plasm\u00f3, como era l\u00f3gico, en su poes\u00eda.<\/p>\n<p>&nbsp;<\/p>\n<p>En el poema &#8220;<em>Azul<\/em>&#8220;, por ejemplo:<\/p>\n<p>&nbsp;<\/p>\n<p><strong>&#8220;Azul<\/strong><\/p>\n<p>&#8220;L&#8217;art c&#8217;es l&#8217;Azur&#8221;<br \/>\nV\u00edctor Hugo<\/p>\n<p>(A Laureano G\u00f3mez)<\/p>\n<p>&nbsp;<\/p>\n<p><img loading=\"lazy\" decoding=\"async\" class=\"aligncenter size-full wp-image-10726\" title=\"Rosa_Azul\" src=\"https:\/\/lapiedrafilosofal.com\/wp-content\/uploads\/2013\/12\/Rosa_Azul.jpeg\" alt=\"\" width=\"1024\" height=\"768\" srcset=\"https:\/\/oscarhumbertogomez.com\/wp-content\/uploads\/2013\/12\/Rosa_Azul.jpeg 1024w, https:\/\/oscarhumbertogomez.com\/wp-content\/uploads\/2013\/12\/Rosa_Azul-300x225.jpeg 300w\" sizes=\"auto, (max-width: 1024px) 100vw, 1024px\" \/><\/p>\n<p>&nbsp;<\/p>\n<p><strong>Cuando vine al mundo y encontr\u00e9 el destino<\/strong><br \/>\n<strong> pintado en mi frente, como peregrino,<\/strong><br \/>\n<strong> obrero y soldado del verso inmortal,<\/strong><br \/>\n<strong> vi que era radioso y azul mi estandarte<\/strong><br \/>\n<strong> para dar las rudas batallas del Arte<\/strong><br \/>\n<strong> entre el claro-oscuro del Bien y del Mal.<\/strong><\/p>\n<p><strong>Fue azul la ceniza de bruma y de plomo<\/strong><br \/>\n<strong> que me dijo un d\u00eda su &#8220;<em>Memento homo<\/em>,<\/strong><br \/>\n<strong> polvo eres y al polvo tendr\u00e1s que volver&#8221;;<\/strong><br \/>\n<strong> por eso en los tiempos futuros, ser\u00eda<\/strong><br \/>\n<strong> del color del cielo mi melancol\u00eda<\/strong><br \/>\n<strong> te\u00f1ida con luces del atardecer.<\/strong><\/p>\n<p><strong>Azul, vasto ensue\u00f1o del monte y del llano,<\/strong><br \/>\n<strong> tanto m\u00e1s hermoso cuanto m\u00e1s lejano,<\/strong><br \/>\n<strong> que da la tristeza sin sombras de espl\u00edn,<\/strong><br \/>\n<strong> y la dicha s\u00f3lo nos da en lo remoto<\/strong><br \/>\n<strong> cuando somos buenos, cuando no se ha roto<\/strong><br \/>\n<strong> el prisma en que el mundo parece un jard\u00edn.<\/strong><\/p>\n<p><strong>Cuajada en zafiros de ilustre cantera,<\/strong><br \/>\n<strong> abrac\u00e9 muy ni\u00f1o la hermosa bandera<\/strong><br \/>\n<strong> que le dio a Colombia doctrina y vigor<\/strong><br \/>\n<strong> y que con un grito de angustias amargas<\/strong><br \/>\n<strong> naci\u00f3 en el tremendo Pantano de Vargas<\/strong><br \/>\n<strong> en el alma misma del Libertador.<\/strong><\/p>\n<p><strong>&#8220;Salve usted la Patria!&#8221;, le grit\u00f3 al Llanero<\/strong><br \/>\n<strong> con voz que se ahonda de otero en otero.<\/strong><br \/>\n<strong> Y entre el claro-oscuro del Bien y del Mal<\/strong><br \/>\n<strong> sigui\u00f3 desflecando sus hilos de seda<\/strong><br \/>\n<strong> en las manos fuertes de Julio Arboleda<\/strong><br \/>\n<strong> y en las del glorioso Leonardo Canal.<\/strong><\/p>\n<p><strong>Es azul el p\u00e1jaro que enfermo de amores<\/strong><br \/>\n<strong> nos habla al o\u00eddo de mundos mejores,<\/strong><br \/>\n<strong> mas, si hacemos ruido se va del vergel.<\/strong><br \/>\n<strong> Gentil cual no hay otras y azul es la rima<\/strong><br \/>\n<strong> de Guti\u00e9rrez N\u00e1jera, bebida en la cima<\/strong><br \/>\n<strong> de su excelso y blanco Popocatepelt.<\/strong><\/p>\n<p><strong>Azul de cobalto con niebla infanzona,<\/strong><br \/>\n<strong> el cielo patricio de Nueva Pamplona<\/strong><br \/>\n<strong> a m\u00ed y a mi madre nos dio su cordial,<\/strong><br \/>\n<strong> y cuando al mirarlo mi pecho suspira,<\/strong><br \/>\n<strong> desde los Tres Reyes mi madre me mira<\/strong><br \/>\n<strong> llenando la noche de luz celestial.<\/strong><\/p>\n<p><strong>Es azul la estrella con flecos de plata<\/strong><br \/>\n<strong> que se abre cuando oye la mandolinata<\/strong><br \/>\n<strong> tr\u00e9mula y sentida bajo del balc\u00f3n,<\/strong><br \/>\n<strong> y es azul el vuelo de las golondrinas<\/strong><br \/>\n<strong> que a anidar retornan dentro de las ruinas<\/strong><br \/>\n<strong> en el cementerio de mi coraz\u00f3n.<\/strong><\/p>\n<p><strong>(&#8230;)<\/strong><\/p>\n<p><strong>Es azul la orquesta de la marejada<\/strong><br \/>\n<strong> que dio a mi poema su euforia salada;<\/strong><br \/>\n<strong> y as\u00ed, es mi poema mejor que la espada<\/strong><br \/>\n<strong> pues lleva en sus m\u00fasicas su propia laurel;<\/strong><br \/>\n<strong> y son de turquesa los roncos chubascos<\/strong><br \/>\n<strong> de el\u00e9ctricas lumbres, cuando en los pe\u00f1ascos<\/strong><br \/>\n<strong> revienta el galope, sacando en sus cascos<\/strong><br \/>\n<strong> met\u00e1licas chispas, mi bravo corcel.<\/strong><\/p>\n<p><strong>Bella en su imposible, cual la vida m\u00eda,<\/strong><br \/>\n<strong> es azul la tarde, que en la lejan\u00eda<\/strong><br \/>\n<strong> me da con luceros su coqueter\u00eda,<\/strong><br \/>\n<strong> no es cuerdo en las manos quererlos tomar:<\/strong><br \/>\n<strong> flores y quijarros tejen el destino,<\/strong><br \/>\n<strong>el paisaje es ancho y el sol diamantino,<\/strong><br \/>\n<strong>la sola belleza la otorga el camino,<\/strong><br \/>\n<strong> la sola ventura la da el caminar.<\/strong><\/p>\n<p><strong>Fueron pedrer\u00edas y fueron bandada<\/strong><br \/>\n<strong> de alondras los ojos de mi bien amada,<\/strong><br \/>\n<strong> y es azul el manto de la Inmaculada<\/strong><br \/>\n<strong> erguida en las nubes de m\u00edstico tul.<\/strong><br \/>\n<strong> Si es negro el combate y es negro el atuendo<\/strong><br \/>\n<strong> de duendes y brujas que estoy combatiendo,<\/strong><br \/>\n<strong> azul es la insignia sin par que defiendo<\/strong><br \/>\n<strong> y entre tantas sombras, el Arte es lo Azul!&#8221;.<\/strong><\/p>\n<p>&nbsp;<\/p>\n<p>Pero, por si alguna duda subsistiera, aqu\u00ed est\u00e1, apuntando en el mismo sentido, su poema &#8220;<em>Gajo de roble<\/em>&#8220;:<\/p>\n<p>&nbsp;<\/p>\n<p><strong>&#8220;GAJO DE ROBLE<\/strong><\/p>\n<p><em>Al general Pedro Nel Ospina<\/em><\/p>\n<p>&nbsp;<\/p>\n<p><img loading=\"lazy\" decoding=\"async\" class=\"aligncenter size-full wp-image-10727\" title=\"Cid campeador\" src=\"https:\/\/lapiedrafilosofal.com\/wp-content\/uploads\/2013\/12\/Cid-campeador.jpg\" alt=\"\" width=\"644\" height=\"362\" srcset=\"https:\/\/oscarhumbertogomez.com\/wp-content\/uploads\/2013\/12\/Cid-campeador.jpg 644w, https:\/\/oscarhumbertogomez.com\/wp-content\/uploads\/2013\/12\/Cid-campeador-300x168.jpg 300w\" sizes=\"auto, (max-width: 644px) 100vw, 644px\" \/><\/p>\n<p>&nbsp;<\/p>\n<p><strong>General, mi monta\u00f1a te saluda.<\/strong><br \/>\n<strong> Vives, aunque tu voz est\u00e9 ya muda.<\/strong><br \/>\n<strong> Vives, porque tu sangre trasfundiste<\/strong><br \/>\n<strong> a nuestra Patria vacilante y triste,<\/strong><br \/>\n<strong> y diste, aniquilando la impotencia,<\/strong><br \/>\n<strong> tu\u00e9tanos de le\u00f3n a tu existencia.<\/strong><br \/>\n<strong> (&#8230;)<\/strong><br \/>\n<strong> Seguiremos la ruta que nos marca<\/strong><br \/>\n<strong> tu vida, combatiendo con la charca,<\/strong><br \/>\n<strong> venciendo a la fatiga y al desierto.<\/strong><br \/>\n<strong> Y si a herirnos volviere el torpe fallo<\/strong><br \/>\n<strong> de la opresi\u00f3n tentacular y oscura,<\/strong><br \/>\n<strong> te sacaremos de la bre\u00f1a dura,<\/strong><br \/>\n<strong> saldremos todos al camino abierto<\/strong><br \/>\n<strong> y te pondremos sobre tu caballo:<\/strong><br \/>\n<strong> nuevo Cid Campeador, con tu figura<\/strong><br \/>\n<strong> desgajar\u00e1s en la visi\u00f3n futura<\/strong><br \/>\n<strong> nuevas victorias aun despu\u00e9s de muerto&#8221;.<\/strong><\/p>\n<p>&nbsp;<\/p>\n<div id=\"attachment_10840\" style=\"width: 650px\" class=\"wp-caption aligncenter\"><img loading=\"lazy\" decoding=\"async\" aria-describedby=\"caption-attachment-10840\" class=\"size-large wp-image-10840\" title=\"AURELIO MART\u00cdNEZ MUTIS. Pedro J. Vargas.\" src=\"https:\/\/lapiedrafilosofal.com\/wp-content\/uploads\/2013\/12\/AURELIO-MART\u00cdNEZ-MUTIS.-Pedro-J.-Vargas.--669x1024.jpg\" alt=\"\" width=\"640\" height=\"979\" srcset=\"https:\/\/oscarhumbertogomez.com\/wp-content\/uploads\/2013\/12\/AURELIO-MART\u00cdNEZ-MUTIS.-Pedro-J.-Vargas.--669x1024.jpg 669w, https:\/\/oscarhumbertogomez.com\/wp-content\/uploads\/2013\/12\/AURELIO-MART\u00cdNEZ-MUTIS.-Pedro-J.-Vargas.--196x300.jpg 196w, https:\/\/oscarhumbertogomez.com\/wp-content\/uploads\/2013\/12\/AURELIO-MART\u00cdNEZ-MUTIS.-Pedro-J.-Vargas.-.jpg 995w\" sizes=\"auto, (max-width: 640px) 100vw, 640px\" \/><p id=\"caption-attachment-10840\" class=\"wp-caption-text\">AURELIO MART\u00cdNEZ MUTIS. Ilustraci\u00f3n de Pedro Jes\u00fas Vargas Cordero para www.oscarhumbertogomez.com Santander en la Red.<\/p><\/div>\n<p>&nbsp;<\/p>\n<p>Aparte de la envidia, que no pocas veces gu\u00eda la mano de los cr\u00edticos cuando escriben, sin duda que esa abierta y declarada militancia pol\u00edtica pes\u00f3 decisivamente en la hostilidad que hubo contra el rapsoda. La envidia, porque lo criticaron -y lo siguen criticando- &#8220;poetas&#8221; incapaces de rimar dos versos pareados o de escribir, al menos, versos sin rima, pero sensibles y hermosos. La militancia pol\u00edtica, porque la literatura fue otra de las cosas que cay\u00f3 en manos de un izquierdismo intransigente.<\/p>\n<p>Cada vez que se leen esos desapacibles y recurrentes ataques, sin embargo, vuelven a cobrar vigencia los versos del rapsoda bumangu\u00e9s:<\/p>\n<p>&nbsp;<\/p>\n<p><img loading=\"lazy\" decoding=\"async\" class=\"aligncenter size-full wp-image-10728\" title=\"CORONA DE LAUREL\" src=\"https:\/\/lapiedrafilosofal.com\/wp-content\/uploads\/2013\/12\/CORONA-DE-LAUREL.jpg\" alt=\"\" width=\"425\" height=\"500\" srcset=\"https:\/\/oscarhumbertogomez.com\/wp-content\/uploads\/2013\/12\/CORONA-DE-LAUREL.jpg 425w, https:\/\/oscarhumbertogomez.com\/wp-content\/uploads\/2013\/12\/CORONA-DE-LAUREL-255x300.jpg 255w\" sizes=\"auto, (max-width: 425px) 100vw, 425px\" \/><\/p>\n<p>&nbsp;<\/p>\n<p><strong>&#8220;Os da mi gloria de artista<\/strong><br \/>\n<strong> mucho pesar, os acosa<\/strong><br \/>\n<strong> con amargura biliosa,<\/strong><br \/>\n<strong> os desvela y os contrista.<\/strong><\/p>\n<p><strong>Es in\u00fatil que me embista<\/strong><br \/>\n<strong> el odio oscuro y vulgar:<\/strong><br \/>\n<strong> pod\u00e9is quitarme el hogar,<\/strong><br \/>\n<strong> el pan, el techo, la miel,<\/strong><br \/>\n<strong> \u00a1pero el brillo del laurel<\/strong><br \/>\n<strong> no me lo pod\u00e9is quitar!&#8221;.<\/strong><\/p>\n<p><em>[CONTINUAR\u00c1]<\/em><\/p>\n<p>______<\/p>\n<p>&nbsp;<\/p>\n<p><strong><span style=\"color: #333399;\"><em>NOTA DEL PORTAL:<\/em><\/span>&nbsp;<\/strong><em>&nbsp;Ya los pueblos antiguos celebraban imponentes ceremonias de coronaci\u00f3n de sus poetas m\u00e1s representativos. Esa costumbre se mantuvo con el tiempo en diversas naciones del orbe. Francesco Petrarca fue coronado en Italia en abril de 1341. En Espa\u00f1a lo fue Jos\u00e9 Zorrilla en 1889. En Inglaterra, fueron coronados Robert Southey, en 1813, William Wordsworth, en 1843, y Alfred Tennyson, en 1850. En Per\u00fa, Jos\u00e9 Santos Chocano en 1922. En Colombia, fueron coronados Rafael Pombo, el 20 de agosto de 1905, y Julio Fl\u00f3rez, este \u00faltimo pocos d\u00edas antes de morir (14 de enero de 1923). &nbsp;En Santander, el s\u00e1bado 21 de mayo de 1932 fue coronado Aurelio Mart\u00ednez Mutis. Otro gran bardo nuestro que iba a serlo, el poeta Ismael Enrique Arciniegas, muri\u00f3 cuando se estaba organizando la ceremonia (23 de enero de 1938). El \u00faltimo rapsoda santandereano que lo fue, el poeta comunista Pablo Zogoibi (Sebasti\u00e1n Antol\u00ednez), coronado el s\u00e1bado 23 de abril de 1966, muri\u00f3, como los otros, en la m\u00e1s absoluta pobreza. Y es que, en el fondo, se trataba apenas de la colocaci\u00f3n de una corona de laurel en las sienes del homenajeado. Empero, para quienes eso representaba el ascenso del poeta a la gloria, la coronaci\u00f3n ten\u00eda que convertirse -si de por medio estaba el pesar por la gloria ajena- en el detonante de toda la carga de envidia, antipat\u00eda y odio que se guardara contra el coronado. Con Mart\u00ednez Mutis no hubo excepci\u00f3n. Aunque tampoco, claro, falt\u00f3 qui\u00e9n saliera en su defensa. &nbsp;&nbsp;<\/em><\/p>\n<p>__________________<\/p>\n<p>&nbsp;<\/p>\n<p><span style=\"color: #ff0000;\"><strong>LOS MUTIS (IV). El Poeta (III)<\/strong><\/span><\/p>\n<p>Por <strong>\u00d3scar Humberto G\u00f3mez G\u00f3mez<\/strong>.<\/p>\n<p>Miembro Correspondiente de la Academia de Historia de Santander.<\/p>\n<p>&nbsp;<\/p>\n<p><img loading=\"lazy\" decoding=\"async\" class=\"aligncenter size-full wp-image-10348\" title=\"\u00d3SCAR.-EDITORIAL.2\" src=\"https:\/\/lapiedrafilosofal.com\/wp-content\/uploads\/2013\/11\/\u00d3SCAR.-EDITORIAL.21.jpg\" alt=\"\" width=\"299\" height=\"448\" srcset=\"https:\/\/oscarhumbertogomez.com\/wp-content\/uploads\/2013\/11\/\u00d3SCAR.-EDITORIAL.21.jpg 299w, https:\/\/oscarhumbertogomez.com\/wp-content\/uploads\/2013\/11\/\u00d3SCAR.-EDITORIAL.21-200x300.jpg 200w\" sizes=\"auto, (max-width: 299px) 100vw, 299px\" \/><\/p>\n<p>&nbsp;<\/p>\n<p><em>[A Clarita y Robertico Villamizar Mutis, con afecto]<\/em><\/p>\n<p>&nbsp;<\/p>\n<p><div id=\"attachment_10877\" style=\"width: 650px\" class=\"wp-caption aligncenter\"><img loading=\"lazy\" decoding=\"async\" aria-describedby=\"caption-attachment-10877\" class=\"size-large wp-image-10877\" title=\"CALLE DEL CARNERO\" src=\"https:\/\/lapiedrafilosofal.com\/wp-content\/uploads\/2014\/01\/CALLE-DEL-CARNERO-1024x768.png\" alt=\"\" width=\"640\" height=\"480\" srcset=\"https:\/\/oscarhumbertogomez.com\/wp-content\/uploads\/2014\/01\/CALLE-DEL-CARNERO-1024x768.png 1024w, https:\/\/oscarhumbertogomez.com\/wp-content\/uploads\/2014\/01\/CALLE-DEL-CARNERO-300x225.png 300w, https:\/\/oscarhumbertogomez.com\/wp-content\/uploads\/2014\/01\/CALLE-DEL-CARNERO.png 2048w\" sizes=\"auto, (max-width: 640px) 100vw, 640px\" \/><p id=\"caption-attachment-10877\" class=\"wp-caption-text\">ESTADO ACTUAL DE LA &#8220;CALLE DEL CARNERO&#8221; DE BOGOT\u00c1, DONDE, EN LA M\u00c1S ABSOLUTA POBREZA, VIV\u00cdA EL POETA SANTANDEREANO AURELIO MART\u00cdNEZ MUTIS EN EL A\u00d1O 1913 CUANDO GAN\u00d3 EL CONCURSO INTERNACIONAL DE POES\u00cdA CONVOCADO POR LA REVISTA &#8220;MUNDIAL&#8221; DE PAR\u00cdS \/ FRANCIA Y OBTUVO OTROS RESONANTES LAURELES LITERARIOS, A PARTIR DE LOS CUALES EMPEZ\u00d3 A SER PERSEGUIDO. [Fotograf\u00eda: Google earth]<\/p><\/div><div id=\"attachment_10878\" style=\"width: 650px\" class=\"wp-caption aligncenter\"><img loading=\"lazy\" decoding=\"async\" aria-describedby=\"caption-attachment-10878\" class=\"size-large wp-image-10878\" title=\"CALLE DEL CARNERO\" src=\"https:\/\/lapiedrafilosofal.com\/wp-content\/uploads\/2014\/01\/CALLE-DEL-CARNERO--1024x768.png\" alt=\"\" width=\"640\" height=\"480\" srcset=\"https:\/\/oscarhumbertogomez.com\/wp-content\/uploads\/2014\/01\/CALLE-DEL-CARNERO--1024x768.png 1024w, https:\/\/oscarhumbertogomez.com\/wp-content\/uploads\/2014\/01\/CALLE-DEL-CARNERO--300x225.png 300w, https:\/\/oscarhumbertogomez.com\/wp-content\/uploads\/2014\/01\/CALLE-DEL-CARNERO-.png 2048w\" sizes=\"auto, (max-width: 640px) 100vw, 640px\" \/><p id=\"caption-attachment-10878\" class=\"wp-caption-text\">ESTADO ACTUAL DE LA &#8220;CALLE DEL CARNERO&#8221; (acera opuesta). [Fotograf\u00eda: Google earth].<\/p><\/div>&nbsp;<\/p>\n<p>&nbsp;<\/p>\n<p style=\"text-align: justify;\"><em>&#8220;Fue v\u00edctima de los envidiosos desde su juventud, debido a su car\u00e1cter independiente, que no le dejaba asistir a las reuniones sociales&#8221;. (H\u00e9ctor M. Ardila. In\u00e9s Vizca\u00edno v. de M\u00e9ndez. Hombres y mujeres en las letras colombianas).<\/em><\/p>\n<p>&nbsp;<\/p>\n<p><em>&#8220;BOGOT\u00c1 1913.<br \/>\n24 de julio de 1913. Alfonso, Rivas, Villafa\u00f1e, Del Castillo y un poeta extremadamente engre\u00eddo que se llamaba Mart\u00ednez Mutis, laureado muchas veces en Colombia y engrandecido recientemente con el Premio Panamericano, de C\u00e1diz, fueron a o\u00edr el debate sobre el proyecto de homenaje a Jesucristo que con motivo del inminente Congreso Eucar\u00edstico iba a llevarse a cabo en la C\u00e1mara de Representantes&#8221;. (Tom\u00e1s Gonz\u00e1lez. &#8220;Para antes del olvido&#8221;, p\u00e1g. 157).<\/em><\/p>\n<p>&nbsp;<\/p>\n<p><em>&#8220;El tono &#8220;epopeyero&#8221; est\u00e1 dado desde all\u00ed: se trata de presentar a los colombianos uno de los poetas de m\u00e1s \u00e9xito, \u00e9ste medido por las victorias en concursos de poes\u00eda; all\u00ed est\u00e1 el hero\u00edsmo del personaje, su haza\u00f1a; se trata de mantener vivos, al decir del Instituto Colombiano del Petr\u00f3leo, &#8220;sus inmortales triunfos&#8221;, &#8220;sus inmarcesibles glorias&#8221;. Terminolog\u00eda que asume Cacua Prada de entrada, para exaltar la vida &#8220;Ejemplar, altiva, meritoria y patri\u00f3tica&#8221; (siempre patri\u00f3tica) del &#8220;aeda santandereano&#8221;, teniendo como deber &#8220;llevar a las nuevas generaciones los fastos de nuestra tierra&#8221;, rememorar a &#8220;quien ya est\u00e1 en los cielos&#8221; para &#8220;beneficio de nuestra tierra nativa&#8221;. Con lo cual, queda dicho todo. Esta debe ser la epopeya de Mart\u00ednez Mutis, pero cantada por el aeda Cacua Prada, que en ello parece especializarse, a juzgar por la reciente epopeya de Germ\u00e1n Arciniegas. As\u00ed como Mart\u00ednez Mutis es el poeta de las conmemoraciones y los festivos, Cacua Prada quiere hacer fiesta y conmemoraci\u00f3n nacionales de la imagen del poeta. Pero hay que empezar por decir, volviendo a lo epop\u00e9yico, que la idealizaci\u00f3n del h\u00e9roe no se logra mediante la exaltaci\u00f3n (a qu\u00e9 exaltar -que es enfatizar, alardear\u2014 la imagen de lo que naturalmente es, de lo que naturalmente conmemora; si el pueblo colombiano se identifica con los poemas de Mart\u00ednez Mutis, a qu\u00e9 tratar de ponerlo en su sitio?); la idealizaci\u00f3n del h\u00e9roe se muestra (no es que se logre) en el paladeo inteligente de su obra. Pero aqu\u00ed lo que se ensaya es una biograf\u00eda antecedente a una antolog\u00eda: la biograf\u00eda no ilumina la antolog\u00eda ni viceversa, entre otras cosas porque la vida del poeta no resulta tan connatural a sus poemas. \u00bfNo ser\u00e1 que lo que le preocupa a Cacua es el olvido en que se tiene a Mart\u00ednez Mutis? Nunca lo deja entrever, pero, \u00bfc\u00f3mo no interrogarse ante ese abandono de las nuevas generaciones (y tambi\u00e9n de las anteriores, dir\u00eda yo)? Es claro que a quien le interesa la epopeya no le interesa la disidencia, pero ya es sintom\u00e1tico que el autor no se haya detenido en las numerosas reacciones adversas que provoc\u00f3 el &#8220;epolirismo&#8221; de Mart\u00ednez en vida, por ejemplo aqu\u00e9lla escrita en alg\u00fan diario nacional, a prop\u00f3sito de un nuevo poema de Aurelio Mart\u00ednez, titulada &#8220;La epopeya del ripio&#8221;. No. La cr\u00edtica no tiene cabida en este libro, y s\u00f3lo se entabla di\u00e1logo con la disidencia desde el hecho irrefutable de que Mart\u00ednez Mutis es un gran poeta, que ha ganado muchos concursos de poes\u00eda, que ha hecho suspirar a muchas audiencias, etc. (&#8230;) Aunque Cacua Prada no nos aclara de qu\u00e9 manera son virtudes o valores patri\u00f3ticos la bohemia, la vagancia, el no trabajar para ninguna instituci\u00f3n o el cultivo del propio ego&#8221;. (\u00d3scar Torres Duque).<\/em><\/p>\n<p>&nbsp;<\/p>\n<p><em>&#8220;Desde su juventud, Mart\u00ednez Mutis ha tenido enemigos oscuros y silenciosos, pero implacables. Ellos surgieron por docenas a ra\u00edz de su primer triunfo literario. Es lo de siempre, tan humano y tan mezquino. La envidia sorda, que acecha y hiere en la oscuridad, el pesar del bien ajeno, esa cosa miserable que roe como un gusano las conciencias y las sociedades&#8221;. (Juan B. Jaramillo Meza).<\/em><\/p>\n<p>&nbsp;<\/p>\n<p><em>&#8220;La generaci\u00f3n de \u201cEl Centenario\u201d es una t\u00edpica generaci\u00f3n posmodernista. Los sonetos de Jos\u00e9 Eustasio Rivera son de corte parnasiano y es parnasiana su excesiva preocupaci\u00f3n por la forma; con un lenguaje inequ\u00edvocamente modernista habla del paisaje llanero. Porque, como ya se dijo, estos poetas, como reacci\u00f3n a la tendencia extranjerizante de los modernistas, tienen un mayor sentido de lo nacional: la \u201cEpopeya del C\u00f3ndor\u201d, de Aurelio Mart\u00ednez Mutis, seguidor del estilo \u00e9pico impuesto por Dar\u00edo, es un buen ejemplo de ello. Pero no solo Rivera y Mart\u00ednez Mutis son posmodernistas, Barba-Jacob a su turno, es tambi\u00e9n un poeta posmodernista. Reacciona por la v\u00eda del romanticismo. Y aqu\u00ed no debe olvidarse que el modernismo en sus comienzos tuvo una gran carga de romanticismo que posteriormente fue eliminada en parte por Rub\u00e9n Dar\u00edo y sus seguidores. Pero, por ejemplo, Jos\u00e9 Asunci\u00f3n Silva no constituye una reacci\u00f3n contra el romanticismo sino un puente entre esta escuela y las nuevas tendencias. Barba-Jacob con su rebeld\u00eda, su voluntad de evadir la realidad, su subjetivismo, el exotismo de sus temas, su atracci\u00f3n por la muerte y adem\u00e1s su escritura netamente modernista, contin\u00faa en la \u00f3rbita de esta escuela.<\/em><br \/>\n<em> Otro ejemplo de la est\u00e9tica t\u00edpicamente posmodernista es la poes\u00eda de Luis Carlos L\u00f3pez. Seg\u00fan el esquema que se ha venido aplicando, L\u00f3pez reacciona por la v\u00eda del prosa\u00edsmo sentimental, de la caricatura. Utiliza el lenguaje modernista para hablar de los pueblos de tierra caliente, de la provincia colombiana, siempre en forma cr\u00edtica y sarc\u00e1stica&#8221;. (Mar\u00eda Mercedes Carranza).<\/em><\/p>\n<p>&nbsp;<\/p>\n<p><em>&#8220;Se dice que la poes\u00eda es para los poetas. En realidad, los poetas son muy selectivos. Cada uno est\u00e1 interesado \u00fanicamente en lo suyo, en su falsa gloriola, en su tonta pedanter\u00eda. Por eso Ciro Mend\u00eda no figura, o figura con cuatro l\u00edneas equivocadas en las antolog\u00edas colombianas, que tantos lagarticos suelen albergar, mientras se desestiman poetas como Ciro Mend\u00eda o Aurelio Mart\u00ednez Mutis, a quien se destierra hasta de las bibliotecas p\u00fablicas porque ya no se lee, de lo cual deducen que nunca m\u00e1s ser\u00e1 le\u00eddo, como si Colombia se fuera a quedar analfabeta indefinidamente. Los libros deben permanecer en las bibliotecas, porque los investigadores los necesitar\u00e1n. La cultura es patrimonio de todos&#8221;. (Jaime Jaramillo Escobar. Pre\u00e1mbulo a la Antolog\u00eda de Ciro Mend\u00eda. Universidad de Antioquia. 2001).<\/em><\/p>\n<p>&nbsp;<\/p>\n<p><em>&#8220;El rasgo caracter\u00edstico de su inspiraci\u00f3n, como de su idiosincrasia, es el orgullo; un orgullo profundo, intransigente; el orgullo del hombre y del portalira que, asqueado de la vulgaridad humana, se encierra en la torre de marfil del arte (&#8230;), y arroja luego las llaves (&#8230;) por la ventana&#8221;. (Eduardo Castillo).<\/em><\/p>\n<p>&nbsp;<\/p>\n<p><em>&#8220;La esfera conquistada supera a la mayor parte de los poemas \u00e9picos escritos en lengua castellana (&#8230;)&#8221;. La epopeya de la espiga es &#8220;una de las m\u00e1s bellas creaciones de la Musa nacional&#8221;. (Rafael Maya).<\/em><\/p>\n<p>&nbsp;<\/p>\n<div id=\"attachment_10893\" style=\"width: 777px\" class=\"wp-caption aligncenter\"><img loading=\"lazy\" decoding=\"async\" aria-describedby=\"caption-attachment-10893\" class=\"size-full wp-image-10893\" title=\"AURELIO\" src=\"https:\/\/lapiedrafilosofal.com\/wp-content\/uploads\/2014\/01\/AURELIO-.jpg\" alt=\"\" width=\"767\" height=\"1023\" srcset=\"https:\/\/oscarhumbertogomez.com\/wp-content\/uploads\/2014\/01\/AURELIO-.jpg 767w, https:\/\/oscarhumbertogomez.com\/wp-content\/uploads\/2014\/01\/AURELIO--224x300.jpg 224w\" sizes=\"auto, (max-width: 767px) 100vw, 767px\" \/><p id=\"caption-attachment-10893\" class=\"wp-caption-text\">MONUMENTO A AURELIO MART\u00cdNEZ MUTIS EN BUCARAMANGA. Al fondo, el templo de San Laureano. [Fotograf\u00eda de Fernando Rueda Villamizar para www.oscarhumbertogomez.com Santander en la Red].<\/p><\/div>\n<p>&nbsp;<\/p>\n<p>Podr\u00edamos seguir insertando citas para mostrar cu\u00e1nta controversia se suscit\u00f3 alrededor de la vida y la obra de Aurelio Mart\u00ednez Mutis a partir de sus triunfos, de su coronaci\u00f3n, de eso que entre los poetas se conoc\u00eda como &#8220;la gloria&#8221;. Lo cierto es que la ventura, que lo catapultaba cada vez m\u00e1s como poeta destacado de la primera mitad del siglo XX, tambi\u00e9n lo alejaba de los c\u00edrculos dominantes del mundo literario, donde era objeto de la natural envidia, con el agravante de que, en su caso, la envidia se llev\u00f3 m\u00e1s lejos: hasta el ataque personal y destructivo.<\/p>\n<p>En respuesta a esa atm\u00f3sfera hostil, una contestaci\u00f3n propia de su personalidad, pero posiblemente equivocada, el bardo bumangu\u00e9s se tornaba cada vez m\u00e1s digno y arrogante. Su temperamento pol\u00e9mico y altivo lo llevaba a mostrarse ante sus enemigos como alguien que, muy a pesar de ellos, hab\u00eda logrado alcanzar sitiales elevados dentro de la Poes\u00eda, y eso acrecentaba el odio en su contra y el que sus adversarios procuraran, a toda costa, minimizar su importancia. Se form\u00f3, pues, un c\u00edrculo vicioso: mientras m\u00e1s lo atacaban, \u00e9l m\u00e1s se crec\u00eda y se tornaba altivo; y entre m\u00e1s altivo se tornaba, m\u00e1s lo atacaban. No es exagerado afirmar que Mart\u00ednez Mutis se pas\u00f3 la vida defendi\u00e9ndose y respondiendo con altivez a quienes por doquier trataban de eclipsarlo.<\/p>\n<p>&nbsp;<\/p>\n<div id=\"attachment_10902\" style=\"width: 460px\" class=\"wp-caption aligncenter\"><img loading=\"lazy\" decoding=\"async\" aria-describedby=\"caption-attachment-10902\" class=\"size-full wp-image-10902\" title=\"CORONA DE LAUREL II\" src=\"https:\/\/lapiedrafilosofal.com\/wp-content\/uploads\/2014\/01\/CORONA-DE-LAUREL-II.jpg\" alt=\"\" width=\"450\" height=\"655\" srcset=\"https:\/\/oscarhumbertogomez.com\/wp-content\/uploads\/2014\/01\/CORONA-DE-LAUREL-II.jpg 450w, https:\/\/oscarhumbertogomez.com\/wp-content\/uploads\/2014\/01\/CORONA-DE-LAUREL-II-206x300.jpg 206w\" sizes=\"auto, (max-width: 450px) 100vw, 450px\" \/><p id=\"caption-attachment-10902\" class=\"wp-caption-text\">LA CORONA DE LAUREL SIEMPRE FUE ASOCIADA AL TRIUNFO. DE HECHO, NIKE, LA DIOSA GRIEGA DE LA VICTORIA, ES REPRESENTADA SOSTENIENDO UNA CORONA DE LAUREL.[En la fotograf\u00eda, estatua de la diosa Nike en la isla de Rodas \/ Grecia].<\/p><\/div>\n<p>&nbsp;<\/p>\n<p style=\"text-align: justify;\">Pero m\u00e1s all\u00e1 de la opini\u00f3n sesgada y envidiosa que, finalmente, tanto da\u00f1o termin\u00f3 haci\u00e9ndole a su memoria hist\u00f3rica y que lo desterr\u00f3 del sitio que merec\u00eda seguir ocupando dentro de la literatura, lo cierto es que Aurelio Mart\u00ednez Mutis gan\u00f3 todos los concursos de poes\u00eda en los cuales particip\u00f3. Eso es algo que, como se ley\u00f3 atr\u00e1s, se vieron precisados a reconocer sus detractores, as\u00ed fuera de mala gana. Por ejemplo, con su poema &#8220;La religi\u00f3n y la Independencia&#8221; gan\u00f3 en Bogot\u00e1, en 1910, el concurso abierto por el Jockey Club con ocasi\u00f3n del primer centenario de la Independencia. En 1912, con su poema &#8220;Salve, Espa\u00f1a gloriosa&#8221;, gan\u00f3 en C\u00e1diz \/ Espa\u00f1a el concurso internacional convocado por la Real Academia Hispanoamericana de Ciencias y Artes para celebrar el centenario de las Cortes gaditanas. En 1913, con su poes\u00eda &#8220;La epopeya de la espiga&#8221; gan\u00f3 en Bogot\u00e1 el concurso convocado con motivo de la celebraci\u00f3n del Primer Congreso Eucar\u00edstico Nacional. En 1913, con un tr\u00edptico po\u00e9tico sobre Sim\u00f3n Bol\u00edvar, gan\u00f3, otra vez en Bogot\u00e1, el primer premio de los Juegos Florales Nacionales. En el mismo 1913, con &#8220;La epopeya del c\u00f3ndor&#8221;, gan\u00f3 el ya mencionado gran concurso internacional convocado por la revista &#8220;Mundial&#8221; de Par\u00eds \/ Francia. En 1920, con su gran poema &#8220;La esfera conquistada&#8221;, gan\u00f3 en Punta Arenas \/ Chile el primer premio del concurso internacional convocado para conmemorar la gesta \u00e9pica de Fernando de Magallanes. En 1921, en Santiago de Chile, con su poema &#8220;Vendimia de amor&#8221;, recibi\u00f3 por aclamaci\u00f3n el laurel del triunfo en el Congreso Mariano Panamericano. En 1941, en Bucaramanga, su tierra natal, gan\u00f3 el concurso abierto con motivo de los V Juegos Atl\u00e9ticos Nacionales.<\/p>\n<p style=\"text-align: justify;\">No deja, por ello, de ser curioso, para decir lo menos, que mientras su poes\u00eda mereci\u00f3 el reconocimiento de figuras egregias de la misma Poes\u00eda y, en general, de la Literatura, como Rub\u00e9n Dar\u00edo, Rafael Maya, Guillermo Valencia, Amado Nervo, Enrique G\u00f3mez Carrillo, Ricardo Le\u00f3n o Ernest Martinenche, y que todos los jurados nacionales e internacionales lo distingu\u00edan, los cr\u00edticos lo vapulearan de manera tan acerba y con tanta obstinaci\u00f3n. Y m\u00e1s curioso, que en Colombia se le haya condenado al olvido junto con su obra. Pero m\u00e1s curioso, que este Santander al que tanto quiso y al que tanto le cant\u00f3 con sus versos, lo haya permitido y lo siga permitiendo.<\/p>\n<p>&nbsp;<\/p>\n<p><span style=\"color: #ff0000;\"><strong>EL FIN<\/strong><\/span><\/p>\n<p>&nbsp;<\/p>\n<p>En vida, Aurelio Mart\u00ednez Mutis alcanz\u00f3 a ver publicados sus libros <em>M\u00e1rmol<\/em> y <em>El romancero del tabaco<\/em>, y poemas tan importantes como <em>La Religi\u00f3n y la Independencia<\/em>; <em>Salve, Espa\u00f1a gloriosa<\/em>; <em>La epopeya de la espiga<\/em>, <em>La epopeya del c\u00f3ndor<\/em>, <em>La esfera conquistada<\/em> y <em>Vendimia de amor<\/em>.<br \/>\nFue despu\u00e9s de su muerte que salieron a la luz sus obras <em>Biograf\u00eda de Elena Mutis o un pa\u00eds alrededor de una mujer<\/em> y <em>Julio Fl\u00f3rez, su vida y su obra<\/em>.<\/p>\n<p>Aunque lo obvio es que un poeta trabaje precisamente escribiendo poes\u00edas, as\u00ed como un pintor trabaja pintando o un escultor trabaja esculpiendo, y por eso es monumental la pifia de quien llega a cuestionarlo porque dizque se dedicaba a la &#8220;vagancia&#8221;, cr\u00edtica que expresada por alguien que se presenta como &#8220;poeta&#8221; resulta a\u00fan m\u00e1s incomprensible y reprobable, lo cierto es que el distinguido rapsoda santandereano trabaj\u00f3 toda su vida ejerciendo diversos empleos en el sector p\u00fablico y en el privado, o desarrollando proyectos propios.<\/p>\n<p>El jueves 25 de febrero de 1954, en Par\u00eds, cuando ocupaba el cargo de Vicec\u00f3nsul en la Embajada de Colombia ante el Gobierno de Francia, y cuando contaba con 70 a\u00f1os de edad, Aurelio Mart\u00ednez Mutis sufri\u00f3 un infarto card\u00edaco y muri\u00f3. El Gobierno de Colombia trajo sus despojos mortales a Bucaramanga. El s\u00e1bado 13 de marzo se celebr\u00f3 la Misa solemne en el templo de San Laureano y se procedi\u00f3 a la inhumaci\u00f3n en la ronda de la Capilla de los Dolores.<\/p>\n<p>A\u00f1os atr\u00e1s, la noche de su coronaci\u00f3n en el Teatro Santander, hab\u00eda le\u00eddo su poema &#8220;Tierra nativa&#8221;, que culminaba con estos versos:<\/p>\n<p>&nbsp;<\/p>\n<p><img loading=\"lazy\" decoding=\"async\" class=\"aligncenter size-full wp-image-10884\" title=\"DESPEDIDA I\" src=\"https:\/\/lapiedrafilosofal.com\/wp-content\/uploads\/2014\/01\/DESPEDIDA-I.jpg\" alt=\"\" width=\"562\" height=\"705\" srcset=\"https:\/\/oscarhumbertogomez.com\/wp-content\/uploads\/2014\/01\/DESPEDIDA-I.jpg 562w, https:\/\/oscarhumbertogomez.com\/wp-content\/uploads\/2014\/01\/DESPEDIDA-I-239x300.jpg 239w\" sizes=\"auto, (max-width: 562px) 100vw, 562px\" \/><\/p>\n<p>&nbsp;<\/p>\n<p><strong>&#8220;As\u00ed tambi\u00e9n, tras de la suerte arcana<br \/>\n-garza triste que parte con su vuelo<br \/>\nla inmensidad- entre agua, sombra y cielo<br \/>\nde tumbo en tumbo rodar\u00e9 ma\u00f1ana.<br \/>\nY mientras torne a realizar mi anhelo<br \/>\nde alzar aqu\u00ed la tienda y la alquer\u00eda,<br \/>\ndel ancho mar por el conf\u00edn sonoro<br \/>\nme ir\u00e9 pensando, al declinar el d\u00eda,<br \/>\nen unos ojos de mujer que adoro<br \/>\ny en el regazo de la madre m\u00eda&#8221;.<br \/>\n<\/strong><\/p>\n<p>&nbsp;<\/p>\n<div id=\"attachment_10930\" style=\"width: 650px\" class=\"wp-caption aligncenter\"><img loading=\"lazy\" decoding=\"async\" aria-describedby=\"caption-attachment-10930\" class=\"size-large wp-image-10930\" title=\"Aurelio Martinez Mutis\" src=\"https:\/\/lapiedrafilosofal.com\/wp-content\/uploads\/2014\/01\/Aurelio-Martinez-Mutis-677x1024.jpg\" alt=\"\" width=\"640\" height=\"968\" srcset=\"https:\/\/oscarhumbertogomez.com\/wp-content\/uploads\/2014\/01\/Aurelio-Martinez-Mutis-677x1024.jpg 677w, https:\/\/oscarhumbertogomez.com\/wp-content\/uploads\/2014\/01\/Aurelio-Martinez-Mutis-198x300.jpg 198w, https:\/\/oscarhumbertogomez.com\/wp-content\/uploads\/2014\/01\/Aurelio-Martinez-Mutis.jpg 852w\" sizes=\"auto, (max-width: 640px) 100vw, 640px\" \/><p id=\"caption-attachment-10930\" class=\"wp-caption-text\">FOTOGRAF\u00cdA TOMADA AL POETA AURELIO MART\u00cdNEZ MUTIS EN PAR\u00cdS EL VIERNES 4 DE SETIEMBRE DE 1953, POCOS MESES ANTES DE SU FALLECIMIENTO, OCURRIDO EL JUEVES 25 DE FEBRERO DE 1954. [Fuente: <em>La poes\u00eda en Santander<\/em> de Antonio Lagos Castro. Las fallas en la resoluci\u00f3n son de la fuente. Escaneado y retoque digital para www.oscarhumbertogomez.com Santander en la Red: Fernando Rueda Villamizar).<\/p><\/div>\n<p>&nbsp;<\/p>\n<p>No dej\u00f3 riquezas que alguien pudiese heredarle. De hecho, tampoco dej\u00f3 posteridad. Su testamento qued\u00f3 plasmado en un soneto titulado, precisamente, con ese nombre. Poema con el cual despedimos esta secuencia sobre el poeta de los Mutis, quien al igual que los dem\u00e1s personajes ilustres que ha dado Santander, deber\u00eda ser conocido y recordado por las nuevas generaciones de santandereanos. Y es que en sus manos est\u00e1, en \u00faltimas, el evitar que ocurra lo que, a juzgar por lo visto, muchos desear\u00edan que ocurriera: que nos convirti\u00e9ramos en un pueblo an\u00f3nimo, sin cultura y sin historia.<\/p>\n<p>&nbsp;<\/p>\n<p><img loading=\"lazy\" decoding=\"async\" class=\"aligncenter size-large wp-image-7450\" title=\"Flores-Rojas_Imagenes-de-Flores-en-HD\" src=\"https:\/\/lapiedrafilosofal.com\/wp-content\/uploads\/2013\/03\/Flores-Rojas_Imagenes-de-Flores-en-HD-1024x640.jpg\" alt=\"\" width=\"640\" height=\"400\" srcset=\"https:\/\/oscarhumbertogomez.com\/wp-content\/uploads\/2013\/03\/Flores-Rojas_Imagenes-de-Flores-en-HD-1024x640.jpg 1024w, https:\/\/oscarhumbertogomez.com\/wp-content\/uploads\/2013\/03\/Flores-Rojas_Imagenes-de-Flores-en-HD-300x187.jpg 300w, https:\/\/oscarhumbertogomez.com\/wp-content\/uploads\/2013\/03\/Flores-Rojas_Imagenes-de-Flores-en-HD.jpg 1600w\" sizes=\"auto, (max-width: 640px) 100vw, 640px\" \/><\/p>\n<p>&nbsp;<\/p>\n<p><span style=\"color: #008000;\"><strong>&#8220;TESTAMENTO<\/strong><\/span><\/p>\n<p><strong>Haz, Ciudad de los B\u00facaros, querida<\/strong><br \/>\n<strong> con amor santo de filial ternura,<\/strong><br \/>\n<strong> que se abra un hoyo en tu heredad florida<\/strong><br \/>\n<strong> cuando vayan a cavar mi sepultura.<\/strong><\/p>\n<p><strong>Que planten un rosal, cuya futura<\/strong><br \/>\n<strong> floraci\u00f3n perfumada y encendida<\/strong><br \/>\n<strong> sea el s\u00edmbolo enorme de mi vida<\/strong><br \/>\n<strong> que ardi\u00f3 por t\u00ed bajo la tierra oscura.<\/strong><\/p>\n<p><strong>Pese a \u00eddolos de barro, y vanidades<\/strong><br \/>\n<strong> de mujeres, caminos y ciudades,<\/strong><br \/>\n<strong> llen\u00f3 tu luz mi coraz\u00f3n entero:<\/strong><\/p>\n<p><strong>y as\u00ed, tras las jornadas fatigosas,<\/strong><br \/>\n<strong> quiero rendirlo en holocausto, quiero<\/strong><br \/>\n<strong> d\u00e1rtelo todo, convertido en rosas&#8221;.<\/strong><\/p>\n<p>&nbsp;<\/p>\n<p><img loading=\"lazy\" decoding=\"async\" class=\"aligncenter size-full wp-image-10880\" title=\"ROSAL\" src=\"https:\/\/lapiedrafilosofal.com\/wp-content\/uploads\/2014\/01\/ROSAL.jpg\" alt=\"\" width=\"668\" height=\"400\" srcset=\"https:\/\/oscarhumbertogomez.com\/wp-content\/uploads\/2014\/01\/ROSAL.jpg 668w, https:\/\/oscarhumbertogomez.com\/wp-content\/uploads\/2014\/01\/ROSAL-300x179.jpg 300w\" sizes=\"auto, (max-width: 668px) 100vw, 668px\" \/><\/p>\n<div id=\"attachment_13561\" style=\"width: 1610px\" class=\"wp-caption aligncenter\"><img loading=\"lazy\" decoding=\"async\" aria-describedby=\"caption-attachment-13561\" class=\"size-full wp-image-13561\" title=\"AURELIO MART\u00cdNEZ MUTIS Tumba\" src=\"https:\/\/lapiedrafilosofal.com\/wp-content\/uploads\/2014\/01\/AURELIO-MART\u00cdNEZ-MUTIS-Tumba.jpg\" alt=\"\" width=\"1600\" height=\"1060\" srcset=\"https:\/\/oscarhumbertogomez.com\/wp-content\/uploads\/2014\/01\/AURELIO-MART\u00cdNEZ-MUTIS-Tumba.jpg 1600w, https:\/\/oscarhumbertogomez.com\/wp-content\/uploads\/2014\/01\/AURELIO-MART\u00cdNEZ-MUTIS-Tumba-300x198.jpg 300w, https:\/\/oscarhumbertogomez.com\/wp-content\/uploads\/2014\/01\/AURELIO-MART\u00cdNEZ-MUTIS-Tumba-1024x678.jpg 1024w\" sizes=\"auto, (max-width: 1600px) 100vw, 1600px\" \/><p id=\"caption-attachment-13561\" class=\"wp-caption-text\">TUMBA DE AURELIO MART\u00cdNEZ MUTIS EN BUCARAMANGA. Ubicaci\u00f3n: Ronda de la Capilla de los Dolores. Carrera 10 con calle 35, diagonal a la Alcald\u00eda Municipal de Bucaramanga y a pocos metros de la Gobernaci\u00f3n de Santander [Fotograf\u00eda de Fernando Rueda Villamizar para www.oscarhumbertogomez.com Santander en la Red].<\/p><\/div>\n<p>________<\/p>\n<p>&nbsp;<\/p>\n<p>&nbsp;<\/p>\n","protected":false},"excerpt":{"rendered":"<p>Nuestro portal public\u00f3 tres entregas sobre el poeta santandereano Aurelio Mart\u00ednez Mutis, dentro de la serie titulada &#8220;Los Mutis&#8221;. Accediendo a las sugerencias y solicitudes que nos han hecho sobre la conveniencia de facilitar su b\u00fasqueda en Google por parte &hellip; <a href=\"https:\/\/oscarhumbertogomez.com\/?p=10952\">Sigue leyendo <span class=\"meta-nav\">&rarr;<\/span><\/a><\/p>\n<div class='heateorSssClear'><\/div><div  class='heateor_sss_sharing_container heateor_sss_horizontal_sharing' heateor-sss-data-href='https:\/\/oscarhumbertogomez.com\/?p=10952'><div class='heateor_sss_sharing_title' style=\"font-weight:bold\" >\u00a1Gracias por compartirla!<\/div><ul class=\"heateor_sss_sharing_ul\"><li class=\"heateorSssSharingRound\"><i style=\"width:35px;height:35px;border-radius:999px;\" alt=\"Facebook\" Title=\"Facebook\" class=\"heateorSssSharing heateorSssFacebookBackground\" onclick='heateorSssPopup(\"https:\/\/www.facebook.com\/sharer\/sharer.php?u=https%3A%2F%2Foscarhumbertogomez.com%2Findex.php%3Frest_route%3D%252Fwp%252Fv2%252Fposts%252F10952\")'><ss style=\"display:block;border-radius:999px;\" class=\"heateorSssSharingSvg heateorSssFacebookSvg\"><\/ss><\/i><\/li><li class=\"heateorSssSharingRound\"><i style=\"width:35px;height:35px;border-radius:999px;\" alt=\"Twitter\" Title=\"Twitter\" class=\"heateorSssSharing heateorSssTwitterBackground\" onclick='heateorSssPopup(\"http:\/\/twitter.com\/intent\/tweet?text=AURELIO%20MART%C3%8DNEZ%20MUTIS.%20Por%20%C3%93scar%20Humberto%20G%C3%B3mez%20G%C3%B3mez%2C%20Miembro%20Correspondiente%20de%20la%20Academia%20de%20Historia%20de%20Santander.&url=https%3A%2F%2Foscarhumbertogomez.com%2Findex.php%3Frest_route%3D%252Fwp%252Fv2%252Fposts%252F10952\")'><ss style=\"display:block;border-radius:999px;\" class=\"heateorSssSharingSvg heateorSssTwitterSvg\"><\/ss><\/i><\/li><li class=\"heateorSssSharingRound\"><i style=\"width:35px;height:35px;border-radius:999px;\" alt=\"Whatsapp\" Title=\"Whatsapp\" class=\"heateorSssSharing heateorSssWhatsappBackground\" onclick='heateorSssPopup(\"https:\/\/web.whatsapp.com\/send?text=AURELIO%20MART%C3%8DNEZ%20MUTIS.%20Por%20%C3%93scar%20Humberto%20G%C3%B3mez%20G%C3%B3mez%2C%20Miembro%20Correspondiente%20de%20la%20Academia%20de%20Historia%20de%20Santander. https%3A%2F%2Foscarhumbertogomez.com%2Findex.php%3Frest_route%3D%252Fwp%252Fv2%252Fposts%252F10952\")'><ss style=\"display:block\" class=\"heateorSssSharingSvg heateorSssWhatsappSvg\"><\/ss><\/i><\/li><li class=\"heateorSssSharingRound\"><i style=\"width:35px;height:35px;border-radius:999px;\" alt=\"Pinterest\" Title=\"Pinterest\" class=\"heateorSssSharing heateorSssPinterestBackground\" onclick=\"javascript:void( (function() {var e=document.createElement('script' );e.setAttribute('type','text\/javascript' );e.setAttribute('charset','UTF-8' );e.setAttribute('src','\/\/assets.pinterest.com\/js\/pinmarklet.js?r='+Math.random()*99999999);document.body.appendChild(e)})());\"><ss style=\"display:block;border-radius:999px;\" class=\"heateorSssSharingSvg heateorSssPinterestSvg\"><\/ss><\/i><\/li><li class=\"heateorSssSharingRound\"><i style=\"width:35px;height:35px;border-radius:999px;\" alt=\"Google Gmail\" Title=\"Google Gmail\" class=\"heateorSssSharing heateorSssGoogleGmailBackground\" onclick='heateorSssPopup(\"https:\/\/mail.google.com\/mail\/?ui=2&view=cm&fs=1&tf=1&su=AURELIO%20MART%C3%8DNEZ%20MUTIS.%20Por%20%C3%93scar%20Humberto%20G%C3%B3mez%20G%C3%B3mez%2C%20Miembro%20Correspondiente%20de%20la%20Academia%20de%20Historia%20de%20Santander.&body=Link:https%3A%2F%2Foscarhumbertogomez.com%2Findex.php%3Frest_route%3D%252Fwp%252Fv2%252Fposts%252F10952\")'><ss style=\"display:block;border-radius:999px;\" class=\"heateorSssSharingSvg heateorSssGoogleGmailSvg\"><\/ss><\/i><\/li><li class=\"heateorSssSharingRound\"><i style=\"width:35px;height:35px;border-radius:999px;\" title=\"More\" alt=\"More\" class=\"heateorSssSharing heateorSssMoreBackground\" onclick=\"heateorSssMoreSharingPopup(this, 'https:\/\/oscarhumbertogomez.com\/index.php?rest_route=%2Fwp%2Fv2%2Fposts%2F10952', 'AURELIO%20MART%C3%8DNEZ%20MUTIS.%20Por%20%C3%93scar%20Humberto%20G%C3%B3mez%20G%C3%B3mez%2C%20Miembro%20Correspondiente%20de%20la%20Academia%20de%20Historia%20de%20Santander.', '' )\" ><ss style=\"display:block\" class=\"heateorSssSharingSvg heateorSssMoreSvg\"><\/ss><\/i><\/li><\/ul><div class=\"heateorSssClear\"><\/div><\/div><div class='heateorSssClear'><\/div>","protected":false},"author":2,"featured_media":0,"comment_status":"open","ping_status":"open","sticky":false,"template":"","format":"standard","meta":{"spay_email":"","footnotes":""},"categories":[7],"tags":[],"class_list":["post-10952","post","type-post","status-publish","format-standard","hentry","category-poesia"],"jetpack_featured_media_url":"","jetpack_shortlink":"https:\/\/wp.me\/p1FYrr-2QE","_links":{"self":[{"href":"https:\/\/oscarhumbertogomez.com\/index.php?rest_route=\/wp\/v2\/posts\/10952","targetHints":{"allow":["GET"]}}],"collection":[{"href":"https:\/\/oscarhumbertogomez.com\/index.php?rest_route=\/wp\/v2\/posts"}],"about":[{"href":"https:\/\/oscarhumbertogomez.com\/index.php?rest_route=\/wp\/v2\/types\/post"}],"author":[{"embeddable":true,"href":"https:\/\/oscarhumbertogomez.com\/index.php?rest_route=\/wp\/v2\/users\/2"}],"replies":[{"embeddable":true,"href":"https:\/\/oscarhumbertogomez.com\/index.php?rest_route=%2Fwp%2Fv2%2Fcomments&post=10952"}],"version-history":[{"count":5,"href":"https:\/\/oscarhumbertogomez.com\/index.php?rest_route=\/wp\/v2\/posts\/10952\/revisions"}],"predecessor-version":[{"id":41671,"href":"https:\/\/oscarhumbertogomez.com\/index.php?rest_route=\/wp\/v2\/posts\/10952\/revisions\/41671"}],"wp:attachment":[{"href":"https:\/\/oscarhumbertogomez.com\/index.php?rest_route=%2Fwp%2Fv2%2Fmedia&parent=10952"}],"wp:term":[{"taxonomy":"category","embeddable":true,"href":"https:\/\/oscarhumbertogomez.com\/index.php?rest_route=%2Fwp%2Fv2%2Fcategories&post=10952"},{"taxonomy":"post_tag","embeddable":true,"href":"https:\/\/oscarhumbertogomez.com\/index.php?rest_route=%2Fwp%2Fv2%2Ftags&post=10952"}],"curies":[{"name":"wp","href":"https:\/\/api.w.org\/{rel}","templated":true}]}}