{"id":10977,"date":"2014-01-20T13:57:25","date_gmt":"2014-01-20T18:57:25","guid":{"rendered":"http:\/\/www.oscarhumbertogomez.com\/?p=10977"},"modified":"2024-02-17T16:58:37","modified_gmt":"2024-02-17T21:58:37","slug":"francisco-se-vincula-a-la-lucha-por-la-defensa-del-medio-ambiente","status":"publish","type":"post","link":"https:\/\/oscarhumbertogomez.com\/?p=10977","title":{"rendered":"S.S. Francisco se vincula a la lucha a favor de la defensa del medio ambiente. Por \u00d3scar Humberto G\u00f3mez G\u00f3mez"},"content":{"rendered":"<p><img loading=\"lazy\" decoding=\"async\" class=\"size-full wp-image-10978\" title=\"PAPA FRANCISCO\" src=\"https:\/\/lapiedrafilosofal.com\/wp-content\/uploads\/2014\/01\/PAPA-FRANCISCO1.jpg\" alt=\"\" width=\"627\" height=\"352\" srcset=\"https:\/\/oscarhumbertogomez.com\/wp-content\/uploads\/2014\/01\/PAPA-FRANCISCO1.jpg 627w, https:\/\/oscarhumbertogomez.com\/wp-content\/uploads\/2014\/01\/PAPA-FRANCISCO1-300x168.jpg 300w\" sizes=\"auto, (max-width: 627px) 100vw, 627px\" \/><\/p>\n<p><strong>&nbsp;<\/strong><\/p>\n<p>El Vaticano ha hecho trascender que el papa Francisco, quien eligi\u00f3 su nombre en homenaje a san Francisco de As\u00eds, el santo patrono de los animales, est\u00e1 escribiendo una enc\u00edclica sobre la relaci\u00f3n del hombre con la naturaleza.<br \/>\nEl portavoz de la Santa Sede, el padre Federico Lombardi, confirm\u00f3 el proyecto, luego de que el presidente de Francia Francois Hollande inform\u00f3 a la prensa que el Papa le hab\u00eda contado acerca de ello en reuni\u00f3n sostenida por los dos jefes de Estado.<br \/>\nLombardi dijo a Radio Vaticano que el proyecto a\u00fan est\u00e1 en una etapa temprana y que es prematuro aventurar cu\u00e1ndo estar\u00e1 listo.<br \/>\nEl sacerdote dijo que el tema de la enc\u00edclica, la forma m\u00e1s importante de comunicaci\u00f3n escrita de un papa, ser\u00e1 &#8220;la ecolog\u00eda de la humanidad&#8221;.<br \/>\nDesde su elecci\u00f3n en marzo, el l\u00edder de los 1.200 millones de cat\u00f3licos ha hecho varios llamados en defensa del medio ambiente.<br \/>\n&#8220;Dios siempre perdona, nosotros a veces perdonamos, pero cuando la naturaleza -la creaci\u00f3n- es maltratada, ella no perdona&#8221;, dijo el 14 de enero a diplom\u00e1ticos acreditados en el Vaticano.<br \/>\nFrancisco de As\u00eds, un santo del siglo XIII de quien el papa tom\u00f3 el nombre, amaba la naturaleza; de \u00e9l se dec\u00eda que predicaba a las aves y que llamaba hermano al Sol y hermana a la Luna.<\/p>\n<p><strong>&nbsp;<\/strong><\/p>\n<p><img loading=\"lazy\" decoding=\"async\" class=\"aligncenter size-full wp-image-10979\" title=\"Francisco_de_Assis_tradicional\" src=\"https:\/\/lapiedrafilosofal.com\/wp-content\/uploads\/2014\/01\/Francisco_de_Assis_tradicional.jpg\" alt=\"\" width=\"358\" height=\"591\" srcset=\"https:\/\/oscarhumbertogomez.com\/wp-content\/uploads\/2014\/01\/Francisco_de_Assis_tradicional.jpg 358w, https:\/\/oscarhumbertogomez.com\/wp-content\/uploads\/2014\/01\/Francisco_de_Assis_tradicional-181x300.jpg 181w\" sizes=\"auto, (max-width: 358px) 100vw, 358px\" \/><\/p>\n<p><strong>&nbsp;<\/strong><\/p>\n<p>&#8220;La perspectiva es la misma que una enc\u00edclica pero actualmente se trata de un proyecto en estado a\u00fan inicial, por lo que es prematuro hacer previsiones sobre cu\u00e1ndo ser\u00e1 publicado&#8221;, asegur\u00f3 Lombardi.<br \/>\n&#8220;En todo caso, es importante observar que el papa Francisco pretende resaltar particularmente la tem\u00e1tica de la ecolog\u00eda en el ser humano&#8221;, subray\u00f3.<br \/>\nEl hecho de que el papa estuviera trabajando sobre un documento escrito sobre el medio ambiente trascendi\u00f3 el pasado noviembre cuando se reuni\u00f3 en la residencia de Santa Marta con el senador argentino Fernando &#8220;Pino&#8221; Solanas.<br \/>\nEl papa Francisco ha mostrado en varias ocasiones su preocupaci\u00f3n por el estado del medio ambiente y la defensa del mismo.<br \/>\nEl inter\u00e9s del papa argentino hacia este tema volvi\u00f3 a evidenciarse al incluir el cuidado medioambiental entre los temas tratados con el presidente franc\u00e9s, Fran\u00e7ois Hollande, en el encuentro que mantuvieron en el Vaticano, de unos 35 minutos de duraci\u00f3n.<br \/>\nPor su parte y en alusi\u00f3n al hecho de que la pr\u00f3xima Cumbre del Clima se celebrar\u00e1 en Francia en 2015, el jefe del estado franc\u00e9s incluy\u00f3 en su delegaci\u00f3n al ecologista Nicol\u00e1s Hulot.<br \/>\nTambi\u00e9n el pasado 13 de enero, ante el cuerpo diplom\u00e1tico acreditado en la Santa Sede, el papa afirm\u00f3 que &#8220;la \u00e1vida explotaci\u00f3n de los recursos ambientales&#8221; constituye &#8220;otra herida a la paz&#8221;.<br \/>\n&#8220;Si bien la naturaleza est\u00e1 a nuestra disposici\u00f3n, con frecuencia no la respetamos, no la consideramos un don gratuito que tenemos que cuidar y poner al servicio de los hermanos, tambi\u00e9n de las generaciones futuras&#8221;, dijo.<br \/>\nFrancisco ya ha publicado dos textos en este primer a\u00f1o de su pontificado, que se cumplir\u00e1 el pr\u00f3ximo 19 de marzo.<br \/>\nEl primero fue la enc\u00edclica &#8220;Lumen fidei&#8221; (La luz de la fe), publicada en julio de 2013, que fue iniciada por su antecesor, Benedicto XVI, y completada por Francisco.<br \/>\nEl segundo fue su primera exhortaci\u00f3n apost\u00f3lica, &#8220;Evangelii gaudium&#8221; (La alegr\u00eda del Evangelio), publicada el pasado 26 de noviembre.<\/p>\n<p>La figura de san Francisco de As\u00eds como defensor de los animales, fue bellamente exaltada por el gran poeta nicarag\u00fcense Rub\u00e9n Dar\u00edo en su magn\u00edfico poema <em>&#8220;Los motivos del lobo&#8221;<\/em>, que nuestro portal estar\u00e1 publicando pr\u00f3ximamente.<\/p>\n<p><strong>&nbsp;<\/strong><\/p>\n<div id=\"attachment_10989\" style=\"width: 650px\" class=\"wp-caption aligncenter\"><img loading=\"lazy\" decoding=\"async\" aria-describedby=\"caption-attachment-10989\" class=\"size-large wp-image-10989\" title=\"SAN FRANCISCO Y EL LOBO. BRASIL.\" src=\"https:\/\/lapiedrafilosofal.com\/wp-content\/uploads\/2014\/01\/SAN-FRANCISCO-Y-EL-LOBO.-BRASIL.-1-768x1024.jpg\" alt=\"\" width=\"640\" height=\"853\" srcset=\"https:\/\/oscarhumbertogomez.com\/wp-content\/uploads\/2014\/01\/SAN-FRANCISCO-Y-EL-LOBO.-BRASIL.-1-768x1024.jpg 768w, https:\/\/oscarhumbertogomez.com\/wp-content\/uploads\/2014\/01\/SAN-FRANCISCO-Y-EL-LOBO.-BRASIL.-1-225x300.jpg 225w, https:\/\/oscarhumbertogomez.com\/wp-content\/uploads\/2014\/01\/SAN-FRANCISCO-Y-EL-LOBO.-BRASIL.-1.jpg 1200w\" sizes=\"auto, (max-width: 640px) 100vw, 640px\" \/><p id=\"caption-attachment-10989\" class=\"wp-caption-text\">SAN FRANCISCO Y EL LOBO (Brasil).<\/p><\/div>\n<p><strong>&nbsp;<\/strong><\/p>\n<div id=\"attachment_10990\" style=\"width: 516px\" class=\"wp-caption aligncenter\"><img loading=\"lazy\" decoding=\"async\" aria-describedby=\"caption-attachment-10990\" class=\"size-full wp-image-10990\" title=\"RUB\u00c9N DARIO LOS MOTIVOS DEL LOBO\" src=\"https:\/\/lapiedrafilosofal.com\/wp-content\/uploads\/2014\/01\/RUB\u00c9N-DARIO-LOS-MOTIVOS-DEL-LOBO.jpg\" alt=\"\" width=\"506\" height=\"503\" srcset=\"https:\/\/oscarhumbertogomez.com\/wp-content\/uploads\/2014\/01\/RUB\u00c9N-DARIO-LOS-MOTIVOS-DEL-LOBO.jpg 506w, https:\/\/oscarhumbertogomez.com\/wp-content\/uploads\/2014\/01\/RUB\u00c9N-DARIO-LOS-MOTIVOS-DEL-LOBO-150x150.jpg 150w, https:\/\/oscarhumbertogomez.com\/wp-content\/uploads\/2014\/01\/RUB\u00c9N-DARIO-LOS-MOTIVOS-DEL-LOBO-300x298.jpg 300w\" sizes=\"auto, (max-width: 506px) 100vw, 506px\" \/><p id=\"caption-attachment-10990\" class=\"wp-caption-text\">EL FAMOSO POEMA &#8220;LOS MOTIVOS DEL LOBO&#8221; DE RUB\u00c9N DAR\u00cdO, SOBRE SAN FRANCISCO DE AS\u00cdS Y EL TENEBROSO LOBO AL QUE EL SANTO APACIGUA FUE LLEVADO AL DISCO POR LA RCA V\u00cdCTOR.<\/p><\/div>\n<p><strong>&nbsp;<\/strong><\/p>\n<p>Saludamos la vinculaci\u00f3n del Sumo Pont\u00edfice de la Iglesia Cat\u00f3lica a la desigual lucha que viene librando la Ecolog\u00eda, a lo largo y ancho del planeta, por la protecci\u00f3n del medio ambiente.<\/p>\n","protected":false},"excerpt":{"rendered":"<p>&nbsp; El Vaticano ha hecho trascender que el papa Francisco, quien eligi\u00f3 su nombre en homenaje a san Francisco de As\u00eds, el santo patrono de los animales, est\u00e1 escribiendo una enc\u00edclica sobre la relaci\u00f3n del hombre con la naturaleza. El &hellip; <a href=\"https:\/\/oscarhumbertogomez.com\/?p=10977\">Sigue leyendo <span class=\"meta-nav\">&rarr;<\/span><\/a><\/p>\n<div class='heateorSssClear'><\/div><div  class='heateor_sss_sharing_container heateor_sss_horizontal_sharing' heateor-sss-data-href='https:\/\/oscarhumbertogomez.com\/?p=10977'><div class='heateor_sss_sharing_title' style=\"font-weight:bold\" >\u00a1Gracias por compartirla!<\/div><ul class=\"heateor_sss_sharing_ul\"><li class=\"heateorSssSharingRound\"><i style=\"width:35px;height:35px;border-radius:999px;\" alt=\"Facebook\" Title=\"Facebook\" class=\"heateorSssSharing heateorSssFacebookBackground\" onclick='heateorSssPopup(\"https:\/\/www.facebook.com\/sharer\/sharer.php?u=https%3A%2F%2Foscarhumbertogomez.com%2Findex.php%3Frest_route%3D%252Fwp%252Fv2%252Fposts%252F10977\")'><ss style=\"display:block;border-radius:999px;\" class=\"heateorSssSharingSvg heateorSssFacebookSvg\"><\/ss><\/i><\/li><li class=\"heateorSssSharingRound\"><i style=\"width:35px;height:35px;border-radius:999px;\" alt=\"Twitter\" Title=\"Twitter\" class=\"heateorSssSharing heateorSssTwitterBackground\" onclick='heateorSssPopup(\"http:\/\/twitter.com\/intent\/tweet?text=S.S.%20Francisco%20se%20vincula%20a%20la%20lucha%20a%20favor%20de%20la%20defensa%20del%20medio%20ambiente.%20Por%20%C3%93scar%20Humberto%20G%C3%B3mez%20G%C3%B3mez&url=https%3A%2F%2Foscarhumbertogomez.com%2Findex.php%3Frest_route%3D%252Fwp%252Fv2%252Fposts%252F10977\")'><ss style=\"display:block;border-radius:999px;\" class=\"heateorSssSharingSvg heateorSssTwitterSvg\"><\/ss><\/i><\/li><li class=\"heateorSssSharingRound\"><i style=\"width:35px;height:35px;border-radius:999px;\" alt=\"Whatsapp\" Title=\"Whatsapp\" class=\"heateorSssSharing heateorSssWhatsappBackground\" onclick='heateorSssPopup(\"https:\/\/web.whatsapp.com\/send?text=S.S.%20Francisco%20se%20vincula%20a%20la%20lucha%20a%20favor%20de%20la%20defensa%20del%20medio%20ambiente.%20Por%20%C3%93scar%20Humberto%20G%C3%B3mez%20G%C3%B3mez https%3A%2F%2Foscarhumbertogomez.com%2Findex.php%3Frest_route%3D%252Fwp%252Fv2%252Fposts%252F10977\")'><ss style=\"display:block\" class=\"heateorSssSharingSvg heateorSssWhatsappSvg\"><\/ss><\/i><\/li><li class=\"heateorSssSharingRound\"><i style=\"width:35px;height:35px;border-radius:999px;\" alt=\"Pinterest\" Title=\"Pinterest\" class=\"heateorSssSharing heateorSssPinterestBackground\" onclick=\"javascript:void( (function() {var e=document.createElement('script' );e.setAttribute('type','text\/javascript' );e.setAttribute('charset','UTF-8' );e.setAttribute('src','\/\/assets.pinterest.com\/js\/pinmarklet.js?r='+Math.random()*99999999);document.body.appendChild(e)})());\"><ss style=\"display:block;border-radius:999px;\" class=\"heateorSssSharingSvg heateorSssPinterestSvg\"><\/ss><\/i><\/li><li class=\"heateorSssSharingRound\"><i style=\"width:35px;height:35px;border-radius:999px;\" alt=\"Google Gmail\" Title=\"Google Gmail\" class=\"heateorSssSharing heateorSssGoogleGmailBackground\" onclick='heateorSssPopup(\"https:\/\/mail.google.com\/mail\/?ui=2&view=cm&fs=1&tf=1&su=S.S.%20Francisco%20se%20vincula%20a%20la%20lucha%20a%20favor%20de%20la%20defensa%20del%20medio%20ambiente.%20Por%20%C3%93scar%20Humberto%20G%C3%B3mez%20G%C3%B3mez&body=Link:https%3A%2F%2Foscarhumbertogomez.com%2Findex.php%3Frest_route%3D%252Fwp%252Fv2%252Fposts%252F10977\")'><ss style=\"display:block;border-radius:999px;\" class=\"heateorSssSharingSvg heateorSssGoogleGmailSvg\"><\/ss><\/i><\/li><li class=\"heateorSssSharingRound\"><i style=\"width:35px;height:35px;border-radius:999px;\" title=\"More\" alt=\"More\" class=\"heateorSssSharing heateorSssMoreBackground\" onclick=\"heateorSssMoreSharingPopup(this, 'https:\/\/oscarhumbertogomez.com\/index.php?rest_route=%2Fwp%2Fv2%2Fposts%2F10977', 'S.S.%20Francisco%20se%20vincula%20a%20la%20lucha%20a%20favor%20de%20la%20defensa%20del%20medio%20ambiente.%20Por%20%C3%93scar%20Humberto%20G%C3%B3mez%20G%C3%B3mez', '' )\" ><ss style=\"display:block\" class=\"heateorSssSharingSvg heateorSssMoreSvg\"><\/ss><\/i><\/li><\/ul><div class=\"heateorSssClear\"><\/div><\/div><div class='heateorSssClear'><\/div>","protected":false},"author":2,"featured_media":0,"comment_status":"open","ping_status":"open","sticky":false,"template":"","format":"standard","meta":{"spay_email":"","footnotes":""},"categories":[18],"tags":[],"class_list":["post-10977","post","type-post","status-publish","format-standard","hentry","category-ecologia"],"jetpack_featured_media_url":"","jetpack_shortlink":"https:\/\/wp.me\/p1FYrr-2R3","_links":{"self":[{"href":"https:\/\/oscarhumbertogomez.com\/index.php?rest_route=\/wp\/v2\/posts\/10977","targetHints":{"allow":["GET"]}}],"collection":[{"href":"https:\/\/oscarhumbertogomez.com\/index.php?rest_route=\/wp\/v2\/posts"}],"about":[{"href":"https:\/\/oscarhumbertogomez.com\/index.php?rest_route=\/wp\/v2\/types\/post"}],"author":[{"embeddable":true,"href":"https:\/\/oscarhumbertogomez.com\/index.php?rest_route=\/wp\/v2\/users\/2"}],"replies":[{"embeddable":true,"href":"https:\/\/oscarhumbertogomez.com\/index.php?rest_route=%2Fwp%2Fv2%2Fcomments&post=10977"}],"version-history":[{"count":6,"href":"https:\/\/oscarhumbertogomez.com\/index.php?rest_route=\/wp\/v2\/posts\/10977\/revisions"}],"predecessor-version":[{"id":46733,"href":"https:\/\/oscarhumbertogomez.com\/index.php?rest_route=\/wp\/v2\/posts\/10977\/revisions\/46733"}],"wp:attachment":[{"href":"https:\/\/oscarhumbertogomez.com\/index.php?rest_route=%2Fwp%2Fv2%2Fmedia&parent=10977"}],"wp:term":[{"taxonomy":"category","embeddable":true,"href":"https:\/\/oscarhumbertogomez.com\/index.php?rest_route=%2Fwp%2Fv2%2Fcategories&post=10977"},{"taxonomy":"post_tag","embeddable":true,"href":"https:\/\/oscarhumbertogomez.com\/index.php?rest_route=%2Fwp%2Fv2%2Ftags&post=10977"}],"curies":[{"name":"wp","href":"https:\/\/api.w.org\/{rel}","templated":true}]}}