{"id":11055,"date":"2014-01-29T14:53:32","date_gmt":"2014-01-29T19:53:32","guid":{"rendered":"http:\/\/www.oscarhumbertogomez.com\/?p=11055"},"modified":"2023-04-28T06:45:45","modified_gmt":"2023-04-28T11:45:45","slug":"miguelito-por-oscar-humberto-gomez-gomez","status":"publish","type":"post","link":"https:\/\/oscarhumbertogomez.com\/?p=11055","title":{"rendered":"MIGUELITO. Por \u00d3scar Humberto G\u00f3mez G\u00f3mez"},"content":{"rendered":"<div id=\"attachment_11056\" style=\"width: 810px\" class=\"wp-caption aligncenter\"><img loading=\"lazy\" decoding=\"async\" aria-describedby=\"caption-attachment-11056\" class=\"size-full wp-image-11056\" title=\"MIGUELITO\" src=\"https:\/\/lapiedrafilosofal.com\/wp-content\/uploads\/2014\/01\/MIGUELITO.jpg\" alt=\"\" width=\"800\" height=\"600\" srcset=\"https:\/\/oscarhumbertogomez.com\/wp-content\/uploads\/2014\/01\/MIGUELITO.jpg 800w, https:\/\/oscarhumbertogomez.com\/wp-content\/uploads\/2014\/01\/MIGUELITO-300x225.jpg 300w\" sizes=\"auto, (max-width: 800px) 100vw, 800px\" \/><p id=\"caption-attachment-11056\" class=\"wp-caption-text\">DON MIGUEL ANTONIO ARDILA M\u00c9NDEZ, EN SU CASA, SOSTIENE UNA R\u00c9PLICA DE SU FAMOSO BUS DE &#8220;MORRORRICO&#8221;, AFILIADO A TRANSPORTES PALONEGRO. Fotograf\u00eda tomada por la revista &#8220;GENTE DE CABECERA&#8221;<\/p><\/div>\n<p>&nbsp;<\/p>\n<p>Hace ya alg\u00fan tiempo, el periodista Pastor Virviescas me invit\u00f3 a una entrevista en el canal UNE. Al final de ella, algo coment\u00e9 acerca de la Bucaramanga de los a\u00f1os 60 y mencion\u00e9 a &#8220;Miguelito&#8221;, haciendo alusi\u00f3n al famoso chofer de bus, m\u00e1s exactamente de uno afiliado a la hoy desaparecida empresa Transportes Palonegro y que hac\u00eda la ruta de &#8220;Morrorrico&#8221;, ruta que a m\u00ed me serv\u00eda, pues para esa \u00e9poca -a\u00f1o 1966- viv\u00eda con mi familia en el sector oriental del barrio \u00c1lvarez Restrepo. Pastor me formul\u00f3 una pregunta indirecta: &#8220;<em>No se estar\u00e1 usted refiriendo<\/em> -me dijo- <em>a Miguelito Ardila<\/em>&#8220;. Esa noche supe, por fin, cu\u00e1l era el apellido de Miguelito. Esa noche, adem\u00e1s, y a trav\u00e9s de la televisi\u00f3n, rememor\u00e9 sus calidades humanas y le di las gracias.<\/p>\n<p>&nbsp;<\/p>\n<div id=\"attachment_11105\" style=\"width: 810px\" class=\"wp-caption aligncenter\"><img loading=\"lazy\" decoding=\"async\" aria-describedby=\"caption-attachment-11105\" class=\"size-full wp-image-11105\" title=\"PASTOR VIRVIESCAS\" src=\"https:\/\/lapiedrafilosofal.com\/wp-content\/uploads\/2014\/01\/PASTOR-VIRVIESCAS.jpg\" alt=\"\" width=\"800\" height=\"487\" srcset=\"https:\/\/oscarhumbertogomez.com\/wp-content\/uploads\/2014\/01\/PASTOR-VIRVIESCAS.jpg 800w, https:\/\/oscarhumbertogomez.com\/wp-content\/uploads\/2014\/01\/PASTOR-VIRVIESCAS-300x182.jpg 300w\" sizes=\"auto, (max-width: 800px) 100vw, 800px\" \/><p id=\"caption-attachment-11105\" class=\"wp-caption-text\">EL PERIODISTA PASTOR VIRVIESCAS G\u00d3MEZ (PRIMERO DE IZQUIERDA A DERECHA), RECIBIENDO, EN SU CONDICI\u00d3N DE DIRECTOR DEL PERI\u00d3DICO &#8220;15&#8221; DE LA UNIVERSIDAD AUT\u00d3NOMA DE BUCARAMANGA (UNAB), EL PREMIO AMWAY<\/p><\/div>\n<p>&nbsp;<\/p>\n<p>Hoy fui con mi familia a almorzar al restaurante Shangay y all\u00ed observ\u00e9 algunos ejemplares de la \u00faltima edici\u00f3n de la revista <em>Gente de Cabecera<\/em>. Al ojearla, descubr\u00ed que a finales de diciembre ese medio hab\u00eda publicado &#8230; \u00a1una nota sobre Miguelito! Lo supe, porque aparec\u00eda una carta enviada por un lector desde Venezuela y la misiva iba acompa\u00f1ada de un recuadro con la nota insertada a fines de 2013. Una de las se\u00f1oras del restaurante busc\u00f3, consigui\u00f3 y me obsequi\u00f3 la revista en la cual fue publicada la nota. De paso, me hice regalar un ejemplar de la \u00faltima, donde viene la carta del lector de Venezuela.<\/p>\n<p>Supe m\u00e1s tarde que a ra\u00edz de ese art\u00edculo diversas personas escribieron sobre Miguelito, entre ellas el doctor Eduardo Pilonieta Pinilla, columnista del peri\u00f3dico Vanguardia Liberal, art\u00edculo que, a su vez, fue comentado por otras personas.<\/p>\n<p>He querido unirme a esta exaltaci\u00f3n, sencilla pero sincera, que se le ha hecho a Miguelito y, en tal virtud, me he permitido insertar ese material en nuestro portal,&nbsp;a la vez que le env\u00edo desde aqu\u00ed a don Miguel Ardila mi m\u00e1s efusivo saludo. Yo era, en efecto, don Miguel, uno de aquellos tantos estudiantes que, aguijoneados por el hambre, se hab\u00edan comido la plata del bus y que, justamente cuando estaban echando pata con rumbo hacia sus casas en sentido occidente &#8211; oriente, desde la carrera 9a con calle 37, sede de la Concentraci\u00f3n Escolar de Varones Jos\u00e9 Camacho Carre\u00f1o, hacia la zona oriental del barrio \u00c1lvarez Restrepo, atisbaban alborozados que se acercaba su bus rojo y caf\u00e9, y empezaban a gritar, alegres y en la m\u00e1s absoluta algarab\u00eda: &#8220;<em>\u00a1Miguelito, \u00bfme lleva? Miguelito, me lleva?<\/em>&#8220;, y usted, don Miguel, sin dejar de sonre\u00edr, les abr\u00eda la puerta de atr\u00e1s y los dejaba &#8220;colar&#8221;, de manera que todos viajaban -que todos viaj\u00e1bamos- el resto del trayecto parados en el pasillo de su bus, asi\u00e9ndonos de la varilla del techo o del espaldar de la silla m\u00e1s cercana, o sentados si hab\u00eda puestos libres, pero, en todo caso, sin pagar un centavo.<\/p>\n<p>Nunca es tarde para decir &#8220;\u00a1gracias!&#8221;. O para volver a darlas. Por eso hoy, medio siglo despu\u00e9s, se las doy, don Miguel, se las doy de nuevo, con el mismo respeto y con el mismo afecto con que se las hubiese dado antes si la memoria, siempre infiel, de los seres humanos, me hubiera refrescado la m\u00eda antes de aquella entrevista con Pastor Virviescas en el canal UNE.<\/p>\n<p>En nombre de la ni\u00f1ez y de la juventud santandereana que colmaba las escuelas, y los colegios p\u00fablicos de Bucaramanga, y la UIS, e incluso algunos de los colegios privados, como el San Pedro Claver, muchachos entonces -hoy hombres- de todos los cuales he escuchado an\u00e9cdotas que lo involucran a usted, que involucran su afamado bus y que involucran su proverbial generosidad y su perturbadora sencillez, le hago llegar, don Miguel, nuestra gratitud imperecedera. Para algunas almas mezquinas, que aqu\u00ed no vamos a perpetuar nombr\u00e1ndolas, acciones como las suyas no ameritan exaltaci\u00f3n ni homenaje alguno. Pienso que, al contrario, es, justamente, esta clase de actuaciones y esta clase de personas las que deber\u00edamos destacar siempre en este pa\u00eds sobrecargado de violencia, de indolencia y de antivalores. Pienso que ojal\u00e1 hubiera en Colombia muchos Miguelitos, muchos hombres sensibles ante el sufrimiento ajeno, ante el hambre de los dem\u00e1s, ante la lucha de los ni\u00f1os y los adolescentes pobres por salir adelante en medio de las adversidades y a quienes quiz\u00e1s lo \u00fanico que les hac\u00eda falta para continuar y no darse por vencidos -como muchos se dieron- era una sonrisa o un detalle de humanidad. Una sonrisa como la suya, Se\u00f1or Ardila; un detalle como el suyo: el hermoso y sencillo, pero aleccionador detalle de dejarlos subir por la puerta de atr\u00e1s, seguro como usted estaba, don Miguel Antonio Ardila M\u00e9ndez \u2014educador sin escuela, formador sin c\u00e1tedra, maestro sin tablero, que recorriendo las calles al frente de un volante y sin necesidad de dar conferencias nos ense\u00f1\u00f3 cu\u00e1l es la clave de la felicidad\u2014, seguro como usted estaba, digo, de que esos muchachos con hambre que se le colaban a torrentes por la puerta de atr\u00e1s de su bus representaban el ma\u00f1ana, el futuro, el porvenir de su tierra.<\/p>\n<p>&#8220;<strong><em>Yo dorm\u00eda<\/em><\/strong><br \/>\n<strong><em>Y so\u00f1aba que la vida era alegr\u00eda.<\/em><\/strong><\/p>\n<p><strong><em>Despert\u00e9<\/em><\/strong><br \/>\n<strong><em>Y vi que la vida era servicio.<\/em><\/strong><\/p>\n<p><strong><em>Serv\u00ed<\/em><\/strong><br \/>\n<strong><em>Y vi que el servicio era alegr\u00eda&#8221;.<\/em><\/strong><\/p>\n<p><strong><em>RABINDRANATH TAGORE<\/em><\/strong><br \/>\n<strong><em> Poeta hind\u00fa<\/em><\/strong><br \/>\n<strong><em>Premio Nobel de Literatura 1913<\/em><\/strong><\/p>\n<p>&nbsp;<\/p>\n<div id=\"attachment_11112\" style=\"width: 459px\" class=\"wp-caption aligncenter\"><img loading=\"lazy\" decoding=\"async\" aria-describedby=\"caption-attachment-11112\" class=\"size-full wp-image-11112\" title=\"Rabindranath Tagore 449x579\" src=\"https:\/\/lapiedrafilosofal.com\/wp-content\/uploads\/2014\/01\/Rabindranath-Tagore-449x579.jpg\" alt=\"\" width=\"449\" height=\"579\" srcset=\"https:\/\/oscarhumbertogomez.com\/wp-content\/uploads\/2014\/01\/Rabindranath-Tagore-449x579.jpg 449w, https:\/\/oscarhumbertogomez.com\/wp-content\/uploads\/2014\/01\/Rabindranath-Tagore-449x579-232x300.jpg 232w\" sizes=\"auto, (max-width: 449px) 100vw, 449px\" \/><p id=\"caption-attachment-11112\" class=\"wp-caption-text\">POETA RABINDRANATH TAGORE<\/p><\/div>\n<p>&nbsp;<\/p>\n<div id=\"attachment_11062\" style=\"width: 1034px\" class=\"wp-caption aligncenter\"><img loading=\"lazy\" decoding=\"async\" aria-describedby=\"caption-attachment-11062\" class=\"size-full wp-image-11062\" title=\"BUCARAMANGA-A\u00d1OS-60\" src=\"https:\/\/lapiedrafilosofal.com\/wp-content\/uploads\/2014\/01\/BUCARAMANGA-A\u00d1OS-60.jpg\" alt=\"\" width=\"1024\" height=\"851\" srcset=\"https:\/\/oscarhumbertogomez.com\/wp-content\/uploads\/2014\/01\/BUCARAMANGA-A\u00d1OS-60.jpg 1024w, https:\/\/oscarhumbertogomez.com\/wp-content\/uploads\/2014\/01\/BUCARAMANGA-A\u00d1OS-60-300x249.jpg 300w\" sizes=\"auto, (max-width: 1024px) 100vw, 1024px\" \/><p id=\"caption-attachment-11062\" class=\"wp-caption-text\">BUCARAMANGA EN LOS A\u00d1OS 60. Fotograf\u00eda: Carlos Eslava<\/p><\/div>\n<p>&nbsp;<\/p>\n<p>___________<\/p>\n<p><span style=\"color: #ff0000;\"><strong>COLUMNA DEL DR. EDUARDO PILONIETA PINILLA<\/strong><\/span><\/p>\n<p>&nbsp;<\/p>\n<div id=\"attachment_11059\" style=\"width: 478px\" class=\"wp-caption aligncenter\"><img loading=\"lazy\" decoding=\"async\" aria-describedby=\"caption-attachment-11059\" class=\"size-full wp-image-11059\" title=\"EDUARDO PILONIETA PINILLA\" src=\"https:\/\/lapiedrafilosofal.com\/wp-content\/uploads\/2014\/01\/EDUARDO-PILONIETA-PINILLA.jpg\" alt=\"\" width=\"468\" height=\"700\" srcset=\"https:\/\/oscarhumbertogomez.com\/wp-content\/uploads\/2014\/01\/EDUARDO-PILONIETA-PINILLA.jpg 468w, https:\/\/oscarhumbertogomez.com\/wp-content\/uploads\/2014\/01\/EDUARDO-PILONIETA-PINILLA-200x300.jpg 200w\" sizes=\"auto, (max-width: 468px) 100vw, 468px\" \/><p id=\"caption-attachment-11059\" class=\"wp-caption-text\">EDUARDO PILONIETA PINILLA, COLUMNISTA DE &#8220;VANGUARDIA LIBERAL&#8221;, HISTORIADOR, PERIODISTA Y JURISTA SANTANDEREANO<\/p><\/div>\n<p>&nbsp;<\/p>\n<p>&#8220;No sab\u00edamos que sus apellidos eran Ardila M\u00e9ndez ni que tambi\u00e9n se llamaba Antonio, pues para nosotros fue, ha sido y continuar\u00e1 siendo Miguelito y ocupa en nuestro recuerdo el espacio que corresponde a los personajes inolvidables, es decir, aquellos que ni siquiera los grandes males de la vejez y su efecto en la memoria pueden borrar, pues son parte indeleble de esas vivencias infantiles que solo se pierden con la muerte.<\/p>\n<p>Miguelito manejaba un bus de transporte p\u00fablico y por eso era normal encontrarlo en cualquier parte de la ciudad y a cualquier hora y lo tenemos presente como si hubiera sido ayer, porque al verlo le grit\u00e1bamos \u201cadi\u00f3s Miguelito\u201d y \u00e9l contestaba el saludo como si fu\u00e9ramos los mejores de sus amigos y lo que impresionaba era que as\u00ed se comportaba con todo el mundo, por lo que bien puede ser el personaje inolvidable de toda aquella muchachada que lo miraba, al igual que nosotros, como un personaje propio de un cuento fant\u00e1stico.<\/p>\n<p>Nunca tuvimos una conversaci\u00f3n con \u00e9l, mas all\u00e1 del saludo, pero siempre hemos cre\u00eddo que si nos hubi\u00e9ramos visto en apuros de transporte en cualquier momento, habr\u00eda sido la persona que nos hubiera ayudado como sabemos, porque lo vimos, lo hizo con muchas otras gentes.<\/p>\n<p>Algo curioso es que nunca lo vimos bravo, nunca perdi\u00f3 su sonrisa amable y siempre lo ve\u00edamos conduciendo su bus como si manejara un imperio, y ya entrado en a\u00f1os lo vimos en la calle y no pudimos resistir el decirle con todo el coraz\u00f3n \u201cadi\u00f3s Miguelito\u201d y \u00e9l muy gentil y sonriente mir\u00f3 y dijo \u201cadi\u00f3s amigos&#8221;.<\/p>\n<p>Nos alegramos que est\u00e9 vivo y nos emociona poder decirle lo que sentimos cuando a\u00fan \u00e9l lo puede disfrutar; por eso queremos con esta columna, rendirle un homenaje de admiraci\u00f3n a ese personaje inolvidable que para nosotros era, es y ser\u00e1 siempre Miguelito y que para el mundo es Miguel Antonio Ardila M\u00e9ndez&#8221;. (Eduardo Pilonieta Pinilla. <em>Miguelito, un \u00eddolo de infancia<\/em>. Vanguardia Liberal, viernes 27 de diciembre de 2013).<\/p>\n<p>&nbsp;<\/p>\n<div id=\"attachment_11064\" style=\"width: 1034px\" class=\"wp-caption aligncenter\"><img loading=\"lazy\" decoding=\"async\" aria-describedby=\"caption-attachment-11064\" class=\"size-full wp-image-11064\" title=\"ALCALD\u00cdA BUCARAMANGA A\u00d1OS 60\" src=\"https:\/\/lapiedrafilosofal.com\/wp-content\/uploads\/2014\/01\/ALCALD\u00cdA-BUCARAMANGA-A\u00d1OS-60.jpg\" alt=\"\" width=\"1024\" height=\"607\" srcset=\"https:\/\/oscarhumbertogomez.com\/wp-content\/uploads\/2014\/01\/ALCALD\u00cdA-BUCARAMANGA-A\u00d1OS-60.jpg 1024w, https:\/\/oscarhumbertogomez.com\/wp-content\/uploads\/2014\/01\/ALCALD\u00cdA-BUCARAMANGA-A\u00d1OS-60-300x177.jpg 300w\" sizes=\"auto, (max-width: 1024px) 100vw, 1024px\" \/><p id=\"caption-attachment-11064\" class=\"wp-caption-text\">PALACIO MUNICIPAL, TODAV\u00cdA SEDE DE LA ALCALD\u00cdA DE BUCARAMANGA EN LOS A\u00d1OS 60<\/p><\/div>\n<p>______<\/p>\n<p>&nbsp;<\/p>\n<p><span style=\"color: #008000;\"><strong>INFORME DE LA REVISTA GENTE [de Cabecera]<\/strong><\/span><\/p>\n<p>&nbsp;<\/p>\n<div id=\"attachment_11060\" style=\"width: 650px\" class=\"wp-caption aligncenter\"><img loading=\"lazy\" decoding=\"async\" aria-describedby=\"caption-attachment-11060\" class=\"size-large wp-image-11060\" title=\"Fabio PE\u00d1A DIRECTOR DE GENTE DE CABECERA\" src=\"https:\/\/lapiedrafilosofal.com\/wp-content\/uploads\/2014\/01\/Fabio-PE\u00d1A-DIRECTOR-DE-GENTE-DE-CABECERA-760x1024.jpg\" alt=\"\" width=\"640\" height=\"862\" srcset=\"https:\/\/oscarhumbertogomez.com\/wp-content\/uploads\/2014\/01\/Fabio-PE\u00d1A-DIRECTOR-DE-GENTE-DE-CABECERA-760x1024.jpg 760w, https:\/\/oscarhumbertogomez.com\/wp-content\/uploads\/2014\/01\/Fabio-PE\u00d1A-DIRECTOR-DE-GENTE-DE-CABECERA-222x300.jpg 222w, https:\/\/oscarhumbertogomez.com\/wp-content\/uploads\/2014\/01\/Fabio-PE\u00d1A-DIRECTOR-DE-GENTE-DE-CABECERA.jpg 800w\" sizes=\"auto, (max-width: 640px) 100vw, 640px\" \/><p id=\"caption-attachment-11060\" class=\"wp-caption-text\">PERIODISTA FABIO EDUARDO PE\u00d1A GALVIS, EDITOR DE LA REVISTA &#8220;GENTE&#8221; [de Cabecera y de Ca\u00f1averal]<\/p><\/div>\n<p>&nbsp;<\/p>\n<p>&#8220;\u00bfMiguelito me lleva gratis? No tengo plata, me la gast\u00e9 porque ten\u00eda mucha hambre.<br \/>\n&#8211; Suba mijo, no se preocupe por la plata.<br \/>\nEstos di\u00e1logos fueron diarios en los a\u00f1os 60, 70 y 80 en las calles de Bucaramanga entre alumnos de varios colegios y Miguelito Antonio Ardila M\u00e9ndez.<br \/>\nEl bus permanec\u00eda lleno de pasajeros pero solo el 20% pagaba, el otro 80% eran personas que estaban all\u00ed por amor y la solidaridad de quien llamamos con cari\u00f1o Milito.<br \/>\nParec\u00eda como su visi\u00f3n desde el tim\u00f3n de aquel bus rojo caf\u00e9 de Trans Palonegro. Era como un punto de contemplar las necesidades de la gente, pero en especial de los ni\u00f1os de primaria y secundaria.<br \/>\nMuchos recorridos por los barrios m\u00e1s humildes de la ciudad o algunos de clase media lo consternaban y le sacaban esa faceta de hombre bueno, con bastantes razones de servicio o mejor de ser altruista con gran coraz\u00f3n, que hasta le humedec\u00edan sus ojos.<br \/>\nSe volvi\u00f3 el \u00e1ngel de la guarda o protector al volante de la clase estudiantil.<br \/>\nEn esa \u00e9poca era raro ver esta clase de personas en una ciudad de gente met\u00f3dica y ahorrativa, donde nadie daba nada sin puntal.<\/p>\n<p>\u00c9l es \u2018Miguelito\u2019 el hombre que en su bus transportaba gratis a muchos estudiantes de los a\u00f1os 60 a 80<br \/>\nMiguelito nos impresionaba. Siendo conductor de bus trabajaba para sostener a su familia, pero a veces parec\u00eda que sin recibir dinero por los pasajes de bus, el destino le demostraba que su acci\u00f3n de darse a los dem\u00e1s jam\u00e1s lo tuvo en apuros\u2026 m\u00e1s bien todo se le multiplicaba para bien.<br \/>\nNi con esos afanes diarios perdi\u00f3 su fraternal sonrisa y su sentido del humor.<br \/>\nAlgunos que ahora lo recordamos nos convencemos de que su salud y semblante eran una consecuencia de ser protegido por la divinidad, que la reflejaba en sus integrantes de su familia y muchos amigos inmediatos.<br \/>\nHoy todos sus hijos son grandes profesionales y gracias a su trabajo conduciendo el bus.<br \/>\nEn este 2013 lleg\u00f3 a sus 92 a\u00f1os y sigue l\u00facido, con una memoria blindada que no hay virus virtual que la pueda romper.<br \/>\nEste charale\u00f1o, nacido en 1922 es hoy un grato recuerdo de un \u2018saber darse a la gente\u2019.<br \/>\nMilito qued\u00f3 imborrable para toda una generaci\u00f3n de personas&#8221;. (Gilberto Camargo Amorocho. <em>Miguelito, el chofer del siglo XX<\/em>. Especial para Gente de Cabecera).<\/p>\n<p>&nbsp;<\/p>\n<div id=\"attachment_11063\" style=\"width: 810px\" class=\"wp-caption aligncenter\"><img loading=\"lazy\" decoding=\"async\" aria-describedby=\"caption-attachment-11063\" class=\"size-full wp-image-11063\" title=\"OLYMPUS DIGITAL CAMERA\" src=\"https:\/\/lapiedrafilosofal.com\/wp-content\/uploads\/2014\/01\/GILBERTO-CAMARGO-AMOROCHO-ARQUITECTO-Y-PERIODISTA-SANTANDEREANO.-.jpg\" alt=\"\" width=\"800\" height=\"677\" srcset=\"https:\/\/oscarhumbertogomez.com\/wp-content\/uploads\/2014\/01\/GILBERTO-CAMARGO-AMOROCHO-ARQUITECTO-Y-PERIODISTA-SANTANDEREANO.-.jpg 800w, https:\/\/oscarhumbertogomez.com\/wp-content\/uploads\/2014\/01\/GILBERTO-CAMARGO-AMOROCHO-ARQUITECTO-Y-PERIODISTA-SANTANDEREANO.--300x253.jpg 300w\" sizes=\"auto, (max-width: 800px) 100vw, 800px\" \/><p id=\"caption-attachment-11063\" class=\"wp-caption-text\">GILBERTO CAMARGO AMOROCHO, ARQUITECTO Y PERIODISTA SANTANDEREANO<\/p><\/div>\n<p>__________<\/p>\n<p>&nbsp;<\/p>\n<div id=\"attachment_11061\" style=\"width: 1034px\" class=\"wp-caption aligncenter\"><img loading=\"lazy\" decoding=\"async\" aria-describedby=\"caption-attachment-11061\" class=\"size-full wp-image-11061\" title=\"BUCARAMANGA A\u00d1OS 60. FOTO DE CARLOS ESLAVA.\" src=\"https:\/\/lapiedrafilosofal.com\/wp-content\/uploads\/2014\/01\/BUCARAMANGA-A\u00d1OS-60.-FOTO-DE-CARLOS-ESLAVA.-.jpg\" alt=\"\" width=\"1024\" height=\"683\" srcset=\"https:\/\/oscarhumbertogomez.com\/wp-content\/uploads\/2014\/01\/BUCARAMANGA-A\u00d1OS-60.-FOTO-DE-CARLOS-ESLAVA.-.jpg 1024w, https:\/\/oscarhumbertogomez.com\/wp-content\/uploads\/2014\/01\/BUCARAMANGA-A\u00d1OS-60.-FOTO-DE-CARLOS-ESLAVA.--300x200.jpg 300w\" sizes=\"auto, (max-width: 1024px) 100vw, 1024px\" \/><p id=\"caption-attachment-11061\" class=\"wp-caption-text\">BUCARAMANGA EN LOS A\u00d1OS 60. Fotograf\u00eda: Carlos Eslava<\/p><\/div>\n<p>&nbsp;<\/p>\n<p><span style=\"color: #0000ff;\"><strong>MENSAJES.<\/strong><\/span><\/p>\n<p>&#8220;DOY GRACIAS A DIOS PORQUE TUVE LA DICHA DE CONOCER ESTE GRAN SER HUMANO, LO QUE ESTE SE\u00d1OR SEMBR\u00d3 LO PODR\u00c1 COSECHAR EN EL CIELO. FELICIDADES MIGUELITO&#8221;. (Augusto Guillermo Le\u00f3n).<\/p>\n<p>&#8220;Miguelito, yo no he tenido el gusto de conocerlo personalmente, pero s\u00ed desde hace muchos a\u00f1os mi esposo me hablaba de usted y sus historias de simpat\u00eda y gran solidaridad; en la d\u00e9cada de los 70 \u00e9l cursaba sus estudios universitarios en la UIS y tuvo la dicha de viajar con usted en su famoso bus&#8230;Gracias, Miguelito; si todos tuvi\u00e9ramos el coraz\u00f3n y los sentimientos parecidos a los suyos este mundo ser\u00eda m\u00e1s justo y feliz. Dios lo bendiga&#8221;. (Martha Saavedra).<\/p>\n<p>&#8220;Los felicito por su revista. Soy un venezolano que estudi\u00f3 en la UIS entre los a\u00f1os 60 y 70 y me dio mucha alegr\u00eda saber de Miguelito.<br \/>\nMuchas veces me sub\u00ed a su buseta cuya r\u00e9plica es la que tiene en sus manos en la foto. Con \u00e9l aprend\u00ed lo que es el amor al trabajo con responsabilidad y alegr\u00eda.<br \/>\nRecuerdo la algarab\u00eda que formaban ni\u00f1os, j\u00f3venes y adultos a su paso, quienes se contagiaban con su alegr\u00eda y \u2018don de gente\u2019.<br \/>\nUn saludo para \u00e9l y su familia en nombre de todos los que fuimos testigos de este personaje ejemplar y que hoy lo recordamos con mucho cari\u00f1o&#8221;. (Orlando Rosales).<\/p>\n<p>&#8220;A Miguelito lo salud\u00e9 m\u00e1s de 10 a\u00f1os, en mi infancia, pasaba en su bus por la calle 12 con carrera 17 del barrio Modelo, es un personaje incomparable, nos acompa\u00f1\u00f3 por muchos a\u00f1os y es ejemplo de amistad y rectitud; buena, doctor Pilonieta, por su escrito&#8221;. (Lorenzo Hinestroza).<\/p>\n<p>&#8220;Desde luego estoy totalmente de acuerdo con el columnista: Miguelito, a todo se\u00f1or todo honor&#8230;. s\u00ed, a\u00fan permanecen las vivencias de este gran hombre que respiraba civismo cuando a\u00fan \u00e9ramos chicos; una persona totalmente servicial; m\u00e1s de uno de los estudiantes de la \u00e9poca pose\u00eda una especie de beca condonable para transportarse en su bus y como todo hombre de bien sac\u00f3 adelante a su familia, en donde sus hijos son grandes profesionales. Mil gracias, Miguelito, por existir; personas como usted siempre ser\u00e1n gratamente recordadas; y gracias, Eduardo Pilonieta, por traerlo en su pluma&#8221;. (Jorge Moreno).<\/p>\n<p>&#8220;DON EDUARDO PILONIETA, EXCELENTE RECONOCIMIENTO A UN PERSONAJE UNICO DE BUCARAMANGA DE ESTAS CUALIDADES: HUMILDE, SINCERO, BUEN AMIGO, AMABLE, EDUCADO, SIEMPRE SONRIENTE, COLABORADOR, SERVICIAL SOLO CON SALUDARLO Y SIN ESPERAR NADA A CAMBIO. MIGUELITO, NO TE PODREMOS OLVIDAR&#8221;. (Colombiano Santandereano).<\/p>\n<p>________<\/p>\n<p>&nbsp;<\/p>\n<p><span style=\"color: #ff9900;\"><strong>MIGUELITO EN LA HISTORIA DE BUCARAMANGA.<\/strong><\/span><\/p>\n<p>&nbsp;<\/p>\n<p><img loading=\"lazy\" decoding=\"async\" class=\"aligncenter size-large wp-image-203\" title=\"Car\u00e1tula &quot;Historia de Bucaramanga&quot;\" src=\"https:\/\/lapiedrafilosofal.com\/wp-content\/uploads\/2011\/06\/Car\u00e1tula-844x1024.jpg\" alt=\"\" width=\"640\" height=\"776\" srcset=\"https:\/\/oscarhumbertogomez.com\/wp-content\/uploads\/2011\/06\/Car\u00e1tula-844x1024.jpg 844w, https:\/\/oscarhumbertogomez.com\/wp-content\/uploads\/2011\/06\/Car\u00e1tula-247x300.jpg 247w, https:\/\/oscarhumbertogomez.com\/wp-content\/uploads\/2011\/06\/Car\u00e1tula.jpg 1095w\" sizes=\"auto, (max-width: 640px) 100vw, 640px\" \/><\/p>\n<p>&nbsp;<\/p>\n<p>&#8220;As\u00ed, cargada de ilusiones y encarando el futuro con optimismo, prosigue su marcha esta Bucaramanga de hoy, esta <em>Se\u00f1ora Bucaramanga<\/em> que ya no oye cigarras, porque las cigarras dejaron de ser su s\u00edmbolo hace mucho y se perdieron por siempre con su ulular en las brumas del pasado remoto e irrepetible; que no huele sarrapios, porque los \u00faltimos que quedan los han ido cortando sin piedad para que sobre el suelo donde se manten\u00edan en pie pueda seguir avanzando el progreso; que tampoco recuerda chorreras, burros, bobos ni barriles, porque presume de contar con un acueducto que brinda el agua m\u00e1s pura del pa\u00eds; que ya no se alumbra con velas, faroles, antorchas o velones, porque se jacta de una gran electrificadora, que aunque recientemente vendida a empresarios paisas contin\u00faa llam\u00e1ndose de Santander; que se olvid\u00f3 de personajes t\u00edpicos como <em>Mimimota<\/em>, <em>La Cucaracha<\/em>, <em>el General Far\u00edas<\/em> o <em>el Doctor Campbell<\/em>; que ya no escucha a sus ni\u00f1os declamar en las &#8220;sesiones solemnes&#8221; de las escuelas, ni los ve jugar al trompo, ni los oye hablar del <em>Juan Pagas<\/em>, ni los escucha pedirles a sus padres la bendici\u00f3n, ni los observa yendo a Misa los domingos, ni los descubre jugando t\u00e1ngara; que ya no habla en las amenas tertulias nocturnas frente a las casas de las delicias ofrecidas por restaurantes que hasta hace poco inundaban con el aroma de sus viandas el aire de una ciudad todav\u00eda no contaminada, entre otras razones porque cada vez quedan en pie menos casas y cada vez hay menos gente dispuesta a conversar, am\u00e9n de que la tertulia en los restaurantes ya no es posible pues es urgente desocupar la mesa; cuyos \u00faltimos emboladores se congregan a matar el tedio en el parque Santander y a rememorar all\u00ed los tiempos dorados de su oficio, cuando los caballeros bumangueses, vestidos con flux y sombrero, a\u00fan se mandaban lustrar los zapatos en se\u00f1al de una distinci\u00f3n en el vestir que hoy, bajo los agobios del calor, ya no le importa a nadie; que ya casi no sale a ver la llegada de la Vuelta a Colombia en Bicicleta ni se pega al o\u00eddo el radio transistor para escuchar la transmisi\u00f3n del certamen que languidece; que ya no volvi\u00f3 a ver a <em>Miguelito<\/em> recogiendo por la puerta trasera de su bus de <em>Transportes Palonegro<\/em> a los chicos de las escuelas que, acicateados por el hambre y la sed, se gastaron a la hora del recreo las escasas y entristecidas monedas del pasaje; que ya no alquila cuentos de vaqueros en las tiendas de los barrios, ni monta en bicicleta, ni se sienta a deleitarse con el canto de los p\u00e1jaros o a rasgar el tiple sobre la mecedora de madera y mimbre, porque ya no tiene tiempo ni para almorzar, mucho menos para perderlo en esas tonter\u00edas, las mismas tonter\u00edas que acaso la rescatar\u00edan del estr\u00e9s y de la irritabilidad con las que cambi\u00f3 su rostro amable, el mismo que la convirti\u00f3 hace alg\u00fan tiempo en <em>La ciudad m\u00e1s cordial de Colombia<\/em>.<\/p>\n<p>Al verla as\u00ed, con sus calles siempre rotas, como si viviera permanentemente en obra negra; con ese gent\u00edo presuroso que pareciera asfixiar los \u00faltimos reductos de su alegr\u00eda; con esa invasi\u00f3n inmisericorde de personas y conductas que hasta hace poco le eran completamente extra\u00f1as; con esas oleadas de ruido, de calor y de incertidumbre que por momentos amenazan con enloquecerla; con sus cielos tutelares desaparecidos bajo las fauces de las edificaciones sin alma, las mismas que dieron al traste con sus casas solariegas e impusieron la moda terr\u00edfica del condominio; con su pobreza sempiterna en el norte y con su estiramiento habitacional incesante en el sur, que amenaza fusionarla con Floridablanca en un abrazo del que ya se empieza a hablar, pero del que se ignora qu\u00e9 tan triunfal o derrotada saldr\u00e1 cuando suceda; al verla as\u00ed, digo, con toda su peque\u00f1ez y toda su grandeza, no puedo menos sino rememorar que de sus entra\u00f1as brot\u00e9 un d\u00eda y a sus entra\u00f1as habr\u00e9 de volver.<\/p>\n<p>Por eso, a ella le he dedicado este libro, escrito con la r\u00fastica sencillez del aprendiz, sobre el decurso, casi siempre duro y triste, de su propia historia. A ella ten\u00eda que estar dedicado, claro. A mi tierra, a mi Bucaramanga. Y con los \u00fanicos sentimientos posibles&#8221;.<\/p>\n<p>(G\u00d3MEZ G\u00d3MEZ, Oscar Humberto. Historia de Bucaramanga. 1a edici\u00f3n. [Sic] Editorial. Casa Editora Los Hermanos G\u00f3mez. Bucaramanga. 2009, p.p. 734 &#8211; 735).<\/p>\n<p>&nbsp;<\/p>\n<p><strong>\u00d3SCAR HUMBERTO G\u00d3MEZ G\u00d3MEZ<\/strong>.  Miembro de N\u00famero de la Academia de Historia de Santander, Miembro del Colegio Nacional de Periodistas, Miembro de la Sociedad de Autores y Compositores de Colombia. Miembro del ilustre y desaparecido Colegio de Abogados de Santander.<\/p>\n<p>&nbsp;<\/p>\n<div id=\"attachment_11094\" style=\"width: 606px\" class=\"wp-caption aligncenter\"><img loading=\"lazy\" decoding=\"async\" aria-describedby=\"caption-attachment-11094\" class=\"size-full wp-image-11094\" title=\"CASA DE BOL\u00cdVAR BUCARAMANGA\" src=\"https:\/\/lapiedrafilosofal.com\/wp-content\/uploads\/2014\/01\/CASA-DE-BOL\u00cdVAR-BUCARAMANGA.jpg\" alt=\"\" width=\"596\" height=\"383\" srcset=\"https:\/\/oscarhumbertogomez.com\/wp-content\/uploads\/2014\/01\/CASA-DE-BOL\u00cdVAR-BUCARAMANGA.jpg 596w, https:\/\/oscarhumbertogomez.com\/wp-content\/uploads\/2014\/01\/CASA-DE-BOL\u00cdVAR-BUCARAMANGA-300x192.jpg 300w\" sizes=\"auto, (max-width: 596px) 100vw, 596px\" \/><p id=\"caption-attachment-11094\" class=\"wp-caption-text\">CASA DE BOL\u00cdVAR, SEDE DE LA ACADEMIA DE HISTORIA DE SANTANDER. CALLE 37 CON CARRERA 12. BUCARAMANGA. AL FONDO, EL HIST\u00d3RICO TEMPLO DE SAN LAUREANO<\/p><\/div>\n<p>&nbsp;<\/p>\n","protected":false},"excerpt":{"rendered":"<p>&nbsp; Hace ya alg\u00fan tiempo, el periodista Pastor Virviescas me invit\u00f3 a una entrevista en el canal UNE. Al final de ella, algo coment\u00e9 acerca de la Bucaramanga de los a\u00f1os 60 y mencion\u00e9 a &#8220;Miguelito&#8221;, haciendo alusi\u00f3n al famoso &hellip; <a href=\"https:\/\/oscarhumbertogomez.com\/?p=11055\">Sigue leyendo <span class=\"meta-nav\">&rarr;<\/span><\/a><\/p>\n<div class='heateorSssClear'><\/div><div  class='heateor_sss_sharing_container heateor_sss_horizontal_sharing' heateor-sss-data-href='https:\/\/oscarhumbertogomez.com\/?p=11055'><div class='heateor_sss_sharing_title' style=\"font-weight:bold\" >\u00a1Gracias por compartirla!<\/div><ul class=\"heateor_sss_sharing_ul\"><li class=\"heateorSssSharingRound\"><i style=\"width:35px;height:35px;border-radius:999px;\" alt=\"Facebook\" Title=\"Facebook\" class=\"heateorSssSharing heateorSssFacebookBackground\" onclick='heateorSssPopup(\"https:\/\/www.facebook.com\/sharer\/sharer.php?u=https%3A%2F%2Foscarhumbertogomez.com%2Findex.php%3Frest_route%3D%252Fwp%252Fv2%252Fposts%252F11055\")'><ss style=\"display:block;border-radius:999px;\" class=\"heateorSssSharingSvg heateorSssFacebookSvg\"><\/ss><\/i><\/li><li class=\"heateorSssSharingRound\"><i style=\"width:35px;height:35px;border-radius:999px;\" alt=\"Twitter\" Title=\"Twitter\" class=\"heateorSssSharing heateorSssTwitterBackground\" onclick='heateorSssPopup(\"http:\/\/twitter.com\/intent\/tweet?text=MIGUELITO.%20Por%20%C3%93scar%20Humberto%20G%C3%B3mez%20G%C3%B3mez&url=https%3A%2F%2Foscarhumbertogomez.com%2Findex.php%3Frest_route%3D%252Fwp%252Fv2%252Fposts%252F11055\")'><ss style=\"display:block;border-radius:999px;\" class=\"heateorSssSharingSvg heateorSssTwitterSvg\"><\/ss><\/i><\/li><li class=\"heateorSssSharingRound\"><i style=\"width:35px;height:35px;border-radius:999px;\" alt=\"Whatsapp\" Title=\"Whatsapp\" class=\"heateorSssSharing heateorSssWhatsappBackground\" onclick='heateorSssPopup(\"https:\/\/web.whatsapp.com\/send?text=MIGUELITO.%20Por%20%C3%93scar%20Humberto%20G%C3%B3mez%20G%C3%B3mez https%3A%2F%2Foscarhumbertogomez.com%2Findex.php%3Frest_route%3D%252Fwp%252Fv2%252Fposts%252F11055\")'><ss style=\"display:block\" class=\"heateorSssSharingSvg heateorSssWhatsappSvg\"><\/ss><\/i><\/li><li class=\"heateorSssSharingRound\"><i style=\"width:35px;height:35px;border-radius:999px;\" alt=\"Pinterest\" Title=\"Pinterest\" class=\"heateorSssSharing heateorSssPinterestBackground\" onclick=\"javascript:void( (function() {var e=document.createElement('script' );e.setAttribute('type','text\/javascript' );e.setAttribute('charset','UTF-8' );e.setAttribute('src','\/\/assets.pinterest.com\/js\/pinmarklet.js?r='+Math.random()*99999999);document.body.appendChild(e)})());\"><ss style=\"display:block;border-radius:999px;\" class=\"heateorSssSharingSvg heateorSssPinterestSvg\"><\/ss><\/i><\/li><li class=\"heateorSssSharingRound\"><i style=\"width:35px;height:35px;border-radius:999px;\" alt=\"Google Gmail\" Title=\"Google Gmail\" class=\"heateorSssSharing heateorSssGoogleGmailBackground\" onclick='heateorSssPopup(\"https:\/\/mail.google.com\/mail\/?ui=2&view=cm&fs=1&tf=1&su=MIGUELITO.%20Por%20%C3%93scar%20Humberto%20G%C3%B3mez%20G%C3%B3mez&body=Link:https%3A%2F%2Foscarhumbertogomez.com%2Findex.php%3Frest_route%3D%252Fwp%252Fv2%252Fposts%252F11055\")'><ss style=\"display:block;border-radius:999px;\" class=\"heateorSssSharingSvg heateorSssGoogleGmailSvg\"><\/ss><\/i><\/li><li class=\"heateorSssSharingRound\"><i style=\"width:35px;height:35px;border-radius:999px;\" title=\"More\" alt=\"More\" class=\"heateorSssSharing heateorSssMoreBackground\" onclick=\"heateorSssMoreSharingPopup(this, 'https:\/\/oscarhumbertogomez.com\/index.php?rest_route=%2Fwp%2Fv2%2Fposts%2F11055', 'MIGUELITO.%20Por%20%C3%93scar%20Humberto%20G%C3%B3mez%20G%C3%B3mez', '' )\" ><ss style=\"display:block\" class=\"heateorSssSharingSvg heateorSssMoreSvg\"><\/ss><\/i><\/li><\/ul><div class=\"heateorSssClear\"><\/div><\/div><div class='heateorSssClear'><\/div>","protected":false},"author":2,"featured_media":0,"comment_status":"open","ping_status":"open","sticky":false,"template":"","format":"standard","meta":{"spay_email":"","footnotes":""},"categories":[12],"tags":[],"class_list":["post-11055","post","type-post","status-publish","format-standard","hentry","category-historia"],"jetpack_featured_media_url":"","jetpack_shortlink":"https:\/\/wp.me\/p1FYrr-2Sj","_links":{"self":[{"href":"https:\/\/oscarhumbertogomez.com\/index.php?rest_route=\/wp\/v2\/posts\/11055","targetHints":{"allow":["GET"]}}],"collection":[{"href":"https:\/\/oscarhumbertogomez.com\/index.php?rest_route=\/wp\/v2\/posts"}],"about":[{"href":"https:\/\/oscarhumbertogomez.com\/index.php?rest_route=\/wp\/v2\/types\/post"}],"author":[{"embeddable":true,"href":"https:\/\/oscarhumbertogomez.com\/index.php?rest_route=\/wp\/v2\/users\/2"}],"replies":[{"embeddable":true,"href":"https:\/\/oscarhumbertogomez.com\/index.php?rest_route=%2Fwp%2Fv2%2Fcomments&post=11055"}],"version-history":[{"count":5,"href":"https:\/\/oscarhumbertogomez.com\/index.php?rest_route=\/wp\/v2\/posts\/11055\/revisions"}],"predecessor-version":[{"id":44814,"href":"https:\/\/oscarhumbertogomez.com\/index.php?rest_route=\/wp\/v2\/posts\/11055\/revisions\/44814"}],"wp:attachment":[{"href":"https:\/\/oscarhumbertogomez.com\/index.php?rest_route=%2Fwp%2Fv2%2Fmedia&parent=11055"}],"wp:term":[{"taxonomy":"category","embeddable":true,"href":"https:\/\/oscarhumbertogomez.com\/index.php?rest_route=%2Fwp%2Fv2%2Fcategories&post=11055"},{"taxonomy":"post_tag","embeddable":true,"href":"https:\/\/oscarhumbertogomez.com\/index.php?rest_route=%2Fwp%2Fv2%2Ftags&post=11055"}],"curies":[{"name":"wp","href":"https:\/\/api.w.org\/{rel}","templated":true}]}}