{"id":11139,"date":"2014-02-04T10:22:05","date_gmt":"2014-02-04T15:22:05","guid":{"rendered":"http:\/\/www.oscarhumbertogomez.com\/?p=11139"},"modified":"2025-04-02T22:08:27","modified_gmt":"2025-04-03T03:08:27","slug":"presencia-y-ausencia-del-estado-en-la-autopista-por-oscar-humberto-gomez-gomez","status":"publish","type":"post","link":"https:\/\/oscarhumbertogomez.com\/?p=11139","title":{"rendered":"Presencia y ausencia del Estado en la autopista. Por \u00d3scar Humberto G\u00f3mez G\u00f3mez"},"content":{"rendered":"<p><img decoding=\"async\" class=\"aligncenter size-full wp-image-7611\" title=\"OSCAR-HBTO\" src=\"https:\/\/lapiedrafilosofal.com\/wp-content\/uploads\/2013\/03\/OSCAR-HBTO.jpg\" alt=\"\" width=\"500\" height=\"\" srcset=\"https:\/\/oscarhumbertogomez.com\/wp-content\/uploads\/2013\/03\/OSCAR-HBTO.jpg 299w, https:\/\/oscarhumbertogomez.com\/wp-content\/uploads\/2013\/03\/OSCAR-HBTO-200x300.jpg 200w\" sizes=\"(max-width: 299px) 100vw, 299px\" \/><\/p>\n<p>&nbsp;<\/p>\n<p>A lo largo de la &#8220;autopista&#8221;, y con el claro prop\u00f3sito de esquilmar a los desgraciados usuarios de esa lerda e insoportable v\u00eda de comunicaci\u00f3n entre la capital de Santander y la que algunos consideran ya la segunda ciudad del departamento, la direcci\u00f3n de tr\u00e1nsito de esta \u00faltima ha instalado, no dos, como dice el peri\u00f3dico Vanguardia Liberal, sino <strong>numerosas<\/strong> c\u00e1maras, con el fin de sorprender a los conductores que sobrepasen la m\u00e1xima velocidad.<\/p>\n<p>Velocidad m\u00e1xima que tampoco es de 60 kil\u00f3metros por hora, como dice <em>Vanguardia Liberal<\/em>, al menos si les creemos a las tambi\u00e9n numerosas se\u00f1ales informativas colocadas por la misma dependencia oficial a lo largo del tramo sobre el cual ejerce competencia, porque cualquiera que haga el recorrido por la autopista observar\u00e1 que mientras unas indican como velocidad m\u00e1xima la de 60 kph, otras hablan de 50 kph, otras se\u00f1alan 40 kph y otras obligan a transitar a m\u00e1ximo 30 kph.<\/p>\n<p>Por supuesto, a 30 kph no conduce nadie en una autopista, ni siquiera el director de tr\u00e1nsito, mucho menos sus agentes, los mal llamados &#8220;alf\u00e9reces&#8221;. Ello salvo, claro est\u00e1, los sufridos usuarios de esa v\u00eda cuando pretenden llegar a sus sitios de trabajo en las denominadas &#8220;horas pico&#8221;, que pr\u00e1cticamente ya son todas las horas, a quienes por lo general les toca circular parados.<\/p>\n<p>La autopista es una v\u00eda <strong>nacional<\/strong>, es la v\u00eda <strong>nacional<\/strong> que conduce nada menos que <strong>a la capital de la rep\u00fablica<\/strong>. Como tal, como v\u00eda nacional que es, est\u00e1 gobernada por el <strong>C\u00f3digo Nacional de Tr\u00e1nsito <\/strong>. El c\u00f3digo permite conducir en las v\u00edas nacionales <strong>hasta a 80 kph<\/strong>. Hasta a 80 kph, digo, si nos atenemos a la norma m\u00e1s tradicional de cuantas se han dictado sobre velocidades m\u00e1ximas en este pa\u00eds de leyes a montones, porque lleg\u00f3 hasta a establecerse una extravagante velocidad m\u00e1xima de 120 kph, que, por fortuna, sigue pendiente de regulaci\u00f3n.<\/p>\n<p>El caos en el tr\u00e1nsito, y ahora el caos en el punto de la velocidad m\u00e1xima permitida en una autopista, se ha agudizado debido a la atomizaci\u00f3n que ha sufrido la autoridad de tr\u00e1nsito en Colombia, la cual ha quedado en manos del capricho de cada municipio, que es como decir que cada director de tr\u00e1nsito manda en su pedazo de territorio y hace en \u00e9l cuanto le viene en gana. En el caso de las v\u00edas que llevan a los viajantes desde Piedecuesta hasta Bucaramanga, quienes tienen la opci\u00f3n de irse por el anillo vial, por cierto otra v\u00eda nacional que comunica con la Costa Atl\u00e1ntica, esos martirizados residentes de Piedecuesta, si optan por dicha v\u00eda, tienen que v\u00e9rseles con los retenes que montan las autoridades de tr\u00e1nsito de Piedecuesta, con los que montan las autoridades de tr\u00e1nsito de Floridablanca (por cuya jurisdicci\u00f3n territorial alcanzan a circular), con los que montan las autoridades de tr\u00e1nsito de Gir\u00f3n y, finalmente, con los que montan las autoridades de tr\u00e1nsito de Bucaramanga, las cuales lo reciben &#8220;con los brazos abiertos&#8221; y la libreta de comparendos lista, a la altura de Campohermoso.<\/p>\n<p>Claro que si los desdichados no utilizan la opci\u00f3n del anillo vial y se van por la autopista hasta Bucaramanga, los esperan, tambi\u00e9n con los brazos de par en par y la libreta de comparendos a su entera disposici\u00f3n, los retenes que montan las autoridades de tr\u00e1nsito de Bucaramanga sobre la carrera 27 en la Puerta del Sol.<\/p>\n<p>En el \u00e1rea metropolitana de Bucaramanga ya nadie <strong>dirige<\/strong> el tr\u00e1nsito. Y nadie lo hace, porque <strong>dirigir<\/strong> el tr\u00e1nsito no deja plata. Ah\u00ed queda solamente, para la historia, la memorable fotograf\u00eda de don Carlos Eslava, de cuando la Polic\u00eda Nacional, a trav\u00e9s de sus agentes de circulaci\u00f3n y tr\u00e1nsito, lo hac\u00edan, en la Bucaramanga de los a\u00f1os 60.<\/p>\n<p><img loading=\"lazy\" decoding=\"async\" class=\"aligncenter size-full wp-image-11142\" title=\"BUCARAMANGA A\u00d1OS 60\" src=\"https:\/\/lapiedrafilosofal.com\/wp-content\/uploads\/2014\/02\/BUCARAMANGA-A\u00d1OS-60.jpg\" alt=\"\" width=\"1024\" height=\"851\" srcset=\"https:\/\/oscarhumbertogomez.com\/wp-content\/uploads\/2014\/02\/BUCARAMANGA-A\u00d1OS-60.jpg 1024w, https:\/\/oscarhumbertogomez.com\/wp-content\/uploads\/2014\/02\/BUCARAMANGA-A\u00d1OS-60-300x249.jpg 300w\" sizes=\"auto, (max-width: 1024px) 100vw, 1024px\" \/><br \/>\nHoy en d\u00eda, de lo \u00fanico que viven preocupados los agentes de tr\u00e1nsito es de ver a qui\u00e9n le pueden sacar del bolsillo las exorbitantes multas que se imponen en Colombia, un pa\u00eds donde el salario m\u00ednimo legal mensual es de alrededor de seiscientos mil pesos y a esa cifra puede llegar una multa.<\/p>\n<p>Y eso \u2014el que las direcciones de tr\u00e1nsito del \u00e1rea metropolitana no vivan pendientes sino de esquilmar al ciudadano\u2014 es muy grave, adem\u00e1s de triste.<\/p>\n<p>Grave, porque se deja de lado la verdadera funci\u00f3n de las autoridades de tr\u00e1nsito en un pa\u00eds donde la circulaci\u00f3n automotriz es cada vez m\u00e1s ca\u00f3tica y dif\u00edcil.<\/p>\n<p>Triste, porque se rebaja la majestad del Estado a un papel vulgar e impropio de su dignidad, respetabilidad y altura.<\/p>\n<p>&nbsp;<\/p>\n","protected":false},"excerpt":{"rendered":"<p>&nbsp; A lo largo de la &#8220;autopista&#8221;, y con el claro prop\u00f3sito de esquilmar a los desgraciados usuarios de esa lerda e insoportable v\u00eda de comunicaci\u00f3n entre la capital de Santander y la que algunos consideran ya la segunda ciudad &hellip; <a href=\"https:\/\/oscarhumbertogomez.com\/?p=11139\">Sigue leyendo <span class=\"meta-nav\">&rarr;<\/span><\/a><\/p>\n<div class='heateorSssClear'><\/div><div  class='heateor_sss_sharing_container heateor_sss_horizontal_sharing' heateor-sss-data-href='https:\/\/oscarhumbertogomez.com\/?p=11139'><div class='heateor_sss_sharing_title' style=\"font-weight:bold\" >\u00a1Gracias por compartirla!<\/div><ul class=\"heateor_sss_sharing_ul\"><li class=\"heateorSssSharingRound\"><i style=\"width:35px;height:35px;border-radius:999px;\" alt=\"Facebook\" Title=\"Facebook\" class=\"heateorSssSharing heateorSssFacebookBackground\" onclick='heateorSssPopup(\"https:\/\/www.facebook.com\/sharer\/sharer.php?u=https%3A%2F%2Foscarhumbertogomez.com%2Findex.php%3Frest_route%3D%252Fwp%252Fv2%252Fposts%252F11139\")'><ss style=\"display:block;border-radius:999px;\" class=\"heateorSssSharingSvg heateorSssFacebookSvg\"><\/ss><\/i><\/li><li class=\"heateorSssSharingRound\"><i style=\"width:35px;height:35px;border-radius:999px;\" alt=\"Twitter\" Title=\"Twitter\" class=\"heateorSssSharing heateorSssTwitterBackground\" onclick='heateorSssPopup(\"http:\/\/twitter.com\/intent\/tweet?text=Presencia%20y%20ausencia%20del%20Estado%20en%20la%20autopista.%20Por%20%C3%93scar%20Humberto%20G%C3%B3mez%20G%C3%B3mez&url=https%3A%2F%2Foscarhumbertogomez.com%2Findex.php%3Frest_route%3D%252Fwp%252Fv2%252Fposts%252F11139\")'><ss style=\"display:block;border-radius:999px;\" class=\"heateorSssSharingSvg heateorSssTwitterSvg\"><\/ss><\/i><\/li><li class=\"heateorSssSharingRound\"><i style=\"width:35px;height:35px;border-radius:999px;\" alt=\"Whatsapp\" Title=\"Whatsapp\" class=\"heateorSssSharing heateorSssWhatsappBackground\" onclick='heateorSssPopup(\"https:\/\/web.whatsapp.com\/send?text=Presencia%20y%20ausencia%20del%20Estado%20en%20la%20autopista.%20Por%20%C3%93scar%20Humberto%20G%C3%B3mez%20G%C3%B3mez https%3A%2F%2Foscarhumbertogomez.com%2Findex.php%3Frest_route%3D%252Fwp%252Fv2%252Fposts%252F11139\")'><ss style=\"display:block\" class=\"heateorSssSharingSvg heateorSssWhatsappSvg\"><\/ss><\/i><\/li><li class=\"heateorSssSharingRound\"><i style=\"width:35px;height:35px;border-radius:999px;\" alt=\"Pinterest\" Title=\"Pinterest\" class=\"heateorSssSharing heateorSssPinterestBackground\" onclick=\"javascript:void( (function() {var e=document.createElement('script' );e.setAttribute('type','text\/javascript' );e.setAttribute('charset','UTF-8' );e.setAttribute('src','\/\/assets.pinterest.com\/js\/pinmarklet.js?r='+Math.random()*99999999);document.body.appendChild(e)})());\"><ss style=\"display:block;border-radius:999px;\" class=\"heateorSssSharingSvg heateorSssPinterestSvg\"><\/ss><\/i><\/li><li class=\"heateorSssSharingRound\"><i style=\"width:35px;height:35px;border-radius:999px;\" alt=\"Google Gmail\" Title=\"Google Gmail\" class=\"heateorSssSharing heateorSssGoogleGmailBackground\" onclick='heateorSssPopup(\"https:\/\/mail.google.com\/mail\/?ui=2&view=cm&fs=1&tf=1&su=Presencia%20y%20ausencia%20del%20Estado%20en%20la%20autopista.%20Por%20%C3%93scar%20Humberto%20G%C3%B3mez%20G%C3%B3mez&body=Link:https%3A%2F%2Foscarhumbertogomez.com%2Findex.php%3Frest_route%3D%252Fwp%252Fv2%252Fposts%252F11139\")'><ss style=\"display:block;border-radius:999px;\" class=\"heateorSssSharingSvg heateorSssGoogleGmailSvg\"><\/ss><\/i><\/li><li class=\"heateorSssSharingRound\"><i style=\"width:35px;height:35px;border-radius:999px;\" title=\"More\" alt=\"More\" class=\"heateorSssSharing heateorSssMoreBackground\" onclick=\"heateorSssMoreSharingPopup(this, 'https:\/\/oscarhumbertogomez.com\/index.php?rest_route=%2Fwp%2Fv2%2Fposts%2F11139', 'Presencia%20y%20ausencia%20del%20Estado%20en%20la%20autopista.%20Por%20%C3%93scar%20Humberto%20G%C3%B3mez%20G%C3%B3mez', '' )\" ><ss style=\"display:block\" class=\"heateorSssSharingSvg heateorSssMoreSvg\"><\/ss><\/i><\/li><\/ul><div class=\"heateorSssClear\"><\/div><\/div><div class='heateorSssClear'><\/div>","protected":false},"author":2,"featured_media":0,"comment_status":"open","ping_status":"open","sticky":false,"template":"","format":"standard","meta":{"spay_email":"","footnotes":""},"categories":[1],"tags":[],"class_list":["post-11139","post","type-post","status-publish","format-standard","hentry","category-blog"],"jetpack_featured_media_url":"","jetpack_shortlink":"https:\/\/wp.me\/p1FYrr-2TF","_links":{"self":[{"href":"https:\/\/oscarhumbertogomez.com\/index.php?rest_route=\/wp\/v2\/posts\/11139","targetHints":{"allow":["GET"]}}],"collection":[{"href":"https:\/\/oscarhumbertogomez.com\/index.php?rest_route=\/wp\/v2\/posts"}],"about":[{"href":"https:\/\/oscarhumbertogomez.com\/index.php?rest_route=\/wp\/v2\/types\/post"}],"author":[{"embeddable":true,"href":"https:\/\/oscarhumbertogomez.com\/index.php?rest_route=\/wp\/v2\/users\/2"}],"replies":[{"embeddable":true,"href":"https:\/\/oscarhumbertogomez.com\/index.php?rest_route=%2Fwp%2Fv2%2Fcomments&post=11139"}],"version-history":[{"count":5,"href":"https:\/\/oscarhumbertogomez.com\/index.php?rest_route=\/wp\/v2\/posts\/11139\/revisions"}],"predecessor-version":[{"id":53469,"href":"https:\/\/oscarhumbertogomez.com\/index.php?rest_route=\/wp\/v2\/posts\/11139\/revisions\/53469"}],"wp:attachment":[{"href":"https:\/\/oscarhumbertogomez.com\/index.php?rest_route=%2Fwp%2Fv2%2Fmedia&parent=11139"}],"wp:term":[{"taxonomy":"category","embeddable":true,"href":"https:\/\/oscarhumbertogomez.com\/index.php?rest_route=%2Fwp%2Fv2%2Fcategories&post=11139"},{"taxonomy":"post_tag","embeddable":true,"href":"https:\/\/oscarhumbertogomez.com\/index.php?rest_route=%2Fwp%2Fv2%2Ftags&post=11139"}],"curies":[{"name":"wp","href":"https:\/\/api.w.org\/{rel}","templated":true}]}}