{"id":1119,"date":"2011-08-21T14:52:43","date_gmt":"2011-08-21T19:52:43","guid":{"rendered":"http:\/\/www.oscarhumbertogomez.com\/?p=1119"},"modified":"2025-04-01T10:46:50","modified_gmt":"2025-04-01T15:46:50","slug":"homenaje-a-antonio-prieto","status":"publish","type":"post","link":"https:\/\/oscarhumbertogomez.com\/?p=1119","title":{"rendered":"Homenaje al cantante y actor chileno Antonio Prieto. Por \u00d3scar Humberto G\u00f3mez G\u00f3mez"},"content":{"rendered":"<p><img decoding=\"async\" class=\"aligncenter size-full wp-image-1122\" title=\"ANTONIO PRIETO III\" src=\"https:\/\/lapiedrafilosofal.com\/wp-content\/uploads\/2011\/08\/ANTONIO-PRIETO-III.jpg\" alt=\"ANTONIO PRIETO III\" width=\"500\" height=\"\" srcset=\"https:\/\/oscarhumbertogomez.com\/wp-content\/uploads\/2011\/08\/ANTONIO-PRIETO-III.jpg 380w, https:\/\/oscarhumbertogomez.com\/wp-content\/uploads\/2011\/08\/ANTONIO-PRIETO-III-300x225.jpg 300w\" sizes=\"(max-width: 380px) 100vw, 380px\" \/><\/p>\n<p>&nbsp;<\/p>\n<p>El pasado 14 de julio muri\u00f3 en Santiago el magn\u00edfico cantante y actor chileno de la d\u00e9cada de los a\u00f1os 60 don ANTONIO PRIETO. &nbsp;El destacado artista hab\u00eda nacido en Iquique el 26 de mayo de 1926.<\/p>\n<p>Antonio Prieto se encontraba afectado por el Alzheimer, mal que le fue detectado en el a\u00f1o 2002, y falleci\u00f3 en una cl\u00ednica de la capital chilena a la edad de 85 a\u00f1os.<\/p>\n<p>Su hermano Joaqu\u00edn era el compositor de algunas de sus canciones, pero principalmente de aquellas que Antonio grab\u00f3 bajo el ritmo conocido entonces como &#8220;rock lento&#8221;, caracter\u00edstico de aquella d\u00e9cada. La pieza que lo catapult\u00f3 a la fama fue &#8220;La novia&#8221;, un delicado rock lento compuesto por Joaqu\u00edn y llevado al cine con extraordinario \u00e9xito. No obstante ser artista exclusivo de la RCA V\u00edctor, Antonio cre\u00f3 su propio sello discogr\u00e1fico, primero bajo el nombre de Fermata y posteriormente bajo el de Apri. Los analistas coinciden en que el estilo de Antonio Prieto siempre estuvo caracterizado por su especial se\u00f1or\u00edo.<\/p>\n<p>&nbsp;<\/p>\n<p><img loading=\"lazy\" decoding=\"async\" class=\"aligncenter size-full wp-image-1121\" title=\"ANTONIO PRIETO Y &quot;LA NOVIA&quot;\" src=\"https:\/\/lapiedrafilosofal.com\/wp-content\/uploads\/2011\/08\/ANTONIO-PRIETO-Y-LA-NOVIA.jpg\" alt=\"ANTONIO PRIETO Y &quot;LA NOVIA&quot;\" width=\"550\" height=\"550\" srcset=\"https:\/\/oscarhumbertogomez.com\/wp-content\/uploads\/2011\/08\/ANTONIO-PRIETO-Y-LA-NOVIA.jpg 550w, https:\/\/oscarhumbertogomez.com\/wp-content\/uploads\/2011\/08\/ANTONIO-PRIETO-Y-LA-NOVIA-150x150.jpg 150w, https:\/\/oscarhumbertogomez.com\/wp-content\/uploads\/2011\/08\/ANTONIO-PRIETO-Y-LA-NOVIA-300x300.jpg 300w\" sizes=\"auto, (max-width: 550px) 100vw, 550px\" \/><\/p>\n<p>&nbsp;<\/p>\n<p>Nuestro portal quiere hoy hacerle un peque\u00f1o homenaje, en la \u00fanica forma como pareciera, inevitablemente, que se puede exaltar a un artista, esto es, a trav\u00e9s del recuerdo de sus canciones.<\/p>\n<p>Aqu\u00ed est\u00e1n, pues, tres de las m\u00e1s representativas piezas del &#8220;rock lento&#8221; de esa \u00e9poca en la voz inolvidable de ANTONIO PRIETO: La novia, El milagro y Son rumores.<\/p>\n<p>&nbsp;<\/p>\n<p>LA NOVIA:<\/p>\n<p><a href=\"http:\/\/www.youtube.com\/watch?v=C6BDKQHUcyk\">http:\/\/www.youtube.com\/watch?v=C6BDKQHUcyk<\/a><\/p>\n<p>&nbsp;<\/p>\n<p>EL MILAGRO:<\/p>\n<p><a href=\"http:\/\/www.youtube.com\/watch?v=r5sZtFiUsV4&amp;feature=related\">http:\/\/www.youtube.com\/watch?v=r5sZtFiUsV4&amp;feature=related<\/a><\/p>\n<p>&nbsp;<\/p>\n<p>SON RUMORES:<\/p>\n<p><a href=\"http:\/\/www.youtube.com\/watch?v=xZ-XjGMt9vs&amp;feature=related\">http:\/\/www.youtube.com\/watch?v=xZ-XjGMt9vs&amp;feature=related<\/a><\/p>\n<p>&nbsp;<\/p>\n<p>A continuaci\u00f3n, dos actuaciones de Antonio Prieto en el escenario del Festival Vi\u00f1a del Mar en su pa\u00eds natal, donde, dicho sea de paso, nunca fue tan reconocido como lo fue en el exterior, entre otras cosas porque el artista permanec\u00eda mucho tiempo fuera del pa\u00eds y hasta se lleg\u00f3 a decir que no quer\u00eda a Chile, cosa que a \u00e9l le molest\u00f3 siempre.<\/p>\n<p>&nbsp;<\/p>\n<p>ANTONIO PRIETO EN VI\u00d1A DEL MAR 1980:<\/p>\n<p>&nbsp;<\/p>\n<p><a href=\"http:\/\/www.youtube.com\/watch?v=tkNQo5kmFUc&amp;feature=related\">http:\/\/www.youtube.com\/watch?v=tkNQo5kmFUc&amp;feature=related<\/a><\/p>\n<p>&nbsp;<\/p>\n<p>ANTONIO PRIETO CANTANDO &#8220;LA NOVIA&#8221; EN VI\u00d1A DEL MAR 1995:<\/p>\n<p>&nbsp;<\/p>\n<p><a href=\"http:\/\/www.youtube.com\/watch?v=IE-z7nnnBPQ&amp;feature=related\">http:\/\/www.youtube.com\/watch?v=IE-z7nnnBPQ&amp;feature=related<\/a><\/p>\n<p>&nbsp;<\/p>\n<p>Y, para cerrar, una verdadera joya: \u00faltimas escenas de la pel\u00edcula <em>La novia <\/em>(1961) protagonizada por Antonio Prieto y Elsa Daniel.<\/p>\n<p>&nbsp;<\/p>\n<p><a href=\"http:\/\/www.youtube.com\/watch?v=fUwxcFubVhc&amp;feature=related\">http:\/\/www.youtube.com\/watch?v=fUwxcFubVhc&amp;feature=related<\/a><\/p>\n<p>&nbsp;<\/p>\n<p><img loading=\"lazy\" decoding=\"async\" class=\"aligncenter size-full wp-image-1149\" title=\"ANTONIO PRIETO IV\" src=\"https:\/\/lapiedrafilosofal.com\/wp-content\/uploads\/2011\/08\/ANTONIO-PRIETO-IV.jpg\" alt=\"ANTONIO PRIETO IV\" width=\"600\" height=\"634\" srcset=\"https:\/\/oscarhumbertogomez.com\/wp-content\/uploads\/2011\/08\/ANTONIO-PRIETO-IV.jpg 600w, https:\/\/oscarhumbertogomez.com\/wp-content\/uploads\/2011\/08\/ANTONIO-PRIETO-IV-283x300.jpg 283w\" sizes=\"auto, (max-width: 600px) 100vw, 600px\" \/><\/p>\n<p>&nbsp;<\/p>\n<p>\u00a1Hasta siempre, maestro Antonio Prieto!<\/p>\n<p>&nbsp;<\/p>\n","protected":false},"excerpt":{"rendered":"<p>&nbsp; El pasado 14 de julio muri\u00f3 en Santiago el magn\u00edfico cantante y actor chileno de la d\u00e9cada de los a\u00f1os 60 don ANTONIO PRIETO. &nbsp;El destacado artista hab\u00eda nacido en Iquique el 26 de mayo de 1926. Antonio Prieto &hellip; <a href=\"https:\/\/oscarhumbertogomez.com\/?p=1119\">Sigue leyendo <span class=\"meta-nav\">&rarr;<\/span><\/a><\/p>\n<div class='heateorSssClear'><\/div><div  class='heateor_sss_sharing_container heateor_sss_horizontal_sharing' heateor-sss-data-href='https:\/\/oscarhumbertogomez.com\/?p=1119'><div class='heateor_sss_sharing_title' style=\"font-weight:bold\" >\u00a1Gracias por compartirla!<\/div><ul class=\"heateor_sss_sharing_ul\"><li class=\"heateorSssSharingRound\"><i style=\"width:35px;height:35px;border-radius:999px;\" alt=\"Facebook\" Title=\"Facebook\" class=\"heateorSssSharing heateorSssFacebookBackground\" onclick='heateorSssPopup(\"https:\/\/www.facebook.com\/sharer\/sharer.php?u=https%3A%2F%2Foscarhumbertogomez.com%2Findex.php%3Frest_route%3D%252Fwp%252Fv2%252Fposts%252F1119\")'><ss style=\"display:block;border-radius:999px;\" class=\"heateorSssSharingSvg heateorSssFacebookSvg\"><\/ss><\/i><\/li><li class=\"heateorSssSharingRound\"><i style=\"width:35px;height:35px;border-radius:999px;\" alt=\"Twitter\" Title=\"Twitter\" class=\"heateorSssSharing heateorSssTwitterBackground\" onclick='heateorSssPopup(\"http:\/\/twitter.com\/intent\/tweet?text=Homenaje%20al%20cantante%20y%20actor%20chileno%20Antonio%20Prieto.%20Por%20%C3%93scar%20Humberto%20G%C3%B3mez%20G%C3%B3mez&url=https%3A%2F%2Foscarhumbertogomez.com%2Findex.php%3Frest_route%3D%252Fwp%252Fv2%252Fposts%252F1119\")'><ss style=\"display:block;border-radius:999px;\" class=\"heateorSssSharingSvg heateorSssTwitterSvg\"><\/ss><\/i><\/li><li class=\"heateorSssSharingRound\"><i style=\"width:35px;height:35px;border-radius:999px;\" alt=\"Whatsapp\" Title=\"Whatsapp\" class=\"heateorSssSharing heateorSssWhatsappBackground\" onclick='heateorSssPopup(\"https:\/\/web.whatsapp.com\/send?text=Homenaje%20al%20cantante%20y%20actor%20chileno%20Antonio%20Prieto.%20Por%20%C3%93scar%20Humberto%20G%C3%B3mez%20G%C3%B3mez https%3A%2F%2Foscarhumbertogomez.com%2Findex.php%3Frest_route%3D%252Fwp%252Fv2%252Fposts%252F1119\")'><ss style=\"display:block\" class=\"heateorSssSharingSvg heateorSssWhatsappSvg\"><\/ss><\/i><\/li><li class=\"heateorSssSharingRound\"><i style=\"width:35px;height:35px;border-radius:999px;\" alt=\"Pinterest\" Title=\"Pinterest\" class=\"heateorSssSharing heateorSssPinterestBackground\" onclick=\"javascript:void( (function() {var e=document.createElement('script' );e.setAttribute('type','text\/javascript' );e.setAttribute('charset','UTF-8' );e.setAttribute('src','\/\/assets.pinterest.com\/js\/pinmarklet.js?r='+Math.random()*99999999);document.body.appendChild(e)})());\"><ss style=\"display:block;border-radius:999px;\" class=\"heateorSssSharingSvg heateorSssPinterestSvg\"><\/ss><\/i><\/li><li class=\"heateorSssSharingRound\"><i style=\"width:35px;height:35px;border-radius:999px;\" alt=\"Google Gmail\" Title=\"Google Gmail\" class=\"heateorSssSharing heateorSssGoogleGmailBackground\" onclick='heateorSssPopup(\"https:\/\/mail.google.com\/mail\/?ui=2&view=cm&fs=1&tf=1&su=Homenaje%20al%20cantante%20y%20actor%20chileno%20Antonio%20Prieto.%20Por%20%C3%93scar%20Humberto%20G%C3%B3mez%20G%C3%B3mez&body=Link:https%3A%2F%2Foscarhumbertogomez.com%2Findex.php%3Frest_route%3D%252Fwp%252Fv2%252Fposts%252F1119\")'><ss style=\"display:block;border-radius:999px;\" class=\"heateorSssSharingSvg heateorSssGoogleGmailSvg\"><\/ss><\/i><\/li><li class=\"heateorSssSharingRound\"><i style=\"width:35px;height:35px;border-radius:999px;\" title=\"More\" alt=\"More\" class=\"heateorSssSharing heateorSssMoreBackground\" onclick=\"heateorSssMoreSharingPopup(this, 'https:\/\/oscarhumbertogomez.com\/index.php?rest_route=%2Fwp%2Fv2%2Fposts%2F1119', 'Homenaje%20al%20cantante%20y%20actor%20chileno%20Antonio%20Prieto.%20Por%20%C3%93scar%20Humberto%20G%C3%B3mez%20G%C3%B3mez', '' )\" ><ss style=\"display:block\" class=\"heateorSssSharingSvg heateorSssMoreSvg\"><\/ss><\/i><\/li><\/ul><div class=\"heateorSssClear\"><\/div><\/div><div class='heateorSssClear'><\/div>","protected":false},"author":2,"featured_media":0,"comment_status":"open","ping_status":"open","sticky":false,"template":"","format":"standard","meta":{"spay_email":"","footnotes":""},"categories":[1],"tags":[],"class_list":["post-1119","post","type-post","status-publish","format-standard","hentry","category-blog"],"jetpack_featured_media_url":"","jetpack_shortlink":"https:\/\/wp.me\/p1FYrr-i3","_links":{"self":[{"href":"https:\/\/oscarhumbertogomez.com\/index.php?rest_route=\/wp\/v2\/posts\/1119","targetHints":{"allow":["GET"]}}],"collection":[{"href":"https:\/\/oscarhumbertogomez.com\/index.php?rest_route=\/wp\/v2\/posts"}],"about":[{"href":"https:\/\/oscarhumbertogomez.com\/index.php?rest_route=\/wp\/v2\/types\/post"}],"author":[{"embeddable":true,"href":"https:\/\/oscarhumbertogomez.com\/index.php?rest_route=\/wp\/v2\/users\/2"}],"replies":[{"embeddable":true,"href":"https:\/\/oscarhumbertogomez.com\/index.php?rest_route=%2Fwp%2Fv2%2Fcomments&post=1119"}],"version-history":[{"count":5,"href":"https:\/\/oscarhumbertogomez.com\/index.php?rest_route=\/wp\/v2\/posts\/1119\/revisions"}],"predecessor-version":[{"id":53345,"href":"https:\/\/oscarhumbertogomez.com\/index.php?rest_route=\/wp\/v2\/posts\/1119\/revisions\/53345"}],"wp:attachment":[{"href":"https:\/\/oscarhumbertogomez.com\/index.php?rest_route=%2Fwp%2Fv2%2Fmedia&parent=1119"}],"wp:term":[{"taxonomy":"category","embeddable":true,"href":"https:\/\/oscarhumbertogomez.com\/index.php?rest_route=%2Fwp%2Fv2%2Fcategories&post=1119"},{"taxonomy":"post_tag","embeddable":true,"href":"https:\/\/oscarhumbertogomez.com\/index.php?rest_route=%2Fwp%2Fv2%2Ftags&post=1119"}],"curies":[{"name":"wp","href":"https:\/\/api.w.org\/{rel}","templated":true}]}}