{"id":11223,"date":"2014-02-23T08:28:31","date_gmt":"2014-02-23T13:28:31","guid":{"rendered":"http:\/\/www.oscarhumbertogomez.com\/?p=11223"},"modified":"2025-02-25T14:46:42","modified_gmt":"2025-02-25T19:46:42","slug":"oro-en-polvo-por-julio-florez","status":"publish","type":"post","link":"https:\/\/oscarhumbertogomez.com\/?p=11223","title":{"rendered":"&#8220;Oro en polvo&#8221;, de Julio Fl\u00f3rez. Por \u00d3scar Humberto G\u00f3mez G\u00f3mez"},"content":{"rendered":"<p><img loading=\"lazy\" decoding=\"async\" class=\"aligncenter size-full wp-image-11224\" title=\"MARIPOSA Y FLORES\" src=\"https:\/\/lapiedrafilosofal.com\/wp-content\/uploads\/2014\/02\/MARIPOSA-Y-FLORES.jpg\" alt=\"\" width=\"960\" height=\"720\" srcset=\"https:\/\/oscarhumbertogomez.com\/wp-content\/uploads\/2014\/02\/MARIPOSA-Y-FLORES.jpg 960w, https:\/\/oscarhumbertogomez.com\/wp-content\/uploads\/2014\/02\/MARIPOSA-Y-FLORES-300x225.jpg 300w\" sizes=\"auto, (max-width: 960px) 100vw, 960px\" \/><\/p>\n<p>&nbsp;<\/p>\n<p>&#8220;\u00a1Qui\u00e9n fuera mariposa!<br \/>\nFlor del aire, luciente y fugitiva.<br \/>\nEnvidio esa existencia temblorosa<br \/>\nque siempre, en pago de la miel que liba,<br \/>\ndeja un polvo de oro en cada rosa&#8221;.<\/p>\n<p><strong>Julio Fl\u00f3rez<\/strong> (colombiano)<\/p>\n<p>&nbsp;<\/p>\n<p><img loading=\"lazy\" decoding=\"async\" class=\"aligncenter size-full wp-image-11224\" title=\"MARIPOSA Y FLORES\" src=\"https:\/\/lapiedrafilosofal.com\/wp-content\/uploads\/2014\/02\/MARIPOSA-Y-FLORES.jpg\" alt=\"\" width=\"960\" height=\"720\" srcset=\"https:\/\/oscarhumbertogomez.com\/wp-content\/uploads\/2014\/02\/MARIPOSA-Y-FLORES.jpg 960w, https:\/\/oscarhumbertogomez.com\/wp-content\/uploads\/2014\/02\/MARIPOSA-Y-FLORES-300x225.jpg 300w\" sizes=\"auto, (max-width: 960px) 100vw, 960px\" \/><\/p>\n<p>&nbsp;<\/p>\n<p>Im\u00e1genes difuminadas por el paso del tiempo.<\/p>\n<p>Rememoraci\u00f3n de mi profesor de Espa\u00f1ol Epifanio Blanco. Corr\u00eda el a\u00f1o 1967. Yo era alumno de 1o. C. El director de grupo se llamaba Arturo Guzm\u00e1n.<\/p>\n<p>Remembranzas de mi profesor Jos\u00e9 Mar\u00eda Mart\u00ednez Pinz\u00f3n. Corr\u00eda el a\u00f1o 1968. Yo era alumno de 2o. A. El director de grupo era el mismo profesor Mart\u00ednez Pinz\u00f3n, que adem\u00e1s nos dictaba Historia Universal, Geograf\u00eda Universal y Religi\u00f3n.<\/p>\n<p>Recuerdos de mi profesor Gregorio Uribe Camacho. Yo era alumno de 3o. D. El director de grupo se llamaba Enrique S\u00e1nchez Leal. Transcurr\u00eda el a\u00f1o 1969.<\/p>\n<p>Hasta aqu\u00ed llegan las memorias de mis clases de Espa\u00f1ol y Literatura en el Instituto Tecnol\u00f3gico Santandereano.<\/p>\n<p>&nbsp;<\/p>\n<p><img loading=\"lazy\" decoding=\"async\" class=\"aligncenter size-full wp-image-11224\" title=\"MARIPOSA Y FLORES\" src=\"https:\/\/lapiedrafilosofal.com\/wp-content\/uploads\/2014\/02\/MARIPOSA-Y-FLORES.jpg\" alt=\"\" width=\"960\" height=\"720\" srcset=\"https:\/\/oscarhumbertogomez.com\/wp-content\/uploads\/2014\/02\/MARIPOSA-Y-FLORES.jpg 960w, https:\/\/oscarhumbertogomez.com\/wp-content\/uploads\/2014\/02\/MARIPOSA-Y-FLORES-300x225.jpg 300w\" sizes=\"auto, (max-width: 960px) 100vw, 960px\" \/><\/p>\n<p>&nbsp;<\/p>\n<p>A\u00fan conservo el viejo libro de pasta verde.  Hace poco habr\u00eda de sorprenderme lo antiguo.<\/p>\n<p>Hoy he querido tomar de ese inolvidable libro y traer a mi portal estos versos, surgidos de la pluma de un poeta talentoso nacido en Chiquinquir\u00e1, departamento de Boyac\u00e1, y acerca de quien nuestros lectores encontrar\u00e1n una entrada completa titulada con su nombre.<\/p>\n<p>Versos hermosos y de una extraordinaria delicadeza.<\/p>\n<p>&nbsp;<\/p>\n","protected":false},"excerpt":{"rendered":"<p>&nbsp; &#8220;\u00a1Qui\u00e9n fuera mariposa! Flor del aire, luciente y fugitiva. Envidio esa existencia temblorosa que siempre, en pago de la miel que liba, deja un polvo de oro en cada rosa&#8221;. Julio Fl\u00f3rez (colombiano) &nbsp; &nbsp; Im\u00e1genes difuminadas por el &hellip; <a href=\"https:\/\/oscarhumbertogomez.com\/?p=11223\">Sigue leyendo <span class=\"meta-nav\">&rarr;<\/span><\/a><\/p>\n<div class='heateorSssClear'><\/div><div  class='heateor_sss_sharing_container heateor_sss_horizontal_sharing' heateor-sss-data-href='https:\/\/oscarhumbertogomez.com\/?p=11223'><div class='heateor_sss_sharing_title' style=\"font-weight:bold\" >\u00a1Gracias por compartirla!<\/div><ul class=\"heateor_sss_sharing_ul\"><li class=\"heateorSssSharingRound\"><i style=\"width:35px;height:35px;border-radius:999px;\" alt=\"Facebook\" Title=\"Facebook\" class=\"heateorSssSharing heateorSssFacebookBackground\" onclick='heateorSssPopup(\"https:\/\/www.facebook.com\/sharer\/sharer.php?u=https%3A%2F%2Foscarhumbertogomez.com%2Findex.php%3Frest_route%3D%252Fwp%252Fv2%252Fposts%252F11223\")'><ss style=\"display:block;border-radius:999px;\" class=\"heateorSssSharingSvg heateorSssFacebookSvg\"><\/ss><\/i><\/li><li class=\"heateorSssSharingRound\"><i style=\"width:35px;height:35px;border-radius:999px;\" alt=\"Twitter\" Title=\"Twitter\" class=\"heateorSssSharing heateorSssTwitterBackground\" onclick='heateorSssPopup(\"http:\/\/twitter.com\/intent\/tweet?text=%22Oro%20en%20polvo%22%2C%20de%20Julio%20Fl%C3%B3rez.%20Por%20%C3%93scar%20Humberto%20G%C3%B3mez%20G%C3%B3mez&url=https%3A%2F%2Foscarhumbertogomez.com%2Findex.php%3Frest_route%3D%252Fwp%252Fv2%252Fposts%252F11223\")'><ss style=\"display:block;border-radius:999px;\" class=\"heateorSssSharingSvg heateorSssTwitterSvg\"><\/ss><\/i><\/li><li class=\"heateorSssSharingRound\"><i style=\"width:35px;height:35px;border-radius:999px;\" alt=\"Whatsapp\" Title=\"Whatsapp\" class=\"heateorSssSharing heateorSssWhatsappBackground\" onclick='heateorSssPopup(\"https:\/\/web.whatsapp.com\/send?text=%22Oro%20en%20polvo%22%2C%20de%20Julio%20Fl%C3%B3rez.%20Por%20%C3%93scar%20Humberto%20G%C3%B3mez%20G%C3%B3mez https%3A%2F%2Foscarhumbertogomez.com%2Findex.php%3Frest_route%3D%252Fwp%252Fv2%252Fposts%252F11223\")'><ss style=\"display:block\" class=\"heateorSssSharingSvg heateorSssWhatsappSvg\"><\/ss><\/i><\/li><li class=\"heateorSssSharingRound\"><i style=\"width:35px;height:35px;border-radius:999px;\" alt=\"Pinterest\" Title=\"Pinterest\" class=\"heateorSssSharing heateorSssPinterestBackground\" onclick=\"javascript:void( (function() {var e=document.createElement('script' );e.setAttribute('type','text\/javascript' );e.setAttribute('charset','UTF-8' );e.setAttribute('src','\/\/assets.pinterest.com\/js\/pinmarklet.js?r='+Math.random()*99999999);document.body.appendChild(e)})());\"><ss style=\"display:block;border-radius:999px;\" class=\"heateorSssSharingSvg heateorSssPinterestSvg\"><\/ss><\/i><\/li><li class=\"heateorSssSharingRound\"><i style=\"width:35px;height:35px;border-radius:999px;\" alt=\"Google Gmail\" Title=\"Google Gmail\" class=\"heateorSssSharing heateorSssGoogleGmailBackground\" onclick='heateorSssPopup(\"https:\/\/mail.google.com\/mail\/?ui=2&view=cm&fs=1&tf=1&su=%22Oro%20en%20polvo%22%2C%20de%20Julio%20Fl%C3%B3rez.%20Por%20%C3%93scar%20Humberto%20G%C3%B3mez%20G%C3%B3mez&body=Link:https%3A%2F%2Foscarhumbertogomez.com%2Findex.php%3Frest_route%3D%252Fwp%252Fv2%252Fposts%252F11223\")'><ss style=\"display:block;border-radius:999px;\" class=\"heateorSssSharingSvg heateorSssGoogleGmailSvg\"><\/ss><\/i><\/li><li class=\"heateorSssSharingRound\"><i style=\"width:35px;height:35px;border-radius:999px;\" title=\"More\" alt=\"More\" class=\"heateorSssSharing heateorSssMoreBackground\" onclick=\"heateorSssMoreSharingPopup(this, 'https:\/\/oscarhumbertogomez.com\/index.php?rest_route=%2Fwp%2Fv2%2Fposts%2F11223', '%22Oro%20en%20polvo%22%2C%20de%20Julio%20Fl%C3%B3rez.%20Por%20%C3%93scar%20Humberto%20G%C3%B3mez%20G%C3%B3mez', '' )\" ><ss style=\"display:block\" class=\"heateorSssSharingSvg heateorSssMoreSvg\"><\/ss><\/i><\/li><\/ul><div class=\"heateorSssClear\"><\/div><\/div><div class='heateorSssClear'><\/div>","protected":false},"author":2,"featured_media":0,"comment_status":"open","ping_status":"open","sticky":false,"template":"","format":"standard","meta":{"spay_email":"","footnotes":""},"categories":[6,7],"tags":[],"class_list":["post-11223","post","type-post","status-publish","format-standard","hentry","category-la-pluma-ajena","category-poesia"],"jetpack_featured_media_url":"","jetpack_shortlink":"https:\/\/wp.me\/p1FYrr-2V1","_links":{"self":[{"href":"https:\/\/oscarhumbertogomez.com\/index.php?rest_route=\/wp\/v2\/posts\/11223","targetHints":{"allow":["GET"]}}],"collection":[{"href":"https:\/\/oscarhumbertogomez.com\/index.php?rest_route=\/wp\/v2\/posts"}],"about":[{"href":"https:\/\/oscarhumbertogomez.com\/index.php?rest_route=\/wp\/v2\/types\/post"}],"author":[{"embeddable":true,"href":"https:\/\/oscarhumbertogomez.com\/index.php?rest_route=\/wp\/v2\/users\/2"}],"replies":[{"embeddable":true,"href":"https:\/\/oscarhumbertogomez.com\/index.php?rest_route=%2Fwp%2Fv2%2Fcomments&post=11223"}],"version-history":[{"count":5,"href":"https:\/\/oscarhumbertogomez.com\/index.php?rest_route=\/wp\/v2\/posts\/11223\/revisions"}],"predecessor-version":[{"id":51401,"href":"https:\/\/oscarhumbertogomez.com\/index.php?rest_route=\/wp\/v2\/posts\/11223\/revisions\/51401"}],"wp:attachment":[{"href":"https:\/\/oscarhumbertogomez.com\/index.php?rest_route=%2Fwp%2Fv2%2Fmedia&parent=11223"}],"wp:term":[{"taxonomy":"category","embeddable":true,"href":"https:\/\/oscarhumbertogomez.com\/index.php?rest_route=%2Fwp%2Fv2%2Fcategories&post=11223"},{"taxonomy":"post_tag","embeddable":true,"href":"https:\/\/oscarhumbertogomez.com\/index.php?rest_route=%2Fwp%2Fv2%2Ftags&post=11223"}],"curies":[{"name":"wp","href":"https:\/\/api.w.org\/{rel}","templated":true}]}}