{"id":11313,"date":"2014-03-09T16:44:35","date_gmt":"2014-03-09T21:44:35","guid":{"rendered":"http:\/\/www.oscarhumbertogomez.com\/?p=11313"},"modified":"2025-02-17T21:08:14","modified_gmt":"2025-02-18T02:08:14","slug":"el-ejercicio-libre-de-la-abogacia-en-colombia-de-la-mesura-a-la-censura-por-oscar-humberto-gomez-gomez","status":"publish","type":"post","link":"https:\/\/oscarhumbertogomez.com\/?p=11313","title":{"rendered":"El ejercicio libre de la abogac\u00eda en Colombia: de la mesura a la censura. Por \u00d3scar Humberto G\u00f3mez G\u00f3mez"},"content":{"rendered":"<p><img decoding=\"async\" class=\"aligncenter size-full wp-image-4481\" src=\"https:\/\/lapiedrafilosofal.com\/wp-content\/uploads\/2012\/06\/OSCAR-HUMBERTO-GOMEZ.jpg\" alt=\"OSCAR HUMBERTO GOMEZ\" width=\"500\"><\/p>\n<p>&nbsp;<\/p>\n<p>\u00a1Lo que faltaba! A toda la carga de irrespeto que viene sufriendo la abogac\u00eda, en un pa\u00eds donde, en general, cada d\u00eda pierden dignidad las profesiones liberales, se pretende unir ahora la mordaza.<\/p>\n<p>S\u00ed: la mordaza; la misma arma de intimidaci\u00f3n y silencio que en los reg\u00edmenes totalitarios se emplea para callar a la prensa libre, ahora se pretende utilizar tambi\u00e9n para que la abogac\u00eda libre (de la que nos honra formar parte) no exprese, con absoluta libertad, sus cr\u00edticas, recriminaciones, denuncias y reproches contra los funcionarios del Poder Judicial del Estado que, abusando de la autoridad que les da su investidura, arrasan con los derechos del m\u00e1s fr\u00e1gil, o solo entienden sus cargos como el instrumento apto para darle rienda suelta a su prepotencia y altaner\u00eda, o, en fin, no llegan a esos empleos gracias a sus m\u00e9ritos personales, sino por razones que ellos deber\u00edan ser los primeros en explicar de manera satisfactoria, porque lo cierto es que con sus actuaciones no muestran precisamente la s\u00f3lida formaci\u00f3n acad\u00e9mica que se supone en un juez, y con mayor raz\u00f3n en un magistrado, ni \u2014lo que resulta m\u00e1s grave\u2014un verdadero esp\u00edritu de justicia.<\/p>\n<p>No es admisible que a quienes no somos de los que le mandamos razones a Santander para que las entienda Bol\u00edvar; a quienes, por el contrario, somos de los que llamamos pan al pan y vino al vino, aunque, eso s\u00ed, jam\u00e1s empleamos en el foro la palabra soez, la expresi\u00f3n vulgar, el grafito an\u00f3nimo, el ataque infundado, la llamada telef\u00f3nica amenazante o insultante, ni enviamos sufragios, ni contratamos sicarios, ni escupimos a nadie, ni lo abofeteamos, sino que, simplemente, vali\u00e9ndonos de la palabra escrita o de la elocuencia forense, como corresponde hacerlo a todo el que tiene valor civil, luchamos por una administraci\u00f3n de justicia recta, culta, preparada, pero sobre todo justa, nos amenacen con la espada de Damocles de la compulsa de copias para que se nos venga encima el poder disciplinario del Estado. &nbsp;Menos admisible, el que los consejos seccionales de la judicatura y el Consejo Superior atiendan sol\u00edcitos esas compulsas y, de una buena vez, la emprendan contra los juristas que nos atrevemos a expresar de frente y con nuestros nombres y apellidos, lo que todo el mundo dice en privado o bajo la careta protectora de un an\u00f3nimo o de una identificaci\u00f3n ficticia.<\/p>\n<p>Ni la compulsa de copias, ni la acci\u00f3n disciplinaria se establecieron como medios de censura. Consiguientemente, ni la Sala Disciplinaria del Consejo Superior de la Judicatura, ni las Salas Disciplinarias de los Consejos Seccionales, pueden convertirse en los Torquemadas que no permiten el disentimiento, ni la libre expresi\u00f3n, ni la cr\u00edtica fuerte, ni el reproche claro y contundente por parte de los abogados con valor civil contra aquellos funcionarios que act\u00faan mal dentro del aparato jurisdiccional colombiano y que con sus actuaciones desafortunadas est\u00e1n contribuyendo a dar al traste con la cada vez m\u00e1s escasa credibilidad y respetabilidad que le queda a la Justicia colombiana.<\/p>\n<p>Ni m\u00e1s faltaba que en un pa\u00eds donde la opini\u00f3n p\u00fablica vigila y critica sin contemplaciones a los personeros de la comunidad, porque, al fin de cuentas, es esa comunidad la que, en \u00faltimas, con sus impuestos sostiene la burocracia; ni m\u00e1s faltaba que en esta naci\u00f3n donde se cuestiona sin miramientos a los funcionarios del Poder Ejecutivo y del Poder Legislativo; ni m\u00e1s faltaba que en una democracia donde se llevan a cabo marchas, manifestaciones y protestas p\u00fablicas contra esos funcionarios, entre los cuales se incluye al propio Presidente de la Rep\u00fablica, Jefe de Estado y Primer Magistrado de la Naci\u00f3n, pretendan ahora volverse intocables algunos del Poder Judicial, cuando \u2014y precisamente por tambi\u00e9n formar parte del Poder P\u00fablico\u2014 ellos deben responder, igualmente, por sus actos ante la comunidad y esta tiene pleno derecho de enrostrarles sus errores, abusos y tropel\u00edas.<\/p>\n<p>La abogac\u00eda libre de este pa\u00eds no tiene por qu\u00e9 estar conformada por eunucos mentales, ni por cobardes, ni por profesionales muertos de miedo, condenados a solo poder comentar lo que est\u00e1 pasando dentro de la Justicia colombiana alrededor de una mesa de caf\u00e9 y mirando para todas partes para cerciorarse de que nadie los est\u00e9 escuchando. La abogac\u00eda debe estar integrada por juristas que sientan que su papel protag\u00f3nico en la sociedad colombiana no debe circunscribirse a la rutinaria tarea de promover procesos, controlar su tr\u00e1mite y presentar memoriales, sino que, adem\u00e1s, deben hacerse part\u00edcipes de la descomunal lucha porque en Colombia reine alg\u00fan d\u00eda una pronta y cumplida justicia, en el entendido de que ese sue\u00f1o es tan solo una faceta de esa otra lucha, a\u00fan m\u00e1s descomunal, por construir una sociedad m\u00e1s digna, libre y justa.<\/p>\n<p>Y es que parte fundamental de la labor del abogado ha de ser la de cuestionar, siempre que haya que hacerlo, no solo los vicios, errores y abusos judiciales, sino incluso el arribo a los cargos del Poder Judicial \u2014o la permanencia en ellos\u2014 de personajes indolentes, arbitrarios o incapaces, de esos a quienes, con tal de hacer ver qui\u00e9n es el que manda, o de imponer sus extravagancias procesalistas, o de hacer prevalecer sus errores sobre el sentido com\u00fan, no les importa que un ni\u00f1o hu\u00e9rfano, una viuda sumida en la pobreza, un mutilado agobiado por el desempleo, la exclusi\u00f3n y la desesperanza, una familia a la que le han arrebatado injustificadamente a un hermano, en fin, no les importa que aquel que acude a ellos se quede para siempre sin justicia, mientras que, en cambio, hombres y mujeres competentes y due\u00f1os de una vida intachable y de un coraz\u00f3n justo, no pueden acceder a esos puestos solo porque no se prestan para formar parte de roscas, trincas y componendas o carecen de vocaci\u00f3n para lagartos.<\/p>\n<p>Que nadie se equivoque con nosotros: defenderemos nuestro derecho constitucional a la libertad de expresi\u00f3n y para ejercerlo no le pediremos permiso a nadie.<\/p>\n<p>Una cosa es la mesura, impuesta por el C\u00f3digo Disciplinario del Abogado \u2014que, dicho sea de paso, ha debido concertarse con la abogac\u00eda libre, y no reflejar solamente el pensamiento del Estado, entre otras cosas porque ya es hora de que se entienda que la abogac\u00eda es una profesi\u00f3n liberal y que los abogados no somos funcionarios estatales\u2014 y otra cosa, diametralmente distinta, es la pusilanimidad, la abyecci\u00f3n, la genuflexi\u00f3n, el temor reverencial y la lamboner\u00eda.<\/p>\n<p>El derecho a hablar y a escribir para exponer lo que se piensa es una conquista de la civilizaci\u00f3n y de la democracia.<\/p>\n<p>Y como se est\u00e1 tomando una malentendida obligaci\u00f3n de &#8220;mesura&#8221; y de &#8220;respeto&#8221; como caballito de batalla para amedrentar y silenciar a la abogac\u00eda libre colombiana, lleg\u00f3 la hora de arreciar la exigencia que venimos haciendo: <strong>que no sea el Estado el que nos juzgue disciplinariamente<\/strong>, porque no somos funcionarios ni empleados del Estado, sino que lo hagan <strong>tribunales de \u00e9tica de la abogac\u00eda constituidos por pares nuestros<\/strong>.<\/p>\n<p>S\u00ed:&nbsp;que nos juzguen juristas prestantes y de trayectoria capaces de entender c\u00f3mo nos toca a los abogados en este pa\u00eds para ejercer la hermosa profesi\u00f3n que escogimos. C\u00f3mo nos toca abrirnos paso a codazos en medio de la morosidad m\u00e1s grande del mundo, de una mara\u00f1a de ambig\u00fcedades normativas, de palmarias contradicciones jurisprudenciales,&nbsp;del m\u00e1s descomunal desorden en los archivos, y de ciertos funcionarios y empleados que, a pesar de sus inocultables prejuicios, se niegan a declararse impedidos, que no leen lo que el abogado les escribe, ni escuchan lo que les dice, que exhiben una manifiesta carencia de preparaci\u00f3n acad\u00e9mica y que, pese a sus protuberantes limitaciones, ponen en evidencia un ego m\u00e1s enorme que la catedral de Gaud\u00ed en Barcelona. En fin, que sean conscientes de c\u00f3mo nos toca a los abogados colombianos sobreaguar en un oc\u00e9ano de adversidades cotidianas, que nadie comprende, ni a nadie le importa comprender.<\/p>\n<p>Pers\u00edgase al abogado p\u00edcaro, al deshonesto, al inepto, al irresponsable. Pero no se persiga el derecho que a la libertad de expresi\u00f3n conquist\u00f3 la abogac\u00eda.<\/p>\n<p>&nbsp;<\/p>\n","protected":false},"excerpt":{"rendered":"<p>&nbsp; \u00a1Lo que faltaba! A toda la carga de irrespeto que viene sufriendo la abogac\u00eda, en un pa\u00eds donde, en general, cada d\u00eda pierden dignidad las profesiones liberales, se pretende unir ahora la mordaza. S\u00ed: la mordaza; la misma arma &hellip; <a href=\"https:\/\/oscarhumbertogomez.com\/?p=11313\">Sigue leyendo <span class=\"meta-nav\">&rarr;<\/span><\/a><\/p>\n<div class='heateorSssClear'><\/div><div  class='heateor_sss_sharing_container heateor_sss_horizontal_sharing' heateor-sss-data-href='https:\/\/oscarhumbertogomez.com\/?p=11313'><div class='heateor_sss_sharing_title' style=\"font-weight:bold\" >\u00a1Gracias por compartirla!<\/div><ul class=\"heateor_sss_sharing_ul\"><li class=\"heateorSssSharingRound\"><i style=\"width:35px;height:35px;border-radius:999px;\" alt=\"Facebook\" Title=\"Facebook\" class=\"heateorSssSharing heateorSssFacebookBackground\" onclick='heateorSssPopup(\"https:\/\/www.facebook.com\/sharer\/sharer.php?u=https%3A%2F%2Foscarhumbertogomez.com%2Findex.php%3Frest_route%3D%252Fwp%252Fv2%252Fposts%252F11313\")'><ss style=\"display:block;border-radius:999px;\" class=\"heateorSssSharingSvg heateorSssFacebookSvg\"><\/ss><\/i><\/li><li class=\"heateorSssSharingRound\"><i style=\"width:35px;height:35px;border-radius:999px;\" alt=\"Twitter\" Title=\"Twitter\" class=\"heateorSssSharing heateorSssTwitterBackground\" onclick='heateorSssPopup(\"http:\/\/twitter.com\/intent\/tweet?text=El%20ejercicio%20libre%20de%20la%20abogac%C3%ADa%20en%20Colombia%3A%20de%20la%20mesura%20a%20la%20censura.%20Por%20%C3%93scar%20Humberto%20G%C3%B3mez%20G%C3%B3mez&url=https%3A%2F%2Foscarhumbertogomez.com%2Findex.php%3Frest_route%3D%252Fwp%252Fv2%252Fposts%252F11313\")'><ss style=\"display:block;border-radius:999px;\" class=\"heateorSssSharingSvg heateorSssTwitterSvg\"><\/ss><\/i><\/li><li class=\"heateorSssSharingRound\"><i style=\"width:35px;height:35px;border-radius:999px;\" alt=\"Whatsapp\" Title=\"Whatsapp\" class=\"heateorSssSharing heateorSssWhatsappBackground\" onclick='heateorSssPopup(\"https:\/\/web.whatsapp.com\/send?text=El%20ejercicio%20libre%20de%20la%20abogac%C3%ADa%20en%20Colombia%3A%20de%20la%20mesura%20a%20la%20censura.%20Por%20%C3%93scar%20Humberto%20G%C3%B3mez%20G%C3%B3mez https%3A%2F%2Foscarhumbertogomez.com%2Findex.php%3Frest_route%3D%252Fwp%252Fv2%252Fposts%252F11313\")'><ss style=\"display:block\" class=\"heateorSssSharingSvg heateorSssWhatsappSvg\"><\/ss><\/i><\/li><li class=\"heateorSssSharingRound\"><i style=\"width:35px;height:35px;border-radius:999px;\" alt=\"Pinterest\" Title=\"Pinterest\" class=\"heateorSssSharing heateorSssPinterestBackground\" onclick=\"javascript:void( (function() {var e=document.createElement('script' );e.setAttribute('type','text\/javascript' );e.setAttribute('charset','UTF-8' );e.setAttribute('src','\/\/assets.pinterest.com\/js\/pinmarklet.js?r='+Math.random()*99999999);document.body.appendChild(e)})());\"><ss style=\"display:block;border-radius:999px;\" class=\"heateorSssSharingSvg heateorSssPinterestSvg\"><\/ss><\/i><\/li><li class=\"heateorSssSharingRound\"><i style=\"width:35px;height:35px;border-radius:999px;\" alt=\"Google Gmail\" Title=\"Google Gmail\" class=\"heateorSssSharing heateorSssGoogleGmailBackground\" onclick='heateorSssPopup(\"https:\/\/mail.google.com\/mail\/?ui=2&view=cm&fs=1&tf=1&su=El%20ejercicio%20libre%20de%20la%20abogac%C3%ADa%20en%20Colombia%3A%20de%20la%20mesura%20a%20la%20censura.%20Por%20%C3%93scar%20Humberto%20G%C3%B3mez%20G%C3%B3mez&body=Link:https%3A%2F%2Foscarhumbertogomez.com%2Findex.php%3Frest_route%3D%252Fwp%252Fv2%252Fposts%252F11313\")'><ss style=\"display:block;border-radius:999px;\" class=\"heateorSssSharingSvg heateorSssGoogleGmailSvg\"><\/ss><\/i><\/li><li class=\"heateorSssSharingRound\"><i style=\"width:35px;height:35px;border-radius:999px;\" title=\"More\" alt=\"More\" class=\"heateorSssSharing heateorSssMoreBackground\" onclick=\"heateorSssMoreSharingPopup(this, 'https:\/\/oscarhumbertogomez.com\/index.php?rest_route=%2Fwp%2Fv2%2Fposts%2F11313', 'El%20ejercicio%20libre%20de%20la%20abogac%C3%ADa%20en%20Colombia%3A%20de%20la%20mesura%20a%20la%20censura.%20Por%20%C3%93scar%20Humberto%20G%C3%B3mez%20G%C3%B3mez', '' )\" ><ss style=\"display:block\" class=\"heateorSssSharingSvg heateorSssMoreSvg\"><\/ss><\/i><\/li><\/ul><div class=\"heateorSssClear\"><\/div><\/div><div class='heateorSssClear'><\/div>","protected":false},"author":2,"featured_media":0,"comment_status":"closed","ping_status":"closed","sticky":false,"template":"","format":"standard","meta":{"spay_email":"","footnotes":""},"categories":[10],"tags":[],"class_list":["post-11313","post","type-post","status-publish","format-standard","hentry","category-derecho"],"jetpack_featured_media_url":"","jetpack_shortlink":"https:\/\/wp.me\/p1FYrr-2Wt","_links":{"self":[{"href":"https:\/\/oscarhumbertogomez.com\/index.php?rest_route=\/wp\/v2\/posts\/11313","targetHints":{"allow":["GET"]}}],"collection":[{"href":"https:\/\/oscarhumbertogomez.com\/index.php?rest_route=\/wp\/v2\/posts"}],"about":[{"href":"https:\/\/oscarhumbertogomez.com\/index.php?rest_route=\/wp\/v2\/types\/post"}],"author":[{"embeddable":true,"href":"https:\/\/oscarhumbertogomez.com\/index.php?rest_route=\/wp\/v2\/users\/2"}],"replies":[{"embeddable":true,"href":"https:\/\/oscarhumbertogomez.com\/index.php?rest_route=%2Fwp%2Fv2%2Fcomments&post=11313"}],"version-history":[{"count":5,"href":"https:\/\/oscarhumbertogomez.com\/index.php?rest_route=\/wp\/v2\/posts\/11313\/revisions"}],"predecessor-version":[{"id":50880,"href":"https:\/\/oscarhumbertogomez.com\/index.php?rest_route=\/wp\/v2\/posts\/11313\/revisions\/50880"}],"wp:attachment":[{"href":"https:\/\/oscarhumbertogomez.com\/index.php?rest_route=%2Fwp%2Fv2%2Fmedia&parent=11313"}],"wp:term":[{"taxonomy":"category","embeddable":true,"href":"https:\/\/oscarhumbertogomez.com\/index.php?rest_route=%2Fwp%2Fv2%2Fcategories&post=11313"},{"taxonomy":"post_tag","embeddable":true,"href":"https:\/\/oscarhumbertogomez.com\/index.php?rest_route=%2Fwp%2Fv2%2Ftags&post=11313"}],"curies":[{"name":"wp","href":"https:\/\/api.w.org\/{rel}","templated":true}]}}