{"id":11398,"date":"2014-03-13T21:11:16","date_gmt":"2014-03-14T02:11:16","guid":{"rendered":"http:\/\/www.oscarhumbertogomez.com\/?p=11398"},"modified":"2025-03-29T12:54:52","modified_gmt":"2025-03-29T17:54:52","slug":"el-futuro-de-la-abogacia-por-javier-cremades","status":"publish","type":"post","link":"https:\/\/oscarhumbertogomez.com\/?p=11398","title":{"rendered":"El futuro de la abogac\u00eda. Por Javier Cremades"},"content":{"rendered":"<p><span style=\"color: #ff0000;\"><strong>El futuro de la abogac\u00eda <\/strong><\/span><\/p>\n<p>Por <strong>Javier Cremades &nbsp;<\/strong><\/p>\n<div id=\"attachment_11399\" style=\"width: 650px\" class=\"wp-caption aligncenter\"><img loading=\"lazy\" decoding=\"async\" aria-describedby=\"caption-attachment-11399\" class=\"size-full wp-image-11399\" title=\"javier-cremades\" src=\"https:\/\/lapiedrafilosofal.com\/wp-content\/uploads\/2014\/03\/javier-cremades.jpg\" alt=\"\" width=\"640\" height=\"389\" srcset=\"https:\/\/oscarhumbertogomez.com\/wp-content\/uploads\/2014\/03\/javier-cremades.jpg 640w, https:\/\/oscarhumbertogomez.com\/wp-content\/uploads\/2014\/03\/javier-cremades-300x182.jpg 300w\" sizes=\"auto, (max-width: 640px) 100vw, 640px\" \/><p id=\"caption-attachment-11399\" class=\"wp-caption-text\">DR. JAVIER CREMADES, EMINENTE ABOGADO ESPA\u00d1OL<\/p><\/div>\n<p>&nbsp;<\/p>\n<p>Vivimos tiempos convulsos en los que parecen faltar voces autorizadas que expresen el sentir de la ciudadan\u00eda. La crisis de la representatividad que aqueja a las democracias europeas, como se\u00f1ala Sartori, est\u00e1 vaciando la confianza en los partidos y los pol\u00edticos. Este vac\u00edo coincide con la crisis de las mediaciones provocada por el avance de las tecnolog\u00edas de la informaci\u00f3n y la comunicaci\u00f3n.<\/p>\n<p>Como intent\u00e9 explicar hace a\u00f1os en mi libro Micropoder, Internet y las redes sociales est\u00e1n conectando a los ciudadanos sin necesidad de los intermediarios cl\u00e1sicos: medios de comunicaci\u00f3n, partidos pol\u00edticos, organizaciones sindicales, etc. Fruto de estos cambios y de la crisis econ\u00f3mica han surgido en toda Europa movimientos contestatarios que reivindican una representaci\u00f3n popular sin m\u00e1s legitimidad que su propia existencia. Sin embargo, la gran mayor\u00eda de los ciudadanos tampoco se siente representada por estos movimientos alternativos.<\/p>\n<p>La sociedad civil corre el riesgo de quedar aprisionada entre unas estructuras pol\u00edticas anquilosadas y unos movimientos radicalizados. Como ense\u00f1aba Hannah Arendt \u201clas libertades democr\u00e1ticas pueden hallarse basadas en la igualdad de todos los ciudadanos ante la ley; sin embargo, adquieren su significado y funcionan org\u00e1nicamente solo all\u00ed donde los ciudadanos pertenecen a grupos y son representados por estos o donde forman una jerarqu\u00eda social y pol\u00edtica\u201d.<\/p>\n<p>Se requiere por tanto una nueva inyecci\u00f3n de principios democr\u00e1ticos que involucren a los ciudadanos en el gobierno de la sociedad. Cada vez es m\u00e1s aceptado que la regeneraci\u00f3n del sistema pol\u00edtico debe venir de las realidades previas a la pol\u00edtica y a la econom\u00eda. Por este motivo, hoy m\u00e1s que nunca se necesita revitalizar todas aquellas instituciones nacidas de la propia iniciativa de los ciudadanos por motivos profesionales, sociales o c\u00edvicos.<\/p>\n<p>Solo volviendo a ser una voz que habla fuerte y claro podremos gozar del respeto que se merece nuestra defensa de los derechos de los ciudadanos.<br \/>\nDurante m\u00e1s de cien a\u00f1os la voz de los abogados jug\u00f3 un papel muy importante en la estructuraci\u00f3n de la sociedad civil. En los a\u00f1os de la Transici\u00f3n democr\u00e1tica, el propio Decano del Colegio de Abogados de Madrid, Antonio Pedrol Rius, fue un actor de gran relevancia para arbitrar y moderar los importantes cambios que se produjeron en tan poco tiempo. Tanto desde el gobierno de la UCD como desde la oposici\u00f3n se buscaba y respetaba el parecer del que era el Colegio profesional m\u00e1s numeroso e influyente de la sociedad espa\u00f1ola.<\/p>\n<p>Han pasado 30 a\u00f1os desde entonces y la situaci\u00f3n ha cambiado mucho. Hoy la voz de la abogac\u00eda no se tiene en cuenta en la sociedad. El respeto a la labor de representaci\u00f3n y defensa de los ciudadanos brilla por su ausencia en la Administraci\u00f3n de Justicia. En la actualidad, diariamente, miles de abogados sufren maltrato y abuso en los tribunales de justicia espa\u00f1oles. Con ellos, el derecho de defensa de los ciudadanos, resulta atropellado. El mal funcionamiento de la justicia tiene, en esta situaci\u00f3n, uno de sus exponentes m\u00e1s claros.<\/p>\n<p>Soy abogado desde hace m\u00e1s de 20 a\u00f1os y estoy convencido de que la abogac\u00eda es una de las profesiones m\u00e1s nobles y apasionantes. Los abogados hemos sido siempre vanguardia de la sociedad, hemos participado en todos los cambios sociales relevantes, y con frecuencias los hemos liderado. Pero, desde hace algunas d\u00e9cadas, los abogados hemos estado relativamente ausentes de los debates y de los cambios sociales.<\/p>\n<p>Espa\u00f1a necesita una nueva abogac\u00eda que se comprometa con los distintos debates sociales que definen nuestro futuro y, de esta forma, siga liderando con una eficacia reforzada la defensa de los intereses de los ciudadanos.<\/p>\n<p>La abogac\u00eda debe recuperar posiciones de liderazgo en la sociedad porque los abogados somos agentes principales del mundo jur\u00eddico, que es el que define las claves del juego en sociedad. Para conseguir tener una voz respetada en la sociedad, los abogados primero necesitamos recuperar el prestigio y solo podremos hacerlo participando activamente en el juego de la sociedad. As\u00ed podremos alcanzar el respeto que necesitamos en el ejercicio de nuestras funciones constitucionales. Las pr\u00f3ximas elecciones en el Colegio de Madrid son una oportunidad para introducir este debate. Porque abrir la abogac\u00eda a la sociedad no significa otra cosa que abrirnos todos a un mundo de oportunidades. Todos tenemos que seguir creciendo en formaci\u00f3n y relaci\u00f3n unos con otros.<\/p>\n<p>El futuro de la abogac\u00eda pasa por devolver nuestra profesi\u00f3n a la primera l\u00ednea de la modernizaci\u00f3n de la sociedad. Hace falta aprovechar las oportunidades que nos brinda la imparable internacionalizaci\u00f3n de nuestra profesi\u00f3n. Pero, en nuestra sociedad globalizada, para hacer que las cosas sucedan hace falta saber trabajar en equipo y colaborar con muchas personas e instituciones m\u00e1s all\u00e1 del propio \u00e1mbito de actuaci\u00f3n.<\/p>\n<p>Estoy convencido de que entre los abogados hay mucho talento y muchos liderazgos propositivos. Si sabemos trabajar juntos podremos hacer posible que la abogac\u00eda recupere el prestigio que siempre tuvo. Porque solo volviendo a ser una voz que habla fuerte y claro podremos gozar del respeto que se merece nuestra defensa de los derechos de los ciudadanos.<\/p>\n<p>En medio del desierto de la crisis econ\u00f3mica y pol\u00edtica que parece atenazarnos, el reto de la nueva abogac\u00eda es un desaf\u00edo optimista que demuestra el potencial de las energ\u00edas c\u00edvicas de la sociedad espa\u00f1ola.<\/p>\n<p>______<\/p>\n<p>[Tomado de: EL PA\u00cdS, de Espa\u00f1a, 12 de noviembre de 2012].<\/p>\n<p>&nbsp;<\/p>\n","protected":false},"excerpt":{"rendered":"<p>El futuro de la abogac\u00eda Por Javier Cremades &nbsp; &nbsp; Vivimos tiempos convulsos en los que parecen faltar voces autorizadas que expresen el sentir de la ciudadan\u00eda. La crisis de la representatividad que aqueja a las democracias europeas, como se\u00f1ala &hellip; <a href=\"https:\/\/oscarhumbertogomez.com\/?p=11398\">Sigue leyendo <span class=\"meta-nav\">&rarr;<\/span><\/a><\/p>\n<div class='heateorSssClear'><\/div><div  class='heateor_sss_sharing_container heateor_sss_horizontal_sharing' heateor-sss-data-href='https:\/\/oscarhumbertogomez.com\/?p=11398'><div class='heateor_sss_sharing_title' style=\"font-weight:bold\" >\u00a1Gracias por compartirla!<\/div><ul class=\"heateor_sss_sharing_ul\"><li class=\"heateorSssSharingRound\"><i style=\"width:35px;height:35px;border-radius:999px;\" alt=\"Facebook\" Title=\"Facebook\" class=\"heateorSssSharing heateorSssFacebookBackground\" onclick='heateorSssPopup(\"https:\/\/www.facebook.com\/sharer\/sharer.php?u=https%3A%2F%2Foscarhumbertogomez.com%2Findex.php%3Frest_route%3D%252Fwp%252Fv2%252Fposts%252F11398\")'><ss style=\"display:block;border-radius:999px;\" class=\"heateorSssSharingSvg heateorSssFacebookSvg\"><\/ss><\/i><\/li><li class=\"heateorSssSharingRound\"><i style=\"width:35px;height:35px;border-radius:999px;\" alt=\"Twitter\" Title=\"Twitter\" class=\"heateorSssSharing heateorSssTwitterBackground\" onclick='heateorSssPopup(\"http:\/\/twitter.com\/intent\/tweet?text=El%20futuro%20de%20la%20abogac%C3%ADa.%20Por%20Javier%20Cremades&url=https%3A%2F%2Foscarhumbertogomez.com%2Findex.php%3Frest_route%3D%252Fwp%252Fv2%252Fposts%252F11398\")'><ss style=\"display:block;border-radius:999px;\" class=\"heateorSssSharingSvg heateorSssTwitterSvg\"><\/ss><\/i><\/li><li class=\"heateorSssSharingRound\"><i style=\"width:35px;height:35px;border-radius:999px;\" alt=\"Whatsapp\" Title=\"Whatsapp\" class=\"heateorSssSharing heateorSssWhatsappBackground\" onclick='heateorSssPopup(\"https:\/\/web.whatsapp.com\/send?text=El%20futuro%20de%20la%20abogac%C3%ADa.%20Por%20Javier%20Cremades https%3A%2F%2Foscarhumbertogomez.com%2Findex.php%3Frest_route%3D%252Fwp%252Fv2%252Fposts%252F11398\")'><ss style=\"display:block\" class=\"heateorSssSharingSvg heateorSssWhatsappSvg\"><\/ss><\/i><\/li><li class=\"heateorSssSharingRound\"><i style=\"width:35px;height:35px;border-radius:999px;\" alt=\"Pinterest\" Title=\"Pinterest\" class=\"heateorSssSharing heateorSssPinterestBackground\" onclick=\"javascript:void( (function() {var e=document.createElement('script' );e.setAttribute('type','text\/javascript' );e.setAttribute('charset','UTF-8' );e.setAttribute('src','\/\/assets.pinterest.com\/js\/pinmarklet.js?r='+Math.random()*99999999);document.body.appendChild(e)})());\"><ss style=\"display:block;border-radius:999px;\" class=\"heateorSssSharingSvg heateorSssPinterestSvg\"><\/ss><\/i><\/li><li class=\"heateorSssSharingRound\"><i style=\"width:35px;height:35px;border-radius:999px;\" alt=\"Google Gmail\" Title=\"Google Gmail\" class=\"heateorSssSharing heateorSssGoogleGmailBackground\" onclick='heateorSssPopup(\"https:\/\/mail.google.com\/mail\/?ui=2&view=cm&fs=1&tf=1&su=El%20futuro%20de%20la%20abogac%C3%ADa.%20Por%20Javier%20Cremades&body=Link:https%3A%2F%2Foscarhumbertogomez.com%2Findex.php%3Frest_route%3D%252Fwp%252Fv2%252Fposts%252F11398\")'><ss style=\"display:block;border-radius:999px;\" class=\"heateorSssSharingSvg heateorSssGoogleGmailSvg\"><\/ss><\/i><\/li><li class=\"heateorSssSharingRound\"><i style=\"width:35px;height:35px;border-radius:999px;\" title=\"More\" alt=\"More\" class=\"heateorSssSharing heateorSssMoreBackground\" onclick=\"heateorSssMoreSharingPopup(this, 'https:\/\/oscarhumbertogomez.com\/index.php?rest_route=%2Fwp%2Fv2%2Fposts%2F11398', 'El%20futuro%20de%20la%20abogac%C3%ADa.%20Por%20Javier%20Cremades', '' )\" ><ss style=\"display:block\" class=\"heateorSssSharingSvg heateorSssMoreSvg\"><\/ss><\/i><\/li><\/ul><div class=\"heateorSssClear\"><\/div><\/div><div class='heateorSssClear'><\/div>","protected":false},"author":2,"featured_media":0,"comment_status":"closed","ping_status":"closed","sticky":false,"template":"","format":"standard","meta":{"spay_email":"","footnotes":""},"categories":[10,6],"tags":[],"class_list":["post-11398","post","type-post","status-publish","format-standard","hentry","category-derecho","category-la-pluma-ajena"],"jetpack_featured_media_url":"","jetpack_shortlink":"https:\/\/wp.me\/p1FYrr-2XQ","_links":{"self":[{"href":"https:\/\/oscarhumbertogomez.com\/index.php?rest_route=\/wp\/v2\/posts\/11398","targetHints":{"allow":["GET"]}}],"collection":[{"href":"https:\/\/oscarhumbertogomez.com\/index.php?rest_route=\/wp\/v2\/posts"}],"about":[{"href":"https:\/\/oscarhumbertogomez.com\/index.php?rest_route=\/wp\/v2\/types\/post"}],"author":[{"embeddable":true,"href":"https:\/\/oscarhumbertogomez.com\/index.php?rest_route=\/wp\/v2\/users\/2"}],"replies":[{"embeddable":true,"href":"https:\/\/oscarhumbertogomez.com\/index.php?rest_route=%2Fwp%2Fv2%2Fcomments&post=11398"}],"version-history":[{"count":5,"href":"https:\/\/oscarhumbertogomez.com\/index.php?rest_route=\/wp\/v2\/posts\/11398\/revisions"}],"predecessor-version":[{"id":53119,"href":"https:\/\/oscarhumbertogomez.com\/index.php?rest_route=\/wp\/v2\/posts\/11398\/revisions\/53119"}],"wp:attachment":[{"href":"https:\/\/oscarhumbertogomez.com\/index.php?rest_route=%2Fwp%2Fv2%2Fmedia&parent=11398"}],"wp:term":[{"taxonomy":"category","embeddable":true,"href":"https:\/\/oscarhumbertogomez.com\/index.php?rest_route=%2Fwp%2Fv2%2Fcategories&post=11398"},{"taxonomy":"post_tag","embeddable":true,"href":"https:\/\/oscarhumbertogomez.com\/index.php?rest_route=%2Fwp%2Fv2%2Ftags&post=11398"}],"curies":[{"name":"wp","href":"https:\/\/api.w.org\/{rel}","templated":true}]}}