{"id":11403,"date":"2014-03-15T11:14:42","date_gmt":"2014-03-15T16:14:42","guid":{"rendered":"http:\/\/www.oscarhumbertogomez.com\/?p=11403"},"modified":"2025-02-05T13:17:42","modified_gmt":"2025-02-05T18:17:42","slug":"mas-violencia-en-la-tv-colombiana-el-doctor-mata-por-oscar-humberto-gomez-gomez","status":"publish","type":"post","link":"https:\/\/oscarhumbertogomez.com\/?p=11403","title":{"rendered":"M\u00e1s violencia en la TV colombiana: Ahora EL &#8220;DOCTOR&#8221; MATA. Por \u00d3scar Humberto G\u00f3mez G\u00f3mez"},"content":{"rendered":"<p><img loading=\"lazy\" decoding=\"async\" class=\"aligncenter size-full wp-image-11404\" title=\"VIOLENCIA TELEVISIVA II\" src=\"https:\/\/lapiedrafilosofal.com\/wp-content\/uploads\/2014\/03\/VIOLENCIA-TELEVISIVA-II.jpg\" alt=\"\" width=\"520\" height=\"404\" srcset=\"https:\/\/oscarhumbertogomez.com\/wp-content\/uploads\/2014\/03\/VIOLENCIA-TELEVISIVA-II.jpg 520w, https:\/\/oscarhumbertogomez.com\/wp-content\/uploads\/2014\/03\/VIOLENCIA-TELEVISIVA-II-300x233.jpg 300w\" sizes=\"auto, (max-width: 520px) 100vw, 520px\" \/><\/p>\n<p>&nbsp;<\/p>\n<p>Cuando me contaron que iban a pasar por televisi\u00f3n un dramatizado sobre la vida de un chiquinquire\u00f1o famoso me alegr\u00e9. &#8220;Por fin \u2014me dije\u2014 le van a hacer a Julio Fl\u00f3rez el homenaje que se merece&#8221;.<\/p>\n<p>Y es que al estupendo poeta, violinista, guitarrista, tiplista, pianista y grabador de madera chiquinquire\u00f1o, el homenaje de coronarlo solamente se lo hicieron cuando ya estaba a una semana de morir. Despu\u00e9s vino el silencio. A tal punto, que entre las nuevas generaciones, la inmensa mayor\u00eda ni siquiera sabe qui\u00e9n es Julio Fl\u00f3rez.<\/p>\n<p>Cuando me aclararon que no era sobre Julio Fl\u00f3rez, me decepcion\u00e9. Aunque el hecho de que aqu\u00ed releguen la cultura nacional y se ignore a los poetas no debiera ya desencantar a nadie.<\/p>\n<p>Pero, de pronto, recuper\u00e9 el \u00e1nimo.<\/p>\n<p>&#8220;Ah, ya s\u00e9 \u2014reflexion\u00e9\u2014. El dramatizado es sobre Alberto Urdaneta&#8221;.<\/p>\n<p>Aunque el maestro Urdaneta no naci\u00f3 en Chiquinquir\u00e1, ser\u00eda, en todo caso, una exaltaci\u00f3n merecida a esa tierra. Su canci\u00f3n <em>&#8220;Guabina chiquinquire\u00f1a&#8221;<\/em> es una de las piezas m\u00e1s c\u00e9lebres del folclor andino colombiano.<\/p>\n<p>&#8220;De paso \u2014pens\u00e9 con ingenuidad\u2014 se le hace un homenaje a este folclor, que est\u00e1 completamente excluido de la televisi\u00f3n nacional&#8221;.<\/p>\n<p>Pero no. El dramatizado tampoco era sobre Alberto Urdaneta.<\/p>\n<p>&#8220;\u00bfSer\u00e1, entonces, sobre la Virgen de Chiquinquir\u00e1?&#8221;, me interrogu\u00e9.<\/p>\n<p>Era un interrogante absolutamente tonto. No solo porque se hablaba de &#8220;un chiquinquire\u00f1o&#8221;, no de &#8220;una chiquinquire\u00f1a&#8221;, sino porque, adem\u00e1s, en un pa\u00eds donde ya se excluy\u00f3 a Dios mismo de todas partes, y la gran mayor\u00eda de los pocos que todav\u00eda invocan su nombre, solamente lo hacen para obtener plata o conseguir votos, no aparec\u00eda como muy probable que dij\u00e9ramos el que la televisi\u00f3n quisiera hacerle un tributo a la Patrona de Colombia.<\/p>\n<p>Y, en efecto: tampoco era sobre la Virgen de Chiquinquir\u00e1.<\/p>\n<p>Finalmente, supe sobre qui\u00e9n ser\u00e1 el dramatizado. Deb\u00ed \u2014como <em>El chapul\u00edn colorado<\/em>\u2014 sospecharlo desde un principio.<\/p>\n<p>El dramatizado ser\u00e1 sobre <em>&#8220;El doctor Mata&#8221;<\/em>, es decir, sobre uno de los tantos asesinos y ladrones oscuros que ha dado este pobre pa\u00eds desventurado y a los cuales tanto viene exaltando la televisi\u00f3n de unos a\u00f1os para ac\u00e1, atrayendo con eso a una teleaudiencia nacional cada vez m\u00e1s alienada y, por supuesto, benefici\u00e1ndose de una jugosa pauta publicitaria, as\u00ed sea a costa de contribuir a la magnificaci\u00f3n del crimen y a la creciente p\u00e9rdida del respeto por la vida y la decencia.<\/p>\n<p>Se dedicar\u00e1, pues, la televisi\u00f3n nacional a refrescar la in\u00fatil y tenebrosa existencia de Nepomuceno Matallana, uno de los tantos sujetos que no vino a este mundo sino a causar da\u00f1o, y quien, falsificando un diploma de abogado de la desaparecida Universidad Republicana \u2014la que cre\u00f3 el Partido Liberal, cuando a\u00fan exist\u00eda el Partido Liberal\u2014 enga\u00f1\u00f3 a incautas v\u00edctimas, que pagaron con su vida el haber cre\u00eddo en ese individuo.<\/p>\n<p>Escurrir\u00e1, como siempre, la sangre por la pantalla.<\/p>\n<p>Y as\u00ed, mientras la indolencia generalizada consume crispeta con Coca Cola, <em>&#8220;El doctor Mata&#8221;<\/em> falsificar\u00e1 letras de cambio y escrituras notariales, estafar\u00e1 y matar\u00e1 a sus enga\u00f1adas v\u00edctimas, las enterrar\u00e1 clandestinamente y se burlar\u00e1 de la ley, de la moral y de las buenas costumbres.<\/p>\n<p>\u00a1Sean todos bienvenidos!<\/p>\n<p>&nbsp;<\/p>\n","protected":false},"excerpt":{"rendered":"<p>&nbsp; Cuando me contaron que iban a pasar por televisi\u00f3n un dramatizado sobre la vida de un chiquinquire\u00f1o famoso me alegr\u00e9. &#8220;Por fin \u2014me dije\u2014 le van a hacer a Julio Fl\u00f3rez el homenaje que se merece&#8221;. Y es que &hellip; <a href=\"https:\/\/oscarhumbertogomez.com\/?p=11403\">Sigue leyendo <span class=\"meta-nav\">&rarr;<\/span><\/a><\/p>\n<div class='heateorSssClear'><\/div><div  class='heateor_sss_sharing_container heateor_sss_horizontal_sharing' heateor-sss-data-href='https:\/\/oscarhumbertogomez.com\/?p=11403'><div class='heateor_sss_sharing_title' style=\"font-weight:bold\" >\u00a1Gracias por compartirla!<\/div><ul class=\"heateor_sss_sharing_ul\"><li class=\"heateorSssSharingRound\"><i style=\"width:35px;height:35px;border-radius:999px;\" alt=\"Facebook\" Title=\"Facebook\" class=\"heateorSssSharing heateorSssFacebookBackground\" onclick='heateorSssPopup(\"https:\/\/www.facebook.com\/sharer\/sharer.php?u=https%3A%2F%2Foscarhumbertogomez.com%2Findex.php%3Frest_route%3D%252Fwp%252Fv2%252Fposts%252F11403\")'><ss style=\"display:block;border-radius:999px;\" class=\"heateorSssSharingSvg heateorSssFacebookSvg\"><\/ss><\/i><\/li><li class=\"heateorSssSharingRound\"><i style=\"width:35px;height:35px;border-radius:999px;\" alt=\"Twitter\" Title=\"Twitter\" class=\"heateorSssSharing heateorSssTwitterBackground\" onclick='heateorSssPopup(\"http:\/\/twitter.com\/intent\/tweet?text=M%C3%A1s%20violencia%20en%20la%20TV%20colombiana%3A%20Ahora%20EL%20%22DOCTOR%22%20MATA.%20Por%20%C3%93scar%20Humberto%20G%C3%B3mez%20G%C3%B3mez&url=https%3A%2F%2Foscarhumbertogomez.com%2Findex.php%3Frest_route%3D%252Fwp%252Fv2%252Fposts%252F11403\")'><ss style=\"display:block;border-radius:999px;\" class=\"heateorSssSharingSvg heateorSssTwitterSvg\"><\/ss><\/i><\/li><li class=\"heateorSssSharingRound\"><i style=\"width:35px;height:35px;border-radius:999px;\" alt=\"Whatsapp\" Title=\"Whatsapp\" class=\"heateorSssSharing heateorSssWhatsappBackground\" onclick='heateorSssPopup(\"https:\/\/web.whatsapp.com\/send?text=M%C3%A1s%20violencia%20en%20la%20TV%20colombiana%3A%20Ahora%20EL%20%22DOCTOR%22%20MATA.%20Por%20%C3%93scar%20Humberto%20G%C3%B3mez%20G%C3%B3mez https%3A%2F%2Foscarhumbertogomez.com%2Findex.php%3Frest_route%3D%252Fwp%252Fv2%252Fposts%252F11403\")'><ss style=\"display:block\" class=\"heateorSssSharingSvg heateorSssWhatsappSvg\"><\/ss><\/i><\/li><li class=\"heateorSssSharingRound\"><i style=\"width:35px;height:35px;border-radius:999px;\" alt=\"Pinterest\" Title=\"Pinterest\" class=\"heateorSssSharing heateorSssPinterestBackground\" onclick=\"javascript:void( (function() {var e=document.createElement('script' );e.setAttribute('type','text\/javascript' );e.setAttribute('charset','UTF-8' );e.setAttribute('src','\/\/assets.pinterest.com\/js\/pinmarklet.js?r='+Math.random()*99999999);document.body.appendChild(e)})());\"><ss style=\"display:block;border-radius:999px;\" class=\"heateorSssSharingSvg heateorSssPinterestSvg\"><\/ss><\/i><\/li><li class=\"heateorSssSharingRound\"><i style=\"width:35px;height:35px;border-radius:999px;\" alt=\"Google Gmail\" Title=\"Google Gmail\" class=\"heateorSssSharing heateorSssGoogleGmailBackground\" onclick='heateorSssPopup(\"https:\/\/mail.google.com\/mail\/?ui=2&view=cm&fs=1&tf=1&su=M%C3%A1s%20violencia%20en%20la%20TV%20colombiana%3A%20Ahora%20EL%20%22DOCTOR%22%20MATA.%20Por%20%C3%93scar%20Humberto%20G%C3%B3mez%20G%C3%B3mez&body=Link:https%3A%2F%2Foscarhumbertogomez.com%2Findex.php%3Frest_route%3D%252Fwp%252Fv2%252Fposts%252F11403\")'><ss style=\"display:block;border-radius:999px;\" class=\"heateorSssSharingSvg heateorSssGoogleGmailSvg\"><\/ss><\/i><\/li><li class=\"heateorSssSharingRound\"><i style=\"width:35px;height:35px;border-radius:999px;\" title=\"More\" alt=\"More\" class=\"heateorSssSharing heateorSssMoreBackground\" onclick=\"heateorSssMoreSharingPopup(this, 'https:\/\/oscarhumbertogomez.com\/index.php?rest_route=%2Fwp%2Fv2%2Fposts%2F11403', 'M%C3%A1s%20violencia%20en%20la%20TV%20colombiana%3A%20Ahora%20EL%20%22DOCTOR%22%20MATA.%20Por%20%C3%93scar%20Humberto%20G%C3%B3mez%20G%C3%B3mez', '' )\" ><ss style=\"display:block\" class=\"heateorSssSharingSvg heateorSssMoreSvg\"><\/ss><\/i><\/li><\/ul><div class=\"heateorSssClear\"><\/div><\/div><div class='heateorSssClear'><\/div>","protected":false},"author":2,"featured_media":0,"comment_status":"open","ping_status":"open","sticky":false,"template":"","format":"standard","meta":{"spay_email":"","footnotes":""},"categories":[1],"tags":[],"class_list":["post-11403","post","type-post","status-publish","format-standard","hentry","category-blog"],"jetpack_featured_media_url":"","jetpack_shortlink":"https:\/\/wp.me\/p1FYrr-2XV","_links":{"self":[{"href":"https:\/\/oscarhumbertogomez.com\/index.php?rest_route=\/wp\/v2\/posts\/11403","targetHints":{"allow":["GET"]}}],"collection":[{"href":"https:\/\/oscarhumbertogomez.com\/index.php?rest_route=\/wp\/v2\/posts"}],"about":[{"href":"https:\/\/oscarhumbertogomez.com\/index.php?rest_route=\/wp\/v2\/types\/post"}],"author":[{"embeddable":true,"href":"https:\/\/oscarhumbertogomez.com\/index.php?rest_route=\/wp\/v2\/users\/2"}],"replies":[{"embeddable":true,"href":"https:\/\/oscarhumbertogomez.com\/index.php?rest_route=%2Fwp%2Fv2%2Fcomments&post=11403"}],"version-history":[{"count":5,"href":"https:\/\/oscarhumbertogomez.com\/index.php?rest_route=\/wp\/v2\/posts\/11403\/revisions"}],"predecessor-version":[{"id":50291,"href":"https:\/\/oscarhumbertogomez.com\/index.php?rest_route=\/wp\/v2\/posts\/11403\/revisions\/50291"}],"wp:attachment":[{"href":"https:\/\/oscarhumbertogomez.com\/index.php?rest_route=%2Fwp%2Fv2%2Fmedia&parent=11403"}],"wp:term":[{"taxonomy":"category","embeddable":true,"href":"https:\/\/oscarhumbertogomez.com\/index.php?rest_route=%2Fwp%2Fv2%2Fcategories&post=11403"},{"taxonomy":"post_tag","embeddable":true,"href":"https:\/\/oscarhumbertogomez.com\/index.php?rest_route=%2Fwp%2Fv2%2Ftags&post=11403"}],"curies":[{"name":"wp","href":"https:\/\/api.w.org\/{rel}","templated":true}]}}