{"id":11419,"date":"2014-03-15T15:59:20","date_gmt":"2014-03-15T20:59:20","guid":{"rendered":"http:\/\/www.oscarhumbertogomez.com\/?p=11419"},"modified":"2025-03-14T11:46:05","modified_gmt":"2025-03-14T16:46:05","slug":"magistrados-de-la-sala-disciplinaria-del-consejo-superior-de-la-judicatura-atacan-a-la-contralora-general-de-la-republica-doctora-sandra-morelli","status":"publish","type":"post","link":"https:\/\/oscarhumbertogomez.com\/?p=11419","title":{"rendered":"Magistrados de la Sala Disciplinaria del Consejo Superior de la Judicatura atacan a la Contralora General de la Rep\u00fablica doctora Sandra Morelli. Por \u00d3scar Humberto G\u00f3mez G\u00f3mez"},"content":{"rendered":"<p><img decoding=\"async\" class=\"aligncenter size-full wp-image-4481\" src=\"https:\/\/lapiedrafilosofal.com\/wp-content\/uploads\/2012\/06\/OSCAR-HUMBERTO-GOMEZ.jpg\" alt=\"OSCAR HUMBERTO GOMEZ\" width=\"500\"><\/p>\n<p>&nbsp;<\/p>\n<p>Contin\u00faa el esc\u00e1ndalo que se ha denominado &#8220;el carrusel de las palomitas&#8221; y que ha sido descubierto como acaecido dentro de la Sala Jurisdiccional Disciplinaria del Consejo Superior de la Judicatura.<\/p>\n<p>El diario El Tiempo trae un informe en el que da cuenta de los ataques que en contra de la Contralora General de la Rep\u00fablica Sandra Morelli han dirigido los magistrados vinculados al esc\u00e1ndalo en retaliaci\u00f3n porque esta funcionaria adelanta la investigaci\u00f3n sobre las indecorosas actuaciones atribuidas a aquellos dignatarios judiciales, que parecieran muy prestos a juzgar a los abogados por faltas a la \u00e9tica sin tener \u00e9tica ellos mismos, que es como decir &#8220;un burro hablando de orejas&#8221;, o que miran la paja en el ojo ajeno, pero no ven la viga que tienen en el propio.<\/p>\n<p>Les invito, pues, a leer el siguiente informe del diario El Tiempo:<\/p>\n<p>&nbsp;<\/p>\n<p><strong>Magistrados investigados por &#8220;carrusel de pensiones&#8221; cuestionan a Contralor\u00eda.<\/strong><\/p>\n<p>&nbsp;<\/p>\n<div id=\"attachment_11420\" style=\"width: 622px\" class=\"wp-caption aligncenter\"><img loading=\"lazy\" decoding=\"async\" aria-describedby=\"caption-attachment-11420\" class=\"size-full wp-image-11420\" title=\"contralora0229-1000\" src=\"https:\/\/lapiedrafilosofal.com\/wp-content\/uploads\/2014\/03\/contralora0229-1000.jpg\" alt=\"\" width=\"612\" height=\"410\" srcset=\"https:\/\/oscarhumbertogomez.com\/wp-content\/uploads\/2014\/03\/contralora0229-1000.jpg 612w, https:\/\/oscarhumbertogomez.com\/wp-content\/uploads\/2014\/03\/contralora0229-1000-300x200.jpg 300w\" sizes=\"auto, (max-width: 612px) 100vw, 612px\" \/><p id=\"caption-attachment-11420\" class=\"wp-caption-text\">DRA. SANDRA MORELLI, CONTRALORA GENERAL DE LA REP\u00daBLICA.<\/p><\/div>\n<p>&nbsp;<\/p>\n<p>Duros cuestionamientos contra la Contralora Sandra Morelli hicieron algunos de los investigados fiscalmente por ese organismo de control, dentro del \u2018carrusel\u2019 de pensiones. Seg\u00fan el expediente, ellos son algunos de los protagonistas en las irregularidades investigadas.<br \/>\nLas irregularidades le habr\u00edan costado al pa\u00eds pagos por m\u00e1s de diez mil millones de pesos.<br \/>\nLa Magistrada auxiliar, Martha Patricia Zea, dijo que en este proceso sus derechos fundamentales han sido atacados. \u201cParece que estuvi\u00e9ramos en un estado absolutista, tir\u00e1nico, donde no se respeta ning\u00fan derecho&#8221;.<br \/>\nActo seguido, la funcionaria que est\u00e1 vinculada a la investigaci\u00f3n como aforada, le pidi\u00f3 a la Contralor\u00eda que defina su situaci\u00f3n. \u201cBasta ya de abusos por parte de la Contralor\u00eda, nosotros somos aforados, ustedes no tienen competencia\u201d, afirm\u00f3 la magistrada Zea.<br \/>\nZea Ramos fue la nominadora del magistrado Jorge Iv\u00e1n Bravo quien logr\u00f3 una pensi\u00f3n de 13.148.156 pesos estando en el cargo entre el 1 de agosto y el 19 de septiembre de 2008.<br \/>\nDe igual manera, la tambi\u00e9n magistrada auxiliar, Petrona Peraf\u00e1n, denunci\u00f3 que su vida est\u00e1 en peligro por las acusaciones en su contra. \u201cInformaron que yo hab\u00eda recibido 93 mil millones de pesos, que es casi el presupuesto de todos los pensionados, hab\u00edan podido y pueden secuestrarme por ese dinero\u201d, explic\u00f3 Peraf\u00e1n.<br \/>\nElla, seg\u00fan la investigaci\u00f3n, logr\u00f3 aumentar su pensi\u00f3n de 3.850.939 a 11.537.500.oo, permaneciendo en el cargo entre el 3 de abril al 1 de julio de 2008.<br \/>\nA su turno, Rub\u00e9n Dar\u00edo Henao, abogado que defiende a la magistrada Julia Emma Garz\u00f3n, dijo que la Contralor\u00eda viola la ley al no cumplir con el fallo de tutela que le orden\u00f3 no continuar con el proceso contra los aforados. \u201cLe pido a la delegada del Ministerio P\u00fablico se haga la correspondiente investigaci\u00f3n disciplinaria contra la Contralora Sandra Morelli\u201d, fue la solicitud de Henao.<br \/>\nPor su parte, Jairo Enrique Bulla, defensor de \u00c1lvaro Rojas Mayorqu\u00edn, cuestion\u00f3 el que la Contralora Morelli filtre a los medios de comunicaci\u00f3n los detalles del proceso. \u201cPareciera que la Contralora sufriera del s\u00edndrome de linotipo y de micr\u00f3fono, ella habla de lo divino y de lo humano, y ha salido a hacer cacer\u00eda de servidores p\u00fablicos\u201d, precis\u00f3 Bulla.<br \/>\nEstas posiciones de los investigados se dieron en el marco de una sesi\u00f3n en las instalaciones de la Contralor\u00eda General de la Rep\u00fablica donde el organismo de control no instal\u00f3 la audiencia de descargos en cumplimiento del fallo de tutela proferido por la Sala Penal de la Corte Suprema de Justicia, conocida el pasado viernes.<br \/>\nEn la sentencia esa Corporaci\u00f3n le orden\u00f3 a la Contralor\u00eda \u201cque se abstenga de incurrir en irregularidades sustanciales\u201d como \u201ciniciar o proseguir investigaci\u00f3n alguna de car\u00e1cter fiscal (resarcitoria o sancionatoria) contra los funcionarios aforados constitucionalmente en el art\u00edculo 174 de la Constituci\u00f3n Pol\u00edtica\u201d.<br \/>\nLa Sala de Consulta y Servicio Civil del Consejo de Estado resolvi\u00f3 el mismo tema en sentido contrario a comienzos de este a\u00f1o: dijo que las investigaciones fiscales, es decir, las relacionadas con el manejo de la plata p\u00fablica, competen a la Contralor\u00eda y no a la Comisi\u00f3n de Acusaci\u00f3n en el caso de los funcionarios aforados.<br \/>\nA la magistrada Julia Emma Garz\u00f3n la investigan, entre otros, por el nombramiento de Zilath Corrales P\u00e9rez quien es cu\u00f1ada del exmagistrado de la Sala Disciplinaria de la Judicatura Eduardo Campo Soto, que entre el 2000 y el 2008 fue titular del mismo despacho en el que Julia Emma Garz\u00f3n trabaj\u00f3 como magistrada auxiliar durante cinco a\u00f1os.<\/p>\n<p>[Tomado de: Diario EL TIEMPO. 10 de septiembre de 2013]<\/p>\n<p>&nbsp;<\/p>\n","protected":false},"excerpt":{"rendered":"<p>&nbsp; Contin\u00faa el esc\u00e1ndalo que se ha denominado &#8220;el carrusel de las palomitas&#8221; y que ha sido descubierto como acaecido dentro de la Sala Jurisdiccional Disciplinaria del Consejo Superior de la Judicatura. El diario El Tiempo trae un informe en &hellip; <a href=\"https:\/\/oscarhumbertogomez.com\/?p=11419\">Sigue leyendo <span class=\"meta-nav\">&rarr;<\/span><\/a><\/p>\n<div class='heateorSssClear'><\/div><div  class='heateor_sss_sharing_container heateor_sss_horizontal_sharing' heateor-sss-data-href='https:\/\/oscarhumbertogomez.com\/?p=11419'><div class='heateor_sss_sharing_title' style=\"font-weight:bold\" >\u00a1Gracias por compartirla!<\/div><ul class=\"heateor_sss_sharing_ul\"><li class=\"heateorSssSharingRound\"><i style=\"width:35px;height:35px;border-radius:999px;\" alt=\"Facebook\" Title=\"Facebook\" class=\"heateorSssSharing heateorSssFacebookBackground\" onclick='heateorSssPopup(\"https:\/\/www.facebook.com\/sharer\/sharer.php?u=https%3A%2F%2Foscarhumbertogomez.com%2Findex.php%3Frest_route%3D%252Fwp%252Fv2%252Fposts%252F11419\")'><ss style=\"display:block;border-radius:999px;\" class=\"heateorSssSharingSvg heateorSssFacebookSvg\"><\/ss><\/i><\/li><li class=\"heateorSssSharingRound\"><i style=\"width:35px;height:35px;border-radius:999px;\" alt=\"Twitter\" Title=\"Twitter\" class=\"heateorSssSharing heateorSssTwitterBackground\" onclick='heateorSssPopup(\"http:\/\/twitter.com\/intent\/tweet?text=Magistrados%20de%20la%20Sala%20Disciplinaria%20del%20Consejo%20Superior%20de%20la%20Judicatura%20atacan%20a%20la%20Contralora%20General%20de%20la%20Rep%C3%BAblica%20doctora%20Sandra%20Morelli.%20Por%20%C3%93scar%20Humberto%20G%C3%B3mez%20G%C3%B3mez&url=https%3A%2F%2Foscarhumbertogomez.com%2Findex.php%3Frest_route%3D%252Fwp%252Fv2%252Fposts%252F11419\")'><ss style=\"display:block;border-radius:999px;\" class=\"heateorSssSharingSvg heateorSssTwitterSvg\"><\/ss><\/i><\/li><li class=\"heateorSssSharingRound\"><i style=\"width:35px;height:35px;border-radius:999px;\" alt=\"Whatsapp\" Title=\"Whatsapp\" class=\"heateorSssSharing heateorSssWhatsappBackground\" onclick='heateorSssPopup(\"https:\/\/web.whatsapp.com\/send?text=Magistrados%20de%20la%20Sala%20Disciplinaria%20del%20Consejo%20Superior%20de%20la%20Judicatura%20atacan%20a%20la%20Contralora%20General%20de%20la%20Rep%C3%BAblica%20doctora%20Sandra%20Morelli.%20Por%20%C3%93scar%20Humberto%20G%C3%B3mez%20G%C3%B3mez https%3A%2F%2Foscarhumbertogomez.com%2Findex.php%3Frest_route%3D%252Fwp%252Fv2%252Fposts%252F11419\")'><ss style=\"display:block\" class=\"heateorSssSharingSvg heateorSssWhatsappSvg\"><\/ss><\/i><\/li><li class=\"heateorSssSharingRound\"><i style=\"width:35px;height:35px;border-radius:999px;\" alt=\"Pinterest\" Title=\"Pinterest\" class=\"heateorSssSharing heateorSssPinterestBackground\" onclick=\"javascript:void( (function() {var e=document.createElement('script' );e.setAttribute('type','text\/javascript' );e.setAttribute('charset','UTF-8' );e.setAttribute('src','\/\/assets.pinterest.com\/js\/pinmarklet.js?r='+Math.random()*99999999);document.body.appendChild(e)})());\"><ss style=\"display:block;border-radius:999px;\" class=\"heateorSssSharingSvg heateorSssPinterestSvg\"><\/ss><\/i><\/li><li class=\"heateorSssSharingRound\"><i style=\"width:35px;height:35px;border-radius:999px;\" alt=\"Google Gmail\" Title=\"Google Gmail\" class=\"heateorSssSharing heateorSssGoogleGmailBackground\" onclick='heateorSssPopup(\"https:\/\/mail.google.com\/mail\/?ui=2&view=cm&fs=1&tf=1&su=Magistrados%20de%20la%20Sala%20Disciplinaria%20del%20Consejo%20Superior%20de%20la%20Judicatura%20atacan%20a%20la%20Contralora%20General%20de%20la%20Rep%C3%BAblica%20doctora%20Sandra%20Morelli.%20Por%20%C3%93scar%20Humberto%20G%C3%B3mez%20G%C3%B3mez&body=Link:https%3A%2F%2Foscarhumbertogomez.com%2Findex.php%3Frest_route%3D%252Fwp%252Fv2%252Fposts%252F11419\")'><ss style=\"display:block;border-radius:999px;\" class=\"heateorSssSharingSvg heateorSssGoogleGmailSvg\"><\/ss><\/i><\/li><li class=\"heateorSssSharingRound\"><i style=\"width:35px;height:35px;border-radius:999px;\" title=\"More\" alt=\"More\" class=\"heateorSssSharing heateorSssMoreBackground\" onclick=\"heateorSssMoreSharingPopup(this, 'https:\/\/oscarhumbertogomez.com\/index.php?rest_route=%2Fwp%2Fv2%2Fposts%2F11419', 'Magistrados%20de%20la%20Sala%20Disciplinaria%20del%20Consejo%20Superior%20de%20la%20Judicatura%20atacan%20a%20la%20Contralora%20General%20de%20la%20Rep%C3%BAblica%20doctora%20Sandra%20Morelli.%20Por%20%C3%93scar%20Humberto%20G%C3%B3mez%20G%C3%B3mez', '' )\" ><ss style=\"display:block\" class=\"heateorSssSharingSvg heateorSssMoreSvg\"><\/ss><\/i><\/li><\/ul><div class=\"heateorSssClear\"><\/div><\/div><div class='heateorSssClear'><\/div>","protected":false},"author":2,"featured_media":0,"comment_status":"closed","ping_status":"closed","sticky":false,"template":"","format":"standard","meta":{"spay_email":"","footnotes":""},"categories":[10,11],"tags":[],"class_list":["post-11419","post","type-post","status-publish","format-standard","hentry","category-derecho","category-periodismo"],"jetpack_featured_media_url":"","jetpack_shortlink":"https:\/\/wp.me\/p1FYrr-2Yb","_links":{"self":[{"href":"https:\/\/oscarhumbertogomez.com\/index.php?rest_route=\/wp\/v2\/posts\/11419","targetHints":{"allow":["GET"]}}],"collection":[{"href":"https:\/\/oscarhumbertogomez.com\/index.php?rest_route=\/wp\/v2\/posts"}],"about":[{"href":"https:\/\/oscarhumbertogomez.com\/index.php?rest_route=\/wp\/v2\/types\/post"}],"author":[{"embeddable":true,"href":"https:\/\/oscarhumbertogomez.com\/index.php?rest_route=\/wp\/v2\/users\/2"}],"replies":[{"embeddable":true,"href":"https:\/\/oscarhumbertogomez.com\/index.php?rest_route=%2Fwp%2Fv2%2Fcomments&post=11419"}],"version-history":[{"count":4,"href":"https:\/\/oscarhumbertogomez.com\/index.php?rest_route=\/wp\/v2\/posts\/11419\/revisions"}],"predecessor-version":[{"id":52384,"href":"https:\/\/oscarhumbertogomez.com\/index.php?rest_route=\/wp\/v2\/posts\/11419\/revisions\/52384"}],"wp:attachment":[{"href":"https:\/\/oscarhumbertogomez.com\/index.php?rest_route=%2Fwp%2Fv2%2Fmedia&parent=11419"}],"wp:term":[{"taxonomy":"category","embeddable":true,"href":"https:\/\/oscarhumbertogomez.com\/index.php?rest_route=%2Fwp%2Fv2%2Fcategories&post=11419"},{"taxonomy":"post_tag","embeddable":true,"href":"https:\/\/oscarhumbertogomez.com\/index.php?rest_route=%2Fwp%2Fv2%2Ftags&post=11419"}],"curies":[{"name":"wp","href":"https:\/\/api.w.org\/{rel}","templated":true}]}}