{"id":11452,"date":"2014-03-19T22:08:43","date_gmt":"2014-03-20T03:08:43","guid":{"rendered":"http:\/\/www.oscarhumbertogomez.com\/?p=11452"},"modified":"2025-02-17T21:30:33","modified_gmt":"2025-02-18T02:30:33","slug":"podria-gustavo-petro-retornar-a-la-alcaldia-mayor-de-bogota-por-oscar-humberto-gomez-gomez","status":"publish","type":"post","link":"https:\/\/oscarhumbertogomez.com\/?p=11452","title":{"rendered":"\u00bfPodr\u00eda Gustavo Petro retornar a la Alcald\u00eda Mayor de Bogot\u00e1? Por \u00d3scar Humberto G\u00f3mez G\u00f3mez"},"content":{"rendered":"<p><img decoding=\"async\" class=\"aligncenter size-full wp-image-4481\" src=\"https:\/\/lapiedrafilosofal.com\/wp-content\/uploads\/2012\/06\/OSCAR-HUMBERTO-GOMEZ.jpg\" alt=\"OSCAR HUMBERTO GOMEZ\" width=\"500\"><\/p>\n<p>&nbsp;<\/p>\n<p>En primer lugar, a\u00fan no ha caducado la acci\u00f3n de nulidad y restablecimiento del derecho de car\u00e1cter laboral a que tiene derecho todo servidor p\u00fablico destituido. De acudirse a ella, mediante demanda ante el Consejo de Estado \u2014competente en \u00fanica instancia por tratarse del alcalde de Bogot\u00e1\u2014 esta corporaci\u00f3n podr\u00eda decretar la suspensi\u00f3n provisional del acto acusado, por lo cual Gustavo Petro retornar\u00eda a su cargo.<\/p>\n<p>En segundo lugar, la decisi\u00f3n presidencial de no acatar las medidas cautelares otorgadas a Gustavo Petro por la Comisi\u00f3n Interamericana de Derechos Humanos (CIDH) de la Organizaci\u00f3n de Estados Americanos (OEA) podr\u00eda ser objeto de demanda de tutela ante la Jurisdicci\u00f3n Constitucional y en ella se podr\u00edan solicitar medidas cautelares, pues el estatuto que reglamenta la tutela as\u00ed lo contempla. De accederse a tales medidas, el destituido alcalde podr\u00eda volver a su puesto.<\/p>\n<p>En tercer lugar, y en cuanto a la suerte del paquete de tutelas que los seguidores del alcalde destituido entablaron, todo el mundo est\u00e1 dado por cerrado el tema, pero realmente el debate sigue abierto.<\/p>\n<p>Y es que toda sentencia de tutela que se dicte en Colombia tiene que ser enviada a la Corte Constitucional para su eventual revisi\u00f3n.<\/p>\n<p>En consecuencia, las decisiones que tomaron el Consejo de Estado y el Consejo Superior de la Judicatura sobre la inconcebible tormenta de tutelas que presentaron don Gotardo y el resto de seguidores del alcalde mayor de Bogot\u00e1 sancionado por la Procuradur\u00eda General de la Naci\u00f3n con destituci\u00f3n, y ahora destituido por el presidente de la Rep\u00fablica, tendr\u00e1n que ser remitidas a la Corte Constitucional y ser\u00e1 la Sala de Selecci\u00f3n de esta corporaci\u00f3n \u2014la cabeza m\u00e1xima de la Jurisdicci\u00f3n Constitucional en Colombia, y por consiguiente, la que da la \u00faltima palabra en materia de tutela\u2014 la que decida si escoge el caso Petro para examen o no. (Dicho sea de paso, este tema tendr\u00e1 que ser reglamentado, puesto que, en teor\u00eda, qued\u00f3 visto que cada persona que vota por un alcalde elegido tiene derecho a presentar tutela, luego estamos abocados a la posibilidad de que se tengan que tramitar tantos procesos de tutela como electores hayan votado por un alcalde sancionado).<\/p>\n<p>Ahora bien; de ser seleccionado el caso del alcalde mayor de Bogot\u00e1 por la Corte Constitucional, ser\u00e1 esta la que defina si tuvieron raz\u00f3n o no el Consejo de Estado y el Consejo Superior de la Judicatura al denegar la tutela solicitada a favor del alcalde destituido.<\/p>\n<p>En otras palabras, la Corte Constitucional podr\u00eda dejar sin valor alguno las sentencias proferidas hasta ahora dentro de los procesos de tutela que se adelantaron.<\/p>\n<p>En efecto, el Decreto 2591 de noviembre 19 de 1991 dice:<\/p>\n<p>&#8220;ART. 31.\u2014(&#8230;) Los fallos que no sean impugnados ser\u00e1n enviados al d\u00eda siguiente a la Corte Constitucional para su revisi\u00f3n&#8221;.<\/p>\n<p>&#8220;ART. 32.\u2014 (&#8230;) El juez que conozca de la impugnaci\u00f3n, (&#8230;) Si a su juicio, el fallo carece de fundamento, proceder\u00e1 a revocarlo (&#8230;). Si encuentra el fallo ajustado a derecho, lo confirmar\u00e1. En ambos casos, dentro de los diez d\u00edas siguientes a la ejecutoria del fallo de segunda instancia, el juez remitir\u00e1 el expediente a la Corte Constitucional para su eventual revisi\u00f3n&#8221;.<\/p>\n<p>&#8220;ART. 33.\u2014 (&#8230;). La Corte Constitucional designar\u00e1 dos de sus magistrados para que seleccionen, sin motivaci\u00f3n expresa y seg\u00fan su criterio, las sentencias de tutela que habr\u00e1n de ser revisadas. Cualquier magistrado de la Corte, o el Defensor del Pueblo, podr\u00e1 solicitar que se revise alg\u00fan fallo de tutela excluido (&#8230;), cuando considere que la revisi\u00f3n puede aclarar el alcance de un derecho o evitar un perjuicio grave. Los casos de tutela que no sean excluidos de revisi\u00f3n dentro de los 30 d\u00edas siguientes a su recepci\u00f3n, deber\u00e1n ser decididos en el t\u00e9rmino de tres meses&#8221;.<\/p>\n<p>&#8220;ART. 34.\u2014 (&#8230;) La Corte Constitucional designar\u00e1 los tres magistrados de su seno que conformar\u00e1n la Sala que habr\u00e1 de revisar los fallos de tutela (&#8230;). Los cambios de jurisprudencia deber\u00e1n ser decididos por la Sala Plena de la Corte (&#8230;)&#8221;.<\/p>\n<p>&#8220;ART. 35.\u2014(&#8230;) Las decisiones de revisi\u00f3n <span style=\"text-decoration: underline;\">que revoquen<\/span> o modifiquen el fallo, unifiquen la jurisprudencia constitucional o aclaren el alcance general de las normas constitucionales deber\u00e1n ser motivadas. Las dem\u00e1s podr\u00e1n ser brevemente justificadas&#8221;. (El subrayado es m\u00edo).<\/p>\n<p>Luego no es cierto que con la sentencia del Consejo de Estado se termin\u00f3 el asunto de la destituci\u00f3n del controvertido alcalde mayor de Bogot\u00e1. A\u00fan falta su tr\u00e1nsito por la Corte Constitucional, a\u00fan falta conocer qu\u00e9 pasar\u00e1 con la acci\u00f3n de nulidad y restablecimiento del derecho de car\u00e1cter laboral, y a\u00fan falta, finalmente, saber qu\u00e9 suceder\u00e1 \u2014judicialmente hablando\u2014 con la decisi\u00f3n presidencial de desacatar las medidas cautelares otorgadas por la CIDH. Cualquiera de estos escenarios podr\u00eda significar el regreso de Gustavo Petro al Palacio Li\u00e9vano, y no precisamente a arengar a sus seguidores desde el balc\u00f3n.<\/p>\n<p>&nbsp;<\/p>\n","protected":false},"excerpt":{"rendered":"<p>&nbsp; En primer lugar, a\u00fan no ha caducado la acci\u00f3n de nulidad y restablecimiento del derecho de car\u00e1cter laboral a que tiene derecho todo servidor p\u00fablico destituido. De acudirse a ella, mediante demanda ante el Consejo de Estado \u2014competente en &hellip; <a href=\"https:\/\/oscarhumbertogomez.com\/?p=11452\">Sigue leyendo <span class=\"meta-nav\">&rarr;<\/span><\/a><\/p>\n<div class='heateorSssClear'><\/div><div  class='heateor_sss_sharing_container heateor_sss_horizontal_sharing' heateor-sss-data-href='https:\/\/oscarhumbertogomez.com\/?p=11452'><div class='heateor_sss_sharing_title' style=\"font-weight:bold\" >\u00a1Gracias por compartirla!<\/div><ul class=\"heateor_sss_sharing_ul\"><li class=\"heateorSssSharingRound\"><i style=\"width:35px;height:35px;border-radius:999px;\" alt=\"Facebook\" Title=\"Facebook\" class=\"heateorSssSharing heateorSssFacebookBackground\" onclick='heateorSssPopup(\"https:\/\/www.facebook.com\/sharer\/sharer.php?u=https%3A%2F%2Foscarhumbertogomez.com%2Findex.php%3Frest_route%3D%252Fwp%252Fv2%252Fposts%252F11452\")'><ss style=\"display:block;border-radius:999px;\" class=\"heateorSssSharingSvg heateorSssFacebookSvg\"><\/ss><\/i><\/li><li class=\"heateorSssSharingRound\"><i style=\"width:35px;height:35px;border-radius:999px;\" alt=\"Twitter\" Title=\"Twitter\" class=\"heateorSssSharing heateorSssTwitterBackground\" onclick='heateorSssPopup(\"http:\/\/twitter.com\/intent\/tweet?text=%C2%BFPodr%C3%ADa%20Gustavo%20Petro%20retornar%20a%20la%20Alcald%C3%ADa%20Mayor%20de%20Bogot%C3%A1%3F%20Por%20%C3%93scar%20Humberto%20G%C3%B3mez%20G%C3%B3mez&url=https%3A%2F%2Foscarhumbertogomez.com%2Findex.php%3Frest_route%3D%252Fwp%252Fv2%252Fposts%252F11452\")'><ss style=\"display:block;border-radius:999px;\" class=\"heateorSssSharingSvg heateorSssTwitterSvg\"><\/ss><\/i><\/li><li class=\"heateorSssSharingRound\"><i style=\"width:35px;height:35px;border-radius:999px;\" alt=\"Whatsapp\" Title=\"Whatsapp\" class=\"heateorSssSharing heateorSssWhatsappBackground\" onclick='heateorSssPopup(\"https:\/\/web.whatsapp.com\/send?text=%C2%BFPodr%C3%ADa%20Gustavo%20Petro%20retornar%20a%20la%20Alcald%C3%ADa%20Mayor%20de%20Bogot%C3%A1%3F%20Por%20%C3%93scar%20Humberto%20G%C3%B3mez%20G%C3%B3mez https%3A%2F%2Foscarhumbertogomez.com%2Findex.php%3Frest_route%3D%252Fwp%252Fv2%252Fposts%252F11452\")'><ss style=\"display:block\" class=\"heateorSssSharingSvg heateorSssWhatsappSvg\"><\/ss><\/i><\/li><li class=\"heateorSssSharingRound\"><i style=\"width:35px;height:35px;border-radius:999px;\" alt=\"Pinterest\" Title=\"Pinterest\" class=\"heateorSssSharing heateorSssPinterestBackground\" onclick=\"javascript:void( (function() {var e=document.createElement('script' );e.setAttribute('type','text\/javascript' );e.setAttribute('charset','UTF-8' );e.setAttribute('src','\/\/assets.pinterest.com\/js\/pinmarklet.js?r='+Math.random()*99999999);document.body.appendChild(e)})());\"><ss style=\"display:block;border-radius:999px;\" class=\"heateorSssSharingSvg heateorSssPinterestSvg\"><\/ss><\/i><\/li><li class=\"heateorSssSharingRound\"><i style=\"width:35px;height:35px;border-radius:999px;\" alt=\"Google Gmail\" Title=\"Google Gmail\" class=\"heateorSssSharing heateorSssGoogleGmailBackground\" onclick='heateorSssPopup(\"https:\/\/mail.google.com\/mail\/?ui=2&view=cm&fs=1&tf=1&su=%C2%BFPodr%C3%ADa%20Gustavo%20Petro%20retornar%20a%20la%20Alcald%C3%ADa%20Mayor%20de%20Bogot%C3%A1%3F%20Por%20%C3%93scar%20Humberto%20G%C3%B3mez%20G%C3%B3mez&body=Link:https%3A%2F%2Foscarhumbertogomez.com%2Findex.php%3Frest_route%3D%252Fwp%252Fv2%252Fposts%252F11452\")'><ss style=\"display:block;border-radius:999px;\" class=\"heateorSssSharingSvg heateorSssGoogleGmailSvg\"><\/ss><\/i><\/li><li class=\"heateorSssSharingRound\"><i style=\"width:35px;height:35px;border-radius:999px;\" title=\"More\" alt=\"More\" class=\"heateorSssSharing heateorSssMoreBackground\" onclick=\"heateorSssMoreSharingPopup(this, 'https:\/\/oscarhumbertogomez.com\/index.php?rest_route=%2Fwp%2Fv2%2Fposts%2F11452', '%C2%BFPodr%C3%ADa%20Gustavo%20Petro%20retornar%20a%20la%20Alcald%C3%ADa%20Mayor%20de%20Bogot%C3%A1%3F%20Por%20%C3%93scar%20Humberto%20G%C3%B3mez%20G%C3%B3mez', '' )\" ><ss style=\"display:block\" class=\"heateorSssSharingSvg heateorSssMoreSvg\"><\/ss><\/i><\/li><\/ul><div class=\"heateorSssClear\"><\/div><\/div><div class='heateorSssClear'><\/div>","protected":false},"author":2,"featured_media":0,"comment_status":"closed","ping_status":"closed","sticky":false,"template":"","format":"standard","meta":{"spay_email":"","footnotes":""},"categories":[10],"tags":[],"class_list":["post-11452","post","type-post","status-publish","format-standard","hentry","category-derecho"],"jetpack_featured_media_url":"","jetpack_shortlink":"https:\/\/wp.me\/p1FYrr-2YI","_links":{"self":[{"href":"https:\/\/oscarhumbertogomez.com\/index.php?rest_route=\/wp\/v2\/posts\/11452","targetHints":{"allow":["GET"]}}],"collection":[{"href":"https:\/\/oscarhumbertogomez.com\/index.php?rest_route=\/wp\/v2\/posts"}],"about":[{"href":"https:\/\/oscarhumbertogomez.com\/index.php?rest_route=\/wp\/v2\/types\/post"}],"author":[{"embeddable":true,"href":"https:\/\/oscarhumbertogomez.com\/index.php?rest_route=\/wp\/v2\/users\/2"}],"replies":[{"embeddable":true,"href":"https:\/\/oscarhumbertogomez.com\/index.php?rest_route=%2Fwp%2Fv2%2Fcomments&post=11452"}],"version-history":[{"count":5,"href":"https:\/\/oscarhumbertogomez.com\/index.php?rest_route=\/wp\/v2\/posts\/11452\/revisions"}],"predecessor-version":[{"id":50897,"href":"https:\/\/oscarhumbertogomez.com\/index.php?rest_route=\/wp\/v2\/posts\/11452\/revisions\/50897"}],"wp:attachment":[{"href":"https:\/\/oscarhumbertogomez.com\/index.php?rest_route=%2Fwp%2Fv2%2Fmedia&parent=11452"}],"wp:term":[{"taxonomy":"category","embeddable":true,"href":"https:\/\/oscarhumbertogomez.com\/index.php?rest_route=%2Fwp%2Fv2%2Fcategories&post=11452"},{"taxonomy":"post_tag","embeddable":true,"href":"https:\/\/oscarhumbertogomez.com\/index.php?rest_route=%2Fwp%2Fv2%2Ftags&post=11452"}],"curies":[{"name":"wp","href":"https:\/\/api.w.org\/{rel}","templated":true}]}}