{"id":11553,"date":"2014-03-23T14:55:17","date_gmt":"2014-03-23T19:55:17","guid":{"rendered":"http:\/\/www.oscarhumbertogomez.com\/?p=11553"},"modified":"2025-02-05T15:24:35","modified_gmt":"2025-02-05T20:24:35","slug":"rejas-en-bucaramanga-y-exclusion-en-el-mundo-por-oscar-humberto-gomez-gomez","status":"publish","type":"post","link":"https:\/\/oscarhumbertogomez.com\/?p=11553","title":{"rendered":"Rejas en Bucaramanga y exclusi\u00f3n en el mundo. Por \u00d3scar Humberto G\u00f3mez G\u00f3mez"},"content":{"rendered":"<div id=\"attachment_11554\" style=\"width: 610px\" class=\"wp-caption aligncenter\"><img loading=\"lazy\" decoding=\"async\" aria-describedby=\"caption-attachment-11554\" class=\"size-full wp-image-11554\" title=\"PARQUE CENTENARIO ENCERRADO\" src=\"https:\/\/lapiedrafilosofal.com\/wp-content\/uploads\/2014\/03\/PARQUE-CENTENARIO-ENCERRADO.jpg\" alt=\"\" width=\"600\" height=\"400\" srcset=\"https:\/\/oscarhumbertogomez.com\/wp-content\/uploads\/2014\/03\/PARQUE-CENTENARIO-ENCERRADO.jpg 600w, https:\/\/oscarhumbertogomez.com\/wp-content\/uploads\/2014\/03\/PARQUE-CENTENARIO-ENCERRADO-300x200.jpg 300w\" sizes=\"auto, (max-width: 600px) 100vw, 600px\" \/><p id=\"caption-attachment-11554\" class=\"wp-caption-text\">EL PARQUE DEL CENTENARIO DE LA INDEPENDENCIA, TAL Y COMO QUEDAR\u00cdA ENCERR\u00c1NDOLO CON REJAS, SEG\u00daN UN PROYECTO DE LA ALCALD\u00cdA DE BUCARAMANGA QUE COSTAR\u00cdA 400 MILLONES DE PESOS.Fotograf\u00eda tomada del diario Vanguardia Liberal.<\/p><\/div>\n<p>&nbsp;<\/p>\n<p>&#8220;<strong>David Alberto Arias<\/strong><\/p>\n<p><em>Presidente Regional de la Sociedad Colombiana de Arquitectos<\/em><\/p>\n<p><strong>\u00bfSe justifica que por razones de seguridad se tenga que encerrar el parque Centenario? <\/strong><\/p>\n<p>Yo creo que en este momento lo que necesitamos es inclusi\u00f3n. La arquitectura debe ser incluyente y cerrar un espacio p\u00fablico as\u00ed sea con reja estilo republicano es excluirlo de actividades y de la vocaci\u00f3n para el cual fue hecho, que es que todos podamos compartir.<\/p>\n<p><strong>\u00bfDe qu\u00e9 otra manera se evitar\u00eda que ese parque sea tomado por indigentes, drogadictos y prostitutas? <\/strong><\/p>\n<p>Lo que hay que cuestionar es si el concepto que tenemos de seguridad es la polic\u00eda o el cerramiento. Hay muchas maneras de brindar seguridad y una es en la medida en que la gente se apropie del espacio p\u00fablico y de que la polic\u00eda cumpla con su misi\u00f3n constitucional.<\/p>\n<p><strong>\u00bfAl encerrar el parque se est\u00e1 violando el principio de equidad y de inclusi\u00f3n social? <\/strong><\/p>\n<p>Toda reja es una barrera arquitect\u00f3nica. Lo seguimos diciendo: lo que se debe buscar es la inclusi\u00f3n. Queremos y necesitamos espacios m\u00e1s democr\u00e1ticos y poner rejas a los parques es el primer paso para que pierdan su vocaci\u00f3n de p\u00fablico.<\/p>\n<p><strong>El parque solo estar\u00eda cerrado en la noche; bajo ese criterio, \u00bfse pueden aceptar las rejas? <\/strong><\/p>\n<p>Nos preocupa es que una soluci\u00f3n temporal se vuelva permanente. El problema no es c\u00f3mo empieza, sino c\u00f3mo termina; podr\u00eda terminar privatizado como el de Mejoras P\u00fablicas&#8221;.<\/p>\n<p>[Entrevista publicada hoy por <em>Vanguardia.com<\/em>].<\/p>\n<p>&nbsp;<\/p>\n<div id=\"attachment_11559\" style=\"width: 730px\" class=\"wp-caption aligncenter\"><img loading=\"lazy\" decoding=\"async\" aria-describedby=\"caption-attachment-11559\" class=\"size-full wp-image-11559\" title=\"BUCARAMANGA ANTIGUA I\" src=\"https:\/\/lapiedrafilosofal.com\/wp-content\/uploads\/2014\/03\/BUCARAMANGA-ANTIGUA-I.jpg\" alt=\"\" width=\"720\" height=\"482\" srcset=\"https:\/\/oscarhumbertogomez.com\/wp-content\/uploads\/2014\/03\/BUCARAMANGA-ANTIGUA-I.jpg 720w, https:\/\/oscarhumbertogomez.com\/wp-content\/uploads\/2014\/03\/BUCARAMANGA-ANTIGUA-I-300x200.jpg 300w\" sizes=\"auto, (max-width: 720px) 100vw, 720px\" \/><p id=\"caption-attachment-11559\" class=\"wp-caption-text\">BUCARAMANGA PUDO SER UNA CIUDAD DE ESTANQUES, QUEBRADAS Y PUENTES. LOS BUMANGUESES OLVIDAN QUE BUCARAMANGA TIENE HASTA R\u00cdO: EL SURAT\u00c1. INFORTUNADAMENTE, CON EL DESARROLLO, TERMIN\u00d3 CONVERTIDA EN UNA CIUDAD DE CONCRETO Y REJAS. AHORA QUIEREN TAMBI\u00c9N PONERLES MUROS Y REJAS A LOS PARQUES P\u00daBLICOS.\/ Fotograf\u00eda de Bucaramanga antigua.<\/p><\/div>\n<p>&nbsp;<\/p>\n<p>El presidente de la Sociedad Colombiana de Arquitectos David Alberto Arias Mantilla no lo pudo decir m\u00e1s claro y breve: en esta sociedad sobrecargada de odios, resentimientos, envidia y violencia lo que hace falta no es perpetuar y agudizar m\u00e1s la largu\u00edsima historia de la exclusi\u00f3n social, sino \u2014todo lo contrario\u2014 comenzar la profunda transformaci\u00f3n de Bucaramanga en una ciudad incluyente y en la cual quepamos todos los bumangueses.<\/p>\n<p>S\u00ed: todos; incluidos \u2014as\u00ed se sorprendan los mojigatos\u2014 los indigentes, los consumidores de droga, las prostitutas y los gamines, por los que tanto se preocupa ahora la alcald\u00eda municipal, pues teme que le da\u00f1en la obra de remodelaci\u00f3n del parque del Centenario de la Independencia, el parque al que todos llaman, simplemente, &#8220;el Centenario&#8221;, y del que nadie sabe siquiera por qu\u00e9 se llama as\u00ed, ni le importa.<\/p>\n<p>S\u00ed, se\u00f1or alcalde: compartimos con usted la preocupaci\u00f3n por que el parque del Centenario no termine convertido en un muladar. Pero es que a ustedes, los pol\u00edticos, no los eligen, se\u00f1or alcalde, \u2014accediendo a su expresa, p\u00fablica, encarecida, insistente y ensordecedora solicitud para que los elijan\u2014 solamente con el fin de que le caigan al presupuesto y se inventen obras en cuyo proyecto y ejecuci\u00f3n corran a raudales los dineros del erario, sino <strong>para que solucionen los grandes problemas sociales que nos agobian<\/strong>.<\/p>\n<p>O sea, que a ustedes, los pol\u00edticos, se\u00f1or alcalde, los eligen para que, ya que tanta imaginaci\u00f3n dicen tener, ya que tanto conocimiento dicen poseer de la ciencia pol\u00edtica, ya que son tan altruistas, tan conscientes de nuestras miserias y tant\u00edsimo inter\u00e9s les asiste en construir una sociedad mejor, gracias a todo lo cual invierten \u2014y hacen que otros inviertan en favor de sus campa\u00f1as\u2014 astron\u00f3micas sumas de dinero, todo con tal de llegar a esos apetecidos cargos, <strong>se inventen soluciones para que no haya indigentes, ni consumidores de droga, ni prostitutas, ni gamines, ni rateros<\/strong>, pues de esa forma ninguno de esos indeseables ir\u00e1 a mearse en los parques, ni a dormir en sus bancas o en sus zonas verdes, ni a amenazar a nadie con un cuchillo para robarle la cartera.<\/p>\n<p>Ese es, justamente, se\u00f1or alcalde, el colosal reto al que est\u00e1 enfrentada la pol\u00edtica desde que existe. La pol\u00edtica no es para <strong>ignorar los problemas<\/strong>, o \u2014como decimos aqu\u00ed, en Santander, para hacerse los pingos\u2014 sacando a esos subproductos de la sociedad m\u00e1s all\u00e1 de una reja, hasta la parte exterior de un parque p\u00fablico, para que, entonces, se vayan a consumir pegante, o a dormir, o a orinarse a otros lugares, tambi\u00e9n p\u00fablicos, como, pongamos por caso, las zonas verdes de los barrios residenciales o los despedazados andenes de nuestras despedazadas calles.<\/p>\n<p>\u00bfO es que, despu\u00e9s de que ya no puedan dormir dentro del parque del Centenario, ni tampoco junto a la reja que va a rodearlo (gracias a la burocr\u00e1tica imaginaci\u00f3n a la que se le ocurri\u00f3 encerrarlo), tambi\u00e9n van a encerrar los dem\u00e1s parques de <em>&#8220;La ciudad de los parques&#8221;<\/em>, y van a encerrar las zonas verdes de los barrios residenciales, y van a encerrar las calles, y las carreras, y los bulevares, y las glorietas, hasta que Bucaramanga pase a llamarse, por ejemplo, <em>&#8220;La c\u00e1rcel m\u00e1s cordial de Colombia&#8221;<\/em>? \u00bfVan a encerrar a toda Bucaramanga, ante la evidencia de que esos excluidos de siempre se ir\u00e1n a buscar alg\u00fan lugar p\u00fablico donde dormir?<\/p>\n<p>&nbsp;<\/p>\n<p><img loading=\"lazy\" decoding=\"async\" class=\"aligncenter size-full wp-image-11565\" title=\"NI\u00d1OS DURMIENDO EN LA CALLE\" src=\"https:\/\/lapiedrafilosofal.com\/wp-content\/uploads\/2014\/03\/NI\u00d1OS-DURMIENDO-EN-LA-CALLE.jpg\" alt=\"\" width=\"600\" height=\"474\" srcset=\"https:\/\/oscarhumbertogomez.com\/wp-content\/uploads\/2014\/03\/NI\u00d1OS-DURMIENDO-EN-LA-CALLE.jpg 600w, https:\/\/oscarhumbertogomez.com\/wp-content\/uploads\/2014\/03\/NI\u00d1OS-DURMIENDO-EN-LA-CALLE-300x237.jpg 300w\" sizes=\"auto, (max-width: 600px) 100vw, 600px\" \/><\/p>\n<p>&nbsp;<\/p>\n<p>Claro que eso de excluir a los dem\u00e1s no es de ahora. La exclusi\u00f3n de unos por otros est\u00e1 ligada a la historia misma de Bucaramanga, y de Colombia, y de Am\u00e9rica, y del mundo.<\/p>\n<p>En efecto, mucho antes de que Andr\u00e9s P\u00e1ez de Sotomayor y Miguel de Trujillo fundaran a Bucaramanga \u2014seg\u00fan la versi\u00f3n oficial\u2014 en 1622, ya se hab\u00eda consolidado (hacia 1570) el primer antecedente problacional, el de &#8220;<strong>los aposentos<\/strong>&#8221; y &#8220;<strong>las rancher\u00edas<\/strong>&#8221; del capit\u00e1n Ort\u00fan Velasco: en los aposentos viv\u00edan los espa\u00f1oles, en las rancher\u00edas los indios. Espa\u00f1a no permit\u00eda que vivieran juntos.<\/p>\n<p>M\u00e1s tarde, en 1779 \u2014cuando seg\u00fan la nueva corriente de los historiadores\u2014 realmente se fund\u00f3 Bucaramanga, ya como pueblo espa\u00f1ol, lo que vino a descubrir el visitador Francisco Antonio Moreno y Escand\u00f3n fue que, a pesar de ser jur\u00eddicamente un pueblo de indios, Bucaramanga era, en realidad, un lugar donde viv\u00edan numerosas familias espa\u00f1olas de Gir\u00f3n y, en cambio, las escasas familias indias que a\u00fan exist\u00edan estaban \u2014como es f\u00e1cil imaginarlo\u2014 relegadas a &#8220;<strong>barrancos y zanjones<\/strong>&#8220;.<\/p>\n<p>Tan evidente invasi\u00f3n de un pueblo de indios por parte de los espa\u00f1oles de Gir\u00f3n, tan evidente exclusi\u00f3n de los indios por parte de los espa\u00f1oles, ten\u00eda que ser, claro est\u00e1, solucionada de inmediato. Y s\u00ed: la solucionaron de inmediato. As\u00ed que, como la ley espa\u00f1ola no permit\u00eda que espa\u00f1oles e indios vivieran juntos, ni siquiera estos en &#8220;barrancos y zanjones&#8221; y aquellos en el casco urbano del &#8220;pueblo de indios&#8221;, el visitador solucion\u00f3 salom\u00f3nicamente el problema disponiendo que los indios fueran expulsados de Bucaramanga y conducidos a Guane, como, en efecto, se hizo.<\/p>\n<p>Dos a\u00f1os despu\u00e9s de aquella transformaci\u00f3n del pueblo de indios de Bucaramanga en la Parroquia de Nuestra Se\u00f1ora de Chiquinquir\u00e1 y San Laureano, o sea, dos a\u00f1os despu\u00e9s de la fundaci\u00f3n de Bucaramanga como pueblo espa\u00f1ol \u2014con la arbitraria exclusi\u00f3n de los indios\u2014 estall\u00f3 la Revoluci\u00f3n de los Comuneros (1781). Lean las Capitulaciones: los comuneros se quejaban de la exclusi\u00f3n.<\/p>\n<p>Exclusi\u00f3n, pues, en la Bucaramanga colonial. Y exclusi\u00f3n despu\u00e9s, en plena Rep\u00fablica. En 1879, por ejemplo, estall\u00f3 la revuelta de &#8220;La Culebra Pico de Oro&#8221; : los polvoreros, los cigarreros, los plateros, los zapateros, los carpinteros, los alba\u00f1iles, los agricultores, los sombrereros, los sastres, los peque\u00f1os comerciantes, los peseros, los artesanos, los costureros, los caleteros, los jornaleros, los tejedores, los quincalleros, los talabarteros, los aguateros, los herreros y, en fin, el excluido populacho de Bucaramanga, se rebel\u00f3 contra quienes, en su sentir, los manten\u00edan excluidos: los extranjeros y los del Comercio.<\/p>\n<p>M\u00e1s tarde, en 1899, estall\u00f3 la Guerra de los Mil D\u00edas. Los liberales alegaron siempre que fueron a la guerra debido a la exclusi\u00f3n de la que eran v\u00edctimas.<\/p>\n<p>Pero tambi\u00e9n, exclusi\u00f3n en Am\u00e9rica. En Norteam\u00e9rica, por ejemplo, hombres que dijeron luchar por la libertad, en aras de conquistarla se entregaron de lleno a la Guerra de Independencia hasta que, luego del estallido de la p\u00f3lvora, del fuego de las armas, del sacrificio de la vida, de la sangre corriendo a raudales, obtuvieron, por fin, su independencia de Inglaterra. As\u00ed nacieron los Estados Unidos de Am\u00e9rica. Empero, m\u00e1s se demor\u00f3 ese pa\u00eds en consolidar la democracia, que en anidarse en aquellos nuevos territorios libres la exclusi\u00f3n: s\u00ed, la de los negros.<\/p>\n<p>Fue as\u00ed que en Estados Unidos de Am\u00e9rica el negro empez\u00f3 a ser perseguido sin clemencia, solo por ser negro. El ni\u00f1o negro, sacado a patadas de las escuelas p\u00fablicas o de los autobuses p\u00fablicos, no entend\u00eda por qu\u00e9 lo trataban de esa forma, si no hab\u00eda hecho nada para merecerlo. Por supuesto, \u00e9l no pod\u00eda entenderlo: el odio racista y social lo llevaban los blancos en la sangre.<\/p>\n<p>Y en nombre de la exclusi\u00f3n, entonces, el Ku Klux Klan persigui\u00f3, captur\u00f3, tortur\u00f3 y ahorc\u00f3 a numerosos negros que nada hab\u00edan hecho.<\/p>\n<p>Hasta que en la d\u00e9cada de los a\u00f1os 60, en memorable manifestaci\u00f3n celebrada ante la estatua de Abraham Lincoln \u2014de aquel gran l\u00edder norteamericano que hab\u00eda luchado y muerto, precisamente, por que no se perpetuara en su pa\u00eds la exclusi\u00f3n de los esclavos del mundo libre\u2014, otro gran l\u00edder norteamericano, el l\u00edder negro Martin Luther King, dijo: <em>&#8220;Yo tengo un sue\u00f1o&#8221;. <\/em>Pero su sue\u00f1o no era el de que, entonces, despu\u00e9s de tanta exclusi\u00f3n, los negros se vengaran y excluyeran a los blancos. Su sue\u00f1o era el de que todos los estadounidenses, todos los norteamericanos, blancos y negros, vivieran juntos, sin exclusiones. No era m\u00e1s su sue\u00f1o. Era tan solo un sue\u00f1o de inmenso amor entre los seres humanos.<\/p>\n<p>El mismo sue\u00f1o de inmenso amor de aquel otro gran l\u00edder, de Jes\u00fas de Nazareth, quien hab\u00eda predicado: <em>&#8220;Amaos los unos a los otros&#8221;<\/em>, es decir, hab\u00eda ense\u00f1ado que todos deber\u00edamos amarnos sin exclusiones. En respuesta, Roma lo hab\u00eda matado, despu\u00e9s de un remedo de juicio pol\u00edtico. Tambi\u00e9n a Martin Luther King su sue\u00f1o le cost\u00f3 la vida: en Memphis lo asesinaron. Lo mataron los de siempre: los que no son capaces de aceptar la inclusi\u00f3n y quieren que seamos excluyentes por siempre.<\/p>\n<p>Y en Sud\u00e1frica, tambi\u00e9n se institucionaliz\u00f3 la exclusi\u00f3n, y los blancos \u2014que eran una exigua minor\u00eda\u2014 excluyeron a los negros, que eran la inmensa mayor\u00eda. Hasta que Nelson Mandela, despu\u00e9s de m\u00e1s de un cuarto de siglo de c\u00e1rcel, de persecuci\u00f3n, de silenciamiento, en fin, de exclusi\u00f3n, lleg\u00f3 a ser el presidente. Hoy ya no hay exclusi\u00f3n en Sud\u00e1frica. Eso dicen.<\/p>\n<p>Y si repasamos la historia del mundo, no ha habido sino exclusi\u00f3n. Exclusi\u00f3n contra todos y por parte de todos: exclusi\u00f3n contra los nativos maor\u00edes en Australia, y exclusi\u00f3n contra los \u00e1rabes en Espa\u00f1a, y exclusi\u00f3n contra las mujeres en Arabia, y exclusi\u00f3n contra los indios guajiros en La Guajira, y exclusi\u00f3n contra los adventistas bumangueses en Bucaramanga, y exclusi\u00f3n contra las cartageneras negras en Cartagena, y exclusi\u00f3n contra los extranjeros en Europa, y exclusi\u00f3n contra los jud\u00edos en la Alemania Nazi, y exclusi\u00f3n contra los palestinos en Israel, y exclusi\u00f3n contra los esclavos en la Antigua Roma, y exclusi\u00f3n contra los cr\u00edticos de la Inquisici\u00f3n en Italia (a Giordano Bruno lo excluyeron del todo quem\u00e1ndolo vivo en la hoguera en 1600), y exclusi\u00f3n contra los musulmanes en los pa\u00edses cristianos, y exclusi\u00f3n contra los cristianos en los pa\u00edses musulmanes, y exclusi\u00f3n contra los gitanos en todas partes, y exclusi\u00f3n en Gir\u00f3n (Santander) contra quienes no apoyen a &#8220;Vasito de Agua&#8221; Quintero, y exclusi\u00f3n en toda Colombia contra quienes no lancen &#8220;vivas&#8221; a la reelecci\u00f3n de Juan Manuel Santos: en fin, exclusi\u00f3n aqu\u00ed, exclusi\u00f3n all\u00e1, y exclusi\u00f3n m\u00e1s all\u00e1; exclusi\u00f3n, siempre exclusi\u00f3n.<\/p>\n<p>El ser humano, que siempre se ha cre\u00eddo superior a los dem\u00e1s, todo lo remedia excluyendo a todo aquel que le resulta molesto. Recientemente sali\u00f3 a relucir que en una iglesia cristiana se exclu\u00eda a los cojos, a los mutilados y a los ciegos. La pastora, de apellido Piraquive, proclam\u00f3 que ninguno de ellos pod\u00eda predicar el evangelio.<\/p>\n<p>Jes\u00fas, pues, incluy\u00f3 a los humildes, a los pecadores, a los ignorantes, a los romanos, a los paganos, a todos.<\/p>\n<p>Sus seguidores \u2014o los que dicen serlo\u2014 se han ido encargando de excluirlos.<\/p>\n<p>&nbsp;<\/p>\n","protected":false},"excerpt":{"rendered":"<p>&nbsp; &#8220;David Alberto Arias Presidente Regional de la Sociedad Colombiana de Arquitectos \u00bfSe justifica que por razones de seguridad se tenga que encerrar el parque Centenario? Yo creo que en este momento lo que necesitamos es inclusi\u00f3n. La arquitectura debe &hellip; <a href=\"https:\/\/oscarhumbertogomez.com\/?p=11553\">Sigue leyendo <span class=\"meta-nav\">&rarr;<\/span><\/a><\/p>\n<div class='heateorSssClear'><\/div><div  class='heateor_sss_sharing_container heateor_sss_horizontal_sharing' heateor-sss-data-href='https:\/\/oscarhumbertogomez.com\/?p=11553'><div class='heateor_sss_sharing_title' style=\"font-weight:bold\" >\u00a1Gracias por compartirla!<\/div><ul class=\"heateor_sss_sharing_ul\"><li class=\"heateorSssSharingRound\"><i style=\"width:35px;height:35px;border-radius:999px;\" alt=\"Facebook\" Title=\"Facebook\" class=\"heateorSssSharing heateorSssFacebookBackground\" onclick='heateorSssPopup(\"https:\/\/www.facebook.com\/sharer\/sharer.php?u=https%3A%2F%2Foscarhumbertogomez.com%2Findex.php%3Frest_route%3D%252Fwp%252Fv2%252Fposts%252F11553\")'><ss style=\"display:block;border-radius:999px;\" class=\"heateorSssSharingSvg heateorSssFacebookSvg\"><\/ss><\/i><\/li><li class=\"heateorSssSharingRound\"><i style=\"width:35px;height:35px;border-radius:999px;\" alt=\"Twitter\" Title=\"Twitter\" class=\"heateorSssSharing heateorSssTwitterBackground\" onclick='heateorSssPopup(\"http:\/\/twitter.com\/intent\/tweet?text=Rejas%20en%20Bucaramanga%20y%20exclusi%C3%B3n%20en%20el%20mundo.%20Por%20%C3%93scar%20Humberto%20G%C3%B3mez%20G%C3%B3mez&url=https%3A%2F%2Foscarhumbertogomez.com%2Findex.php%3Frest_route%3D%252Fwp%252Fv2%252Fposts%252F11553\")'><ss style=\"display:block;border-radius:999px;\" class=\"heateorSssSharingSvg heateorSssTwitterSvg\"><\/ss><\/i><\/li><li class=\"heateorSssSharingRound\"><i style=\"width:35px;height:35px;border-radius:999px;\" alt=\"Whatsapp\" Title=\"Whatsapp\" class=\"heateorSssSharing heateorSssWhatsappBackground\" onclick='heateorSssPopup(\"https:\/\/web.whatsapp.com\/send?text=Rejas%20en%20Bucaramanga%20y%20exclusi%C3%B3n%20en%20el%20mundo.%20Por%20%C3%93scar%20Humberto%20G%C3%B3mez%20G%C3%B3mez https%3A%2F%2Foscarhumbertogomez.com%2Findex.php%3Frest_route%3D%252Fwp%252Fv2%252Fposts%252F11553\")'><ss style=\"display:block\" class=\"heateorSssSharingSvg heateorSssWhatsappSvg\"><\/ss><\/i><\/li><li class=\"heateorSssSharingRound\"><i style=\"width:35px;height:35px;border-radius:999px;\" alt=\"Pinterest\" Title=\"Pinterest\" class=\"heateorSssSharing heateorSssPinterestBackground\" onclick=\"javascript:void( (function() {var e=document.createElement('script' );e.setAttribute('type','text\/javascript' );e.setAttribute('charset','UTF-8' );e.setAttribute('src','\/\/assets.pinterest.com\/js\/pinmarklet.js?r='+Math.random()*99999999);document.body.appendChild(e)})());\"><ss style=\"display:block;border-radius:999px;\" class=\"heateorSssSharingSvg heateorSssPinterestSvg\"><\/ss><\/i><\/li><li class=\"heateorSssSharingRound\"><i style=\"width:35px;height:35px;border-radius:999px;\" alt=\"Google Gmail\" Title=\"Google Gmail\" class=\"heateorSssSharing heateorSssGoogleGmailBackground\" onclick='heateorSssPopup(\"https:\/\/mail.google.com\/mail\/?ui=2&view=cm&fs=1&tf=1&su=Rejas%20en%20Bucaramanga%20y%20exclusi%C3%B3n%20en%20el%20mundo.%20Por%20%C3%93scar%20Humberto%20G%C3%B3mez%20G%C3%B3mez&body=Link:https%3A%2F%2Foscarhumbertogomez.com%2Findex.php%3Frest_route%3D%252Fwp%252Fv2%252Fposts%252F11553\")'><ss style=\"display:block;border-radius:999px;\" class=\"heateorSssSharingSvg heateorSssGoogleGmailSvg\"><\/ss><\/i><\/li><li class=\"heateorSssSharingRound\"><i style=\"width:35px;height:35px;border-radius:999px;\" title=\"More\" alt=\"More\" class=\"heateorSssSharing heateorSssMoreBackground\" onclick=\"heateorSssMoreSharingPopup(this, 'https:\/\/oscarhumbertogomez.com\/index.php?rest_route=%2Fwp%2Fv2%2Fposts%2F11553', 'Rejas%20en%20Bucaramanga%20y%20exclusi%C3%B3n%20en%20el%20mundo.%20Por%20%C3%93scar%20Humberto%20G%C3%B3mez%20G%C3%B3mez', '' )\" ><ss style=\"display:block\" class=\"heateorSssSharingSvg heateorSssMoreSvg\"><\/ss><\/i><\/li><\/ul><div class=\"heateorSssClear\"><\/div><\/div><div class='heateorSssClear'><\/div>","protected":false},"author":2,"featured_media":0,"comment_status":"open","ping_status":"open","sticky":false,"template":"","format":"standard","meta":{"spay_email":"","footnotes":""},"categories":[1],"tags":[19],"class_list":["post-11553","post","type-post","status-publish","format-standard","hentry","category-blog","tag-que-er"],"jetpack_featured_media_url":"","jetpack_shortlink":"https:\/\/wp.me\/p1FYrr-30l","_links":{"self":[{"href":"https:\/\/oscarhumbertogomez.com\/index.php?rest_route=\/wp\/v2\/posts\/11553","targetHints":{"allow":["GET"]}}],"collection":[{"href":"https:\/\/oscarhumbertogomez.com\/index.php?rest_route=\/wp\/v2\/posts"}],"about":[{"href":"https:\/\/oscarhumbertogomez.com\/index.php?rest_route=\/wp\/v2\/types\/post"}],"author":[{"embeddable":true,"href":"https:\/\/oscarhumbertogomez.com\/index.php?rest_route=\/wp\/v2\/users\/2"}],"replies":[{"embeddable":true,"href":"https:\/\/oscarhumbertogomez.com\/index.php?rest_route=%2Fwp%2Fv2%2Fcomments&post=11553"}],"version-history":[{"count":4,"href":"https:\/\/oscarhumbertogomez.com\/index.php?rest_route=\/wp\/v2\/posts\/11553\/revisions"}],"predecessor-version":[{"id":50313,"href":"https:\/\/oscarhumbertogomez.com\/index.php?rest_route=\/wp\/v2\/posts\/11553\/revisions\/50313"}],"wp:attachment":[{"href":"https:\/\/oscarhumbertogomez.com\/index.php?rest_route=%2Fwp%2Fv2%2Fmedia&parent=11553"}],"wp:term":[{"taxonomy":"category","embeddable":true,"href":"https:\/\/oscarhumbertogomez.com\/index.php?rest_route=%2Fwp%2Fv2%2Fcategories&post=11553"},{"taxonomy":"post_tag","embeddable":true,"href":"https:\/\/oscarhumbertogomez.com\/index.php?rest_route=%2Fwp%2Fv2%2Ftags&post=11553"}],"curies":[{"name":"wp","href":"https:\/\/api.w.org\/{rel}","templated":true}]}}