{"id":11580,"date":"2014-03-20T10:16:47","date_gmt":"2014-03-20T15:16:47","guid":{"rendered":"http:\/\/www.oscarhumbertogomez.com\/?p=11580"},"modified":"2025-03-29T20:40:36","modified_gmt":"2025-03-30T01:40:36","slug":"democracia-y-totalitarismo-por-manuel-enrique-rey","status":"publish","type":"post","link":"https:\/\/oscarhumbertogomez.com\/?p=11580","title":{"rendered":"Democracia y totalitarismo. Por Manuel Enrique Rey Sanmiguel"},"content":{"rendered":"<p><img decoding=\"async\" class=\"aligncenter size-full wp-image-16785\" title=\"Manuel Enrique\" src=\"https:\/\/lapiedrafilosofal.com\/wp-content\/uploads\/2015\/05\/Manuel-Enrique.jpg\" alt=\"\" width=\"500\" srcset=\"https:\/\/oscarhumbertogomez.com\/wp-content\/uploads\/2015\/05\/Manuel-Enrique.jpg 224w, https:\/\/oscarhumbertogomez.com\/wp-content\/uploads\/2015\/05\/Manuel-Enrique-209x300.jpg 209w\" sizes=\"(max-width: 224px) 100vw, 224px\" \/> <strong><\/strong><\/p>\n<p>&nbsp;<\/p>\n<p>Cuesta trabajo pensar que algunas democracias del mundo sean vencidas y acorraladas pol\u00edticamente por un totalitarismo de Estado. No est\u00e1 por dem\u00e1s insistir en que la democracia, una buena forma de coexistencia, considerada la mejor de las corrientes relacionadas con la pluralidad del pensamiento en cuanto al ejercicio de poder y gobierno de los pueblos, tiene reglas definidas sobre c\u00f3mo hacerse con el poder, aunque poco claras las tenga como exigencia, cuando de fijarlas se trata, y tambi\u00e9n para su ejercicio cuando se ve obstruida y hasta disminuida en su conservaci\u00f3n.<\/p>\n<p>La mayor\u00eda de los pensadores del totalitarismo aducen que su aparici\u00f3n se debe a una aplicaci\u00f3n mucho m\u00e1s intensa, extensa y evolucionada que el te\u00f3rico poder absoluto que ten\u00edan las monarqu\u00edas del Antiguo R\u00e9gimen. Probablemente nace seg\u00fan se deduce del pensamiento de Tocqueville, Quinet, La Bo\u00e9ie y otros, cuando desde principios del siglo XIX cuestionaban los fundamentos de la dominaci\u00f3n totalitaria, cuando \u00e9sta no era producto de una conquista, ni se manten\u00eda durante cortos lapsos por la fuerza de las armas.<\/p>\n<p>Grande tuvo que ser la decepci\u00f3n de estos librepensadores, que en cierto momento de su quehacer filos\u00f3fico observaban c\u00f3mo se conduc\u00eda a un pueblo con el poder emanado del lenguaje y de otras argucias totalitarias para que se abstuviera de pensar; una ense\u00f1anza que aprendieron a extraer de la \u00e9poca en que los franceses, fascinados por Napole\u00f3n, le atribuyeron un saber infalible que los dej\u00f3 en \u201ccierto estupor\u201d.<\/p>\n<p>Por el contrario, la democracia, aunque consciente de que nada encuentra de reprobable en que quien ejercita el poder trate de afianzarlo e incluso de incrementarlo y conservarlo, al mismo tiempo proclama que sabr\u00e1 respetar aquello que exige para su ejercicio. Es lo que olvidan quienes de ninguna manera permiten la multiplicaci\u00f3n y diversificaci\u00f3n de los centros de poder. Ya que cuando estos se concentran en una sola ideolog\u00eda, por dem\u00e1s totalitaria, del pensamiento, al no permitir que la sociedad pueda pensar, van destruyendo todo lo que se le oponga: otro poder pol\u00edtico, otra forma de entender la dupla socio-econ\u00f3mica, que exista oposici\u00f3n, el endiosamiento del mercado, el miedo a perder la seguridad s\u00edquica que provee la pertenencia a un colectivo, etc.<\/p>\n<p>Las preguntas que debemos estarnos haciendo muchos colombianos, cuando suceden casos deplorables, cuando la sociedad espera de sus gobernantes que se ajusten a las decisiones implementadas desde la democracia, son: \u00bfpor qu\u00e9 la tendencia en los centros del poder radical tiende hacia el totalitarismo? \u00bfpor qu\u00e9 subyace y trata de imponerse sobre una mayor\u00eda un sistema totalitario imprevisto?<\/p>\n<p>\u00bfSer\u00e1 que la convivencia con pensamiento dicot\u00f3mico est\u00e1 vedado? \u00bfSer\u00e1 que nuestros gobernantes e intelectuales de la pol\u00edtica desconocieron, desde la derecha liberal, o desde la fracci\u00f3n de la izquierda democr\u00e1tica, el peligro que encaran el comunismo o el fascismo?<\/p>\n<p>Debemos sospechar de la idea de que la democracia ya no tiene enemigos y de que, por s\u00ed misma, no es el foco de nuevos modos de opresi\u00f3n del pensamiento, de nuevos modos de servidumbre voluntaria, cuyas consecuencias ignoramos.<\/p>\n<p>________<\/p>\n<p><strong>MANUEL ENRIQUE REY SANMIGUEL.\u2014<\/strong>&nbsp;Empresario y escritor santandereano. Ingeniero qu\u00edmico de la Universidad Nacional de Colombia. Miembro Correspondiente de la Academia de Historia de Santander. Autor, entre otros libros, de <em>El chotacabras<\/em> y <em>Cronolog\u00eda del lenguaje espa\u00f1ol en los humanos desde que fuimos primates<\/em>.<\/p>\n<p>&nbsp;<\/p>\n","protected":false},"excerpt":{"rendered":"<p>&nbsp; Cuesta trabajo pensar que algunas democracias del mundo sean vencidas y acorraladas pol\u00edticamente por un totalitarismo de Estado. No est\u00e1 por dem\u00e1s insistir en que la democracia, una buena forma de coexistencia, considerada la mejor de las corrientes relacionadas &hellip; <a href=\"https:\/\/oscarhumbertogomez.com\/?p=11580\">Sigue leyendo <span class=\"meta-nav\">&rarr;<\/span><\/a><\/p>\n<div class='heateorSssClear'><\/div><div  class='heateor_sss_sharing_container heateor_sss_horizontal_sharing' heateor-sss-data-href='https:\/\/oscarhumbertogomez.com\/?p=11580'><div class='heateor_sss_sharing_title' style=\"font-weight:bold\" >\u00a1Gracias por compartirla!<\/div><ul class=\"heateor_sss_sharing_ul\"><li class=\"heateorSssSharingRound\"><i style=\"width:35px;height:35px;border-radius:999px;\" alt=\"Facebook\" Title=\"Facebook\" class=\"heateorSssSharing heateorSssFacebookBackground\" onclick='heateorSssPopup(\"https:\/\/www.facebook.com\/sharer\/sharer.php?u=https%3A%2F%2Foscarhumbertogomez.com%2Findex.php%3Frest_route%3D%252Fwp%252Fv2%252Fposts%252F11580\")'><ss style=\"display:block;border-radius:999px;\" class=\"heateorSssSharingSvg heateorSssFacebookSvg\"><\/ss><\/i><\/li><li class=\"heateorSssSharingRound\"><i style=\"width:35px;height:35px;border-radius:999px;\" alt=\"Twitter\" Title=\"Twitter\" class=\"heateorSssSharing heateorSssTwitterBackground\" onclick='heateorSssPopup(\"http:\/\/twitter.com\/intent\/tweet?text=Democracia%20y%20totalitarismo.%20Por%20Manuel%20Enrique%20Rey%20Sanmiguel&url=https%3A%2F%2Foscarhumbertogomez.com%2Findex.php%3Frest_route%3D%252Fwp%252Fv2%252Fposts%252F11580\")'><ss style=\"display:block;border-radius:999px;\" class=\"heateorSssSharingSvg heateorSssTwitterSvg\"><\/ss><\/i><\/li><li class=\"heateorSssSharingRound\"><i style=\"width:35px;height:35px;border-radius:999px;\" alt=\"Whatsapp\" Title=\"Whatsapp\" class=\"heateorSssSharing heateorSssWhatsappBackground\" onclick='heateorSssPopup(\"https:\/\/web.whatsapp.com\/send?text=Democracia%20y%20totalitarismo.%20Por%20Manuel%20Enrique%20Rey%20Sanmiguel https%3A%2F%2Foscarhumbertogomez.com%2Findex.php%3Frest_route%3D%252Fwp%252Fv2%252Fposts%252F11580\")'><ss style=\"display:block\" class=\"heateorSssSharingSvg heateorSssWhatsappSvg\"><\/ss><\/i><\/li><li class=\"heateorSssSharingRound\"><i style=\"width:35px;height:35px;border-radius:999px;\" alt=\"Pinterest\" Title=\"Pinterest\" class=\"heateorSssSharing heateorSssPinterestBackground\" onclick=\"javascript:void( (function() {var e=document.createElement('script' );e.setAttribute('type','text\/javascript' );e.setAttribute('charset','UTF-8' );e.setAttribute('src','\/\/assets.pinterest.com\/js\/pinmarklet.js?r='+Math.random()*99999999);document.body.appendChild(e)})());\"><ss style=\"display:block;border-radius:999px;\" class=\"heateorSssSharingSvg heateorSssPinterestSvg\"><\/ss><\/i><\/li><li class=\"heateorSssSharingRound\"><i style=\"width:35px;height:35px;border-radius:999px;\" alt=\"Google Gmail\" Title=\"Google Gmail\" class=\"heateorSssSharing heateorSssGoogleGmailBackground\" onclick='heateorSssPopup(\"https:\/\/mail.google.com\/mail\/?ui=2&view=cm&fs=1&tf=1&su=Democracia%20y%20totalitarismo.%20Por%20Manuel%20Enrique%20Rey%20Sanmiguel&body=Link:https%3A%2F%2Foscarhumbertogomez.com%2Findex.php%3Frest_route%3D%252Fwp%252Fv2%252Fposts%252F11580\")'><ss style=\"display:block;border-radius:999px;\" class=\"heateorSssSharingSvg heateorSssGoogleGmailSvg\"><\/ss><\/i><\/li><li class=\"heateorSssSharingRound\"><i style=\"width:35px;height:35px;border-radius:999px;\" title=\"More\" alt=\"More\" class=\"heateorSssSharing heateorSssMoreBackground\" onclick=\"heateorSssMoreSharingPopup(this, 'https:\/\/oscarhumbertogomez.com\/index.php?rest_route=%2Fwp%2Fv2%2Fposts%2F11580', 'Democracia%20y%20totalitarismo.%20Por%20Manuel%20Enrique%20Rey%20Sanmiguel', '' )\" ><ss style=\"display:block\" class=\"heateorSssSharingSvg heateorSssMoreSvg\"><\/ss><\/i><\/li><\/ul><div class=\"heateorSssClear\"><\/div><\/div><div class='heateorSssClear'><\/div>","protected":false},"author":2,"featured_media":0,"comment_status":"closed","ping_status":"closed","sticky":false,"template":"","format":"standard","meta":{"spay_email":"","footnotes":""},"categories":[6],"tags":[],"class_list":["post-11580","post","type-post","status-publish","format-standard","hentry","category-la-pluma-ajena"],"jetpack_featured_media_url":"","jetpack_shortlink":"https:\/\/wp.me\/p1FYrr-30M","_links":{"self":[{"href":"https:\/\/oscarhumbertogomez.com\/index.php?rest_route=\/wp\/v2\/posts\/11580","targetHints":{"allow":["GET"]}}],"collection":[{"href":"https:\/\/oscarhumbertogomez.com\/index.php?rest_route=\/wp\/v2\/posts"}],"about":[{"href":"https:\/\/oscarhumbertogomez.com\/index.php?rest_route=\/wp\/v2\/types\/post"}],"author":[{"embeddable":true,"href":"https:\/\/oscarhumbertogomez.com\/index.php?rest_route=\/wp\/v2\/users\/2"}],"replies":[{"embeddable":true,"href":"https:\/\/oscarhumbertogomez.com\/index.php?rest_route=%2Fwp%2Fv2%2Fcomments&post=11580"}],"version-history":[{"count":5,"href":"https:\/\/oscarhumbertogomez.com\/index.php?rest_route=\/wp\/v2\/posts\/11580\/revisions"}],"predecessor-version":[{"id":53127,"href":"https:\/\/oscarhumbertogomez.com\/index.php?rest_route=\/wp\/v2\/posts\/11580\/revisions\/53127"}],"wp:attachment":[{"href":"https:\/\/oscarhumbertogomez.com\/index.php?rest_route=%2Fwp%2Fv2%2Fmedia&parent=11580"}],"wp:term":[{"taxonomy":"category","embeddable":true,"href":"https:\/\/oscarhumbertogomez.com\/index.php?rest_route=%2Fwp%2Fv2%2Fcategories&post=11580"},{"taxonomy":"post_tag","embeddable":true,"href":"https:\/\/oscarhumbertogomez.com\/index.php?rest_route=%2Fwp%2Fv2%2Ftags&post=11580"}],"curies":[{"name":"wp","href":"https:\/\/api.w.org\/{rel}","templated":true}]}}