{"id":11613,"date":"2014-03-30T09:51:38","date_gmt":"2014-03-30T14:51:38","guid":{"rendered":"http:\/\/www.oscarhumbertogomez.com\/?p=11613"},"modified":"2025-02-17T21:43:52","modified_gmt":"2025-02-18T02:43:52","slug":"en-defensa-de-la-comision-interamericana-de-derechos-humanos-y-demas-instrumentos-del-derecho-internacional","status":"publish","type":"post","link":"https:\/\/oscarhumbertogomez.com\/?p=11613","title":{"rendered":"En defensa de la Comisi\u00f3n Interamericana de Derechos Humanos y dem\u00e1s instrumentos del Derecho Internacional. Por \u00d3scar Humberto G\u00f3mez G\u00f3mez"},"content":{"rendered":"<p><img loading=\"lazy\" decoding=\"async\" class=\"aligncenter size-large wp-image-11621\" title=\"Derecho-Internacional-Publico\" src=\"https:\/\/lapiedrafilosofal.com\/wp-content\/uploads\/2014\/03\/Derecho-Internacional-Publico-1024x685.jpg\" alt=\"\" width=\"640\" height=\"428\" srcset=\"https:\/\/oscarhumbertogomez.com\/wp-content\/uploads\/2014\/03\/Derecho-Internacional-Publico-1024x685.jpg 1024w, https:\/\/oscarhumbertogomez.com\/wp-content\/uploads\/2014\/03\/Derecho-Internacional-Publico-300x200.jpg 300w, https:\/\/oscarhumbertogomez.com\/wp-content\/uploads\/2014\/03\/Derecho-Internacional-Publico.jpg 1600w\" sizes=\"auto, (max-width: 640px) 100vw, 640px\" \/><\/p>\n<p>&nbsp;<\/p>\n<p>A los poderosos no les gusta que se les controle, ni que se les critique, mucho menos que se les impartan \u00f3rdenes, instrucciones o recomendaciones de ninguna \u00edndole. S\u00ed que menos, les agrada que se les condene.<br \/>\nLos poderosos entienden que el \u00fanico l\u00edmite que tienen es el l\u00edmite que les d\u00e9 el propio alcance de su poder.<br \/>\nPor eso, no ha sido f\u00e1cil implementar en el mundo el Derecho Internacional. Cada Estado poderoso siente que nadie est\u00e1 por encima de \u00e9l y ninguno accede, de buena gana, a someterse al control de la llamada &#8220;comunidad internacional&#8221;.<br \/>\nY como el mal ejemplo cunde, los Estados no tan poderosos terminan, tarde o temprano, siguiendo las ense\u00f1anzas de los que s\u00ed lo son y a imitar sus pr\u00e1cticas.<br \/>\nPr\u00e1cticas como el desacato a las decisiones de los organismos internacionales, que todos pactaron respetar.<br \/>\nPretextos para justificar esa desobediencia, desde luego, no faltan. Y los pretextos terminan siendo hasta contradictorios.<br \/>\nNo deja de llamar la atenci\u00f3n, por ejemplo, el hecho de que la izquierda venezolana acuse a la Comisi\u00f3n Interamericana de Derechos Humanos (CIDH) de la Organizaci\u00f3n de Estados Americanos (OEA) de ser un instrumento al servicio de la derecha y de los Estados Unidos, cuando esa comisi\u00f3n profiere medidas cautelares a favor, pongamos por caso, del l\u00edder de la oposici\u00f3n Leopoldo L\u00f3pez, pero que, simult\u00e1neamente, la derecha colombiana descalifique a esa misma CIDH se\u00f1al\u00e1ndola de estar al servicio de la izquierda, cuando adopta decisiones en contra del Estado colombiano, como ha sucedido frente a diversas situaciones. Especialmente ilustrativas fueron las frases descomedidas lanzadas contra ella por el hoy extinto presidente venezolano Hugo Ch\u00e1vez para quien las decisiones de la CIDH val\u00edan menos que un corte de pelo. En id\u00e9ntico sentido, el pronunciamiento contra la CIDH por parte del presidente de Ecuador Rafael Correa a prop\u00f3sito de las medidas ordenadas por la Comisi\u00f3n a favor de la libertad de expresi\u00f3n de la prensa ecuatoriana. En Colombia, por el contrario, bajo el gobierno de Uribe, los pronunciamientos llegaron al extremo de plantear el retiro de Colombia de la CIDH y hasta del mismo sistema interamericano. Las voces contra la CIDH arreciaron bajo el gobierno de Santos a causa de su reciente pronunciamiento en el caso del destituido alcalde de Bogot\u00e1.<br \/>\nNo compartimos esas opiniones desapacibles que propugnan por el retiro de Colombia del sistema interamericano. Y es que no nos podemos llamar a enga\u00f1o: aqu\u00ed en Colombia, es cierto, existen unas instituciones y, en teor\u00eda, todas las personas gozan de v\u00edas legales para la protecci\u00f3n de sus derechos. Empero, en la pr\u00e1ctica, no son pocas las ocasiones en que los instrumentos jur\u00eddicos e institucionales internos no funcionan y a la gente no le queda sino el recurso de acudir a las instancias internacionales, las que, de ser cerradas, la dejar\u00edan sin acceso a la justicia.<br \/>\nNumerosos casos concretos, que estaremos publicando en este portal, muestran de bulto c\u00f3mo es de peligroso jugar a la desaparici\u00f3n de las herramientas del Derecho Internacional y c\u00f3mo, por el contrario, debemos luchar todos por su fortalecimiento, como la \u00fanica luz de esperanza que queda cuando dentro de la institucionalidad del pa\u00eds, las puertas han quedado cerradas.<br \/>\nQue se abuse de esos instrumentos, es inevitable. Tambi\u00e9n lo ha sido que se abuse de las dem\u00e1s conquistas de la civilizaci\u00f3n en el mundo jur\u00eddico. Se ha abusado, y se sigue abusando del <em>Habeas Corpus<\/em> y de la presunci\u00f3n de inocencia, por ejemplo. Pero eso no quiere decir que, entonces, deban desaparecer esas conquistas protectoras del derecho fundamental a la libertad.<br \/>\nTenemos que luchar, adem\u00e1s, porque los instrumentos del Derecho Internacional no est\u00e9n al servicio exclusivo de una filosof\u00eda pol\u00edtica, ni de determinados grupos, sino de todos.<\/p>\n<p>&nbsp;<\/p>\n<div id=\"attachment_11628\" style=\"width: 650px\" class=\"wp-caption aligncenter\"><img loading=\"lazy\" decoding=\"async\" aria-describedby=\"caption-attachment-11628\" class=\"size-large wp-image-11628\" title=\"ONU\" src=\"https:\/\/lapiedrafilosofal.com\/wp-content\/uploads\/2014\/03\/ONU-1024x640.jpg\" alt=\"\" width=\"640\" height=\"400\" srcset=\"https:\/\/oscarhumbertogomez.com\/wp-content\/uploads\/2014\/03\/ONU-1024x640.jpg 1024w, https:\/\/oscarhumbertogomez.com\/wp-content\/uploads\/2014\/03\/ONU-300x187.jpg 300w, https:\/\/oscarhumbertogomez.com\/wp-content\/uploads\/2014\/03\/ONU.jpg 1280w\" sizes=\"auto, (max-width: 640px) 100vw, 640px\" \/><p id=\"caption-attachment-11628\" class=\"wp-caption-text\">EMBLEMA DE LAS NACIONES UNIDAS. LA ONU REEMPLAZ\u00d3 A LA LIGA DE LAS NACIONES, QUE INTERVINO PARA DECIDIR LA GUERRA ENTRE COLOMBIA Y PER\u00da.<\/p><\/div>\n<p>&nbsp;<\/p>\n<p>De lo que se trata es de que el solo hecho de pertenecer a la gran familia humana, como resalta la Declaraci\u00f3n Universal de los Derechos Humanos, sirva como carta de presentaci\u00f3n m\u00e1s que suficiente para que las entidades internacionales se interesen en el caso que alguien ponga a su consideraci\u00f3n y, de ser justa la reclamaci\u00f3n, la atienda con la mayor celeridad posible.<br \/>\nPor lo dem\u00e1s, yerran quienes ven oposici\u00f3n entre la Constituci\u00f3n y los instrumentos del Derecho Internacional para cuestionar el que estos pretendan estar por encima de nuestra institucionalidad interna. Los instrumentos del Derecho Internacional est\u00e1n incorporados, de manera expresa, como parte integrante de nuestra Constituci\u00f3n, m\u00e1s concretamente de eso que ahora llaman el &#8220;Bloque de Constitucionalidad&#8221;, al igual que la Jurisprudencia Constitucional emanada de la Corte Constitucional, aspecto este \u00faltimo que, igualmente, algunos \u2014dentro de la propia institucionalidad e, incluso, dentro del propio Poder Judicial del Estado\u2014 pretenden desconocer.<\/p>\n<p>&nbsp;<\/p>\n<div id=\"attachment_11629\" style=\"width: 849px\" class=\"wp-caption aligncenter\"><img loading=\"lazy\" decoding=\"async\" aria-describedby=\"caption-attachment-11629\" class=\"size-full wp-image-11629\" title=\"HUGO GROCIO\" src=\"https:\/\/lapiedrafilosofal.com\/wp-content\/uploads\/2014\/03\/HUGO-GROCIO.jpg\" alt=\"\" width=\"839\" height=\"1000\" srcset=\"https:\/\/oscarhumbertogomez.com\/wp-content\/uploads\/2014\/03\/HUGO-GROCIO.jpg 839w, https:\/\/oscarhumbertogomez.com\/wp-content\/uploads\/2014\/03\/HUGO-GROCIO-251x300.jpg 251w\" sizes=\"auto, (max-width: 839px) 100vw, 839px\" \/><p id=\"caption-attachment-11629\" class=\"wp-caption-text\">HUGO GROCIO, JURISTA, POETA, HISTORIADOR, ESCRITOR, DIPLOM\u00c1TICO Y HUMANISTA HOLAND\u00c9S, PADRE DEL DERECHO INTERNACIONAL.<\/p><\/div>\n<p>&nbsp;<\/p>\n<p>Estamos irrestrictamente de parte del Derecho Internacional, otro valioso instrumento al servicio del ser humano en defensa de sus derechos frente al inmenso y avasallador poder\u00edo del Estado.<\/p>\n<p>&nbsp;<\/p>\n","protected":false},"excerpt":{"rendered":"<p>&nbsp; A los poderosos no les gusta que se les controle, ni que se les critique, mucho menos que se les impartan \u00f3rdenes, instrucciones o recomendaciones de ninguna \u00edndole. S\u00ed que menos, les agrada que se les condene. Los poderosos &hellip; <a href=\"https:\/\/oscarhumbertogomez.com\/?p=11613\">Sigue leyendo <span class=\"meta-nav\">&rarr;<\/span><\/a><\/p>\n<div class='heateorSssClear'><\/div><div  class='heateor_sss_sharing_container heateor_sss_horizontal_sharing' heateor-sss-data-href='https:\/\/oscarhumbertogomez.com\/?p=11613'><div class='heateor_sss_sharing_title' style=\"font-weight:bold\" >\u00a1Gracias por compartirla!<\/div><ul class=\"heateor_sss_sharing_ul\"><li class=\"heateorSssSharingRound\"><i style=\"width:35px;height:35px;border-radius:999px;\" alt=\"Facebook\" Title=\"Facebook\" class=\"heateorSssSharing heateorSssFacebookBackground\" onclick='heateorSssPopup(\"https:\/\/www.facebook.com\/sharer\/sharer.php?u=https%3A%2F%2Foscarhumbertogomez.com%2Findex.php%3Frest_route%3D%252Fwp%252Fv2%252Fposts%252F11613\")'><ss style=\"display:block;border-radius:999px;\" class=\"heateorSssSharingSvg heateorSssFacebookSvg\"><\/ss><\/i><\/li><li class=\"heateorSssSharingRound\"><i style=\"width:35px;height:35px;border-radius:999px;\" alt=\"Twitter\" Title=\"Twitter\" class=\"heateorSssSharing heateorSssTwitterBackground\" onclick='heateorSssPopup(\"http:\/\/twitter.com\/intent\/tweet?text=En%20defensa%20de%20la%20Comisi%C3%B3n%20Interamericana%20de%20Derechos%20Humanos%20y%20dem%C3%A1s%20instrumentos%20del%20Derecho%20Internacional.%20Por%20%C3%93scar%20Humberto%20G%C3%B3mez%20G%C3%B3mez&url=https%3A%2F%2Foscarhumbertogomez.com%2Findex.php%3Frest_route%3D%252Fwp%252Fv2%252Fposts%252F11613\")'><ss style=\"display:block;border-radius:999px;\" class=\"heateorSssSharingSvg heateorSssTwitterSvg\"><\/ss><\/i><\/li><li class=\"heateorSssSharingRound\"><i style=\"width:35px;height:35px;border-radius:999px;\" alt=\"Whatsapp\" Title=\"Whatsapp\" class=\"heateorSssSharing heateorSssWhatsappBackground\" onclick='heateorSssPopup(\"https:\/\/web.whatsapp.com\/send?text=En%20defensa%20de%20la%20Comisi%C3%B3n%20Interamericana%20de%20Derechos%20Humanos%20y%20dem%C3%A1s%20instrumentos%20del%20Derecho%20Internacional.%20Por%20%C3%93scar%20Humberto%20G%C3%B3mez%20G%C3%B3mez https%3A%2F%2Foscarhumbertogomez.com%2Findex.php%3Frest_route%3D%252Fwp%252Fv2%252Fposts%252F11613\")'><ss style=\"display:block\" class=\"heateorSssSharingSvg heateorSssWhatsappSvg\"><\/ss><\/i><\/li><li class=\"heateorSssSharingRound\"><i style=\"width:35px;height:35px;border-radius:999px;\" alt=\"Pinterest\" Title=\"Pinterest\" class=\"heateorSssSharing heateorSssPinterestBackground\" onclick=\"javascript:void( (function() {var e=document.createElement('script' );e.setAttribute('type','text\/javascript' );e.setAttribute('charset','UTF-8' );e.setAttribute('src','\/\/assets.pinterest.com\/js\/pinmarklet.js?r='+Math.random()*99999999);document.body.appendChild(e)})());\"><ss style=\"display:block;border-radius:999px;\" class=\"heateorSssSharingSvg heateorSssPinterestSvg\"><\/ss><\/i><\/li><li class=\"heateorSssSharingRound\"><i style=\"width:35px;height:35px;border-radius:999px;\" alt=\"Google Gmail\" Title=\"Google Gmail\" class=\"heateorSssSharing heateorSssGoogleGmailBackground\" onclick='heateorSssPopup(\"https:\/\/mail.google.com\/mail\/?ui=2&view=cm&fs=1&tf=1&su=En%20defensa%20de%20la%20Comisi%C3%B3n%20Interamericana%20de%20Derechos%20Humanos%20y%20dem%C3%A1s%20instrumentos%20del%20Derecho%20Internacional.%20Por%20%C3%93scar%20Humberto%20G%C3%B3mez%20G%C3%B3mez&body=Link:https%3A%2F%2Foscarhumbertogomez.com%2Findex.php%3Frest_route%3D%252Fwp%252Fv2%252Fposts%252F11613\")'><ss style=\"display:block;border-radius:999px;\" class=\"heateorSssSharingSvg heateorSssGoogleGmailSvg\"><\/ss><\/i><\/li><li class=\"heateorSssSharingRound\"><i style=\"width:35px;height:35px;border-radius:999px;\" title=\"More\" alt=\"More\" class=\"heateorSssSharing heateorSssMoreBackground\" onclick=\"heateorSssMoreSharingPopup(this, 'https:\/\/oscarhumbertogomez.com\/index.php?rest_route=%2Fwp%2Fv2%2Fposts%2F11613', 'En%20defensa%20de%20la%20Comisi%C3%B3n%20Interamericana%20de%20Derechos%20Humanos%20y%20dem%C3%A1s%20instrumentos%20del%20Derecho%20Internacional.%20Por%20%C3%93scar%20Humberto%20G%C3%B3mez%20G%C3%B3mez', '' )\" ><ss style=\"display:block\" class=\"heateorSssSharingSvg heateorSssMoreSvg\"><\/ss><\/i><\/li><\/ul><div class=\"heateorSssClear\"><\/div><\/div><div class='heateorSssClear'><\/div>","protected":false},"author":2,"featured_media":0,"comment_status":"closed","ping_status":"closed","sticky":false,"template":"","format":"standard","meta":{"spay_email":"","footnotes":""},"categories":[10],"tags":[],"class_list":["post-11613","post","type-post","status-publish","format-standard","hentry","category-derecho"],"jetpack_featured_media_url":"","jetpack_shortlink":"https:\/\/wp.me\/p1FYrr-31j","_links":{"self":[{"href":"https:\/\/oscarhumbertogomez.com\/index.php?rest_route=\/wp\/v2\/posts\/11613","targetHints":{"allow":["GET"]}}],"collection":[{"href":"https:\/\/oscarhumbertogomez.com\/index.php?rest_route=\/wp\/v2\/posts"}],"about":[{"href":"https:\/\/oscarhumbertogomez.com\/index.php?rest_route=\/wp\/v2\/types\/post"}],"author":[{"embeddable":true,"href":"https:\/\/oscarhumbertogomez.com\/index.php?rest_route=\/wp\/v2\/users\/2"}],"replies":[{"embeddable":true,"href":"https:\/\/oscarhumbertogomez.com\/index.php?rest_route=%2Fwp%2Fv2%2Fcomments&post=11613"}],"version-history":[{"count":4,"href":"https:\/\/oscarhumbertogomez.com\/index.php?rest_route=\/wp\/v2\/posts\/11613\/revisions"}],"predecessor-version":[{"id":50909,"href":"https:\/\/oscarhumbertogomez.com\/index.php?rest_route=\/wp\/v2\/posts\/11613\/revisions\/50909"}],"wp:attachment":[{"href":"https:\/\/oscarhumbertogomez.com\/index.php?rest_route=%2Fwp%2Fv2%2Fmedia&parent=11613"}],"wp:term":[{"taxonomy":"category","embeddable":true,"href":"https:\/\/oscarhumbertogomez.com\/index.php?rest_route=%2Fwp%2Fv2%2Fcategories&post=11613"},{"taxonomy":"post_tag","embeddable":true,"href":"https:\/\/oscarhumbertogomez.com\/index.php?rest_route=%2Fwp%2Fv2%2Ftags&post=11613"}],"curies":[{"name":"wp","href":"https:\/\/api.w.org\/{rel}","templated":true}]}}