{"id":11713,"date":"2014-04-06T15:16:03","date_gmt":"2014-04-06T20:16:03","guid":{"rendered":"http:\/\/www.oscarhumbertogomez.com\/?p=11713"},"modified":"2025-02-05T15:25:14","modified_gmt":"2025-02-05T20:25:14","slug":"reflexiones-acerca-de-la-tragedia-de-natalia-ponce-de-leon-informe-especial","status":"publish","type":"post","link":"https:\/\/oscarhumbertogomez.com\/?p=11713","title":{"rendered":"Reflexiones acerca de la tragedia de Natalia Ponce de Le\u00f3n. Por \u00d3scar Humberto G\u00f3mez G\u00f3mez"},"content":{"rendered":"<p><img loading=\"lazy\" decoding=\"async\" class=\"aligncenter size-full wp-image-11714\" title=\"Natalia-Ponce-549x345\" src=\"https:\/\/lapiedrafilosofal.com\/wp-content\/uploads\/2014\/04\/Natalia-Ponce-549x345.jpg\" alt=\"\" width=\"549\" height=\"345\" srcset=\"https:\/\/oscarhumbertogomez.com\/wp-content\/uploads\/2014\/04\/Natalia-Ponce-549x345.jpg 549w, https:\/\/oscarhumbertogomez.com\/wp-content\/uploads\/2014\/04\/Natalia-Ponce-549x345-300x188.jpg 300w\" sizes=\"auto, (max-width: 549px) 100vw, 549px\" \/><\/p>\n<p>&nbsp;<\/p>\n<p>El respeto por el rostro es la expresi\u00f3n m\u00e1s evidente de lo que es el respeto por la persona humana.<\/p>\n<p>Por eso, el abofetear a otro o el escupirlo en la cara es constitutivo de delito: del delito conocido como INJURIAS POR V\u00cdAS DE HECHO.<\/p>\n<p>Un ampl\u00edsimo sector del Islam no permite que se represente el rostro del profeta Mahoma, ni acepta la representaci\u00f3n del rostro de nadie. El sector que lo admite exige que se trate siempre de una representaci\u00f3n respetuosa.<\/p>\n<p>Con la sola excepci\u00f3n \u2014que sepamos\u2014 de la Iglesia Cat\u00f3lica, el cristianismo no permite que se represente el rostro de Dios.<\/p>\n<p>El rostro es lo que m\u00e1s nos identifica en nuestra individualidad como personas. En una fotograf\u00eda se pueden omitir las manos, los pies, el pecho, el abdomen, las piernas, los brazos, la espalda, todo, menos el rostro. De hecho, el rostro es lo \u00fanico que importa en los documentos oficiales.<\/p>\n<p>Los tratadistas de derecho abordan en sus estudios el derecho a la propia imagen como uno de los derechos fundamentales y personal\u00edsimos del ser humano.<\/p>\n<p>Ello explica el por qu\u00e9 nadie tiene por qu\u00e9 tomarle a uno fotograf\u00edas sin obtener previamente nuestro permiso.<\/p>\n<p>De ah\u00ed que lo que est\u00e1 sucediendo en el pa\u00eds resulta inadmisible y la ciudadan\u00eda debe salir a exigirle al Estado una verdadera POL\u00cdTICA CRIMINAL que contrarreste con eficacia un delito que, para nuestro infortunio, est\u00e1 en pleno crecimiento: el de desfigurar por siempre a los dem\u00e1s mediante el m\u00e9todo, escalofriantemente sencillo, de comprar un \u00e1cido \u2014cuyo precio es extremadamente barato y altamente f\u00e1cil su consecuci\u00f3n\u2014 y lanz\u00e1rselo a la cara o enviar a alguien a que lo haga.<\/p>\n<p>Lanzarle \u00e1cido a otro por el rostro es tan ruin, tan bajo, tan miserable, que pr\u00e1cticamente constituye, en nuestro sentir, la m\u00e1xima expresi\u00f3n del m\u00e1s profundo desprecio hacia la v\u00edctima, hacia sus seres queridos y, a trav\u00e9s de ellos, hacia todo el g\u00e9nero humano.<\/p>\n<p>A lo largo de nuestra vida hemos apoyado la posici\u00f3n abolicionista de la pena de muerte. Rememoramos c\u00f3mo en el ya lejano a\u00f1o 1980, junto a un grupo de quijotes integrado por Lucio Fernando Rueda Prada, \u00c1ngel Ovidio Vargas Gal\u00e1n, Ciro Antonio Cruz Osorio, Carlos Humberto Gonz\u00e1lez Arias y el finado Carlos Ariel Ortiz Serrano, organizamos y llevamos a cabo una conferencia &#8211; foro sobre LA PENA DE MUERTE en el Aula M\u00e1xima de la Universidad Aut\u00f3noma de Bucaramanga (UNAB). Eso no obsta para que consideremos saludable que se reabra la controversia.<\/p>\n<p>No ha debido, en efecto, retractarse el doctor Juan Gabriel Uribe, exdirector de EL NUEVO SIGLO y exministro de Estado. Ha debido, m\u00e1s bien, encender, de una vez por todas, el necesario e inaplazable debate p\u00fablico nacional sobre si la <strong>Ley del Tali\u00f3n<\/strong> y la <strong>pena de muerte<\/strong>, frente a delitos que implican tanta bajeza moral y tanta indolencia humana, deben ser reimplantadas en Colombia, pa\u00eds que abandon\u00f3 la segunda, m\u00e1s por razones pol\u00edticas que humanitarias. (Aunque tan solo constitucional y legalmente, porque en la pr\u00e1ctica la pena capital se sigue aplicando en eso que llaman &#8220;ejecuciones extrajudiciales&#8221;).<\/p>\n<p>De paso, hay que admitir que NO es cierto lo que se afirma en el sentido de que esas penas ya est\u00e1n superadas en &#8220;todo el mundo&#8221;. Quienes as\u00ed se pronuncian ignoran que el mundo no es todo cristiano, ni todo occidental. Por el contrario, en medio mundo, espec\u00edficamente en el mundo musulm\u00e1n, la pena de muerte y la Ley del Tali\u00f3n siguen rigiendo a plenitud.<\/p>\n<p>S\u00ed: ya es hora de que, en este pa\u00eds del mundo occidental y cristiano, se discuta p\u00fablica y nacionalmente si debemos volver a la pena de muerte y al &#8220;ojo por ojo y diente por diente&#8221; o si, por el contrario, debemos mantener la pena privativa de la libertad como la \u00fanica posible \u2014por atroces que sean los delitos y por evidentes y confesados que sean\u2014 junto a la multa y la indemnizaci\u00f3n de perjuicios. Multa e indemnizaci\u00f3n que, en la realidad, tampoco funcionan si el autor del delito no tiene recursos econ\u00f3micos con qu\u00e9 responder.<\/p>\n<p>No es cuesti\u00f3n de pedir penas ejemplarizantes al calor de la emoci\u00f3n del momento, sino de reflexionar hasta qu\u00e9 punto la pena privativa de la libertad como pena exclusiva est\u00e1 cumpliendo verdaderamente la funci\u00f3n INTIMIDATORIA de la pena, es decir, hasta qu\u00e9 punto el hecho de que los potenciales delincuentes sepan que, por grave que sea su delito, lo m\u00e1ximo que les har\u00e1n ser\u00e1 meterlos en una c\u00e1rcel, est\u00e1 sirviendo para disuadirlos o si, por el contrario, aquel perverso que prepara el \u00e1cido para lanz\u00e1rselo a uno de sus pr\u00f3jimos da por descontado \u2014y lo acepta\u2014 que mientras \u00e9l seguir\u00e1 viviendo dentro de un establecimiento carcelario durante algunos a\u00f1os y luego saldr\u00e1 libre, su v\u00edctima quedar\u00e1 desfigurada y con su vida hecha pedazos para siempre.<\/p>\n<p>Como lo se\u00f1ala EL TIEMPO en su espeluznante informe de hoy domingo, lo peor para las v\u00edctimas no es ni siquiera su terrible drama f\u00edsico, esto es, el quedar para toda la vida con sus rostros desfigurados por el \u00e1cido, sino la sensaci\u00f3n de que ni siquiera se hace justicia.<\/p>\n<p>Posiblemente no salgan airosas ni la pena capital ni la Ley del Tali\u00f3n.<\/p>\n<p>Pero s\u00ed es muy probable que el Estado se vea forzado a ponerle seriedad a la pena privativa de la libertad, convertida hoy en poco menos que una farsa.<\/p>\n<p>&nbsp;<\/p>\n","protected":false},"excerpt":{"rendered":"<p>&nbsp; El respeto por el rostro es la expresi\u00f3n m\u00e1s evidente de lo que es el respeto por la persona humana. Por eso, el abofetear a otro o el escupirlo en la cara es constitutivo de delito: del delito conocido &hellip; <a href=\"https:\/\/oscarhumbertogomez.com\/?p=11713\">Sigue leyendo <span class=\"meta-nav\">&rarr;<\/span><\/a><\/p>\n<div class='heateorSssClear'><\/div><div  class='heateor_sss_sharing_container heateor_sss_horizontal_sharing' heateor-sss-data-href='https:\/\/oscarhumbertogomez.com\/?p=11713'><div class='heateor_sss_sharing_title' style=\"font-weight:bold\" >\u00a1Gracias por compartirla!<\/div><ul class=\"heateor_sss_sharing_ul\"><li class=\"heateorSssSharingRound\"><i style=\"width:35px;height:35px;border-radius:999px;\" alt=\"Facebook\" Title=\"Facebook\" class=\"heateorSssSharing heateorSssFacebookBackground\" onclick='heateorSssPopup(\"https:\/\/www.facebook.com\/sharer\/sharer.php?u=https%3A%2F%2Foscarhumbertogomez.com%2Findex.php%3Frest_route%3D%252Fwp%252Fv2%252Fposts%252F11713\")'><ss style=\"display:block;border-radius:999px;\" class=\"heateorSssSharingSvg heateorSssFacebookSvg\"><\/ss><\/i><\/li><li class=\"heateorSssSharingRound\"><i style=\"width:35px;height:35px;border-radius:999px;\" alt=\"Twitter\" Title=\"Twitter\" class=\"heateorSssSharing heateorSssTwitterBackground\" onclick='heateorSssPopup(\"http:\/\/twitter.com\/intent\/tweet?text=Reflexiones%20acerca%20de%20la%20tragedia%20de%20Natalia%20Ponce%20de%20Le%C3%B3n.%20Por%20%C3%93scar%20Humberto%20G%C3%B3mez%20G%C3%B3mez&url=https%3A%2F%2Foscarhumbertogomez.com%2Findex.php%3Frest_route%3D%252Fwp%252Fv2%252Fposts%252F11713\")'><ss style=\"display:block;border-radius:999px;\" class=\"heateorSssSharingSvg heateorSssTwitterSvg\"><\/ss><\/i><\/li><li class=\"heateorSssSharingRound\"><i style=\"width:35px;height:35px;border-radius:999px;\" alt=\"Whatsapp\" Title=\"Whatsapp\" class=\"heateorSssSharing heateorSssWhatsappBackground\" onclick='heateorSssPopup(\"https:\/\/web.whatsapp.com\/send?text=Reflexiones%20acerca%20de%20la%20tragedia%20de%20Natalia%20Ponce%20de%20Le%C3%B3n.%20Por%20%C3%93scar%20Humberto%20G%C3%B3mez%20G%C3%B3mez https%3A%2F%2Foscarhumbertogomez.com%2Findex.php%3Frest_route%3D%252Fwp%252Fv2%252Fposts%252F11713\")'><ss style=\"display:block\" class=\"heateorSssSharingSvg heateorSssWhatsappSvg\"><\/ss><\/i><\/li><li class=\"heateorSssSharingRound\"><i style=\"width:35px;height:35px;border-radius:999px;\" alt=\"Pinterest\" Title=\"Pinterest\" class=\"heateorSssSharing heateorSssPinterestBackground\" onclick=\"javascript:void( (function() {var e=document.createElement('script' );e.setAttribute('type','text\/javascript' );e.setAttribute('charset','UTF-8' );e.setAttribute('src','\/\/assets.pinterest.com\/js\/pinmarklet.js?r='+Math.random()*99999999);document.body.appendChild(e)})());\"><ss style=\"display:block;border-radius:999px;\" class=\"heateorSssSharingSvg heateorSssPinterestSvg\"><\/ss><\/i><\/li><li class=\"heateorSssSharingRound\"><i style=\"width:35px;height:35px;border-radius:999px;\" alt=\"Google Gmail\" Title=\"Google Gmail\" class=\"heateorSssSharing heateorSssGoogleGmailBackground\" onclick='heateorSssPopup(\"https:\/\/mail.google.com\/mail\/?ui=2&view=cm&fs=1&tf=1&su=Reflexiones%20acerca%20de%20la%20tragedia%20de%20Natalia%20Ponce%20de%20Le%C3%B3n.%20Por%20%C3%93scar%20Humberto%20G%C3%B3mez%20G%C3%B3mez&body=Link:https%3A%2F%2Foscarhumbertogomez.com%2Findex.php%3Frest_route%3D%252Fwp%252Fv2%252Fposts%252F11713\")'><ss style=\"display:block;border-radius:999px;\" class=\"heateorSssSharingSvg heateorSssGoogleGmailSvg\"><\/ss><\/i><\/li><li class=\"heateorSssSharingRound\"><i style=\"width:35px;height:35px;border-radius:999px;\" title=\"More\" alt=\"More\" class=\"heateorSssSharing heateorSssMoreBackground\" onclick=\"heateorSssMoreSharingPopup(this, 'https:\/\/oscarhumbertogomez.com\/index.php?rest_route=%2Fwp%2Fv2%2Fposts%2F11713', 'Reflexiones%20acerca%20de%20la%20tragedia%20de%20Natalia%20Ponce%20de%20Le%C3%B3n.%20Por%20%C3%93scar%20Humberto%20G%C3%B3mez%20G%C3%B3mez', '' )\" ><ss style=\"display:block\" class=\"heateorSssSharingSvg heateorSssMoreSvg\"><\/ss><\/i><\/li><\/ul><div class=\"heateorSssClear\"><\/div><\/div><div class='heateorSssClear'><\/div>","protected":false},"author":2,"featured_media":0,"comment_status":"closed","ping_status":"closed","sticky":false,"template":"","format":"standard","meta":{"spay_email":"","footnotes":""},"categories":[1],"tags":[],"class_list":["post-11713","post","type-post","status-publish","format-standard","hentry","category-blog"],"jetpack_featured_media_url":"","jetpack_shortlink":"https:\/\/wp.me\/p1FYrr-32V","_links":{"self":[{"href":"https:\/\/oscarhumbertogomez.com\/index.php?rest_route=\/wp\/v2\/posts\/11713","targetHints":{"allow":["GET"]}}],"collection":[{"href":"https:\/\/oscarhumbertogomez.com\/index.php?rest_route=\/wp\/v2\/posts"}],"about":[{"href":"https:\/\/oscarhumbertogomez.com\/index.php?rest_route=\/wp\/v2\/types\/post"}],"author":[{"embeddable":true,"href":"https:\/\/oscarhumbertogomez.com\/index.php?rest_route=\/wp\/v2\/users\/2"}],"replies":[{"embeddable":true,"href":"https:\/\/oscarhumbertogomez.com\/index.php?rest_route=%2Fwp%2Fv2%2Fcomments&post=11713"}],"version-history":[{"count":6,"href":"https:\/\/oscarhumbertogomez.com\/index.php?rest_route=\/wp\/v2\/posts\/11713\/revisions"}],"predecessor-version":[{"id":50316,"href":"https:\/\/oscarhumbertogomez.com\/index.php?rest_route=\/wp\/v2\/posts\/11713\/revisions\/50316"}],"wp:attachment":[{"href":"https:\/\/oscarhumbertogomez.com\/index.php?rest_route=%2Fwp%2Fv2%2Fmedia&parent=11713"}],"wp:term":[{"taxonomy":"category","embeddable":true,"href":"https:\/\/oscarhumbertogomez.com\/index.php?rest_route=%2Fwp%2Fv2%2Fcategories&post=11713"},{"taxonomy":"post_tag","embeddable":true,"href":"https:\/\/oscarhumbertogomez.com\/index.php?rest_route=%2Fwp%2Fv2%2Ftags&post=11713"}],"curies":[{"name":"wp","href":"https:\/\/api.w.org\/{rel}","templated":true}]}}