{"id":11742,"date":"2014-04-09T14:28:37","date_gmt":"2014-04-09T19:28:37","guid":{"rendered":"http:\/\/www.oscarhumbertogomez.com\/?p=11742"},"modified":"2025-02-05T15:28:02","modified_gmt":"2025-02-05T20:28:02","slug":"murio-el-fotografo-periodista-historiador-escritor-y-compositor-santandereano-carlos-eslava-por-oscar-humberto-gomez-gomez","status":"publish","type":"post","link":"https:\/\/oscarhumbertogomez.com\/?p=11742","title":{"rendered":"Muri\u00f3 el fot\u00f3grafo, periodista, historiador, escritor y compositor santandereano don Carlos Eslava. Por \u00d3scar Humberto G\u00f3mez G\u00f3mez"},"content":{"rendered":"<div id=\"attachment_11743\" style=\"width: 650px\" class=\"wp-caption aligncenter\"><img loading=\"lazy\" decoding=\"async\" aria-describedby=\"caption-attachment-11743\" class=\"size-large wp-image-11743\" title=\"SONY DSC\" src=\"https:\/\/lapiedrafilosofal.com\/wp-content\/uploads\/2014\/04\/CARLOS-ESLAVA-702x1024.jpg\" alt=\"\" width=\"640\" height=\"933\" srcset=\"https:\/\/oscarhumbertogomez.com\/wp-content\/uploads\/2014\/04\/CARLOS-ESLAVA-702x1024.jpg 702w, https:\/\/oscarhumbertogomez.com\/wp-content\/uploads\/2014\/04\/CARLOS-ESLAVA-205x300.jpg 205w, https:\/\/oscarhumbertogomez.com\/wp-content\/uploads\/2014\/04\/CARLOS-ESLAVA.jpg 800w\" sizes=\"auto, (max-width: 640px) 100vw, 640px\" \/><p id=\"caption-attachment-11743\" class=\"wp-caption-text\">MAESTRO CARLOS ESLAVA FL\u00d3REZ, FOT\u00d3GRAFO, PERIODISTA, HISTORIADOR, ESCRITOR Y COMPOSITOR SANTANDEREANO<\/p><\/div>\n<p>&nbsp;<\/p>\n<p>Cuando, a pesar de las grandes adversidades que le opon\u00eda su salud quebrantada, atravesaba el oto\u00f1o de su existencia sin dejar de obsequiarnos la cotidiana amabilidad de su sonrisa; cuando, como si no hubiera dejado de ser nunca un cocacolo de veinte a\u00f1os, no le ve\u00eda problema alguno a trep\u00e1rsele a una avioneta y sobrevolar a bordo de ella su tierra santandereana para congelar dentro de su c\u00e1mara la realidad de hoy a fin de que la conocieran los hombres y mujeres del ma\u00f1ana; cuando su memoria l\u00facida le posibilitaba relatar, a veces balbuceando con dificultad las palabras, pero siempre emocionado, las vivencias pret\u00e9ritas de personajes y las situaciones y an\u00e9cdotas del ayer, a partir de las cuales se edific\u00f3 el devenir de Santander en el siglo XX, segmento del cual fue testigo y protagonista; cuando prepar\u00e1bamos la segunda edici\u00f3n de nuestra <em>Historia de Bucaramanga<\/em>&nbsp;y nos ilusionaba la perspectiva de que contar\u00edamos con sus fotograf\u00edas, las mismas que puso a nuestra disposici\u00f3n con el desconcertante desinter\u00e9s y el inmerecido aprecio que, gracias a Dios, alcanzamos a agradecerle p\u00fablicamente en aquella reuni\u00f3n inolvidable que, con el prop\u00f3sito de que las vi\u00e9ramos proyectadas, convoc\u00f3 su fiel aliado de aventuras a\u00e9reas y fotogr\u00e1ficas David Alberto Arias Mantilla, el joven y din\u00e1mico Presidente de la Sociedad Colombiana de Arquitectos Regional Santander, a quien la noticia infausta lo cogi\u00f3, como dicen en el b\u00e9isbol, fuera de base, pues se encontraba en San Jos\u00e9 de C\u00facuta atendiendo tareas inherentes al ejercicio sin pausa de la que, en el sentir de los masones, es la profesi\u00f3n de Dios; cuando a\u00fan no termin\u00e1bamos de disfrutar su gentil regalo de &#8220;Pequitas&#8221; y dem\u00e1s cantos emergidos de su pluma y de su talento innato como sensible compositor, Miembro Adherente de la Sociedad de Autores y Compositores de Colombia (SAYCO); cuando todav\u00eda ten\u00edamos frescas en la memoria sus recientes apariciones, flux impecable y sonrisa anchurosa a bordo, en las sesiones especiales de la Academia de Historia de Santander, en las que nosotros nos colg\u00e1bamos al cuello la venera y \u00e9l la m\u00e1quina de retratar; cuando no acab\u00e1bamos de entender el por qu\u00e9 de su tozuda posici\u00f3n contraria a la de los ecologistas en el complejo asunto de la explotaci\u00f3n minera del p\u00e1ramo; y cuando, en fin, a\u00fan exhib\u00eda, en toda su plenitud, la proverbial arrechera santandereana, al persistir en ponerle buena cara al mal tiempo de su enfermedad catastr\u00f3fica, la misma que lo hac\u00eda reflejar m\u00e1s a\u00f1os de los escasos 78 que apenas ten\u00eda, al atardecer de ayer el Maestro Carlos Eslava Fl\u00f3rez materializ\u00f3 la frase sempiterna de Atahualpa Yupanqui seg\u00fan la cual &#8220;<em>Cuando el hombre ya est\u00e1 cansado de vagar sobre la tierra, busca refugio debajo de ella&#8221;<\/em>.<\/p>\n<p>Pensamos, sin embargo, que si no hubiese sido por sus achaques, los mismos que siempre importunan a quienes m\u00e1s aman la vida y a quienes m\u00e1s hacen por su tierra y por sus semejantes, el fot\u00f3grafo, periodista, historiador, escritor y compositor que ayer dej\u00f3 de contar historias, de componer canciones y de congelar la vida con su c\u00e1mara para que la conocieran los del porvenir, se habr\u00eda vuelto a trepar en un helic\u00f3ptero o en una aeronave para seguir fotografiando su solar nativo, su entra\u00f1able terru\u00f1o santandereano, como cuando acompa\u00f1\u00f3 a Armando Puyana a descubrir desde el aire los peladeros de Ruitoque, donde, seg\u00fan el exitoso visionario se lo aseguraba, ante sus ojos esc\u00e9pticos y su sonrisa resignada, dizque se hallaba escondido el futuro.<\/p>\n<p>Nos honra haber sabido, y poder pregonarlo hoy sin rodeos, que fue un admirador y seguidor a ultranza de nuestro &#8220;Campesino embejucao&#8221;. Nos enorgullece haber tenido la oportunidad de conocerlo, de compartir con \u00e9l algunas pocas horas de informal tertulia hist\u00f3rica y de que nos haya hecho el honor inmenso de poner a nuestra disposici\u00f3n su archivo fotogr\u00e1fico o, como le dijimos aquella noche, todo cuanto hizo en su vida como artista de la imagen. &nbsp;Nos complace haberlo le\u00eddo, y m\u00e1s nos complace casi nunca haber estado de acuerdo con \u00e9l, porque eso nos demuestra que con el paso de los a\u00f1os pudimos alcanzar el sue\u00f1o esquivo de llegar a ser tolerantes con los dem\u00e1s, pero de manera muy especial con la gente que no por discrepar de lo que nosotros pensamos ha de dejar de ser valiosa y destinataria de nuestro imperecedero afecto.<\/p>\n<p>Para finalizar, perm\u00edtaseme la inmodestia de usar la primera persona del singular y contar una an\u00e9cdota personal. Una noche, en la Casa de Bol\u00edvar, lo salud\u00e9 dici\u00e9ndole: &#8220;\u00a1Hola, Maestro Carlos!&#8221;.<\/p>\n<p>&#8220;Carlos, Carlos \u2014me corrigi\u00f3 \u00e9l sonriendo y estrech\u00e1ndome la mano\u2014. Yo soy Carlos. El Maestro es usted&#8221;.<\/p>\n<p>Que nuestro buen Dios lo reciba en su santa gloria, maestro Carlos.<\/p>\n<p>&nbsp;<\/p>\n","protected":false},"excerpt":{"rendered":"<p>&nbsp; Cuando, a pesar de las grandes adversidades que le opon\u00eda su salud quebrantada, atravesaba el oto\u00f1o de su existencia sin dejar de obsequiarnos la cotidiana amabilidad de su sonrisa; cuando, como si no hubiera dejado de ser nunca un &hellip; <a href=\"https:\/\/oscarhumbertogomez.com\/?p=11742\">Sigue leyendo <span class=\"meta-nav\">&rarr;<\/span><\/a><\/p>\n<div class='heateorSssClear'><\/div><div  class='heateor_sss_sharing_container heateor_sss_horizontal_sharing' heateor-sss-data-href='https:\/\/oscarhumbertogomez.com\/?p=11742'><div class='heateor_sss_sharing_title' style=\"font-weight:bold\" >\u00a1Gracias por compartirla!<\/div><ul class=\"heateor_sss_sharing_ul\"><li class=\"heateorSssSharingRound\"><i style=\"width:35px;height:35px;border-radius:999px;\" alt=\"Facebook\" Title=\"Facebook\" class=\"heateorSssSharing heateorSssFacebookBackground\" onclick='heateorSssPopup(\"https:\/\/www.facebook.com\/sharer\/sharer.php?u=https%3A%2F%2Foscarhumbertogomez.com%2Findex.php%3Frest_route%3D%252Fwp%252Fv2%252Fposts%252F11742\")'><ss style=\"display:block;border-radius:999px;\" class=\"heateorSssSharingSvg heateorSssFacebookSvg\"><\/ss><\/i><\/li><li class=\"heateorSssSharingRound\"><i style=\"width:35px;height:35px;border-radius:999px;\" alt=\"Twitter\" Title=\"Twitter\" class=\"heateorSssSharing heateorSssTwitterBackground\" onclick='heateorSssPopup(\"http:\/\/twitter.com\/intent\/tweet?text=Muri%C3%B3%20el%20fot%C3%B3grafo%2C%20periodista%2C%20historiador%2C%20escritor%20y%20compositor%20santandereano%20don%20Carlos%20Eslava.%20Por%20%C3%93scar%20Humberto%20G%C3%B3mez%20G%C3%B3mez&url=https%3A%2F%2Foscarhumbertogomez.com%2Findex.php%3Frest_route%3D%252Fwp%252Fv2%252Fposts%252F11742\")'><ss style=\"display:block;border-radius:999px;\" class=\"heateorSssSharingSvg heateorSssTwitterSvg\"><\/ss><\/i><\/li><li class=\"heateorSssSharingRound\"><i style=\"width:35px;height:35px;border-radius:999px;\" alt=\"Whatsapp\" Title=\"Whatsapp\" class=\"heateorSssSharing heateorSssWhatsappBackground\" onclick='heateorSssPopup(\"https:\/\/web.whatsapp.com\/send?text=Muri%C3%B3%20el%20fot%C3%B3grafo%2C%20periodista%2C%20historiador%2C%20escritor%20y%20compositor%20santandereano%20don%20Carlos%20Eslava.%20Por%20%C3%93scar%20Humberto%20G%C3%B3mez%20G%C3%B3mez https%3A%2F%2Foscarhumbertogomez.com%2Findex.php%3Frest_route%3D%252Fwp%252Fv2%252Fposts%252F11742\")'><ss style=\"display:block\" class=\"heateorSssSharingSvg heateorSssWhatsappSvg\"><\/ss><\/i><\/li><li class=\"heateorSssSharingRound\"><i style=\"width:35px;height:35px;border-radius:999px;\" alt=\"Pinterest\" Title=\"Pinterest\" class=\"heateorSssSharing heateorSssPinterestBackground\" onclick=\"javascript:void( (function() {var e=document.createElement('script' );e.setAttribute('type','text\/javascript' );e.setAttribute('charset','UTF-8' );e.setAttribute('src','\/\/assets.pinterest.com\/js\/pinmarklet.js?r='+Math.random()*99999999);document.body.appendChild(e)})());\"><ss style=\"display:block;border-radius:999px;\" class=\"heateorSssSharingSvg heateorSssPinterestSvg\"><\/ss><\/i><\/li><li class=\"heateorSssSharingRound\"><i style=\"width:35px;height:35px;border-radius:999px;\" alt=\"Google Gmail\" Title=\"Google Gmail\" class=\"heateorSssSharing heateorSssGoogleGmailBackground\" onclick='heateorSssPopup(\"https:\/\/mail.google.com\/mail\/?ui=2&view=cm&fs=1&tf=1&su=Muri%C3%B3%20el%20fot%C3%B3grafo%2C%20periodista%2C%20historiador%2C%20escritor%20y%20compositor%20santandereano%20don%20Carlos%20Eslava.%20Por%20%C3%93scar%20Humberto%20G%C3%B3mez%20G%C3%B3mez&body=Link:https%3A%2F%2Foscarhumbertogomez.com%2Findex.php%3Frest_route%3D%252Fwp%252Fv2%252Fposts%252F11742\")'><ss style=\"display:block;border-radius:999px;\" class=\"heateorSssSharingSvg heateorSssGoogleGmailSvg\"><\/ss><\/i><\/li><li class=\"heateorSssSharingRound\"><i style=\"width:35px;height:35px;border-radius:999px;\" title=\"More\" alt=\"More\" class=\"heateorSssSharing heateorSssMoreBackground\" onclick=\"heateorSssMoreSharingPopup(this, 'https:\/\/oscarhumbertogomez.com\/index.php?rest_route=%2Fwp%2Fv2%2Fposts%2F11742', 'Muri%C3%B3%20el%20fot%C3%B3grafo%2C%20periodista%2C%20historiador%2C%20escritor%20y%20compositor%20santandereano%20don%20Carlos%20Eslava.%20Por%20%C3%93scar%20Humberto%20G%C3%B3mez%20G%C3%B3mez', '' )\" ><ss style=\"display:block\" class=\"heateorSssSharingSvg heateorSssMoreSvg\"><\/ss><\/i><\/li><\/ul><div class=\"heateorSssClear\"><\/div><\/div><div class='heateorSssClear'><\/div>","protected":false},"author":2,"featured_media":0,"comment_status":"closed","ping_status":"closed","sticky":false,"template":"","format":"standard","meta":{"spay_email":"","footnotes":""},"categories":[1],"tags":[],"class_list":["post-11742","post","type-post","status-publish","format-standard","hentry","category-blog"],"jetpack_featured_media_url":"","jetpack_shortlink":"https:\/\/wp.me\/p1FYrr-33o","_links":{"self":[{"href":"https:\/\/oscarhumbertogomez.com\/index.php?rest_route=\/wp\/v2\/posts\/11742","targetHints":{"allow":["GET"]}}],"collection":[{"href":"https:\/\/oscarhumbertogomez.com\/index.php?rest_route=\/wp\/v2\/posts"}],"about":[{"href":"https:\/\/oscarhumbertogomez.com\/index.php?rest_route=\/wp\/v2\/types\/post"}],"author":[{"embeddable":true,"href":"https:\/\/oscarhumbertogomez.com\/index.php?rest_route=\/wp\/v2\/users\/2"}],"replies":[{"embeddable":true,"href":"https:\/\/oscarhumbertogomez.com\/index.php?rest_route=%2Fwp%2Fv2%2Fcomments&post=11742"}],"version-history":[{"count":5,"href":"https:\/\/oscarhumbertogomez.com\/index.php?rest_route=\/wp\/v2\/posts\/11742\/revisions"}],"predecessor-version":[{"id":50318,"href":"https:\/\/oscarhumbertogomez.com\/index.php?rest_route=\/wp\/v2\/posts\/11742\/revisions\/50318"}],"wp:attachment":[{"href":"https:\/\/oscarhumbertogomez.com\/index.php?rest_route=%2Fwp%2Fv2%2Fmedia&parent=11742"}],"wp:term":[{"taxonomy":"category","embeddable":true,"href":"https:\/\/oscarhumbertogomez.com\/index.php?rest_route=%2Fwp%2Fv2%2Fcategories&post=11742"},{"taxonomy":"post_tag","embeddable":true,"href":"https:\/\/oscarhumbertogomez.com\/index.php?rest_route=%2Fwp%2Fv2%2Ftags&post=11742"}],"curies":[{"name":"wp","href":"https:\/\/api.w.org\/{rel}","templated":true}]}}