{"id":11752,"date":"2014-04-09T18:46:46","date_gmt":"2014-04-09T23:46:46","guid":{"rendered":"http:\/\/www.oscarhumbertogomez.com\/?p=11752"},"modified":"2025-03-30T13:48:12","modified_gmt":"2025-03-30T18:48:12","slug":"nuestro-homenaje-al-maestro-carlos-eslava-por-rafael-serrano-prada","status":"publish","type":"post","link":"https:\/\/oscarhumbertogomez.com\/?p=11752","title":{"rendered":"Nuestro homenaje al maestro Carlos Eslava. Por Rafael Serrano Prada"},"content":{"rendered":"<div id=\"attachment_11743\" style=\"width: 650px\" class=\"wp-caption aligncenter\"><img loading=\"lazy\" decoding=\"async\" aria-describedby=\"caption-attachment-11743\" class=\"size-large wp-image-11743\" src=\"https:\/\/oscarhumbertogomez.com\/wp-content\/uploads\/2014\/04\/CARLOS-ESLAVA-702x1024.jpg\" alt=\"\" width=\"640\" height=\"934\" srcset=\"https:\/\/oscarhumbertogomez.com\/wp-content\/uploads\/2014\/04\/CARLOS-ESLAVA-702x1024.jpg 702w, https:\/\/oscarhumbertogomez.com\/wp-content\/uploads\/2014\/04\/CARLOS-ESLAVA-205x300.jpg 205w, https:\/\/oscarhumbertogomez.com\/wp-content\/uploads\/2014\/04\/CARLOS-ESLAVA.jpg 800w\" sizes=\"auto, (max-width: 640px) 100vw, 640px\" \/><p id=\"caption-attachment-11743\" class=\"wp-caption-text\">MAESTRO CARLOS ESLAVA FL\u00d3REZ, REPORTERO GR\u00c1FICO SANTANDEREANO<\/p><\/div>\n<p>&nbsp;<\/p>\n<p>Persiguiendo paisajes para colocarlos en la lente de su poderosa c\u00e1mara fotogr\u00e1fica fue sorprendido ayer nuestro querido amigo y colaborador, don Carlos Eslava Fl\u00f3rez, un enamorado de la vida y un exquisito estratega de la comunicaci\u00f3n social, que recogi\u00f3 en el oficio de \u201cReportero Fisg\u00f3n\u201d, \u2014 como era su seud\u00f3nimo \u2013 las m\u00e1s bellas estampas de la historia santandereana en los momentos estelares de su diamantina carrera profesional.<\/p>\n<p>El paso del tiempo se encargar\u00e1 de valorizar su obra, compuesta por retratos de hechos, lugares y circunstancias que marcaron la magnificencia de la tierra amada, donde escoll\u00f3 tambi\u00e9n como compositor de grata inspiraci\u00f3n, que le cant\u00f3 a la vida, al amor, a su hogar bendito, donde al lado de su esposa Luisa Emma Uribe, nacieron y crecieron sus hijos Luis Carlos, Vilma Roc\u00edo, Sergio Fernando y Herman Eduardo, todos ellos poseedores de las virtudes de su estirpe.<\/p>\n<p>Durante los 78 a\u00f1os de su meritoria existencia, Carlos Eslava Fl\u00f3rez se acredit\u00f3 como el retratista m\u00e1s famoso del departamento, empe\u00f1ado en recoger los momentos cruciales de la vida social, administrativa y pol\u00edtica del departamento. En su reportaje premonitorio, que se reproduce en esta edici\u00f3n del diario EL FRENTE, Eslava le cont\u00f3 al periodista Camilo Silvera Rueda las m\u00e1s grandes experiencias de su vida, su emoci\u00f3n por el paisaje, su inter\u00e9s por la lucha que libraban los pueblos mineros de Santurb\u00e1n para reclamar sus derechos.<\/p>\n<p>En esta casa editorial se publicaron numerosas p\u00e1ginas, producto de su iniciativa art\u00edstica, para mostrar los paisajes de Santander, las estampas de sus mejores l\u00edderes, la cosecha de los campesinos que fluyen de sus estancias y las dificultades de los estudiantes de su \u00e9poca.<\/p>\n<p>Los recuerdos de la infancia en la poblaci\u00f3n de Onzaga, la tierra de sus mayores, de la que hizo un templo en su coraz\u00f3n para contribuir a su progreso. Su internado en la Escuela Apost\u00f3lica de Zapatoca, cuando sus padres quisieron que fuera sacerdote y su permanencia en el colegio universitario del Socorro, en tiempos de hegemon\u00edas ya proscritas, donde a los j\u00f3venes estudiantes se les preguntaba su credo pol\u00edtico y la forma de pensamiento de sus padres.<\/p>\n<p>En sus archivos reposan las fotograf\u00edas de ilustres l\u00edderes de la naci\u00f3n, aquellas que le cuentan a Santander c\u00f3mo fue la proeza de construir el aeropuerto internacional Palonegro, inaugurado en 1974, en cuya obra fara\u00f3nica el ex presidente Carlos Lleras Restrepo le rindi\u00f3 el m\u00e1s grande homenaje a nuestro departamento; c\u00f3mo fue la construcci\u00f3n del Estadio Departamental Alfonso L\u00f3pez, bajo el liderazgo del ex alcalde de Bucaramanga y ex gobernador de Santander, Rafael Ernesto P\u00e9rez Mart\u00ednez; en qu\u00e9 momento acompa\u00f1\u00f3 a Luis Carlos Gal\u00e1n Sarmiento para recibir el respaldo pol\u00edtico de liberales y conservadores de Onzaga, que se vincularon a la causa pol\u00edtica del joven caudillo.<\/p>\n<p>Su archivo fotogr\u00e1fico tiene un valor hist\u00f3rico inconmensurable. Carlos Eslava Fl\u00f3rez era el \u00faltimo de los grandes reporteros de su generaci\u00f3n. Varios gobernadores de Santander premiaron su obra, apoyando la edici\u00f3n de valiosos libros, entre los cuales se destaca \u201cBarrancabermeja, coraz\u00f3n energ\u00e9tico de Colombia\u201d.<\/p>\n<p>La inspiraci\u00f3n art\u00edstica lo llev\u00f3 a elaborar la canci\u00f3n m\u00e1s bella dedicada a la \u201cEsposa de Dios\u201d, que le mereci\u00f3 ingresar a la Sociedad de Autores y compositores de Colombia \u2013SAYCO. Recorriendo los caminos de Santander repet\u00eda con frecuencia que todav\u00eda le faltaba mucho tiempo para retratar los paisajes de nuestro departamento, algunos de ellos en el Ca\u00f1\u00f3n del Chicamocha y en el Ca\u00f1\u00f3n del r\u00edo Sogamoso, que servir\u00e1 de escenario a la represa de la gran central hidroel\u00e9ctrica que se construye en nuestro territorio.<\/p>\n<p>Desde estas l\u00edneas queremos rendirle homenaje de gratitud y reconocimiento a su memoria, porque Carlos Eslava Fl\u00f3rez deja una huella profunda en la prensa santandereana, que habr\u00e1 de despedirlo con todos los honores. Muri\u00f3 tranquilo, conversando con los m\u00e9dicos de Saludcoop, que realizaron sobrehumanos esfuerzos para salvarle la vida. Acompa\u00f1amos la velaci\u00f3n que se cumple en la Funeraria Los Olivos para rendirle el homenaje al pr\u00edncipe de la fotograf\u00eda, que se march\u00f3 para el cielo a continuar el oficio.<\/p>\n<p>_________<\/p>\n<p>&nbsp;<\/p>\n<p><strong>RAFAEL SERRANO PRADA<\/strong>.\u2013 Periodista y pol\u00edtico santandereano. Director del diario EL FRENTE.<\/p>\n<p>&nbsp;<\/p>\n","protected":false},"excerpt":{"rendered":"<p>&nbsp; Persiguiendo paisajes para colocarlos en la lente de su poderosa c\u00e1mara fotogr\u00e1fica fue sorprendido ayer nuestro querido amigo y colaborador, don Carlos Eslava Fl\u00f3rez, un enamorado de la vida y un exquisito estratega de la comunicaci\u00f3n social, que recogi\u00f3 &hellip; <a href=\"https:\/\/oscarhumbertogomez.com\/?p=11752\">Sigue leyendo <span class=\"meta-nav\">&rarr;<\/span><\/a><\/p>\n<div class='heateorSssClear'><\/div><div  class='heateor_sss_sharing_container heateor_sss_horizontal_sharing' heateor-sss-data-href='https:\/\/oscarhumbertogomez.com\/?p=11752'><div class='heateor_sss_sharing_title' style=\"font-weight:bold\" >\u00a1Gracias por compartirla!<\/div><ul class=\"heateor_sss_sharing_ul\"><li class=\"heateorSssSharingRound\"><i style=\"width:35px;height:35px;border-radius:999px;\" alt=\"Facebook\" Title=\"Facebook\" class=\"heateorSssSharing heateorSssFacebookBackground\" onclick='heateorSssPopup(\"https:\/\/www.facebook.com\/sharer\/sharer.php?u=https%3A%2F%2Foscarhumbertogomez.com%2Findex.php%3Frest_route%3D%252Fwp%252Fv2%252Fposts%252F11752\")'><ss style=\"display:block;border-radius:999px;\" class=\"heateorSssSharingSvg heateorSssFacebookSvg\"><\/ss><\/i><\/li><li class=\"heateorSssSharingRound\"><i style=\"width:35px;height:35px;border-radius:999px;\" alt=\"Twitter\" Title=\"Twitter\" class=\"heateorSssSharing heateorSssTwitterBackground\" onclick='heateorSssPopup(\"http:\/\/twitter.com\/intent\/tweet?text=Nuestro%20homenaje%20al%20maestro%20Carlos%20Eslava.%20Por%20Rafael%20Serrano%20Prada&url=https%3A%2F%2Foscarhumbertogomez.com%2Findex.php%3Frest_route%3D%252Fwp%252Fv2%252Fposts%252F11752\")'><ss style=\"display:block;border-radius:999px;\" class=\"heateorSssSharingSvg heateorSssTwitterSvg\"><\/ss><\/i><\/li><li class=\"heateorSssSharingRound\"><i style=\"width:35px;height:35px;border-radius:999px;\" alt=\"Whatsapp\" Title=\"Whatsapp\" class=\"heateorSssSharing heateorSssWhatsappBackground\" onclick='heateorSssPopup(\"https:\/\/web.whatsapp.com\/send?text=Nuestro%20homenaje%20al%20maestro%20Carlos%20Eslava.%20Por%20Rafael%20Serrano%20Prada https%3A%2F%2Foscarhumbertogomez.com%2Findex.php%3Frest_route%3D%252Fwp%252Fv2%252Fposts%252F11752\")'><ss style=\"display:block\" class=\"heateorSssSharingSvg heateorSssWhatsappSvg\"><\/ss><\/i><\/li><li class=\"heateorSssSharingRound\"><i style=\"width:35px;height:35px;border-radius:999px;\" alt=\"Pinterest\" Title=\"Pinterest\" class=\"heateorSssSharing heateorSssPinterestBackground\" onclick=\"javascript:void( (function() {var e=document.createElement('script' );e.setAttribute('type','text\/javascript' );e.setAttribute('charset','UTF-8' );e.setAttribute('src','\/\/assets.pinterest.com\/js\/pinmarklet.js?r='+Math.random()*99999999);document.body.appendChild(e)})());\"><ss style=\"display:block;border-radius:999px;\" class=\"heateorSssSharingSvg heateorSssPinterestSvg\"><\/ss><\/i><\/li><li class=\"heateorSssSharingRound\"><i style=\"width:35px;height:35px;border-radius:999px;\" alt=\"Google Gmail\" Title=\"Google Gmail\" class=\"heateorSssSharing heateorSssGoogleGmailBackground\" onclick='heateorSssPopup(\"https:\/\/mail.google.com\/mail\/?ui=2&view=cm&fs=1&tf=1&su=Nuestro%20homenaje%20al%20maestro%20Carlos%20Eslava.%20Por%20Rafael%20Serrano%20Prada&body=Link:https%3A%2F%2Foscarhumbertogomez.com%2Findex.php%3Frest_route%3D%252Fwp%252Fv2%252Fposts%252F11752\")'><ss style=\"display:block;border-radius:999px;\" class=\"heateorSssSharingSvg heateorSssGoogleGmailSvg\"><\/ss><\/i><\/li><li class=\"heateorSssSharingRound\"><i style=\"width:35px;height:35px;border-radius:999px;\" title=\"More\" alt=\"More\" class=\"heateorSssSharing heateorSssMoreBackground\" onclick=\"heateorSssMoreSharingPopup(this, 'https:\/\/oscarhumbertogomez.com\/index.php?rest_route=%2Fwp%2Fv2%2Fposts%2F11752', 'Nuestro%20homenaje%20al%20maestro%20Carlos%20Eslava.%20Por%20Rafael%20Serrano%20Prada', '' )\" ><ss style=\"display:block\" class=\"heateorSssSharingSvg heateorSssMoreSvg\"><\/ss><\/i><\/li><\/ul><div class=\"heateorSssClear\"><\/div><\/div><div class='heateorSssClear'><\/div>","protected":false},"author":2,"featured_media":0,"comment_status":"closed","ping_status":"closed","sticky":false,"template":"","format":"standard","meta":{"spay_email":"","footnotes":""},"categories":[6],"tags":[],"class_list":["post-11752","post","type-post","status-publish","format-standard","hentry","category-la-pluma-ajena"],"jetpack_featured_media_url":"","jetpack_shortlink":"https:\/\/wp.me\/p1FYrr-33y","_links":{"self":[{"href":"https:\/\/oscarhumbertogomez.com\/index.php?rest_route=\/wp\/v2\/posts\/11752","targetHints":{"allow":["GET"]}}],"collection":[{"href":"https:\/\/oscarhumbertogomez.com\/index.php?rest_route=\/wp\/v2\/posts"}],"about":[{"href":"https:\/\/oscarhumbertogomez.com\/index.php?rest_route=\/wp\/v2\/types\/post"}],"author":[{"embeddable":true,"href":"https:\/\/oscarhumbertogomez.com\/index.php?rest_route=\/wp\/v2\/users\/2"}],"replies":[{"embeddable":true,"href":"https:\/\/oscarhumbertogomez.com\/index.php?rest_route=%2Fwp%2Fv2%2Fcomments&post=11752"}],"version-history":[{"count":5,"href":"https:\/\/oscarhumbertogomez.com\/index.php?rest_route=\/wp\/v2\/posts\/11752\/revisions"}],"predecessor-version":[{"id":53157,"href":"https:\/\/oscarhumbertogomez.com\/index.php?rest_route=\/wp\/v2\/posts\/11752\/revisions\/53157"}],"wp:attachment":[{"href":"https:\/\/oscarhumbertogomez.com\/index.php?rest_route=%2Fwp%2Fv2%2Fmedia&parent=11752"}],"wp:term":[{"taxonomy":"category","embeddable":true,"href":"https:\/\/oscarhumbertogomez.com\/index.php?rest_route=%2Fwp%2Fv2%2Fcategories&post=11752"},{"taxonomy":"post_tag","embeddable":true,"href":"https:\/\/oscarhumbertogomez.com\/index.php?rest_route=%2Fwp%2Fv2%2Ftags&post=11752"}],"curies":[{"name":"wp","href":"https:\/\/api.w.org\/{rel}","templated":true}]}}