{"id":11891,"date":"2014-04-23T07:22:54","date_gmt":"2014-04-23T12:22:54","guid":{"rendered":"http:\/\/www.oscarhumbertogomez.com\/?p=11891"},"modified":"2025-03-30T14:03:34","modified_gmt":"2025-03-30T19:03:34","slug":"23-de-abril-dia-del-idioma-espanol-por-manuel-enrique-rey","status":"publish","type":"post","link":"https:\/\/oscarhumbertogomez.com\/?p=11891","title":{"rendered":"23 de abril, D\u00eda del Idioma Espa\u00f1ol. Por Manuel Enrique Rey Sanmiguel"},"content":{"rendered":"<p><img decoding=\"async\" class=\"aligncenter size-full wp-image-16785\" title=\"Manuel Enrique\" src=\"https:\/\/lapiedrafilosofal.com\/wp-content\/uploads\/2015\/05\/Manuel-Enrique.jpg\" alt=\"\" width=\"500\" srcset=\"https:\/\/oscarhumbertogomez.com\/wp-content\/uploads\/2015\/05\/Manuel-Enrique.jpg 224w, https:\/\/oscarhumbertogomez.com\/wp-content\/uploads\/2015\/05\/Manuel-Enrique-209x300.jpg 209w\" sizes=\"(max-width: 224px) 100vw, 224px\" \/> <strong><\/strong><\/p>\n<p>&nbsp;<\/p>\n<p>Una situaci\u00f3n, aberrante y de abandono que en su tiempo y lugar pudo haberle sucedido a cualquier ni\u00f1ito reci\u00e9n nacido, fue la revelada a trav\u00e9s del episodio de la experiencia ling\u00fc\u00edstica evolutiva que sucedi\u00f3 con el idioma espa\u00f1ol.<\/p>\n<p>Al nacer, nadie quer\u00eda comprenderlo por balbuciente y andrajoso, por sus morfemas y lexemas que aparec\u00edan gru\u00f1onas. Era un exp\u00f3sito que hablaba mal. Ultrajado en su ni\u00f1ez por autoritarios gendarmes vestidos hasta los tu\u00e9tanos a la usanza militar de un imperio, si alguna vez lo amamantaron en orfandad fue de palabras mal dichas. Sus putativos eran unos prepotentes legionarios que se hac\u00edan llamar romanos que se entend\u00edan entre ellos en lat\u00edn vulgar callejero; luego vino el gracejo y el chascarrillo proveniente de guerreros con atuendo de cimitarra y turbante, de daga y caballo, de la jineta veloz, de la oraci\u00f3n del almuec\u00edn y de escritos del Cor\u00e1n; y de nuevo, unos guerreros venidos de oriente, a quienes dif\u00edcil era comprenderlos por lo que se dec\u00edan entre ellos, y m\u00e1s a\u00fan por lo que escrib\u00edan. Esa pl\u00e9yade, trat\u00f3 de nuevo de absorber y hacerse al bot\u00edn consistente de las pocas palabras que en sintaxis compasiva trataba de guardar para que no se las hurtaran, o las acabaran con el nuevo maltrato ling\u00fcista. Cansado al fin de tanto maledicente, pens\u00f3 en arromanzarse con quien primero tuviese la osad\u00eda de proponerle amores: el lat\u00edn. Lamentable es decirlo, de todas sus vertientes, con la m\u00e1s mal hablada. Un lenguaje primitivo y arcaico que apenas cohabit\u00f3 en la antesala del espa\u00f1ol, como anunciara el poeta y como si fuese una chanza: \u201cal estar satisfechas esas ansias m\u00edas, de tu orgullo pueril tom\u00f3 venganza\u201d.<\/p>\n<p>La venganza consistir\u00eda en tornarse en castellano medieval y pulirse en cenobios, castillos y palacios, con arzobispos y obispos, abades y se\u00f1ores feudales, reyes y andariegos. De esa forma transformar\u00eda su atuendo de harapos andrajosos, en voces y dicciones agradables, euf\u00f3nicas, castizas, y entonces s\u00ed\u2026 procurar expandirse para dedicarse a potenciar su argot, al tiempo que visitaba sitios extra\u00f1os y naturales para buscar complemento en habladur\u00edas regionales, contaminarse con un sinf\u00edn de dialectos ind\u00edgenas inimaginables, y luego\u2026 florecer y fructificar cada d\u00eda, eso s\u00ed, con gran se\u00f1or\u00edo, convirti\u00e9ndose en una de las lenguas m\u00e1s importantes habladas en el planeta, de las mejor escritas. Una de las m\u00e1s trascendentes allende todos los mares y todos los aires, la sol\u00edcita de poetas y narradores, por cuenteros y pol\u00edticos, por magos y dicharacheros; una de las m\u00e1s traducidas a otras lenguas para no morir de inanici\u00f3n regional, por la inevitable entrop\u00eda que cal\u00f3ricamente todo nivela.<\/p>\n<p>Ni qu\u00e9 decir del acento de sus versos entonados por togados, por tonsurados, por bardos y acad\u00e9micos, quienes para expresarse con las diversas ataduras que ofrece su conocimiento acuden a ella, por haberse constituido su lenguaje con l\u00e9xico abundante, que al componerse en sentencias gramaticales de gran altura y se\u00f1or\u00edo, al ser narradas, puedan considerarse por el habla, en seres cultos, en los mejor entendibles del planeta.<\/p>\n<p>___________<\/p>\n<p>&nbsp;<\/p>\n<p><strong>MANUEL ENRIQUE REY.\u2014<\/strong> Ingeniero qu\u00edmico de la Universidad Nacional. Miembro Correspondiente de la Academia de Historia de Santander.<\/p>\n<p>&nbsp;<\/p>\n","protected":false},"excerpt":{"rendered":"<p>&nbsp; Una situaci\u00f3n, aberrante y de abandono que en su tiempo y lugar pudo haberle sucedido a cualquier ni\u00f1ito reci\u00e9n nacido, fue la revelada a trav\u00e9s del episodio de la experiencia ling\u00fc\u00edstica evolutiva que sucedi\u00f3 con el idioma espa\u00f1ol. Al &hellip; <a href=\"https:\/\/oscarhumbertogomez.com\/?p=11891\">Sigue leyendo <span class=\"meta-nav\">&rarr;<\/span><\/a><\/p>\n<div class='heateorSssClear'><\/div><div  class='heateor_sss_sharing_container heateor_sss_horizontal_sharing' heateor-sss-data-href='https:\/\/oscarhumbertogomez.com\/?p=11891'><div class='heateor_sss_sharing_title' style=\"font-weight:bold\" >\u00a1Gracias por compartirla!<\/div><ul class=\"heateor_sss_sharing_ul\"><li class=\"heateorSssSharingRound\"><i style=\"width:35px;height:35px;border-radius:999px;\" alt=\"Facebook\" Title=\"Facebook\" class=\"heateorSssSharing heateorSssFacebookBackground\" onclick='heateorSssPopup(\"https:\/\/www.facebook.com\/sharer\/sharer.php?u=https%3A%2F%2Foscarhumbertogomez.com%2Findex.php%3Frest_route%3D%252Fwp%252Fv2%252Fposts%252F11891\")'><ss style=\"display:block;border-radius:999px;\" class=\"heateorSssSharingSvg heateorSssFacebookSvg\"><\/ss><\/i><\/li><li class=\"heateorSssSharingRound\"><i style=\"width:35px;height:35px;border-radius:999px;\" alt=\"Twitter\" Title=\"Twitter\" class=\"heateorSssSharing heateorSssTwitterBackground\" onclick='heateorSssPopup(\"http:\/\/twitter.com\/intent\/tweet?text=23%20de%20abril%2C%20D%C3%ADa%20del%20Idioma%20Espa%C3%B1ol.%20Por%20Manuel%20Enrique%20Rey%20Sanmiguel&url=https%3A%2F%2Foscarhumbertogomez.com%2Findex.php%3Frest_route%3D%252Fwp%252Fv2%252Fposts%252F11891\")'><ss style=\"display:block;border-radius:999px;\" class=\"heateorSssSharingSvg heateorSssTwitterSvg\"><\/ss><\/i><\/li><li class=\"heateorSssSharingRound\"><i style=\"width:35px;height:35px;border-radius:999px;\" alt=\"Whatsapp\" Title=\"Whatsapp\" class=\"heateorSssSharing heateorSssWhatsappBackground\" onclick='heateorSssPopup(\"https:\/\/web.whatsapp.com\/send?text=23%20de%20abril%2C%20D%C3%ADa%20del%20Idioma%20Espa%C3%B1ol.%20Por%20Manuel%20Enrique%20Rey%20Sanmiguel https%3A%2F%2Foscarhumbertogomez.com%2Findex.php%3Frest_route%3D%252Fwp%252Fv2%252Fposts%252F11891\")'><ss style=\"display:block\" class=\"heateorSssSharingSvg heateorSssWhatsappSvg\"><\/ss><\/i><\/li><li class=\"heateorSssSharingRound\"><i style=\"width:35px;height:35px;border-radius:999px;\" alt=\"Pinterest\" Title=\"Pinterest\" class=\"heateorSssSharing heateorSssPinterestBackground\" onclick=\"javascript:void( (function() {var e=document.createElement('script' );e.setAttribute('type','text\/javascript' );e.setAttribute('charset','UTF-8' );e.setAttribute('src','\/\/assets.pinterest.com\/js\/pinmarklet.js?r='+Math.random()*99999999);document.body.appendChild(e)})());\"><ss style=\"display:block;border-radius:999px;\" class=\"heateorSssSharingSvg heateorSssPinterestSvg\"><\/ss><\/i><\/li><li class=\"heateorSssSharingRound\"><i style=\"width:35px;height:35px;border-radius:999px;\" alt=\"Google Gmail\" Title=\"Google Gmail\" class=\"heateorSssSharing heateorSssGoogleGmailBackground\" onclick='heateorSssPopup(\"https:\/\/mail.google.com\/mail\/?ui=2&view=cm&fs=1&tf=1&su=23%20de%20abril%2C%20D%C3%ADa%20del%20Idioma%20Espa%C3%B1ol.%20Por%20Manuel%20Enrique%20Rey%20Sanmiguel&body=Link:https%3A%2F%2Foscarhumbertogomez.com%2Findex.php%3Frest_route%3D%252Fwp%252Fv2%252Fposts%252F11891\")'><ss style=\"display:block;border-radius:999px;\" class=\"heateorSssSharingSvg heateorSssGoogleGmailSvg\"><\/ss><\/i><\/li><li class=\"heateorSssSharingRound\"><i style=\"width:35px;height:35px;border-radius:999px;\" title=\"More\" alt=\"More\" class=\"heateorSssSharing heateorSssMoreBackground\" onclick=\"heateorSssMoreSharingPopup(this, 'https:\/\/oscarhumbertogomez.com\/index.php?rest_route=%2Fwp%2Fv2%2Fposts%2F11891', '23%20de%20abril%2C%20D%C3%ADa%20del%20Idioma%20Espa%C3%B1ol.%20Por%20Manuel%20Enrique%20Rey%20Sanmiguel', '' )\" ><ss style=\"display:block\" class=\"heateorSssSharingSvg heateorSssMoreSvg\"><\/ss><\/i><\/li><\/ul><div class=\"heateorSssClear\"><\/div><\/div><div class='heateorSssClear'><\/div>","protected":false},"author":2,"featured_media":0,"comment_status":"closed","ping_status":"closed","sticky":false,"template":"","format":"standard","meta":{"spay_email":"","footnotes":""},"categories":[6],"tags":[],"class_list":["post-11891","post","type-post","status-publish","format-standard","hentry","category-la-pluma-ajena"],"jetpack_featured_media_url":"","jetpack_shortlink":"https:\/\/wp.me\/p1FYrr-35N","_links":{"self":[{"href":"https:\/\/oscarhumbertogomez.com\/index.php?rest_route=\/wp\/v2\/posts\/11891","targetHints":{"allow":["GET"]}}],"collection":[{"href":"https:\/\/oscarhumbertogomez.com\/index.php?rest_route=\/wp\/v2\/posts"}],"about":[{"href":"https:\/\/oscarhumbertogomez.com\/index.php?rest_route=\/wp\/v2\/types\/post"}],"author":[{"embeddable":true,"href":"https:\/\/oscarhumbertogomez.com\/index.php?rest_route=\/wp\/v2\/users\/2"}],"replies":[{"embeddable":true,"href":"https:\/\/oscarhumbertogomez.com\/index.php?rest_route=%2Fwp%2Fv2%2Fcomments&post=11891"}],"version-history":[{"count":4,"href":"https:\/\/oscarhumbertogomez.com\/index.php?rest_route=\/wp\/v2\/posts\/11891\/revisions"}],"predecessor-version":[{"id":53170,"href":"https:\/\/oscarhumbertogomez.com\/index.php?rest_route=\/wp\/v2\/posts\/11891\/revisions\/53170"}],"wp:attachment":[{"href":"https:\/\/oscarhumbertogomez.com\/index.php?rest_route=%2Fwp%2Fv2%2Fmedia&parent=11891"}],"wp:term":[{"taxonomy":"category","embeddable":true,"href":"https:\/\/oscarhumbertogomez.com\/index.php?rest_route=%2Fwp%2Fv2%2Fcategories&post=11891"},{"taxonomy":"post_tag","embeddable":true,"href":"https:\/\/oscarhumbertogomez.com\/index.php?rest_route=%2Fwp%2Fv2%2Ftags&post=11891"}],"curies":[{"name":"wp","href":"https:\/\/api.w.org\/{rel}","templated":true}]}}