{"id":11989,"date":"2014-04-28T10:38:34","date_gmt":"2014-04-28T15:38:34","guid":{"rendered":"http:\/\/www.oscarhumbertogomez.com\/?p=11989"},"modified":"2024-01-03T12:23:19","modified_gmt":"2024-01-03T17:23:19","slug":"jun-directiva-del-colegio-nacional-de-periodistas-sesiono-en-la-guajira","status":"publish","type":"post","link":"https:\/\/oscarhumbertogomez.com\/?p=11989","title":{"rendered":"Junta Directiva del Colegio Nacional de Periodistas sesion\u00f3 en La Guajira"},"content":{"rendered":"<p><img loading=\"lazy\" decoding=\"async\" class=\"aligncenter size-full wp-image-11990\" title=\"periodismo-Narrativo-1024x768\" src=\"https:\/\/lapiedrafilosofal.com\/wp-content\/uploads\/2014\/04\/periodismo-Narrativo-1024x768.jpg\" alt=\"\" width=\"1024\" height=\"768\" srcset=\"https:\/\/oscarhumbertogomez.com\/wp-content\/uploads\/2014\/04\/periodismo-Narrativo-1024x768.jpg 1024w, https:\/\/oscarhumbertogomez.com\/wp-content\/uploads\/2014\/04\/periodismo-Narrativo-1024x768-300x225.jpg 300w\" sizes=\"auto, (max-width: 1024px) 100vw, 1024px\" \/><br \/>\n<strong>&#8220;Colegio Nacional de Periodistas<br \/>\nCNP Colombia<br \/>\n<\/strong><br \/>\n<strong>BOLETIN NACIONAL 016<\/strong><br \/>\nSan Juan del Cesar La Guajira, 29 de abril de 2014<\/p>\n<p><strong>JUNTA DIRECTIVA DEL CNP COLOMBIA SESION\u00d3 EN SAN JUAN DEL CESAR<\/strong><\/p>\n<p>De productiva fue calificada la IV reuni\u00f3n de Junta Directiva Nacional del CNP Colombia y la Comisi\u00f3n de \u00c9tica Nacional realizada en el Municipio de San Juan del Cesar La Guajira durante los d\u00edas viernes 25 y s\u00e1bado 26 de abril de 2014.<\/p>\n<p>Temas como la puesta en marcha de la cadena de la paz, a trav\u00e9s de adquisici\u00f3n de emisoras comunitarias para las regionales de todo el pa\u00eds, los tr\u00e1mites legales y funcionamiento de la Fundaci\u00f3n Universitaria CNP, la expedici\u00f3n de la C\u00e9dula Nacional de Periodista y la adquisici\u00f3n de un software para la base de datos de los agremiados de todo el pa\u00eds son algunos de los proyectos que cristalizar\u00e1 y pondr\u00e1 en marcha la actual junta directiva.<\/p>\n<p>A la reuni\u00f3n asistieron el presidente, Gabriel Salcedo Rom\u00e1n (CNP San Andr\u00e9s), el vicepresidente Ricardo D\u00edaz De La Rosa (CNP Atl\u00e1ntico), el secretario general Emil De Hoyos Mej\u00eda (CNP La Guajira), la tesorera Mar\u00eda Jos\u00e9 Campos Bujato (CNP Sucre), el fiscal Jes\u00fas Baudilio Pe\u00f1a L\u00f3pez (CNP Meta), el secretario de prensa y relaciones p\u00fablicas Enrique Ochoa Gonz\u00e1lez (CNP Santander) y Hermes Francisco Daza D\u00edaz de la comisi\u00f3n de \u00e9tica nacional.<\/p>\n<p>El Colegio Nacional de Periodistas CNP Colombia agradece la hospitalidad de los habitantes de San Juan del Cesar por acogernos como sus hu\u00e9spedes durante los d\u00edas de la reuni\u00f3n; igualmente, el apoyo incondicional de las empresas y entidades Cerrej\u00f3n, G\u00e1mez Editores, Diario del Norte, Cardenal Est\u00e9reo, Club de Leones y el Batall\u00f3n Santa B\u00e1rbara, entre otras, ya que gracias a ellas logramos el objetivo de desarrollar en ese hermoso lugar nuestra IV Reuni\u00f3n Nacional.<\/p>\n<p>La pr\u00f3xima reuni\u00f3n de junta directiva se realizar\u00e1 conjuntamente con el congreso del CNP Colombia, en la ciudad de Bucaramanga, en el mes de agosto de 2014.<\/p>\n<p><strong>GABRIEL SALCEDO ROM\u00c1N<\/strong><br \/>\nPresidente CNP Colombia<\/p>\n<p><strong>EMIL DE HOYOS MEJ\u00cdA<\/strong><br \/>\nSecretario General CNP Colombia&#8221;.<\/p>\n","protected":false},"excerpt":{"rendered":"<p>&#8220;Colegio Nacional de Periodistas CNP Colombia BOLETIN NACIONAL 016 San Juan del Cesar La Guajira, 29 de abril de 2014 JUNTA DIRECTIVA DEL CNP COLOMBIA SESION\u00d3 EN SAN JUAN DEL CESAR De productiva fue calificada la IV reuni\u00f3n de Junta &hellip; <a href=\"https:\/\/oscarhumbertogomez.com\/?p=11989\">Sigue leyendo <span class=\"meta-nav\">&rarr;<\/span><\/a><\/p>\n<div class='heateorSssClear'><\/div><div  class='heateor_sss_sharing_container heateor_sss_horizontal_sharing' heateor-sss-data-href='https:\/\/oscarhumbertogomez.com\/?p=11989'><div class='heateor_sss_sharing_title' style=\"font-weight:bold\" >\u00a1Gracias por compartirla!<\/div><ul class=\"heateor_sss_sharing_ul\"><li class=\"heateorSssSharingRound\"><i style=\"width:35px;height:35px;border-radius:999px;\" alt=\"Facebook\" Title=\"Facebook\" class=\"heateorSssSharing heateorSssFacebookBackground\" onclick='heateorSssPopup(\"https:\/\/www.facebook.com\/sharer\/sharer.php?u=https%3A%2F%2Foscarhumbertogomez.com%2Findex.php%3Frest_route%3D%252Fwp%252Fv2%252Fposts%252F11989\")'><ss style=\"display:block;border-radius:999px;\" class=\"heateorSssSharingSvg heateorSssFacebookSvg\"><\/ss><\/i><\/li><li class=\"heateorSssSharingRound\"><i style=\"width:35px;height:35px;border-radius:999px;\" alt=\"Twitter\" Title=\"Twitter\" class=\"heateorSssSharing heateorSssTwitterBackground\" onclick='heateorSssPopup(\"http:\/\/twitter.com\/intent\/tweet?text=Junta%20Directiva%20del%20Colegio%20Nacional%20de%20Periodistas%20sesion%C3%B3%20en%20La%20Guajira&url=https%3A%2F%2Foscarhumbertogomez.com%2Findex.php%3Frest_route%3D%252Fwp%252Fv2%252Fposts%252F11989\")'><ss style=\"display:block;border-radius:999px;\" class=\"heateorSssSharingSvg heateorSssTwitterSvg\"><\/ss><\/i><\/li><li class=\"heateorSssSharingRound\"><i style=\"width:35px;height:35px;border-radius:999px;\" alt=\"Whatsapp\" Title=\"Whatsapp\" class=\"heateorSssSharing heateorSssWhatsappBackground\" onclick='heateorSssPopup(\"https:\/\/web.whatsapp.com\/send?text=Junta%20Directiva%20del%20Colegio%20Nacional%20de%20Periodistas%20sesion%C3%B3%20en%20La%20Guajira https%3A%2F%2Foscarhumbertogomez.com%2Findex.php%3Frest_route%3D%252Fwp%252Fv2%252Fposts%252F11989\")'><ss style=\"display:block\" class=\"heateorSssSharingSvg heateorSssWhatsappSvg\"><\/ss><\/i><\/li><li class=\"heateorSssSharingRound\"><i style=\"width:35px;height:35px;border-radius:999px;\" alt=\"Pinterest\" Title=\"Pinterest\" class=\"heateorSssSharing heateorSssPinterestBackground\" onclick=\"javascript:void( (function() {var e=document.createElement('script' );e.setAttribute('type','text\/javascript' );e.setAttribute('charset','UTF-8' );e.setAttribute('src','\/\/assets.pinterest.com\/js\/pinmarklet.js?r='+Math.random()*99999999);document.body.appendChild(e)})());\"><ss style=\"display:block;border-radius:999px;\" class=\"heateorSssSharingSvg heateorSssPinterestSvg\"><\/ss><\/i><\/li><li class=\"heateorSssSharingRound\"><i style=\"width:35px;height:35px;border-radius:999px;\" alt=\"Google Gmail\" Title=\"Google Gmail\" class=\"heateorSssSharing heateorSssGoogleGmailBackground\" onclick='heateorSssPopup(\"https:\/\/mail.google.com\/mail\/?ui=2&view=cm&fs=1&tf=1&su=Junta%20Directiva%20del%20Colegio%20Nacional%20de%20Periodistas%20sesion%C3%B3%20en%20La%20Guajira&body=Link:https%3A%2F%2Foscarhumbertogomez.com%2Findex.php%3Frest_route%3D%252Fwp%252Fv2%252Fposts%252F11989\")'><ss style=\"display:block;border-radius:999px;\" class=\"heateorSssSharingSvg heateorSssGoogleGmailSvg\"><\/ss><\/i><\/li><li class=\"heateorSssSharingRound\"><i style=\"width:35px;height:35px;border-radius:999px;\" title=\"More\" alt=\"More\" class=\"heateorSssSharing heateorSssMoreBackground\" onclick=\"heateorSssMoreSharingPopup(this, 'https:\/\/oscarhumbertogomez.com\/index.php?rest_route=%2Fwp%2Fv2%2Fposts%2F11989', 'Junta%20Directiva%20del%20Colegio%20Nacional%20de%20Periodistas%20sesion%C3%B3%20en%20La%20Guajira', '' )\" ><ss style=\"display:block\" class=\"heateorSssSharingSvg heateorSssMoreSvg\"><\/ss><\/i><\/li><\/ul><div class=\"heateorSssClear\"><\/div><\/div><div class='heateorSssClear'><\/div>","protected":false},"author":2,"featured_media":0,"comment_status":"open","ping_status":"open","sticky":false,"template":"","format":"standard","meta":{"spay_email":"","footnotes":""},"categories":[11],"tags":[],"class_list":["post-11989","post","type-post","status-publish","format-standard","hentry","category-periodismo"],"jetpack_featured_media_url":"","jetpack_shortlink":"https:\/\/wp.me\/p1FYrr-37n","_links":{"self":[{"href":"https:\/\/oscarhumbertogomez.com\/index.php?rest_route=\/wp\/v2\/posts\/11989","targetHints":{"allow":["GET"]}}],"collection":[{"href":"https:\/\/oscarhumbertogomez.com\/index.php?rest_route=\/wp\/v2\/posts"}],"about":[{"href":"https:\/\/oscarhumbertogomez.com\/index.php?rest_route=\/wp\/v2\/types\/post"}],"author":[{"embeddable":true,"href":"https:\/\/oscarhumbertogomez.com\/index.php?rest_route=\/wp\/v2\/users\/2"}],"replies":[{"embeddable":true,"href":"https:\/\/oscarhumbertogomez.com\/index.php?rest_route=%2Fwp%2Fv2%2Fcomments&post=11989"}],"version-history":[{"count":4,"href":"https:\/\/oscarhumbertogomez.com\/index.php?rest_route=\/wp\/v2\/posts\/11989\/revisions"}],"predecessor-version":[{"id":46305,"href":"https:\/\/oscarhumbertogomez.com\/index.php?rest_route=\/wp\/v2\/posts\/11989\/revisions\/46305"}],"wp:attachment":[{"href":"https:\/\/oscarhumbertogomez.com\/index.php?rest_route=%2Fwp%2Fv2%2Fmedia&parent=11989"}],"wp:term":[{"taxonomy":"category","embeddable":true,"href":"https:\/\/oscarhumbertogomez.com\/index.php?rest_route=%2Fwp%2Fv2%2Fcategories&post=11989"},{"taxonomy":"post_tag","embeddable":true,"href":"https:\/\/oscarhumbertogomez.com\/index.php?rest_route=%2Fwp%2Fv2%2Ftags&post=11989"}],"curies":[{"name":"wp","href":"https:\/\/api.w.org\/{rel}","templated":true}]}}