{"id":12044,"date":"2014-05-05T08:00:31","date_gmt":"2014-05-05T13:00:31","guid":{"rendered":"http:\/\/www.oscarhumbertogomez.com\/?p=12044"},"modified":"2025-02-21T07:56:12","modified_gmt":"2025-02-21T12:56:12","slug":"esta-manana-en-la-emisora-cultural-luis-carlos-galan-sarmiento-100-7-fm-fue-lanzada-la-cometa","status":"publish","type":"post","link":"https:\/\/oscarhumbertogomez.com\/?p=12044","title":{"rendered":"Esta ma\u00f1ana, en la Emisora Cultural Luis Carlos Gal\u00e1n Sarmiento (100.7 FM) fue lanzada &#8220;LA COMETA&#8221;. Por \u00d3scar Humberto G\u00f3mez G\u00f3mez"},"content":{"rendered":"<p><img loading=\"lazy\" decoding=\"async\" class=\"aligncenter size-thumbnail wp-image-11978 oculto\" title=\"cometaSq\" src=\"https:\/\/lapiedrafilosofal.com\/wp-content\/uploads\/2014\/04\/cometaSq-150x150.png\" alt=\"\" width=\"150\" height=\"150\" srcset=\"https:\/\/oscarhumbertogomez.com\/wp-content\/uploads\/2014\/04\/cometaSq-150x150.png 150w, https:\/\/oscarhumbertogomez.com\/wp-content\/uploads\/2014\/04\/cometaSq-300x300.png 300w, https:\/\/oscarhumbertogomez.com\/wp-content\/uploads\/2014\/04\/cometaSq.png 754w\" sizes=\"auto, (max-width: 150px) 100vw, 150px\" \/><img loading=\"lazy\" decoding=\"async\" class=\"aligncenter size-large wp-image-11986\" title=\"LA COMETA\" src=\"https:\/\/lapiedrafilosofal.com\/wp-content\/uploads\/2014\/04\/LA-COMETA2-526x1024.jpg\" alt=\"\" width=\"526\" height=\"1024\" srcset=\"https:\/\/oscarhumbertogomez.com\/wp-content\/uploads\/2014\/04\/LA-COMETA2-526x1024.jpg 526w, https:\/\/oscarhumbertogomez.com\/wp-content\/uploads\/2014\/04\/LA-COMETA2-154x300.jpg 154w, https:\/\/oscarhumbertogomez.com\/wp-content\/uploads\/2014\/04\/LA-COMETA2.jpg 754w\" sizes=\"auto, (max-width: 526px) 100vw, 526px\" \/><\/p>\n<p>&nbsp;<\/p>\n<p>Esta ma\u00f1ana, en el programa institucional de m\u00fasica colombiana de la <em>Emisora Cultural Luis Carlos Gal\u00e1n Sarmiento (100.7 FM)<\/em> de Bucaramanga <em>\u00c1lbum del Folclor colombiano<\/em>, bajo la conducci\u00f3n de <strong>V\u00edctor Su\u00e1rez<\/strong>, fue lanzada en radio la canci\u00f3n &#8220;strong&gt;LA COMETA&#8221;.<\/p>\n<p>&nbsp;<\/p>\n<div id=\"attachment_18242\" style=\"width: 594px\" class=\"wp-caption alignnone\"><a href=\"https:\/\/lapiedrafilosofal.com\/wp-content\/uploads\/2015\/11\/LIBRILLO-021.jpg\"><img loading=\"lazy\" decoding=\"async\" aria-describedby=\"caption-attachment-18242\" class=\"size-large wp-image-18242\" src=\"https:\/\/lapiedrafilosofal.com\/wp-content\/uploads\/2015\/11\/LIBRILLO-021-584x1024.jpg\" alt=\"\" width=\"584\" height=\"1024\" srcset=\"https:\/\/oscarhumbertogomez.com\/wp-content\/uploads\/2015\/11\/LIBRILLO-021-584x1024.jpg 584w, https:\/\/oscarhumbertogomez.com\/wp-content\/uploads\/2015\/11\/LIBRILLO-021-171x300.jpg 171w, https:\/\/oscarhumbertogomez.com\/wp-content\/uploads\/2015\/11\/LIBRILLO-021.jpg 809w\" sizes=\"auto, (max-width: 584px) 100vw, 584px\" \/><\/a><p id=\"caption-attachment-18242\" class=\"wp-caption-text\">\u00d3SCAR HUMBERTO G\u00d3MEZ G\u00d3MEZ como &#8220;EL CAMPESINO EMBEJUCAO&#8221;. [Fotograf\u00eda: David Navarro G\u00e1mez. 2002].<\/p><\/div>\n<p>&nbsp;<\/p>\n<p>La canci\u00f3n, en ritmo de guabina, compuesta por el director de este portal, es interpretada por su propio compositor con el acompa\u00f1amiento musical de &#8220;<strong>LOS DE MEJOR JAMILIA<\/strong>&#8220;. En esta ocasi\u00f3n en el tiple mel\u00f3dico estuvo el ganador del Mono N\u00fa\u00f1ez <strong>C\u00e9sar Castro<\/strong>; en el tiple arm\u00f3nico, <strong>\u00c1lvaro Navarro<\/strong>, doble menci\u00f3n de honor como Mejor Tiplista Acompa\u00f1ante en el <em>Concurso Nacional de Tiple Pedro Nel Mart\u00ednez<\/em>; y en la guitarra marcante, <strong>Carlos Manrique<\/strong>, integrante junto con el anterior, del Dueto Mann\u00e1, y una de las guitarras acompa\u00f1antes m\u00e1s dulces con que cuenta el folclor nacional. Participaron, igualmente, los alumnos del Taller Art\u00edstico Musical La Cuerda ni\u00f1a <strong>Sara Marcela Sarmiento Molina<\/strong>, ni\u00f1a <strong>Carolina Tirado Rugeles<\/strong>, ni\u00f1a <strong>Mariana Nieto<\/strong> y ni\u00f1o <strong>Miguel \u00c1ngel Est\u00e9vez<\/strong>, quienes fueron coordinados durante los trabajos de grabaci\u00f3n por el maestro en m\u00fasica de la Universidad Aut\u00f3noma de Bucaramanga (UNAB) <strong>Javier Casanova<\/strong>.<\/p>\n<p>&nbsp;<\/p>\n<div id=\"attachment_12054\" style=\"width: 650px\" class=\"wp-caption aligncenter\"><img loading=\"lazy\" decoding=\"async\" aria-describedby=\"caption-attachment-12054\" class=\"size-large wp-image-12054\" title=\"V\u00cdCTOR SU\u00c1REZ\" src=\"https:\/\/lapiedrafilosofal.com\/wp-content\/uploads\/2014\/05\/V\u00cdCTOR-SU\u00c1REZ-1024x768.jpg\" alt=\"\" width=\"640\" height=\"480\" srcset=\"https:\/\/oscarhumbertogomez.com\/wp-content\/uploads\/2014\/05\/V\u00cdCTOR-SU\u00c1REZ-1024x768.jpg 1024w, https:\/\/oscarhumbertogomez.com\/wp-content\/uploads\/2014\/05\/V\u00cdCTOR-SU\u00c1REZ-300x225.jpg 300w\" sizes=\"auto, (max-width: 640px) 100vw, 640px\" \/><p id=\"caption-attachment-12054\" class=\"wp-caption-text\">V\u00cdCTOR SU\u00c1REZ CASTA\u00d1EDA, CONDUCTOR DEL &#8220;\u00c1LBUM DEL FOLCLOR COLOMBIANO&#8221; DE LA EMISORA CULTURAL LUIS CARLOS GAL\u00c1N SARMIENTO (100.7 FM), JUNTO AL INOLVIDABLE DIVULGADOR DEL HERMOSO FOLCLOR LLANERO COLOMBIANO DON BENJAM\u00cdN RUEDA HORT\u00daA.<\/p><\/div>\n<p>&nbsp;<\/p>\n<p>La grabaci\u00f3n, mezcla y masterizaci\u00f3n se llev\u00f3 a cabo en el estudio de <strong>Mario Serrano<\/strong>.<\/p>\n<p>El dise\u00f1o gr\u00e1fico de la car\u00e1tula fue obra del artista santandereano <strong>Pedro Jes\u00fas Vargas Cordero<\/strong>, quien por estos d\u00edas toma parte en el grupo de ilustradores gr\u00e1ficos y caricaturistas de la Feria Internacional del Libro de Bogot\u00e1.<\/p>\n<p>&nbsp;<\/p>\n<div id=\"attachment_12050\" style=\"width: 213px\" class=\"wp-caption aligncenter\"><img loading=\"lazy\" decoding=\"async\" aria-describedby=\"caption-attachment-12050\" class=\"size-medium wp-image-12050\" title=\"PEDRO JES\u00daS VARGAS CORDERO\" src=\"https:\/\/lapiedrafilosofal.com\/wp-content\/uploads\/2014\/05\/PEDRO-JES\u00daS-VARGAS-CORDERO2-203x300.jpg\" alt=\"\" width=\"203\" height=\"300\" srcset=\"https:\/\/oscarhumbertogomez.com\/wp-content\/uploads\/2014\/05\/PEDRO-JES\u00daS-VARGAS-CORDERO2-203x300.jpg 203w, https:\/\/oscarhumbertogomez.com\/wp-content\/uploads\/2014\/05\/PEDRO-JES\u00daS-VARGAS-CORDERO2.jpg 602w\" sizes=\"auto, (max-width: 203px) 100vw, 203px\" \/><p id=\"caption-attachment-12050\" class=\"wp-caption-text\">PEDRO JES\u00daS VARGAS CORDERO, ILUSTRADOR GR\u00c1FICO.<\/p><\/div>\n<p>&nbsp;<\/p>\n<p>La producci\u00f3n fue de la <strong>Casa Discogr\u00e1fica PaulAlejandra<\/strong>, sello disquero personal del compositor.<\/p>\n<p>La canci\u00f3n &#8220;<strong>LA COMETA<\/strong>&#8221; tiene como fin llevarles una voz de amistad y aliento, y un mensaje de lucha, optimismo y esperanza a las personas que sufren.<\/p>\n<p>&nbsp;<\/p>\n<div id=\"attachment_12051\" style=\"width: 525px\" class=\"wp-caption aligncenter\"><img loading=\"lazy\" decoding=\"async\" aria-describedby=\"caption-attachment-12051\" class=\"size-full wp-image-12051\" title=\"TIPLE\" src=\"https:\/\/lapiedrafilosofal.com\/wp-content\/uploads\/2014\/05\/TIPLE1.jpg\" alt=\"\" width=\"515\" height=\"978\"><p id=\"caption-attachment-12051\" class=\"wp-caption-text\">EL TIPLE, INSTRUMENTO NACIONAL DE COLOMBIA, PRESENTE EN &#8220;LA COMETA&#8221; EN SU DOBLE CONDICI\u00d3N DE INSTRUMENTO MEL\u00d3DICO Y ARM\u00d3NICO. LA MELOD\u00cdA ESTUVO A CARGO DEL GANADOR DEL MONO N\u00da\u00d1EZ C\u00c9SAR CASTRO Y LA ARMON\u00cdA CONT\u00d3 CON EL RECONOCIDO TIPLISTA \u00c1LVARO NAVARRO<\/p><\/div>\n<p>&nbsp;<\/p>\n<div id=\"attachment_12052\" style=\"width: 1010px\" class=\"wp-caption aligncenter\"><img loading=\"lazy\" decoding=\"async\" aria-describedby=\"caption-attachment-12052\" class=\"size-full wp-image-12052\" title=\"GUITARRA C-80 YAMAHA\" src=\"https:\/\/lapiedrafilosofal.com\/wp-content\/uploads\/2014\/05\/GUITARRA-C-80-YAMAHA.jpg\" alt=\"\" width=\"1000\" height=\"1000\" srcset=\"https:\/\/oscarhumbertogomez.com\/wp-content\/uploads\/2014\/05\/GUITARRA-C-80-YAMAHA.jpg 1000w, https:\/\/oscarhumbertogomez.com\/wp-content\/uploads\/2014\/05\/GUITARRA-C-80-YAMAHA-150x150.jpg 150w, https:\/\/oscarhumbertogomez.com\/wp-content\/uploads\/2014\/05\/GUITARRA-C-80-YAMAHA-300x300.jpg 300w\" sizes=\"auto, (max-width: 1000px) 100vw, 1000px\" \/><p id=\"caption-attachment-12052\" class=\"wp-caption-text\">LA GUITARRA MARCANTE ACOMPA\u00d1A LAS NOTAS DE &#8220;LA COMETA&#8221; EN LAS MANOS MAESTRAS DEL M\u00daSICO CHARALE\u00d1O CARLOS MANRIQUE<\/p><\/div>\n<p>&nbsp;<\/p>\n","protected":false},"excerpt":{"rendered":"<p>&nbsp; Esta ma\u00f1ana, en el programa institucional de m\u00fasica colombiana de la Emisora Cultural Luis Carlos Gal\u00e1n Sarmiento (100.7 FM) de Bucaramanga \u00c1lbum del Folclor colombiano, bajo la conducci\u00f3n de V\u00edctor Su\u00e1rez, fue lanzada en radio la canci\u00f3n &#8220;strong&gt;LA COMETA&#8221;. &hellip; <a href=\"https:\/\/oscarhumbertogomez.com\/?p=12044\">Sigue leyendo <span class=\"meta-nav\">&rarr;<\/span><\/a><\/p>\n<div class='heateorSssClear'><\/div><div  class='heateor_sss_sharing_container heateor_sss_horizontal_sharing' heateor-sss-data-href='https:\/\/oscarhumbertogomez.com\/?p=12044'><div class='heateor_sss_sharing_title' style=\"font-weight:bold\" >\u00a1Gracias por compartirla!<\/div><ul class=\"heateor_sss_sharing_ul\"><li class=\"heateorSssSharingRound\"><i style=\"width:35px;height:35px;border-radius:999px;\" alt=\"Facebook\" Title=\"Facebook\" class=\"heateorSssSharing heateorSssFacebookBackground\" onclick='heateorSssPopup(\"https:\/\/www.facebook.com\/sharer\/sharer.php?u=https%3A%2F%2Foscarhumbertogomez.com%2Findex.php%3Frest_route%3D%252Fwp%252Fv2%252Fposts%252F12044\")'><ss style=\"display:block;border-radius:999px;\" class=\"heateorSssSharingSvg heateorSssFacebookSvg\"><\/ss><\/i><\/li><li class=\"heateorSssSharingRound\"><i style=\"width:35px;height:35px;border-radius:999px;\" alt=\"Twitter\" Title=\"Twitter\" class=\"heateorSssSharing heateorSssTwitterBackground\" onclick='heateorSssPopup(\"http:\/\/twitter.com\/intent\/tweet?text=Esta%20ma%C3%B1ana%2C%20en%20la%20Emisora%20Cultural%20Luis%20Carlos%20Gal%C3%A1n%20Sarmiento%20%28100.7%20FM%29%20fue%20lanzada%20%22LA%20COMETA%22.%20Por%20%C3%93scar%20Humberto%20G%C3%B3mez%20G%C3%B3mez&url=https%3A%2F%2Foscarhumbertogomez.com%2Findex.php%3Frest_route%3D%252Fwp%252Fv2%252Fposts%252F12044\")'><ss style=\"display:block;border-radius:999px;\" class=\"heateorSssSharingSvg heateorSssTwitterSvg\"><\/ss><\/i><\/li><li class=\"heateorSssSharingRound\"><i style=\"width:35px;height:35px;border-radius:999px;\" alt=\"Whatsapp\" Title=\"Whatsapp\" class=\"heateorSssSharing heateorSssWhatsappBackground\" onclick='heateorSssPopup(\"https:\/\/web.whatsapp.com\/send?text=Esta%20ma%C3%B1ana%2C%20en%20la%20Emisora%20Cultural%20Luis%20Carlos%20Gal%C3%A1n%20Sarmiento%20%28100.7%20FM%29%20fue%20lanzada%20%22LA%20COMETA%22.%20Por%20%C3%93scar%20Humberto%20G%C3%B3mez%20G%C3%B3mez https%3A%2F%2Foscarhumbertogomez.com%2Findex.php%3Frest_route%3D%252Fwp%252Fv2%252Fposts%252F12044\")'><ss style=\"display:block\" class=\"heateorSssSharingSvg heateorSssWhatsappSvg\"><\/ss><\/i><\/li><li class=\"heateorSssSharingRound\"><i style=\"width:35px;height:35px;border-radius:999px;\" alt=\"Pinterest\" Title=\"Pinterest\" class=\"heateorSssSharing heateorSssPinterestBackground\" onclick=\"javascript:void( (function() {var e=document.createElement('script' );e.setAttribute('type','text\/javascript' );e.setAttribute('charset','UTF-8' );e.setAttribute('src','\/\/assets.pinterest.com\/js\/pinmarklet.js?r='+Math.random()*99999999);document.body.appendChild(e)})());\"><ss style=\"display:block;border-radius:999px;\" class=\"heateorSssSharingSvg heateorSssPinterestSvg\"><\/ss><\/i><\/li><li class=\"heateorSssSharingRound\"><i style=\"width:35px;height:35px;border-radius:999px;\" alt=\"Google Gmail\" Title=\"Google Gmail\" class=\"heateorSssSharing heateorSssGoogleGmailBackground\" onclick='heateorSssPopup(\"https:\/\/mail.google.com\/mail\/?ui=2&view=cm&fs=1&tf=1&su=Esta%20ma%C3%B1ana%2C%20en%20la%20Emisora%20Cultural%20Luis%20Carlos%20Gal%C3%A1n%20Sarmiento%20%28100.7%20FM%29%20fue%20lanzada%20%22LA%20COMETA%22.%20Por%20%C3%93scar%20Humberto%20G%C3%B3mez%20G%C3%B3mez&body=Link:https%3A%2F%2Foscarhumbertogomez.com%2Findex.php%3Frest_route%3D%252Fwp%252Fv2%252Fposts%252F12044\")'><ss style=\"display:block;border-radius:999px;\" class=\"heateorSssSharingSvg heateorSssGoogleGmailSvg\"><\/ss><\/i><\/li><li class=\"heateorSssSharingRound\"><i style=\"width:35px;height:35px;border-radius:999px;\" title=\"More\" alt=\"More\" class=\"heateorSssSharing heateorSssMoreBackground\" onclick=\"heateorSssMoreSharingPopup(this, 'https:\/\/oscarhumbertogomez.com\/index.php?rest_route=%2Fwp%2Fv2%2Fposts%2F12044', 'Esta%20ma%C3%B1ana%2C%20en%20la%20Emisora%20Cultural%20Luis%20Carlos%20Gal%C3%A1n%20Sarmiento%20%28100.7%20FM%29%20fue%20lanzada%20%22LA%20COMETA%22.%20Por%20%C3%93scar%20Humberto%20G%C3%B3mez%20G%C3%B3mez', '' )\" ><ss style=\"display:block\" class=\"heateorSssSharingSvg heateorSssMoreSvg\"><\/ss><\/i><\/li><\/ul><div class=\"heateorSssClear\"><\/div><\/div><div class='heateorSssClear'><\/div>","protected":false},"author":2,"featured_media":0,"comment_status":"open","ping_status":"open","sticky":false,"template":"","format":"standard","meta":{"spay_email":"","footnotes":""},"categories":[8],"tags":[],"class_list":["post-12044","post","type-post","status-publish","format-standard","hentry","category-musica"],"jetpack_featured_media_url":"","jetpack_shortlink":"https:\/\/wp.me\/p1FYrr-38g","_links":{"self":[{"href":"https:\/\/oscarhumbertogomez.com\/index.php?rest_route=\/wp\/v2\/posts\/12044","targetHints":{"allow":["GET"]}}],"collection":[{"href":"https:\/\/oscarhumbertogomez.com\/index.php?rest_route=\/wp\/v2\/posts"}],"about":[{"href":"https:\/\/oscarhumbertogomez.com\/index.php?rest_route=\/wp\/v2\/types\/post"}],"author":[{"embeddable":true,"href":"https:\/\/oscarhumbertogomez.com\/index.php?rest_route=\/wp\/v2\/users\/2"}],"replies":[{"embeddable":true,"href":"https:\/\/oscarhumbertogomez.com\/index.php?rest_route=%2Fwp%2Fv2%2Fcomments&post=12044"}],"version-history":[{"count":5,"href":"https:\/\/oscarhumbertogomez.com\/index.php?rest_route=\/wp\/v2\/posts\/12044\/revisions"}],"predecessor-version":[{"id":51048,"href":"https:\/\/oscarhumbertogomez.com\/index.php?rest_route=\/wp\/v2\/posts\/12044\/revisions\/51048"}],"wp:attachment":[{"href":"https:\/\/oscarhumbertogomez.com\/index.php?rest_route=%2Fwp%2Fv2%2Fmedia&parent=12044"}],"wp:term":[{"taxonomy":"category","embeddable":true,"href":"https:\/\/oscarhumbertogomez.com\/index.php?rest_route=%2Fwp%2Fv2%2Fcategories&post=12044"},{"taxonomy":"post_tag","embeddable":true,"href":"https:\/\/oscarhumbertogomez.com\/index.php?rest_route=%2Fwp%2Fv2%2Ftags&post=12044"}],"curies":[{"name":"wp","href":"https:\/\/api.w.org\/{rel}","templated":true}]}}