{"id":12197,"date":"2014-05-18T08:34:29","date_gmt":"2014-05-18T13:34:29","guid":{"rendered":"http:\/\/www.oscarhumbertogomez.com\/?p=12197"},"modified":"2025-03-14T14:33:58","modified_gmt":"2025-03-14T19:33:58","slug":"la-nina-de-la-lavandera-cronica-de-una-injusticia-ii-por-oscar-humberto-gomez-gomez-miembro-del-colegio-nacional-de-periodistas","status":"publish","type":"post","link":"https:\/\/oscarhumbertogomez.com\/?p=12197","title":{"rendered":"LA NI\u00d1A DE LA LAVANDERA. Cr\u00f3nica de una injusticia (II). Por \u00d3scar Humberto G\u00f3mez G\u00f3mez, Miembro del Colegio Nacional de Periodistas"},"content":{"rendered":"<div id=\"attachment_12198\" style=\"width: 1034px\" class=\"wp-caption aligncenter\"><img loading=\"lazy\" decoding=\"async\" aria-describedby=\"caption-attachment-12198\" class=\"size-full wp-image-12198\" title=\"lavanderas_vinicio_castillo\" src=\"https:\/\/lapiedrafilosofal.com\/wp-content\/uploads\/2014\/05\/lavanderas_vinicio_castillo1.jpg\" alt=\"\" width=\"1024\" height=\"679\" srcset=\"https:\/\/oscarhumbertogomez.com\/wp-content\/uploads\/2014\/05\/lavanderas_vinicio_castillo1.jpg 1024w, https:\/\/oscarhumbertogomez.com\/wp-content\/uploads\/2014\/05\/lavanderas_vinicio_castillo1-300x198.jpg 300w\" sizes=\"auto, (max-width: 1024px) 100vw, 1024px\" \/><p id=\"caption-attachment-12198\" class=\"wp-caption-text\">VINICIO CASTILLO \/ &#8220;LAVANDERAS&#8221;<\/p><\/div>\n<p>&nbsp;<\/p>\n<p>Con la aparici\u00f3n y el auge de las lavadoras, y con el crecimiento de las lavander\u00edas, era previsible \u2014y as\u00ed aconteci\u00f3\u2014 que las lavanderas vieran reducido su oficio. Al menos, que ya con la misma frecuencia no las contrataran en las casas de los ricos, ni \u2014con el paso del tiempo\u2014 en las casas de los que siendo menos ricos en todo caso ten\u00edan c\u00f3mo adquirir una m\u00e1quina de lavar ropa o ingresos suficientes que les permitieran enviar, de tarde en tarde, su ropa a la lavander\u00eda.<br \/>\nPor eso, el oficio de lavandera se fue recortando y su clientela se redujo considerablemente para circunscribirse a familias modestas que, por alguna raz\u00f3n, no pudiesen ellas mismas asumir el lavado de su ropa. En cambio, y a pesar de que hoy en d\u00eda las m\u00e1quinas tambi\u00e9n secan la ropa y hasta la entregan sin arrugas, las mujeres que se ganan el sustento con la ropa de otros siguen teniendo la opci\u00f3n de conseguir dinero planch\u00e1ndola. La planchadora contin\u00faa siendo necesaria y, ella s\u00ed, en todos los estratos sociales.<\/p>\n<p>Tambi\u00e9n, y por diversos factores, principalmente el ecol\u00f3gico, el lavar ropa en los r\u00edos, sobre una piedra, se fue haciendo cada vez menos frecuente hasta volverse una escena ex\u00f3tica en los paisajes costumbristas colombianos.<br \/>\nDe ah\u00ed que la imagen de la lavandera tal y como la retrat\u00f3 Nicanor Vel\u00e1squez en su famosa guabina pr\u00e1cticamente desapareci\u00f3 as\u00ed como se redujo considerablemente la de la mujer inclinada sobre el planch\u00f3n del lavadero. Se redujo \u2014hay que aclararlo\u2014, porque no es que haya desaparecido. Y es que son muchas las prendas que a\u00fan deben lavarse a mano. Por ello, la mujer lavandera y planchadora prosigue su trasegar de casa en casa buscando su sustento y el de su familia a punta de devolverles la limpieza y la impecable presentaci\u00f3n a las prendas de vestir, las fundas, las cobijas o las s\u00e1banas ajenas.<\/p>\n<p>&nbsp;<\/p>\n<div id=\"attachment_12210\" style=\"width: 629px\" class=\"wp-caption aligncenter\"><img loading=\"lazy\" decoding=\"async\" aria-describedby=\"caption-attachment-12210\" class=\"size-full wp-image-12210\" title=\"MUJER PLANCHANDO\" src=\"https:\/\/lapiedrafilosofal.com\/wp-content\/uploads\/2014\/05\/MUJER-PLANCHANDO.jpg\" alt=\"\" width=\"619\" height=\"830\" srcset=\"https:\/\/oscarhumbertogomez.com\/wp-content\/uploads\/2014\/05\/MUJER-PLANCHANDO.jpg 619w, https:\/\/oscarhumbertogomez.com\/wp-content\/uploads\/2014\/05\/MUJER-PLANCHANDO-223x300.jpg 223w\" sizes=\"auto, (max-width: 619px) 100vw, 619px\" \/><p id=\"caption-attachment-12210\" class=\"wp-caption-text\">ARMAND-DESIRE GAUTIER \/ &#8220;MUJER PLANCHANDO&#8221;<\/p><\/div>\n<p>&nbsp;<\/p>\n<p>Lavando y planchando, pues, se ganan la vida muchas mujeres de esas que nuestra flamante Constituci\u00f3n llama &#8220;cabezas de familia&#8221; para indicar con tal expresi\u00f3n que no hay un hombre al frente del sostenimiento del hogar. Mujeres, como Maritzabel Castellanos Aguirre, quien tuvo que darle a su ni\u00f1a GLADYS ANDREA sus apellidos, por razones que no hay que explicar para entenderlas.<\/p>\n<p>El canon 43 inciso 2 de la Constituci\u00f3n de Colombia anuncia, con bombos y platillos, que &#8220;<strong>EL ESTADO APOYAR\u00c1 DE MANERA ESPECIAL A LA MUJER CABEZA DE FAMILIA<\/strong>&#8220;.<\/p>\n<p>Ya veremos de qu\u00e9 &#8220;<strong>MANERA ESPECIAL<\/strong>&#8221; ha apoyado el Estado &#8220;<strong>A LA MUJER CABEZA DE FAMILIA<\/strong>&#8221; de nombre Maritzabel Castellanos Aguirre desde que uno de sus hospitales, el de Gir\u00f3n \/ Santander, le mat\u00f3 por omisi\u00f3n a su ni\u00f1a de tres a\u00f1os GLADYS ANDREA, y desde que el Poder Judicial de ese mismo Estado conden\u00f3 a dicha entidad a indemnizarla.<\/p>\n<p>Por hoy, concretemos cu\u00e1l fue el regalo de Mes de la Madre que le dio el Juzgado Tercero Penal del Circuito Especializado de Bucaramanga a esta mujer cabeza de familia a la que, por mandato expreso de la Constituci\u00f3n, <strong>ese juzgado estaba obligado a apoyar<\/strong>, por cuanto el Poder Judicial <strong>tambi\u00e9n es parte del Estado<\/strong>.<\/p>\n<p>Sucede que hace cuatro a\u00f1os (<strong>\u00a1hace cuatro a\u00f1os!<\/strong>) le fue entregada al Hospital que la dej\u00f3 sin su nena, es decir, al Hospital Integrado San Juan de Dios de Gir\u00f3n \/ Santander, <strong>toda<\/strong> la documentaci\u00f3n que se requer\u00eda, de acuerdo con la ley, para que el Hospital procediera, con la mayor prontitud, <strong>a hacer efectiva la condena judicial que la Jurisdicci\u00f3n Contencioso-Administrativa le impuso oblig\u00e1ndolo a pagarle a la humilde lavandera una indemnizaci\u00f3n por el grav\u00edsimo da\u00f1o moral que le caus\u00f3 al dejarla sin su peque\u00f1a hija<\/strong>.<\/p>\n<p>La documentaci\u00f3n se le entreg\u00f3, incluso, encuadernada \u2014valga la redundancia\u2014 en uno de esos cuadernos argollados que ustedes conocen. Era un cuaderno de pasta posterior azul y de pasta frontal transparente.<\/p>\n<p>En ese cuaderno iba <strong>la PRIMERA copia de la sentencia<\/strong> \u2014\u00fanica que presta eso que se llama &#8220;<strong>m\u00e9rito ejecutivo<\/strong>&#8220;, o sea, el m\u00e9rito que presta una letra de cambio, o un pagar\u00e9, o un cheque devuelto por el banco por fondos insuficientes\u2014; iba la copia aut\u00e9ntica del poder que Maritzabel Castellanos Aguirre otorg\u00f3 a su apoderado; iba la fotocopia de su c\u00e9dula de ciudadan\u00eda; iba su Registro \u00danico Tributario (RUT) expedido por la Direcci\u00f3n de Impuestos y Aduanas Nacionales (DIAN); iba la certificaci\u00f3n expedida por el Helm Bank sobre la existencia y vigencia de su cuenta bancaria; iba la constancia secretarial expedida por el Juzgado 4o Administrativo del Circuito de Judicial de Bucaramanga sobre la fecha en que qued\u00f3 ejecutoriada la sentencia condenatoria, es decir, la fecha en que qued\u00f3 <strong>en firme<\/strong>, fecha a partir de la cual empezaban a correr los intereses moratorios; iba la constancia secretarial sobre la vigencia del poder otorgado por la modesta madre; iba la certificaci\u00f3n secretarial sobre que la copia aut\u00e9ntica de la sentencia condenatoria era la <strong>PRIMERA<\/strong> copia y, por consiguiente, la que prestaba m\u00e9rito ejecutivo;&nbsp;en fin, iba \u2014repito\u2014 <strong>todo<\/strong> lo que ordena la ley y lo que los abogados hemos entregado en las diversas dependencias oficiales, desde hace m\u00e1s de treinta a\u00f1os, con el mismo fin que persegu\u00eda el apoderado de Maritzabel Castellanos Aguirre cuando, hace cuatro, le entreg\u00f3 esa documentaci\u00f3n debidamente encuadernada al Hospital de Gir\u00f3n.<\/p>\n<p>Pues bien: como regalo del Mes de la Madre, al resolver el <strong>INCIDENTE DE DESACATO<\/strong> a una tutela \u2014tutela que la lavandera tuvo que presentar (<strong>segunda que presentaba y segunda que ganaba, por cierto dentro del mismo asunto relacionado con la muerte de su ni\u00f1a<\/strong>) para que, ya que el Hospital de Gir\u00f3n no se hab\u00eda dignado pagarle la indemnizaci\u00f3n que la justicia decret\u00f3 a su favor por el da\u00f1o moral que le caus\u00f3, al menos se dignara devolverle, a ella o a su apoderado, la documentaci\u00f3n que le hab\u00eda sido entregada, para que pudieran, con base en la misma, ejecutarlo, el <strong>Juzgado 3o Penal del Circuito Especializado de Bucaramanga<\/strong> lo que hizo fue aceptarle a la renuente y desafiante entidad oficial la excusa de que no le era posible tampoco devolver la documentaci\u00f3n porque&#8230;\u00a1 se le hab\u00eda perdido !<\/p>\n<p>&nbsp;<\/p>\n<p>__________<\/p>\n<p>&nbsp;<\/p>\n<p><em>(ESPERE LA CONTINUACI\u00d3N DE ESTA CR\u00d3NICA)<\/em><\/p>\n<p>&nbsp;<\/p>\n","protected":false},"excerpt":{"rendered":"<p>&nbsp; Con la aparici\u00f3n y el auge de las lavadoras, y con el crecimiento de las lavander\u00edas, era previsible \u2014y as\u00ed aconteci\u00f3\u2014 que las lavanderas vieran reducido su oficio. Al menos, que ya con la misma frecuencia no las contrataran &hellip; <a href=\"https:\/\/oscarhumbertogomez.com\/?p=12197\">Sigue leyendo <span class=\"meta-nav\">&rarr;<\/span><\/a><\/p>\n<div class='heateorSssClear'><\/div><div  class='heateor_sss_sharing_container heateor_sss_horizontal_sharing' heateor-sss-data-href='https:\/\/oscarhumbertogomez.com\/?p=12197'><div class='heateor_sss_sharing_title' style=\"font-weight:bold\" >\u00a1Gracias por compartirla!<\/div><ul class=\"heateor_sss_sharing_ul\"><li class=\"heateorSssSharingRound\"><i style=\"width:35px;height:35px;border-radius:999px;\" alt=\"Facebook\" Title=\"Facebook\" class=\"heateorSssSharing heateorSssFacebookBackground\" onclick='heateorSssPopup(\"https:\/\/www.facebook.com\/sharer\/sharer.php?u=https%3A%2F%2Foscarhumbertogomez.com%2Findex.php%3Frest_route%3D%252Fwp%252Fv2%252Fposts%252F12197\")'><ss style=\"display:block;border-radius:999px;\" class=\"heateorSssSharingSvg heateorSssFacebookSvg\"><\/ss><\/i><\/li><li class=\"heateorSssSharingRound\"><i style=\"width:35px;height:35px;border-radius:999px;\" alt=\"Twitter\" Title=\"Twitter\" class=\"heateorSssSharing heateorSssTwitterBackground\" onclick='heateorSssPopup(\"http:\/\/twitter.com\/intent\/tweet?text=LA%20NI%C3%91A%20DE%20LA%20LAVANDERA.%20Cr%C3%B3nica%20de%20una%20injusticia%20%28II%29.%20Por%20%C3%93scar%20Humberto%20G%C3%B3mez%20G%C3%B3mez%2C%20Miembro%20del%20Colegio%20Nacional%20de%20Periodistas&url=https%3A%2F%2Foscarhumbertogomez.com%2Findex.php%3Frest_route%3D%252Fwp%252Fv2%252Fposts%252F12197\")'><ss style=\"display:block;border-radius:999px;\" class=\"heateorSssSharingSvg heateorSssTwitterSvg\"><\/ss><\/i><\/li><li class=\"heateorSssSharingRound\"><i style=\"width:35px;height:35px;border-radius:999px;\" alt=\"Whatsapp\" Title=\"Whatsapp\" class=\"heateorSssSharing heateorSssWhatsappBackground\" onclick='heateorSssPopup(\"https:\/\/web.whatsapp.com\/send?text=LA%20NI%C3%91A%20DE%20LA%20LAVANDERA.%20Cr%C3%B3nica%20de%20una%20injusticia%20%28II%29.%20Por%20%C3%93scar%20Humberto%20G%C3%B3mez%20G%C3%B3mez%2C%20Miembro%20del%20Colegio%20Nacional%20de%20Periodistas https%3A%2F%2Foscarhumbertogomez.com%2Findex.php%3Frest_route%3D%252Fwp%252Fv2%252Fposts%252F12197\")'><ss style=\"display:block\" class=\"heateorSssSharingSvg heateorSssWhatsappSvg\"><\/ss><\/i><\/li><li class=\"heateorSssSharingRound\"><i style=\"width:35px;height:35px;border-radius:999px;\" alt=\"Pinterest\" Title=\"Pinterest\" class=\"heateorSssSharing heateorSssPinterestBackground\" onclick=\"javascript:void( (function() {var e=document.createElement('script' );e.setAttribute('type','text\/javascript' );e.setAttribute('charset','UTF-8' );e.setAttribute('src','\/\/assets.pinterest.com\/js\/pinmarklet.js?r='+Math.random()*99999999);document.body.appendChild(e)})());\"><ss style=\"display:block;border-radius:999px;\" class=\"heateorSssSharingSvg heateorSssPinterestSvg\"><\/ss><\/i><\/li><li class=\"heateorSssSharingRound\"><i style=\"width:35px;height:35px;border-radius:999px;\" alt=\"Google Gmail\" Title=\"Google Gmail\" class=\"heateorSssSharing heateorSssGoogleGmailBackground\" onclick='heateorSssPopup(\"https:\/\/mail.google.com\/mail\/?ui=2&view=cm&fs=1&tf=1&su=LA%20NI%C3%91A%20DE%20LA%20LAVANDERA.%20Cr%C3%B3nica%20de%20una%20injusticia%20%28II%29.%20Por%20%C3%93scar%20Humberto%20G%C3%B3mez%20G%C3%B3mez%2C%20Miembro%20del%20Colegio%20Nacional%20de%20Periodistas&body=Link:https%3A%2F%2Foscarhumbertogomez.com%2Findex.php%3Frest_route%3D%252Fwp%252Fv2%252Fposts%252F12197\")'><ss style=\"display:block;border-radius:999px;\" class=\"heateorSssSharingSvg heateorSssGoogleGmailSvg\"><\/ss><\/i><\/li><li class=\"heateorSssSharingRound\"><i style=\"width:35px;height:35px;border-radius:999px;\" title=\"More\" alt=\"More\" class=\"heateorSssSharing heateorSssMoreBackground\" onclick=\"heateorSssMoreSharingPopup(this, 'https:\/\/oscarhumbertogomez.com\/index.php?rest_route=%2Fwp%2Fv2%2Fposts%2F12197', 'LA%20NI%C3%91A%20DE%20LA%20LAVANDERA.%20Cr%C3%B3nica%20de%20una%20injusticia%20%28II%29.%20Por%20%C3%93scar%20Humberto%20G%C3%B3mez%20G%C3%B3mez%2C%20Miembro%20del%20Colegio%20Nacional%20de%20Periodistas', '' )\" ><ss style=\"display:block\" class=\"heateorSssSharingSvg heateorSssMoreSvg\"><\/ss><\/i><\/li><\/ul><div class=\"heateorSssClear\"><\/div><\/div><div class='heateorSssClear'><\/div>","protected":false},"author":2,"featured_media":0,"comment_status":"open","ping_status":"open","sticky":false,"template":"","format":"standard","meta":{"spay_email":"","footnotes":""},"categories":[11],"tags":[],"class_list":["post-12197","post","type-post","status-publish","format-standard","hentry","category-periodismo"],"jetpack_featured_media_url":"","jetpack_shortlink":"https:\/\/wp.me\/p1FYrr-3aJ","_links":{"self":[{"href":"https:\/\/oscarhumbertogomez.com\/index.php?rest_route=\/wp\/v2\/posts\/12197","targetHints":{"allow":["GET"]}}],"collection":[{"href":"https:\/\/oscarhumbertogomez.com\/index.php?rest_route=\/wp\/v2\/posts"}],"about":[{"href":"https:\/\/oscarhumbertogomez.com\/index.php?rest_route=\/wp\/v2\/types\/post"}],"author":[{"embeddable":true,"href":"https:\/\/oscarhumbertogomez.com\/index.php?rest_route=\/wp\/v2\/users\/2"}],"replies":[{"embeddable":true,"href":"https:\/\/oscarhumbertogomez.com\/index.php?rest_route=%2Fwp%2Fv2%2Fcomments&post=12197"}],"version-history":[{"count":5,"href":"https:\/\/oscarhumbertogomez.com\/index.php?rest_route=\/wp\/v2\/posts\/12197\/revisions"}],"predecessor-version":[{"id":52392,"href":"https:\/\/oscarhumbertogomez.com\/index.php?rest_route=\/wp\/v2\/posts\/12197\/revisions\/52392"}],"wp:attachment":[{"href":"https:\/\/oscarhumbertogomez.com\/index.php?rest_route=%2Fwp%2Fv2%2Fmedia&parent=12197"}],"wp:term":[{"taxonomy":"category","embeddable":true,"href":"https:\/\/oscarhumbertogomez.com\/index.php?rest_route=%2Fwp%2Fv2%2Fcategories&post=12197"},{"taxonomy":"post_tag","embeddable":true,"href":"https:\/\/oscarhumbertogomez.com\/index.php?rest_route=%2Fwp%2Fv2%2Ftags&post=12197"}],"curies":[{"name":"wp","href":"https:\/\/api.w.org\/{rel}","templated":true}]}}