{"id":12547,"date":"2014-06-28T01:32:56","date_gmt":"2014-06-28T06:32:56","guid":{"rendered":"http:\/\/www.oscarhumbertogomez.com\/?p=12547"},"modified":"2025-02-19T18:41:32","modified_gmt":"2025-02-19T23:41:32","slug":"de-nuevo-la-reforma-a-la-justicia-i-por-oscar-humberto-gomez-gomez","status":"publish","type":"post","link":"https:\/\/oscarhumbertogomez.com\/?p=12547","title":{"rendered":"De nuevo, la reforma a la Justicia [I]. Por \u00d3scar Humberto G\u00f3mez G\u00f3mez"},"content":{"rendered":"<p><img decoding=\"async\" class=\"aligncenter size-full wp-image-4481\" src=\"https:\/\/lapiedrafilosofal.com\/wp-content\/uploads\/2012\/06\/OSCAR-HUMBERTO-GOMEZ.jpg\" alt=\"OSCAR HUMBERTO GOMEZ\" width=\"500\"><\/p>\n<p>&nbsp;<\/p>\n<p>En el a\u00f1o 2010, el Gobierno Nacional anunci\u00f3, con bombos y platillos \u2014y no pocos redoblantes\u2014 la inminencia de una reforma a la justicia. Ya todos supimos en qu\u00e9 par\u00f3 el escandaloso anuncio: hasta el secretario del Senado quiso aprovecharla para que le dieran fuero.<\/p>\n<p>Hoy, cuatro a\u00f1os despu\u00e9s, el mismo Gobierno Nacional, es decir, el de Juan Manuel Santos, ha vuelto a anunciar lo mismo.<\/p>\n<p>&nbsp;<\/p>\n<p><img loading=\"lazy\" decoding=\"async\" class=\"aligncenter size-full wp-image-12579\" title=\"justice\" src=\"https:\/\/lapiedrafilosofal.com\/wp-content\/uploads\/2014\/06\/justice.jpg\" alt=\"\" width=\"408\" height=\"800\" srcset=\"https:\/\/oscarhumbertogomez.com\/wp-content\/uploads\/2014\/06\/justice.jpg 408w, https:\/\/oscarhumbertogomez.com\/wp-content\/uploads\/2014\/06\/justice-153x300.jpg 153w\" sizes=\"auto, (max-width: 408px) 100vw, 408px\" \/><\/p>\n<p>&nbsp;<\/p>\n<p>Pues bien: en aquella oportunidad, nos dimos a la tarea de perder el tiempo \u2014como solemos hacerlo siempre, porque para nuestro infortunio tenemos la incorregible man\u00eda de so\u00f1ar con un pa\u00eds mejor\u2014 y nos pusimos en la majader\u00eda de formular algunas ideas acerca de los t\u00f3picos que, en nuestro sentir, y a la luz de nuestra experiencia en el foro por m\u00e1s de treinta a\u00f1os, deb\u00edan ser abordados con toda decisi\u00f3n en aquella inminente, seria, exhaustiva &nbsp;y profunda (eso cre\u00edamos) reforma.<\/p>\n<p>Amigos que nos honran con su estimaci\u00f3n, o personas a quienes, simplemente, les interesa este tema \u2014que, por cierto, deber\u00edan ser todas\u2014 &nbsp;nos han manifestado, otra vez, sus inquietudes acerca de cu\u00e1l fue la suerte corrida por nuestras propuestas y sobre si en las reformas que de todos modos se hicieron, seg\u00fan repiti\u00f3 una vez y otra el entonces candidato a la reelecci\u00f3n, tales asuntos se tuvieron en cuenta &nbsp;o no. &nbsp;Otras personas, que al parecer nunca se enteraron de nuestras reflexiones, quieren conocer ahora de qu\u00e9 aspectos se habl\u00f3 en aquella ocasi\u00f3n, con miras a empaparse del tema y poder, ahora s\u00ed, entrar en el debate que Juan Manuel Santos ha comenzado a reabrir, en medio del escepticismo general (o, al menos, del nuestro).<\/p>\n<p>&nbsp;<\/p>\n<div id=\"attachment_12572\" style=\"width: 710px\" class=\"wp-caption aligncenter\"><img loading=\"lazy\" decoding=\"async\" aria-describedby=\"caption-attachment-12572\" class=\"size-full wp-image-12572\" title=\"JUAN MANUEL SANTOS CALDER\u00d3N, PRESIDENTE DE LA REP\u00daBLICA.\" src=\"https:\/\/lapiedrafilosofal.com\/wp-content\/uploads\/2014\/06\/JUAN-MANUEL-SANTOS-CALDER\u00d3N-PRESIDENTE-DE-LA-REP\u00daBLICA.3.jpg\" alt=\"\" width=\"700\" height=\"938\" srcset=\"https:\/\/oscarhumbertogomez.com\/wp-content\/uploads\/2014\/06\/JUAN-MANUEL-SANTOS-CALDER\u00d3N-PRESIDENTE-DE-LA-REP\u00daBLICA.3.jpg 700w, https:\/\/oscarhumbertogomez.com\/wp-content\/uploads\/2014\/06\/JUAN-MANUEL-SANTOS-CALDER\u00d3N-PRESIDENTE-DE-LA-REP\u00daBLICA.3-223x300.jpg 223w\" sizes=\"auto, (max-width: 700px) 100vw, 700px\" \/><p id=\"caption-attachment-12572\" class=\"wp-caption-text\">JUAN MANUEL SANTOS CALDER\u00d3N, PRESIDENTE DE COLOMBIA<\/p><\/div>\n<p>&nbsp;<\/p>\n<p>Partiendo de la base de que <strong>reforma a la justicia no ha habido<\/strong>, vamos a reproducir en este <em>web site&nbsp;<\/em>las ideas esbozadas entonces. &nbsp;Lo hacemos, porque mantenemos inc\u00f3lume la convicci\u00f3n de que una reforma a la justicia que s\u00f3lo consulte el pensamiento y los intereses de las llamadas altas cortes \u2014como, desgraciadamente, todo indica que volver\u00e1 a suceder mientras la idea la lidere Juan Manuel Santos\u2014 no ser\u00e1 m\u00e1s que otra nueva reforma inexorablemente condenada al fracaso.<\/p>\n<p>Y es que \u2014insistimos una vez m\u00e1s\u2014 no son las altas cortes, somos nosotros&nbsp;<strong>los abogados<\/strong>, espec\u00edficamente <strong>los abogados litigantes <\/strong>(\u00a1DESPIERTEN, DOCTORES!), quienes, por nuestro contacto diario con la realidad judicial colombiana a lo largo de los a\u00f1os, estamos en capacidad de se\u00f1alar cu\u00e1les son los vicios y las lacras que agobian a nuestra Administraci\u00f3n de Justicia \u2014incluidos los que agobian a las altas cortes\u2014 y cu\u00e1les los remedios que deber\u00edan ser adoptados por el Estado en aras de superar tales deficiencias y poder aproximarnos al ideal, esquivo pero siempre actual, de contar en Colombia con una pronta y debida justicia.<\/p>\n<p>&nbsp;<\/p>\n<div id=\"attachment_12573\" style=\"width: 407px\" class=\"wp-caption aligncenter\"><img loading=\"lazy\" decoding=\"async\" aria-describedby=\"caption-attachment-12573\" class=\"size-full wp-image-12573\" title=\"Abogado\" src=\"https:\/\/lapiedrafilosofal.com\/wp-content\/uploads\/2014\/06\/Abogado2.jpg\" alt=\"\" width=\"397\" height=\"600\" srcset=\"https:\/\/oscarhumbertogomez.com\/wp-content\/uploads\/2014\/06\/Abogado2.jpg 397w, https:\/\/oscarhumbertogomez.com\/wp-content\/uploads\/2014\/06\/Abogado2-198x300.jpg 198w\" sizes=\"auto, (max-width: 397px) 100vw, 397px\" \/><p id=\"caption-attachment-12573\" class=\"wp-caption-text\">POR LA IMPORTANCIA QUE TIENE EL ABOGADO COMO VOCERO DE LA COMUNIDAD ANTE EL PODER JUDICIAL DEL ESTADO, SU INTERVENCI\u00d3N DEBE SER PARTE FUNDAMENTAL DE CUALQUIER REFORMA A LA JUSTICIA<\/p><\/div>\n<p>&nbsp;<\/p>\n<p>No compartimos, de otro lado, la postura de quienes sostienen que la reforma a la justicia s\u00f3lo debe tratar temas estructurales u organizacionales, y no los atinentes a institutos procesales consagrados en los c\u00f3digos. Y es que en no pocas oportunidades son, precisamente, esos vac\u00edos o regulaciones equ\u00edvocas o infortunadas los que nutren el caos, la morosidad, la congesti\u00f3n y las palmarias injusticias que se evidencian dentro de la tarea judicial que cumple el Estado colombiano, fallas por las cuales la sociedad est\u00e1 reclamando a gritos una radical reforma a la justicia.&nbsp;Quienes en aquel entonces nos criticaron en este sentido argumentaron que algunas de nuestras inquietudes no ten\u00edan rango constitucional, sino &#8220;meramente&#8221; legal. Podr\u00e1n tener raz\u00f3n en eso. Pero nosotros consideramos que una verdadera reforma a la justicia no debe limitarse a la Constituci\u00f3n, sino que debe extenderse a la ley, la cual en este asunto no es algo de poca monta. Nada lograremos, por ejemplo, suprimiendo la Comisi\u00f3n de Acusaci\u00f3n de la C\u00e1mara de Representantes o el Consejo Superior de la Judicatura si, por otro lado, seguimos con ese vicio insoportable de inundar con monta\u00f1as de fotocopias innecesarias los juzgados y tribunales haciendo ver denso y abrumador lo que, en el fondo, podr\u00eda resultar sencillo. Solo incluyendo en la reforma tanto la Constituci\u00f3n como la ley \u2014y desterrando a trav\u00e9s de esta las malas pr\u00e1cticas judiciales y las ambig\u00fcedades legales que generan recursos, tutelas, decisiones contradictorias, injusticias, desgaste, morosidad, congesti\u00f3n y estr\u00e9s\u2014 evitaremos que volvamos a llenarnos de principios superiores gen\u00e9ricos muy bellos, pero que en la realidad no se cumplen.<\/p>\n<p>&nbsp;<\/p>\n<p><img loading=\"lazy\" decoding=\"async\" class=\"aligncenter size-full wp-image-12560\" title=\"CONGESTI\u00d3N JUDICIAL\" src=\"https:\/\/lapiedrafilosofal.com\/wp-content\/uploads\/2014\/06\/CONGESTI\u00d3N-JUDICIAL.jpg\" alt=\"\" width=\"400\" height=\"294\" srcset=\"https:\/\/oscarhumbertogomez.com\/wp-content\/uploads\/2014\/06\/CONGESTI\u00d3N-JUDICIAL.jpg 400w, https:\/\/oscarhumbertogomez.com\/wp-content\/uploads\/2014\/06\/CONGESTI\u00d3N-JUDICIAL-300x220.jpg 300w\" sizes=\"auto, (max-width: 400px) 100vw, 400px\" \/><img loading=\"lazy\" decoding=\"async\" class=\"aligncenter size-full wp-image-12561\" title=\"CONGESTI\u00d3N JUDICIAL I\" src=\"https:\/\/lapiedrafilosofal.com\/wp-content\/uploads\/2014\/06\/CONGESTI\u00d3N-JUDICIAL-I.jpg\" alt=\"\" width=\"470\" height=\"346\" srcset=\"https:\/\/oscarhumbertogomez.com\/wp-content\/uploads\/2014\/06\/CONGESTI\u00d3N-JUDICIAL-I.jpg 470w, https:\/\/oscarhumbertogomez.com\/wp-content\/uploads\/2014\/06\/CONGESTI\u00d3N-JUDICIAL-I-300x220.jpg 300w\" sizes=\"auto, (max-width: 470px) 100vw, 470px\" \/><\/p>\n<p>&nbsp;<\/p>\n<p>Posteriormente, nos referiremos a la expedici\u00f3n y entrada en vigencia de los nuevos c\u00f3digos, de los que tanto habl\u00f3 el candidato Santos para contradecir a quienes hablaban del fracaso absoluto de su anunciada reforma. Solo anticipemos por ahora que, gracias a la improvisaci\u00f3n con que se pusieron en vigencia tales c\u00f3digos, estamos inmersos en el caos legislativo y jurisprudencial m\u00e1s grande en la historia reciente de Colombia y que en cuanto al \u00e1rea que ejercemos, esto es, en cuanto al derecho administrativo, estamos aplicando al tiempo en Colombia CINCO (5) c\u00f3digos sobre los mismos temas.<\/p>\n<p>Comenzaremos, pues, nuestros planteamientos abordando la primera reforma que espera con ansiedad el pa\u00eds: la reforma a la controvertida acci\u00f3n de tutela contra providencias judiciales y, de manera muy especial, la reforma a la acci\u00f3n de tutela contra las decisiones de las altas cortes.<\/p>\n<p>___________<\/p>\n<p>&nbsp;<\/p>\n<p>PR\u00d3XIMA ENTRADA:<\/p>\n<p><strong>DE NUEVO, LA REFORMA A LA JUSTICIA (II)<\/strong>.<\/p>\n<p><strong>TUTELA CONTRA PROVIDENCIAS DE LAS ALTAS CORTES<\/strong>.<\/p>\n<p>\u00bfPUEDE SER IMPARCIAL EL JUEZ CUANDO HACE DE JUEZ Y DE ACUSADO?<\/p>\n<p>UN PREVARICATO CONFESO, REITERADO E IMPUNE: MAGISTRADOS DE LAS ALTAS CORTES ENEMIGOS DE LA TUTELA QUE NO SE DECLARAN IMPEDIDOS.<\/p>\n<p>\u00bfPOR QU\u00c9 ES TAN GRAVE QUE LA COMISI\u00d3N DE ACUSACI\u00d3N DE LA C\u00c1MARA DE REPRESENTANTES NO FUNCIONE?<\/p>\n<p>\u00bfES ADMISIBLE QUE EN UN ESTADO DE DERECHO HAYA INSTITUCIONES Y FUNCIONARIOS INTOCABLES?<\/p>\n<p>_________<\/p>\n<p>&nbsp;<\/p>\n","protected":false},"excerpt":{"rendered":"<p>&nbsp; En el a\u00f1o 2010, el Gobierno Nacional anunci\u00f3, con bombos y platillos \u2014y no pocos redoblantes\u2014 la inminencia de una reforma a la justicia. Ya todos supimos en qu\u00e9 par\u00f3 el escandaloso anuncio: hasta el secretario del Senado quiso &hellip; <a href=\"https:\/\/oscarhumbertogomez.com\/?p=12547\">Sigue leyendo <span class=\"meta-nav\">&rarr;<\/span><\/a><\/p>\n<div class='heateorSssClear'><\/div><div  class='heateor_sss_sharing_container heateor_sss_horizontal_sharing' heateor-sss-data-href='https:\/\/oscarhumbertogomez.com\/?p=12547'><div class='heateor_sss_sharing_title' style=\"font-weight:bold\" >\u00a1Gracias por compartirla!<\/div><ul class=\"heateor_sss_sharing_ul\"><li class=\"heateorSssSharingRound\"><i style=\"width:35px;height:35px;border-radius:999px;\" alt=\"Facebook\" Title=\"Facebook\" class=\"heateorSssSharing heateorSssFacebookBackground\" onclick='heateorSssPopup(\"https:\/\/www.facebook.com\/sharer\/sharer.php?u=https%3A%2F%2Foscarhumbertogomez.com%2Findex.php%3Frest_route%3D%252Fwp%252Fv2%252Fposts%252F12547\")'><ss style=\"display:block;border-radius:999px;\" class=\"heateorSssSharingSvg heateorSssFacebookSvg\"><\/ss><\/i><\/li><li class=\"heateorSssSharingRound\"><i style=\"width:35px;height:35px;border-radius:999px;\" alt=\"Twitter\" Title=\"Twitter\" class=\"heateorSssSharing heateorSssTwitterBackground\" onclick='heateorSssPopup(\"http:\/\/twitter.com\/intent\/tweet?text=De%20nuevo%2C%20la%20reforma%20a%20la%20Justicia%20%5BI%5D.%20Por%20%C3%93scar%20Humberto%20G%C3%B3mez%20G%C3%B3mez&url=https%3A%2F%2Foscarhumbertogomez.com%2Findex.php%3Frest_route%3D%252Fwp%252Fv2%252Fposts%252F12547\")'><ss style=\"display:block;border-radius:999px;\" class=\"heateorSssSharingSvg heateorSssTwitterSvg\"><\/ss><\/i><\/li><li class=\"heateorSssSharingRound\"><i style=\"width:35px;height:35px;border-radius:999px;\" alt=\"Whatsapp\" Title=\"Whatsapp\" class=\"heateorSssSharing heateorSssWhatsappBackground\" onclick='heateorSssPopup(\"https:\/\/web.whatsapp.com\/send?text=De%20nuevo%2C%20la%20reforma%20a%20la%20Justicia%20%5BI%5D.%20Por%20%C3%93scar%20Humberto%20G%C3%B3mez%20G%C3%B3mez https%3A%2F%2Foscarhumbertogomez.com%2Findex.php%3Frest_route%3D%252Fwp%252Fv2%252Fposts%252F12547\")'><ss style=\"display:block\" class=\"heateorSssSharingSvg heateorSssWhatsappSvg\"><\/ss><\/i><\/li><li class=\"heateorSssSharingRound\"><i style=\"width:35px;height:35px;border-radius:999px;\" alt=\"Pinterest\" Title=\"Pinterest\" class=\"heateorSssSharing heateorSssPinterestBackground\" onclick=\"javascript:void( (function() {var e=document.createElement('script' );e.setAttribute('type','text\/javascript' );e.setAttribute('charset','UTF-8' );e.setAttribute('src','\/\/assets.pinterest.com\/js\/pinmarklet.js?r='+Math.random()*99999999);document.body.appendChild(e)})());\"><ss style=\"display:block;border-radius:999px;\" class=\"heateorSssSharingSvg heateorSssPinterestSvg\"><\/ss><\/i><\/li><li class=\"heateorSssSharingRound\"><i style=\"width:35px;height:35px;border-radius:999px;\" alt=\"Google Gmail\" Title=\"Google Gmail\" class=\"heateorSssSharing heateorSssGoogleGmailBackground\" onclick='heateorSssPopup(\"https:\/\/mail.google.com\/mail\/?ui=2&view=cm&fs=1&tf=1&su=De%20nuevo%2C%20la%20reforma%20a%20la%20Justicia%20%5BI%5D.%20Por%20%C3%93scar%20Humberto%20G%C3%B3mez%20G%C3%B3mez&body=Link:https%3A%2F%2Foscarhumbertogomez.com%2Findex.php%3Frest_route%3D%252Fwp%252Fv2%252Fposts%252F12547\")'><ss style=\"display:block;border-radius:999px;\" class=\"heateorSssSharingSvg heateorSssGoogleGmailSvg\"><\/ss><\/i><\/li><li class=\"heateorSssSharingRound\"><i style=\"width:35px;height:35px;border-radius:999px;\" title=\"More\" alt=\"More\" class=\"heateorSssSharing heateorSssMoreBackground\" onclick=\"heateorSssMoreSharingPopup(this, 'https:\/\/oscarhumbertogomez.com\/index.php?rest_route=%2Fwp%2Fv2%2Fposts%2F12547', 'De%20nuevo%2C%20la%20reforma%20a%20la%20Justicia%20%5BI%5D.%20Por%20%C3%93scar%20Humberto%20G%C3%B3mez%20G%C3%B3mez', '' )\" ><ss style=\"display:block\" class=\"heateorSssSharingSvg heateorSssMoreSvg\"><\/ss><\/i><\/li><\/ul><div class=\"heateorSssClear\"><\/div><\/div><div class='heateorSssClear'><\/div>","protected":false},"author":2,"featured_media":0,"comment_status":"open","ping_status":"open","sticky":false,"template":"","format":"standard","meta":{"spay_email":"","footnotes":""},"categories":[10],"tags":[],"class_list":["post-12547","post","type-post","status-publish","format-standard","hentry","category-derecho"],"jetpack_featured_media_url":"","jetpack_shortlink":"https:\/\/wp.me\/p1FYrr-3gn","_links":{"self":[{"href":"https:\/\/oscarhumbertogomez.com\/index.php?rest_route=\/wp\/v2\/posts\/12547","targetHints":{"allow":["GET"]}}],"collection":[{"href":"https:\/\/oscarhumbertogomez.com\/index.php?rest_route=\/wp\/v2\/posts"}],"about":[{"href":"https:\/\/oscarhumbertogomez.com\/index.php?rest_route=\/wp\/v2\/types\/post"}],"author":[{"embeddable":true,"href":"https:\/\/oscarhumbertogomez.com\/index.php?rest_route=\/wp\/v2\/users\/2"}],"replies":[{"embeddable":true,"href":"https:\/\/oscarhumbertogomez.com\/index.php?rest_route=%2Fwp%2Fv2%2Fcomments&post=12547"}],"version-history":[{"count":3,"href":"https:\/\/oscarhumbertogomez.com\/index.php?rest_route=\/wp\/v2\/posts\/12547\/revisions"}],"predecessor-version":[{"id":50931,"href":"https:\/\/oscarhumbertogomez.com\/index.php?rest_route=\/wp\/v2\/posts\/12547\/revisions\/50931"}],"wp:attachment":[{"href":"https:\/\/oscarhumbertogomez.com\/index.php?rest_route=%2Fwp%2Fv2%2Fmedia&parent=12547"}],"wp:term":[{"taxonomy":"category","embeddable":true,"href":"https:\/\/oscarhumbertogomez.com\/index.php?rest_route=%2Fwp%2Fv2%2Fcategories&post=12547"},{"taxonomy":"post_tag","embeddable":true,"href":"https:\/\/oscarhumbertogomez.com\/index.php?rest_route=%2Fwp%2Fv2%2Ftags&post=12547"}],"curies":[{"name":"wp","href":"https:\/\/api.w.org\/{rel}","templated":true}]}}