{"id":12761,"date":"2014-07-08T13:15:28","date_gmt":"2014-07-08T18:15:28","guid":{"rendered":"http:\/\/www.oscarhumbertogomez.com\/?p=12761"},"modified":"2025-03-23T12:36:35","modified_gmt":"2025-03-23T17:36:35","slug":"guerra-del-agua-apenas-comienza-por-rafael-serrano-prada","status":"publish","type":"post","link":"https:\/\/oscarhumbertogomez.com\/?p=12761","title":{"rendered":"Guerra del agua apenas comienza. Por Rafael Serrano Prada"},"content":{"rendered":"<p><img decoding=\"async\" src=\"https:\/\/lapiedrafilosofal.com\/wp-content\/uploads\/2014\/07\/RAFAEL-SERRANO-PRADA-I1-248x300.jpg\" alt=\"\" title=\"RAFAEL SERRANO PRADA I\" width=\"496\" height=\"600 class=\" aligncenter=\"\" size-medium=\"\" wp-image-12762\"=\"\" srcset=\"https:\/\/oscarhumbertogomez.com\/wp-content\/uploads\/2014\/07\/RAFAEL-SERRANO-PRADA-I1-248x300.jpg 248w, https:\/\/oscarhumbertogomez.com\/wp-content\/uploads\/2014\/07\/RAFAEL-SERRANO-PRADA-I1-849x1024.jpg 849w, https:\/\/oscarhumbertogomez.com\/wp-content\/uploads\/2014\/07\/RAFAEL-SERRANO-PRADA-I1.jpg 1200w\" sizes=\"(max-width: 248px) 100vw, 248px\" \/><\/p>\n<p>&nbsp;<\/p>\n<p>Hay que cambiar los h\u00e1bitos de consumo de agua en los sanitarios, en las lavander\u00edas, en las plantas de lixiviados de las empresas mineras. Cuando se descarga la cisterna para atender problemas de limpieza dom\u00e9stica se derrochan ocho litros de agua, que pueden ahorrarse colocando unos sistemas alternativos para recibir los l\u00edquidos del cuerpo humano que pasan por esos recipientes.<br \/>\nEl mundo tendr\u00e1 que adoptar unos protocolos internacionales sobre el uso del agua para evitar el desperdicio.  En Francia, el agua que consumen los hu\u00e9spedes de los hoteles y restaurantes est\u00e1 incluida en el costo de la factura que paga el usuario. Curiosamente, a un locutor santandereano que narraba una competencia deportiva le pidieron que se hiciera ver del m\u00e9dico, porque los europeos solamente se ba\u00f1an una vez por semana. Para esos menesteres est\u00e1n las lociones, que los europeos las consumen a raudales.<br \/>\nA prop\u00f3sito de la crisis que se presenta en varias regiones de Santander por el intenso verano, agravada por los temores de fen\u00f3menos ambientales que disminuyen las lluvias, es necesario predicar desde nuestros medios de comunicaci\u00f3n una enorme disciplina social en los consumos. La guerra del agua empieza a sentirse en territorios colombianos, como lo llanos orientales,  donde la perforaci\u00f3n de las capas tect\u00f3nicas, en busca del petr\u00f3leo, ha provocado la muerte de millones de especies naturales.<br \/>\nHace varios a\u00f1os, cuando la poblaci\u00f3n colombiana no pasaba de treinta millones de habitantes, se expidi\u00f3 el m\u00e1s moderno c\u00f3digo de recursos naturales, elaborado por iniciativa del gobierno del ex presidente Misael Pastrana Borrero. El af\u00e1n de perforar el subsuelo colombiano para la extracci\u00f3n de hidrocarburos, ha producido unos efectos desastrosos sobre el medio ambiente.<br \/>\nLa discusi\u00f3n sobre este delicado asunto ha puesto a pensar a las compa\u00f1\u00edas extranjeras que llegan al pa\u00eds, atra\u00eddas por la pol\u00edtica de concesiones mineras, para contribuir de manera preventiva con la construcci\u00f3n de plantas de tratamiento del agua para usos industriales, como la que ser\u00e1 inaugurada esta semana en el municipio de California, en la Cordillera de Santurb\u00e1n.<br \/>\nProteger el medio ambiente debe ser una religi\u00f3n, porque est\u00e1 impl\u00edcita la supervivencia de los seres humanos, del mundo animal y de las especies vegetales, que son la fuente de la producci\u00f3n h\u00eddrica. El nuevo Congreso de la Rep\u00fablica, que se instala el veinte de julio, tendr\u00e1 mucho que hacer para expedir las normas que protejan el eco-sistema.<br \/>\nPor ahora, existe una Polic\u00eda Ambiental, que se ocupa de la protecci\u00f3n de especies en v\u00eda de extinci\u00f3n, como los jaguares, los tigres y leones, pero no existen lugares para trasladar y garantizar la vida de estas especies. Seguramente en la nueva legislaci\u00f3n se adoptar\u00e1 un r\u00e9gimen legal para el funcionamiento de las Corporaciones Ambientales, cuya fusi\u00f3n en los departamentos hab\u00eda sido propuesta hace cuatro a\u00f1os en la campa\u00f1a del presidente Juan Manuel Santos.<br \/>\nLa guerra del agua empieza a sentirse en Santander y ha dejado estragos en municipios como Gal\u00e1n, donde sus habitantes se opusieron a la construcci\u00f3n de la red de conducci\u00f3n para el acueducto de Barichara, colocando en riesgo una inversi\u00f3n de diez mil millones de pesos. En Onzaga las autoridades se niegan a conceder licencia para la construcci\u00f3n del acueducto regional del R\u00edo Chicamocha, que tiene cierre financiero.<\/p>\n","protected":false},"excerpt":{"rendered":"<div class='heateorSssClear'><\/div><div  class='heateor_sss_sharing_container heateor_sss_horizontal_sharing' heateor-sss-data-href='https:\/\/oscarhumbertogomez.com\/?p=12761'><div class='heateor_sss_sharing_title' style=\"font-weight:bold\" >\u00a1Gracias por compartirla!<\/div><ul class=\"heateor_sss_sharing_ul\"><li class=\"heateorSssSharingRound\"><i style=\"width:35px;height:35px;border-radius:999px;\" alt=\"Facebook\" Title=\"Facebook\" class=\"heateorSssSharing heateorSssFacebookBackground\" onclick='heateorSssPopup(\"https:\/\/www.facebook.com\/sharer\/sharer.php?u=https%3A%2F%2Foscarhumbertogomez.com%2Findex.php%3Frest_route%3D%252Fwp%252Fv2%252Fposts%252F12761\")'><ss style=\"display:block;border-radius:999px;\" class=\"heateorSssSharingSvg heateorSssFacebookSvg\"><\/ss><\/i><\/li><li class=\"heateorSssSharingRound\"><i style=\"width:35px;height:35px;border-radius:999px;\" alt=\"Twitter\" Title=\"Twitter\" class=\"heateorSssSharing heateorSssTwitterBackground\" onclick='heateorSssPopup(\"http:\/\/twitter.com\/intent\/tweet?text=Guerra%20del%20agua%20apenas%20comienza.%20Por%20Rafael%20Serrano%20Prada&url=https%3A%2F%2Foscarhumbertogomez.com%2Findex.php%3Frest_route%3D%252Fwp%252Fv2%252Fposts%252F12761\")'><ss style=\"display:block;border-radius:999px;\" class=\"heateorSssSharingSvg heateorSssTwitterSvg\"><\/ss><\/i><\/li><li class=\"heateorSssSharingRound\"><i style=\"width:35px;height:35px;border-radius:999px;\" alt=\"Whatsapp\" Title=\"Whatsapp\" class=\"heateorSssSharing heateorSssWhatsappBackground\" onclick='heateorSssPopup(\"https:\/\/web.whatsapp.com\/send?text=Guerra%20del%20agua%20apenas%20comienza.%20Por%20Rafael%20Serrano%20Prada https%3A%2F%2Foscarhumbertogomez.com%2Findex.php%3Frest_route%3D%252Fwp%252Fv2%252Fposts%252F12761\")'><ss style=\"display:block\" class=\"heateorSssSharingSvg heateorSssWhatsappSvg\"><\/ss><\/i><\/li><li class=\"heateorSssSharingRound\"><i style=\"width:35px;height:35px;border-radius:999px;\" alt=\"Pinterest\" Title=\"Pinterest\" class=\"heateorSssSharing heateorSssPinterestBackground\" onclick=\"javascript:void( (function() {var e=document.createElement('script' );e.setAttribute('type','text\/javascript' );e.setAttribute('charset','UTF-8' );e.setAttribute('src','\/\/assets.pinterest.com\/js\/pinmarklet.js?r='+Math.random()*99999999);document.body.appendChild(e)})());\"><ss style=\"display:block;border-radius:999px;\" class=\"heateorSssSharingSvg heateorSssPinterestSvg\"><\/ss><\/i><\/li><li class=\"heateorSssSharingRound\"><i style=\"width:35px;height:35px;border-radius:999px;\" alt=\"Google Gmail\" Title=\"Google Gmail\" class=\"heateorSssSharing heateorSssGoogleGmailBackground\" onclick='heateorSssPopup(\"https:\/\/mail.google.com\/mail\/?ui=2&view=cm&fs=1&tf=1&su=Guerra%20del%20agua%20apenas%20comienza.%20Por%20Rafael%20Serrano%20Prada&body=Link:https%3A%2F%2Foscarhumbertogomez.com%2Findex.php%3Frest_route%3D%252Fwp%252Fv2%252Fposts%252F12761\")'><ss style=\"display:block;border-radius:999px;\" class=\"heateorSssSharingSvg heateorSssGoogleGmailSvg\"><\/ss><\/i><\/li><li class=\"heateorSssSharingRound\"><i style=\"width:35px;height:35px;border-radius:999px;\" title=\"More\" alt=\"More\" class=\"heateorSssSharing heateorSssMoreBackground\" onclick=\"heateorSssMoreSharingPopup(this, 'https:\/\/oscarhumbertogomez.com\/index.php?rest_route=%2Fwp%2Fv2%2Fposts%2F12761', 'Guerra%20del%20agua%20apenas%20comienza.%20Por%20Rafael%20Serrano%20Prada', '' )\" ><ss style=\"display:block\" class=\"heateorSssSharingSvg heateorSssMoreSvg\"><\/ss><\/i><\/li><\/ul><div class=\"heateorSssClear\"><\/div><\/div><div class='heateorSssClear'><\/div>","protected":false},"author":2,"featured_media":0,"comment_status":"closed","ping_status":"closed","sticky":false,"template":"","format":"standard","meta":{"spay_email":"","footnotes":""},"categories":[18,6],"tags":[],"class_list":["post-12761","post","type-post","status-publish","format-standard","hentry","category-ecologia","category-la-pluma-ajena"],"jetpack_featured_media_url":"","jetpack_shortlink":"https:\/\/wp.me\/p1FYrr-3jP","_links":{"self":[{"href":"https:\/\/oscarhumbertogomez.com\/index.php?rest_route=\/wp\/v2\/posts\/12761","targetHints":{"allow":["GET"]}}],"collection":[{"href":"https:\/\/oscarhumbertogomez.com\/index.php?rest_route=\/wp\/v2\/posts"}],"about":[{"href":"https:\/\/oscarhumbertogomez.com\/index.php?rest_route=\/wp\/v2\/types\/post"}],"author":[{"embeddable":true,"href":"https:\/\/oscarhumbertogomez.com\/index.php?rest_route=\/wp\/v2\/users\/2"}],"replies":[{"embeddable":true,"href":"https:\/\/oscarhumbertogomez.com\/index.php?rest_route=%2Fwp%2Fv2%2Fcomments&post=12761"}],"version-history":[{"count":5,"href":"https:\/\/oscarhumbertogomez.com\/index.php?rest_route=\/wp\/v2\/posts\/12761\/revisions"}],"predecessor-version":[{"id":46747,"href":"https:\/\/oscarhumbertogomez.com\/index.php?rest_route=\/wp\/v2\/posts\/12761\/revisions\/46747"}],"wp:attachment":[{"href":"https:\/\/oscarhumbertogomez.com\/index.php?rest_route=%2Fwp%2Fv2%2Fmedia&parent=12761"}],"wp:term":[{"taxonomy":"category","embeddable":true,"href":"https:\/\/oscarhumbertogomez.com\/index.php?rest_route=%2Fwp%2Fv2%2Fcategories&post=12761"},{"taxonomy":"post_tag","embeddable":true,"href":"https:\/\/oscarhumbertogomez.com\/index.php?rest_route=%2Fwp%2Fv2%2Ftags&post=12761"}],"curies":[{"name":"wp","href":"https:\/\/api.w.org\/{rel}","templated":true}]}}