{"id":12780,"date":"2014-07-11T08:10:16","date_gmt":"2014-07-11T13:10:16","guid":{"rendered":"http:\/\/www.oscarhumbertogomez.com\/?p=12780"},"modified":"2025-04-02T22:19:12","modified_gmt":"2025-04-03T03:19:12","slug":"por-que-removieron-de-su-cargo-a-la-directora-de-colciencias","status":"publish","type":"post","link":"https:\/\/oscarhumbertogomez.com\/?p=12780","title":{"rendered":"\u00bfPor qu\u00e9 removieron de su cargo a la Directora de COLCIENCIAS? Por \u00d3scar Humberto G\u00f3mez G\u00f3mez"},"content":{"rendered":"<p><img decoding=\"async\" class=\"aligncenter size-full wp-image-7611\" title=\"OSCAR-HBTO\" src=\"https:\/\/lapiedrafilosofal.com\/wp-content\/uploads\/2013\/03\/OSCAR-HBTO.jpg\" alt=\"\" width=\"500\" height=\"\" srcset=\"https:\/\/oscarhumbertogomez.com\/wp-content\/uploads\/2013\/03\/OSCAR-HBTO.jpg 299w, https:\/\/oscarhumbertogomez.com\/wp-content\/uploads\/2013\/03\/OSCAR-HBTO-200x300.jpg 200w\" sizes=\"(max-width: 299px) 100vw, 299px\" \/><\/p>\n<p>&nbsp;<\/p>\n<p>La ahora exdirectora de Colciencias hab\u00eda anunciado el pasado jueves, ante m\u00e1s de 700 investigadores y acad\u00e9micos en la Convenci\u00f3n Cient\u00edfica Colombiana, que el Gobierno disminuy\u00f3 el presupuesto que anualmente se le asigna a este ente.<br \/>\nDurante su intervenci\u00f3n en la Convenci\u00f3n, que se realiz\u00f3 en Cartagena, Arias indic\u00f3 que el Departamento Nacional de Planeaci\u00f3n le inform\u00f3 que el presupuesto de Colciencias para 2015 ser\u00eda de 289.000 millones de pesos, 125.000 millones de pesos menos que la inversi\u00f3n asignada el a\u00f1o anterior para 2014.<br \/>\nArias se mostr\u00f3 inconforme con esta decisi\u00f3n e incluso invit\u00f3 a la comunidad cient\u00edfica a movilizarse para exigir una mayor inversi\u00f3n. \u201cAunque Colciencias administrativamente debe tener la importancia de un ministerio est\u00e1 lejos de tener un presupuesto directo que respalde esa importancia\u201d, dijo.<br \/>\nSin embargo, este martes el ministro de Hacienda, Mauricio C\u00e1rdenas Santamar\u00eda, desminti\u00f3 que el Gobierno tenga inter\u00e9s en reducir la partida a Colciencias. En di\u00e1logo con W Radio, C\u00e1rdenas expres\u00f3 que Arias \u201cse equivoc\u00f3 con el manejo del tema\u201d y explic\u00f3 que el debate presupuestal tiene varias discusiones al interior del Gobierno para luego s\u00ed enviar una propuesta a consideraci\u00f3n del Congreso de la Rep\u00fablica.<br \/>\nAsegur\u00f3 que la cifra que \u2018sac\u00f3\u2019 la directora de Colciencias era un monto indicativo, m\u00e1s no definitivo, ya que la discusi\u00f3n sobre la asignaci\u00f3n a las carteras \u201capenas comienza\u201d. Igualmente se\u00f1al\u00f3 que en dicho indicativo no est\u00e1 consignada la inversi\u00f3n que se hace a los becados de Colfuturo, lo cual incrementa bastante el presupuesto. \u201cEl debate se volvi\u00f3 medi\u00e1tico, de manera malintencionado (sic), al hacer ver que el Gobierno tuviera alg\u00fan inter\u00e9s en quitarle plata a la ciencia y tecnolog\u00eda\u201d.<br \/>\nFinalmente, dijo que si Arias no estaba de acuerdo con el monto asignado debi\u00f3 abrir el debate al interior del Gobierno, cuando se debate el CONPES o, incluso, a instancias del Congreso, pero su respuesta fue prematura y extempor\u00e1nea. \u201cUna reacci\u00f3n en caliente que deja mucho que desear\u2026 al decir cosas que no son ciertas\u201d.<br \/>\nTras estas declaraciones del ministro C\u00e1rdenas, Paula Marcela Arias confirm\u00f3 a RCN Radio que \u201cfue removida de su cargo\u201d, a\u00f1adiendo que la decisi\u00f3n pod\u00eda tomarse como \u201calgo normal producto del cambio de Gobierno\u201d.<br \/>\nA pesar de las aclaraciones del Gobierno, varios acad\u00e9micos han criticado fuertemente la medida del \u2018despido\u2019. \u201cQu\u00e9 verg\u00fcenza la destituci\u00f3n fulminante de la Directora de Colciencias. \u00a1La echan por no ocultar informaci\u00f3n!\u201d, escribi\u00f3 en su cuenta de Twitter Mois\u00e9s Wasserman, exrector de la Universidad Nacional.<\/p>\n<p>_______________<\/p>\n<p>&nbsp;<\/p>\n<p><img decoding=\"async\" class=\"aligncenter size-medium wp-image-12784\" title=\"PAULA MARCELA ARIAS I\" src=\"https:\/\/lapiedrafilosofal.com\/wp-content\/uploads\/2014\/07\/PAULA-MARCELA-ARIAS-I-300x199.jpg\" alt=\"\" width=\"500\" height=\"\" srcset=\"https:\/\/oscarhumbertogomez.com\/wp-content\/uploads\/2014\/07\/PAULA-MARCELA-ARIAS-I-300x199.jpg 300w, https:\/\/oscarhumbertogomez.com\/wp-content\/uploads\/2014\/07\/PAULA-MARCELA-ARIAS-I.jpg 620w\" sizes=\"(max-width: 300px) 100vw, 300px\" \/><\/p>\n<p>&nbsp;<\/p>\n<p>La hasta ayer directora de Colciencias, Paula Marcela Arias Pulgar\u00edn, ratific\u00f3 en BLU Radio que su salida se dio por su oposici\u00f3n al anuncio de disminuci\u00f3n del presupuesto para el organismo por parte del Gobierno Nacional.<\/p>\n<p>Arias dijo que una vez conocida la noticia de su renuncia la llamaron del Ministerio de Hacienda para decirle que no recortar\u00edan en presupuesto y en ese sentido manifest\u00f3 que \u201cvali\u00f3 la pena\u201d su decisi\u00f3n.<\/p>\n<p>\u201cMe alegra y lo que m\u00e1s me alegra es que a partir de este momento la comunidad cient\u00edfica siente que tiene en sus manos la posibilidad de influir y yo no creo que haya ministro de Hacienda de los que vienen que se atreva a tocar el presupuesto de la ciencia\u201d.<\/p>\n<p>La exfuncionaria dijo que no es cierto que su reacci\u00f3n se haya debido solo a un borrador de presupuesto presentado por el Gobierno, como lo dijo el ministro de Hacienda, Mauricio C\u00e1rdenas.<\/p>\n<p>Seg\u00fan Arias, el Estado destin\u00f3 289 mil millones de pesos para la entidad en el a\u00f1o 2015, 125 mil millones de pesos menos que los destinados para 2014.<\/p>\n<p>\u201cUsted tiene que tener en la cabeza que son 125 mil millones menos que 2013. Lo que nos ofrecieron fue 289 mil millones, entonces se tiene que tener en consideraci\u00f3n es que las becas de Colciencias es un compromiso adquirido y no les puedo decir a las personas que est\u00e1n en Francia, Alemania, Estados estudiando que no le puedo girar los recursos porque estoy con una negociaci\u00f3n con el ministro\u201d, indic\u00f3 la exfuncionaria.<\/p>\n<p>Arias dijo que la entidad administrativamente debe tener la importancia de un Ministerio, algo que se cuestiona, ya que est\u00e1 lejos de tener un presupuesto directo que respalde su importancia en el desarrollo del pa\u00eds.<\/p>\n<p>Finalmente, dijo que \u201clo mejor que le podr\u00eda pasar a Colciencias es que dejara de ser cuota de alg\u00fan partido\u201d.<\/p>\n<p>\u201cLo que m\u00e1s me har\u00eda feliz ser\u00eda que nombran a alguien de la academia y que no tuviera que ser presentado por ning\u00fan congresista\u201d, puntualiz\u00f3.<\/p>\n<p>_____________<\/p>\n<p>&nbsp;<\/p>\n","protected":false},"excerpt":{"rendered":"<p>&nbsp; La ahora exdirectora de Colciencias hab\u00eda anunciado el pasado jueves, ante m\u00e1s de 700 investigadores y acad\u00e9micos en la Convenci\u00f3n Cient\u00edfica Colombiana, que el Gobierno disminuy\u00f3 el presupuesto que anualmente se le asigna a este ente. Durante su intervenci\u00f3n &hellip; <a href=\"https:\/\/oscarhumbertogomez.com\/?p=12780\">Sigue leyendo <span class=\"meta-nav\">&rarr;<\/span><\/a><\/p>\n<div class='heateorSssClear'><\/div><div  class='heateor_sss_sharing_container heateor_sss_horizontal_sharing' heateor-sss-data-href='https:\/\/oscarhumbertogomez.com\/?p=12780'><div class='heateor_sss_sharing_title' style=\"font-weight:bold\" >\u00a1Gracias por compartirla!<\/div><ul class=\"heateor_sss_sharing_ul\"><li class=\"heateorSssSharingRound\"><i style=\"width:35px;height:35px;border-radius:999px;\" alt=\"Facebook\" Title=\"Facebook\" class=\"heateorSssSharing heateorSssFacebookBackground\" onclick='heateorSssPopup(\"https:\/\/www.facebook.com\/sharer\/sharer.php?u=https%3A%2F%2Foscarhumbertogomez.com%2Findex.php%3Frest_route%3D%252Fwp%252Fv2%252Fposts%252F12780\")'><ss style=\"display:block;border-radius:999px;\" class=\"heateorSssSharingSvg heateorSssFacebookSvg\"><\/ss><\/i><\/li><li class=\"heateorSssSharingRound\"><i style=\"width:35px;height:35px;border-radius:999px;\" alt=\"Twitter\" Title=\"Twitter\" class=\"heateorSssSharing heateorSssTwitterBackground\" onclick='heateorSssPopup(\"http:\/\/twitter.com\/intent\/tweet?text=%C2%BFPor%20qu%C3%A9%20removieron%20de%20su%20cargo%20a%20la%20Directora%20de%20COLCIENCIAS%3F%20Por%20%C3%93scar%20Humberto%20G%C3%B3mez%20G%C3%B3mez&url=https%3A%2F%2Foscarhumbertogomez.com%2Findex.php%3Frest_route%3D%252Fwp%252Fv2%252Fposts%252F12780\")'><ss style=\"display:block;border-radius:999px;\" class=\"heateorSssSharingSvg heateorSssTwitterSvg\"><\/ss><\/i><\/li><li class=\"heateorSssSharingRound\"><i style=\"width:35px;height:35px;border-radius:999px;\" alt=\"Whatsapp\" Title=\"Whatsapp\" class=\"heateorSssSharing heateorSssWhatsappBackground\" onclick='heateorSssPopup(\"https:\/\/web.whatsapp.com\/send?text=%C2%BFPor%20qu%C3%A9%20removieron%20de%20su%20cargo%20a%20la%20Directora%20de%20COLCIENCIAS%3F%20Por%20%C3%93scar%20Humberto%20G%C3%B3mez%20G%C3%B3mez https%3A%2F%2Foscarhumbertogomez.com%2Findex.php%3Frest_route%3D%252Fwp%252Fv2%252Fposts%252F12780\")'><ss style=\"display:block\" class=\"heateorSssSharingSvg heateorSssWhatsappSvg\"><\/ss><\/i><\/li><li class=\"heateorSssSharingRound\"><i style=\"width:35px;height:35px;border-radius:999px;\" alt=\"Pinterest\" Title=\"Pinterest\" class=\"heateorSssSharing heateorSssPinterestBackground\" onclick=\"javascript:void( (function() {var e=document.createElement('script' );e.setAttribute('type','text\/javascript' );e.setAttribute('charset','UTF-8' );e.setAttribute('src','\/\/assets.pinterest.com\/js\/pinmarklet.js?r='+Math.random()*99999999);document.body.appendChild(e)})());\"><ss style=\"display:block;border-radius:999px;\" class=\"heateorSssSharingSvg heateorSssPinterestSvg\"><\/ss><\/i><\/li><li class=\"heateorSssSharingRound\"><i style=\"width:35px;height:35px;border-radius:999px;\" alt=\"Google Gmail\" Title=\"Google Gmail\" class=\"heateorSssSharing heateorSssGoogleGmailBackground\" onclick='heateorSssPopup(\"https:\/\/mail.google.com\/mail\/?ui=2&view=cm&fs=1&tf=1&su=%C2%BFPor%20qu%C3%A9%20removieron%20de%20su%20cargo%20a%20la%20Directora%20de%20COLCIENCIAS%3F%20Por%20%C3%93scar%20Humberto%20G%C3%B3mez%20G%C3%B3mez&body=Link:https%3A%2F%2Foscarhumbertogomez.com%2Findex.php%3Frest_route%3D%252Fwp%252Fv2%252Fposts%252F12780\")'><ss style=\"display:block;border-radius:999px;\" class=\"heateorSssSharingSvg heateorSssGoogleGmailSvg\"><\/ss><\/i><\/li><li class=\"heateorSssSharingRound\"><i style=\"width:35px;height:35px;border-radius:999px;\" title=\"More\" alt=\"More\" class=\"heateorSssSharing heateorSssMoreBackground\" onclick=\"heateorSssMoreSharingPopup(this, 'https:\/\/oscarhumbertogomez.com\/index.php?rest_route=%2Fwp%2Fv2%2Fposts%2F12780', '%C2%BFPor%20qu%C3%A9%20removieron%20de%20su%20cargo%20a%20la%20Directora%20de%20COLCIENCIAS%3F%20Por%20%C3%93scar%20Humberto%20G%C3%B3mez%20G%C3%B3mez', '' )\" ><ss style=\"display:block\" class=\"heateorSssSharingSvg heateorSssMoreSvg\"><\/ss><\/i><\/li><\/ul><div class=\"heateorSssClear\"><\/div><\/div><div class='heateorSssClear'><\/div>","protected":false},"author":2,"featured_media":0,"comment_status":"closed","ping_status":"closed","sticky":false,"template":"","format":"standard","meta":{"spay_email":"","footnotes":""},"categories":[1],"tags":[],"class_list":["post-12780","post","type-post","status-publish","format-standard","hentry","category-blog"],"jetpack_featured_media_url":"","jetpack_shortlink":"https:\/\/wp.me\/p1FYrr-3k8","_links":{"self":[{"href":"https:\/\/oscarhumbertogomez.com\/index.php?rest_route=\/wp\/v2\/posts\/12780","targetHints":{"allow":["GET"]}}],"collection":[{"href":"https:\/\/oscarhumbertogomez.com\/index.php?rest_route=\/wp\/v2\/posts"}],"about":[{"href":"https:\/\/oscarhumbertogomez.com\/index.php?rest_route=\/wp\/v2\/types\/post"}],"author":[{"embeddable":true,"href":"https:\/\/oscarhumbertogomez.com\/index.php?rest_route=\/wp\/v2\/users\/2"}],"replies":[{"embeddable":true,"href":"https:\/\/oscarhumbertogomez.com\/index.php?rest_route=%2Fwp%2Fv2%2Fcomments&post=12780"}],"version-history":[{"count":5,"href":"https:\/\/oscarhumbertogomez.com\/index.php?rest_route=\/wp\/v2\/posts\/12780\/revisions"}],"predecessor-version":[{"id":53472,"href":"https:\/\/oscarhumbertogomez.com\/index.php?rest_route=\/wp\/v2\/posts\/12780\/revisions\/53472"}],"wp:attachment":[{"href":"https:\/\/oscarhumbertogomez.com\/index.php?rest_route=%2Fwp%2Fv2%2Fmedia&parent=12780"}],"wp:term":[{"taxonomy":"category","embeddable":true,"href":"https:\/\/oscarhumbertogomez.com\/index.php?rest_route=%2Fwp%2Fv2%2Fcategories&post=12780"},{"taxonomy":"post_tag","embeddable":true,"href":"https:\/\/oscarhumbertogomez.com\/index.php?rest_route=%2Fwp%2Fv2%2Ftags&post=12780"}],"curies":[{"name":"wp","href":"https:\/\/api.w.org\/{rel}","templated":true}]}}