{"id":12816,"date":"2014-07-18T18:00:44","date_gmt":"2014-07-18T23:00:44","guid":{"rendered":"http:\/\/www.oscarhumbertogomez.com\/?p=12816"},"modified":"2025-05-03T14:53:55","modified_gmt":"2025-05-03T19:53:55","slug":"fernando-serrano-y-uribe-el-presidente-de-la-republica-santandereano-del-que-nadie-se-acuerda-por-oscar-humberto-gomez-gomez","status":"publish","type":"post","link":"https:\/\/oscarhumbertogomez.com\/?p=12816","title":{"rendered":"Fernando Serrano, el presidente de la Rep\u00fablica santandereano del que nadie se acuerda. Por \u00d3scar Humberto G\u00f3mez G\u00f3mez"},"content":{"rendered":"<div id=\"attachment_12841\" style=\"width: 510px\" class=\"wp-caption aligncenter\"><img decoding=\"async\" aria-describedby=\"caption-attachment-12841\" class=\"size-full wp-image-12841\" title=\"FERNANDO SERRANO\" src=\"https:\/\/lapiedrafilosofal.com\/wp-content\/uploads\/2014\/07\/FERNANDO-SERRANO2.jpg\" alt=\"\" width=\"500\"><p id=\"caption-attachment-12841\" class=\"wp-caption-text\">RETRATO DE FERNANDO SERRANO POR M. PAREDES \/ BIBLIOTECA LUIS \u00c1NGEL ARANGO. BANCO DE LA REP\u00daBLICA. BOGOT\u00c1<\/p><\/div>\n<p>&nbsp;<\/p>\n<p>Aunque en los a\u00f1os en que vivi\u00f3 a\u00fan no exist\u00eda Santander como entidad territorial, esto es, ni como Estado soberano, ni como departamento, y m\u00e1s all\u00e1 de que debido a ello emplear la palabra &#8220;santandereano&#8221; para designar a alguien nacido en Matanza y residente en Piedecuesta en aquellos tiempos se repute como anacronismo, el hecho de que hoy Matanza, su pueblo natal, y Piedecuesta, su pueblo de vecindad, sean parte de Santander, nos lleva a considerar santandereano al ilustre patriota que ocup\u00f3 la m\u00e1s singular presidencia de que se tenga noticia en la historia de Colombia.<\/p>\n<p>Dentro de esta misma cr\u00f3nica mencionaremos a otro pr\u00f3cer y tambi\u00e9n presidente de la Rep\u00fablica oriundo de la Bucaramanga de entonces a quien, por tal raz\u00f3n, igualmente le atribuiremos la calidad de santandereano.<\/p>\n<p>Ahora s\u00ed entremos en materia.<\/p>\n<p>&nbsp;<\/p>\n<p>Con apenas 29 a\u00f1os de edad, herido en combate, muy lejos de su Matanza natal y del pueblo de Piedecuesta, de donde era vecino; con la ilusi\u00f3n de alcanzar a llegar con vida a Angostura para atender el llamado del Libertador Sim\u00f3n Bol\u00edvar; sin al menos la cercan\u00eda de su esposa, apresada en Santa Fe por las tropas del Pacificador espa\u00f1ol Pablo Morillo; sin poder despedirse de sus hijos \u2014de quienes no volvi\u00f3 a saber nada\u2014; sumido en la ruina econ\u00f3mica, despu\u00e9s de haber sido un joven, distinguido y adinerado caballero, pues hab\u00eda vendido todos sus bienes para contribuir a financiar los costos de la guerra de Independencia, el jurista y coronel del Ej\u00e9rcito colombiano Fernando Serrano, exGobernador de la Provincia de Pamplona, exConstituyente y exPresidente de la Rep\u00fablica en el turbulento 1816, agoniz\u00f3 y muri\u00f3 luego de que su ya diezmado f\u00edsico no pudo soportar el largo y penoso viaje &#8220;en guando&#8221; por territorio venezolano para llegar a la que hoy se conoce, ya no como Angostura, sino como Ciudad Bol\u00edvar. El famoso Congreso de Angostura se instal\u00f3 \u2014ya sin \u00e9l\u2014 el 15 de febrero de 1819, justamente el d\u00eda en que mor\u00eda. Menos de medio a\u00f1o despu\u00e9s, con su victoria en la Batalla del Puente de Boyac\u00e1 (R\u00edo Teatinos, 7 de agosto de 1819), el Libertador y sus tropas, provenientes de las tierras venezolanas, donde se hab\u00eda apagado la vida del ilustre pr\u00f3cer, obtendr\u00edan la Independencia de la Nueva Granada.<\/p>\n<p>&nbsp;<\/p>\n<div id=\"attachment_12838\" style=\"width: 810px\" class=\"wp-caption aligncenter\"><img loading=\"lazy\" decoding=\"async\" aria-describedby=\"caption-attachment-12838\" class=\"size-full wp-image-12838\" title=\"Piedecuesta_Santander_Colombia\" src=\"https:\/\/lapiedrafilosofal.com\/wp-content\/uploads\/2014\/07\/Piedecuesta_Santander_Colombia.jpg\" alt=\"\" width=\"800\" height=\"600\" srcset=\"https:\/\/oscarhumbertogomez.com\/wp-content\/uploads\/2014\/07\/Piedecuesta_Santander_Colombia.jpg 800w, https:\/\/oscarhumbertogomez.com\/wp-content\/uploads\/2014\/07\/Piedecuesta_Santander_Colombia-300x225.jpg 300w\" sizes=\"auto, (max-width: 800px) 100vw, 800px\" \/><p id=\"caption-attachment-12838\" class=\"wp-caption-text\">PIEDECUESTA \/ SANTANDER, DE DONDE ERA VECINO EL DR. FERNANDO SERRANO Y URIBE. EL PR\u00d3CER ERA SUEGRO DEL INSIGNE EDUCADOR DON VICTORIANO DE DIEGO PAREDES Y PARAMATO QUIEN ESCRIBI\u00d3 UNA SEMBLANZA DEL ILUSTRE PATRIOTA SANTANDEREANO, PUBLICADA EN EL PAPEL PERI\u00d3DICO ILUSTRADO, DE BOGOT\u00c1 (No. 43. JUNIO 5 DE 1883)<\/p><\/div>\n<p>&nbsp;<\/p>\n<div id=\"attachment_12921\" style=\"width: 710px\" class=\"wp-caption aligncenter\"><img loading=\"lazy\" decoding=\"async\" aria-describedby=\"caption-attachment-12921\" class=\"size-full wp-image-12921\" title=\"papel-periodico-ilustrado\" src=\"https:\/\/lapiedrafilosofal.com\/wp-content\/uploads\/2014\/07\/papel-periodico-ilustrado.jpg\" alt=\"\" width=\"700\" height=\"960\" srcset=\"https:\/\/oscarhumbertogomez.com\/wp-content\/uploads\/2014\/07\/papel-periodico-ilustrado.jpg 700w, https:\/\/oscarhumbertogomez.com\/wp-content\/uploads\/2014\/07\/papel-periodico-ilustrado-218x300.jpg 218w\" sizes=\"auto, (max-width: 700px) 100vw, 700px\" \/><p id=\"caption-attachment-12921\" class=\"wp-caption-text\">EL &#8220;PAPEL PERI\u00d3DICO ILUSTRADO&#8221;, FUNDADO Y DIRIGIDO POR ALBERTO URDANETA, PUBLIC\u00d3 EN SU EDICI\u00d3N No. 43 CORRESPONDIENTE AL 5 DE JUNIO DE 1883 UNA SEMBLANZA TITULADA &#8220;EL CORONEL FERNANDO SERRANO&#8221; CONTENIDA EN UNA CARTA ESCRITA POR VICTORIANO DE DIEGO PAREDES Y PARAMATO, DIRIGIDA A DON RAM\u00d3N AZPUR\u00daA EN CARACAS, FECHADA EL 30 DE MAYO DE 1883. ERR\u00d3NEAMENTE, EL AUTOR DICE QUE EL PR\u00d3CER NACI\u00d3 EN PIEDECUESTA<\/p><\/div>\n<p>&nbsp;<\/p>\n<div id=\"attachment_12923\" style=\"width: 490px\" class=\"wp-caption aligncenter\"><img loading=\"lazy\" decoding=\"async\" aria-describedby=\"caption-attachment-12923\" class=\"size-full wp-image-12923\" title=\"papel-perIodico ilustrado\" src=\"https:\/\/lapiedrafilosofal.com\/wp-content\/uploads\/2014\/07\/papel-perIodico-ilustrado.jpg\" alt=\"\" width=\"480\" height=\"640\" srcset=\"https:\/\/oscarhumbertogomez.com\/wp-content\/uploads\/2014\/07\/papel-perIodico-ilustrado.jpg 480w, https:\/\/oscarhumbertogomez.com\/wp-content\/uploads\/2014\/07\/papel-perIodico-ilustrado-225x300.jpg 225w\" sizes=\"auto, (max-width: 480px) 100vw, 480px\" \/><p id=\"caption-attachment-12923\" class=\"wp-caption-text\">PORTADA DE UNA DE LAS EDICIONES DEL &#8220;PAPEL PERI\u00d3DICO ILUSTRADO&#8221;<\/p><\/div>\n<p>&nbsp;<\/p>\n<p>En 1812, en Mensul\u00ed, Fernando Serrano hab\u00eda derrotado, al frente de las tropas patriotas piedecuestanas, a las tropas realistas de Gir\u00f3n que intentaban su sometimiento. Hoy en d\u00eda Mensul\u00ed es una vereda que ya empieza a poblarse y a la cual los despistados residentes y los indiferentes visitantes ingresan pasando frente a un restaurante cuyo nombre cambia la escritura original del hist\u00f3rico lugar: Menzuly, con una &#8220;z&#8221; y una &#8220;y&#8221; que no tienen nada que ver con la toponimia, ni con la historia, sino m\u00e1s bien con la interminable lucha por que se respete la ortograf\u00eda castellana.<\/p>\n<p>&nbsp;<\/p>\n<div id=\"attachment_12891\" style=\"width: 810px\" class=\"wp-caption aligncenter\"><img loading=\"lazy\" decoding=\"async\" aria-describedby=\"caption-attachment-12891\" class=\"size-full wp-image-12891\" title=\"MENZULY\" src=\"https:\/\/lapiedrafilosofal.com\/wp-content\/uploads\/2014\/07\/MENZULY.jpg\" alt=\"\" width=\"800\" height=\"600\" srcset=\"https:\/\/oscarhumbertogomez.com\/wp-content\/uploads\/2014\/07\/MENZULY.jpg 800w, https:\/\/oscarhumbertogomez.com\/wp-content\/uploads\/2014\/07\/MENZULY-300x225.jpg 300w\" sizes=\"auto, (max-width: 800px) 100vw, 800px\" \/><p id=\"caption-attachment-12891\" class=\"wp-caption-text\">EL PESCADO ASADO SER\u00cdA A\u00daN MEJOR SI SE OFRECIERA EN MENSUL\u00cd (CON &#8220;S&#8221; e &#8220;\u00cd&#8221;), DONDE TRIUNFARON LAS FUERZAS PATRIOTAS DE PIEDECUESTA AL MANDO DE FERNANDO SERRANO<\/p><\/div>\n<p>&nbsp;<\/p>\n<div id=\"attachment_12819\" style=\"width: 960px\" class=\"wp-caption aligncenter\"><img loading=\"lazy\" decoding=\"async\" aria-describedby=\"caption-attachment-12819\" class=\"size-full wp-image-12819\" title=\"MENSUL\u00cd\" src=\"https:\/\/lapiedrafilosofal.com\/wp-content\/uploads\/2014\/07\/MENSUL\u00cd1.jpg\" alt=\"\" width=\"950\" height=\"711\" srcset=\"https:\/\/oscarhumbertogomez.com\/wp-content\/uploads\/2014\/07\/MENSUL\u00cd1.jpg 950w, https:\/\/oscarhumbertogomez.com\/wp-content\/uploads\/2014\/07\/MENSUL\u00cd1-300x224.jpg 300w\" sizes=\"auto, (max-width: 950px) 100vw, 950px\" \/><p id=\"caption-attachment-12819\" class=\"wp-caption-text\">PANORAMA ACTUAL DE MENSUL\u00cd, ENTRE PIEDECUESTA Y FLORIDABLANCA, FRENTE A LA MESA DE RUITOQUE, LA AUTOPISTA DE POR MEDIO<\/p><\/div>\n<p>&nbsp;<\/p>\n<div id=\"attachment_12822\" style=\"width: 610px\" class=\"wp-caption aligncenter\"><img loading=\"lazy\" decoding=\"async\" aria-describedby=\"caption-attachment-12822\" class=\"size-full wp-image-12822\" title=\"MENSUL\u00cd II\" src=\"https:\/\/lapiedrafilosofal.com\/wp-content\/uploads\/2014\/07\/MENSUL\u00cd-II.jpg\" alt=\"\" width=\"600\" height=\"400\" srcset=\"https:\/\/oscarhumbertogomez.com\/wp-content\/uploads\/2014\/07\/MENSUL\u00cd-II.jpg 600w, https:\/\/oscarhumbertogomez.com\/wp-content\/uploads\/2014\/07\/MENSUL\u00cd-II-300x200.jpg 300w\" sizes=\"auto, (max-width: 600px) 100vw, 600px\" \/><p id=\"caption-attachment-12822\" class=\"wp-caption-text\">LA HOY CONTAMINADA QUEBRADA MENSUL\u00cd CONTIN\u00daA SUMIDA EN EL ABANDONO, AL IGUAL QUE LA MEMORIA DEL H\u00c9ROE FERNANDO SERRANO<\/p><\/div>\n<p>&nbsp;<\/p>\n<p>Dentro de la tarea que nos hemos propuesto de contribuir a la recuperaci\u00f3n y exaltaci\u00f3n de la historia santandereana, de nuestra cultura, de nuestra identidad, de nuestros valores, de nuestros personajes, hemos querido rememorar la rom\u00e1ntica y so\u00f1adora gesta que despleg\u00f3 en su breve y tormentosa existencia el abogado, militar y pol\u00edtico Fernando Serrano. Y es que resulta inadmisible que pr\u00e1cticamente ning\u00fan santandereano sepa qui\u00e9n fue y casi todos ignoren este episodio especialmente significativo de la historia colombiana.<\/p>\n<p>A continuaci\u00f3n, podr\u00e1n ustedes aproximarse a lo que fue la agitada vida de uno de los hombres m\u00e1s grandes que ha dado esta comarca y, sin duda alguna, una de las figuras prominentes del devenir hist\u00f3rico de la naci\u00f3n a la que todos pertenecemos y que fue posible gracias a estos j\u00f3venes so\u00f1adores, idealistas y valientes, que no se arredraron ante la adversidad y, por el contrario, en el peor a\u00f1o de nuestra Independencia fueron capaces de imaginarse \u2014como lo hizo nuestro gran Fernando Serrano\u2014 una Patria libre de la dominaci\u00f3n extranjera.<\/p>\n<p>&nbsp;<\/p>\n<p><strong>Fernando Serrano y Uribe.<\/strong><\/p>\n<p>Naci\u00f3 en C\u00e1cota de Matanza (30 de mayo de 1789).<\/p>\n<p>&nbsp;<\/p>\n<div id=\"attachment_20172\" style=\"width: 690px\" class=\"wp-caption aligncenter\"><a href=\"https:\/\/lapiedrafilosofal.com\/wp-content\/uploads\/2016\/07\/matanza1.jpg\" rel=\"attachment wp-att-20172\"><img loading=\"lazy\" decoding=\"async\" aria-describedby=\"caption-attachment-20172\" class=\"size-full wp-image-20172\" src=\"https:\/\/lapiedrafilosofal.com\/wp-content\/uploads\/2016\/07\/matanza1.jpg\" alt=\"MATANZA \/ SANTANDER.\" width=\"680\" height=\"459\" srcset=\"https:\/\/oscarhumbertogomez.com\/wp-content\/uploads\/2016\/07\/matanza1.jpg 680w, https:\/\/oscarhumbertogomez.com\/wp-content\/uploads\/2016\/07\/matanza1-300x203.jpg 300w\" sizes=\"auto, (max-width: 680px) 100vw, 680px\" \/><\/a><p id=\"caption-attachment-20172\" class=\"wp-caption-text\">MATANZA \/ SANTANDER [ANTES C\u00c1COTA DE MATANZA], DONDE NACI\u00d3 EL PR\u00d3CER FERNANDO SERRANO Y URIBE<\/p><\/div>\n<p>&nbsp;<\/p>\n<p>Hijo de Pedro Javier Serrano y Mantilla \/ y Antonia Uribe y Mantilla, de Gir\u00f3n. [Los Serrano terminar\u00e1n contribuyendo significativamente en el poblamiento de Zapatoca. El apellido del patriota se convertir\u00e1 en uno de los m\u00e1s representativos de ese municipio santandereano. Por la vecindad de sus padres, durante largo tiempo se creer\u00e1 err\u00f3neamente que el Dr. Serrano hab\u00eda nacido en Gir\u00f3n. Igualmente, por su propia vecindad, se pensar\u00e1 \u2014tambi\u00e9n en forma equivocada\u2014 que el pr\u00f3cer era natural de Piedecuesta].<\/p>\n<p>Doctor en Derecho de la Universidad del Rosario.<\/p>\n<p>Casado con Rosa Calder\u00f3n y Estrada.<\/p>\n<p><strong>4 de julio de 1810:<\/strong> Independencia de Pamplona. Fernando Serrano forma parte de la Junta Suprema de Pamplona.<\/p>\n<p>&nbsp;<\/p>\n<div id=\"attachment_12914\" style=\"width: 2058px\" class=\"wp-caption aligncenter\"><img loading=\"lazy\" decoding=\"async\" aria-describedby=\"caption-attachment-12914\" class=\"size-full wp-image-12914\" title=\"Calle Real - Museo Casa Anzoategui\" src=\"https:\/\/lapiedrafilosofal.com\/wp-content\/uploads\/2014\/07\/PAMPLONA-CALLE-REAL.jpg\" alt=\"\" width=\"2048\" height=\"1536\" srcset=\"https:\/\/oscarhumbertogomez.com\/wp-content\/uploads\/2014\/07\/PAMPLONA-CALLE-REAL.jpg 2048w, https:\/\/oscarhumbertogomez.com\/wp-content\/uploads\/2014\/07\/PAMPLONA-CALLE-REAL-300x225.jpg 300w, https:\/\/oscarhumbertogomez.com\/wp-content\/uploads\/2014\/07\/PAMPLONA-CALLE-REAL-1024x768.jpg 1024w\" sizes=\"auto, (max-width: 2048px) 100vw, 2048px\" \/><p id=\"caption-attachment-12914\" class=\"wp-caption-text\">PAMPLONA (antes Santander, hoy Norte de Santander) DONDE EL 4 DE JULIO DE 1810 , ES DECIR, 16 D\u00cdAS ANTES DEL 20 DE JULIO, SE DIO EL GRITO DE INDEPENDENCIA POR PRIMERA VEZ EN COLOMBIA.<br \/>NUESTRO PA\u00cdS TERMIN\u00d3 CONSAGRANDO COMO FIESTA NACIONAL EL 20 DE JULIO MIENTRAS QUE EL 4 DE JULIO PASA INADVERTIDO, AL IGUAL QUE OTROS HECHOS HIST\u00d3RICOS ACAECIDOS EN TIERRA SANTANDEREANA O PROTAGONIZADOS POR SANTANDEREANOS<\/p><\/div>\n<p>&nbsp;<\/p>\n<p>Ingresa al Ej\u00e9rcito Republicano.<\/p>\n<p><strong>1812:<\/strong> Batalla de Mensul\u00ed, contra las tropas realistas de Gir\u00f3n comandadas por Miguel Hern\u00e1ndez Alonso. Triunfo patriota.<\/p>\n<p><strong>1812:<\/strong> Asume el cargo de Gobernador de Pamplona. La Provincia se compon\u00eda de Pamplona, C\u00facuta, Gir\u00f3n, Salazar, Bucaramanga y Piedecuesta.<\/p>\n<p>Organiza el Batall\u00f3n Quinto de la Uni\u00f3n, que pone a disposici\u00f3n de Manuel del Castillo y Rada y, por conducto de este, de Sim\u00f3n Bol\u00edvar, para la liberaci\u00f3n de Venezuela.<\/p>\n<p><strong>13 de junio de 1812:<\/strong>&nbsp;Tentativa de Reconquista espa\u00f1ola de Venezuela amenaza la Independencia de Pamplona. Serrano, el Gobernador, debe salir de Pamplona y llega a Piedecuesta en busca de refuerzos militares. Gracias a ellos y a la intervenci\u00f3n de los comandantes Francisco de Paula Santander y Gregor Mac Gregor, enviados por el Gobierno central, se conjura el peligro.<\/p>\n<p><strong>1814.<\/strong> El Gobernador Serrano convoca a una junta para redactar la Constituci\u00f3n de Pamplona.<\/p>\n<p><strong>17 de mayo de 1815:<\/strong> Se aprueba la Constituci\u00f3n de Pamplona, tercera despu\u00e9s de la de Cundinamarca y Antioquia, y base para la de C\u00facuta de 1821 (Constituci\u00f3n de la Gran Colombia). Fue el segundo intento de abolir la esclavitud, luego del de Antioquia (1781).<\/p>\n<p>&nbsp;<\/p>\n<div id=\"attachment_12863\" style=\"width: 598px\" class=\"wp-caption aligncenter\"><img loading=\"lazy\" decoding=\"async\" aria-describedby=\"caption-attachment-12863\" class=\"size-full wp-image-12863\" title=\"CONSTITUCION DE PAMPLONA\" src=\"https:\/\/lapiedrafilosofal.com\/wp-content\/uploads\/2014\/07\/CONSTITUCION-DE-PAMPLONA.jpg\" alt=\"\" width=\"588\" height=\"796\" srcset=\"https:\/\/oscarhumbertogomez.com\/wp-content\/uploads\/2014\/07\/CONSTITUCION-DE-PAMPLONA.jpg 588w, https:\/\/oscarhumbertogomez.com\/wp-content\/uploads\/2014\/07\/CONSTITUCION-DE-PAMPLONA-221x300.jpg 221w\" sizes=\"auto, (max-width: 588px) 100vw, 588px\" \/><p id=\"caption-attachment-12863\" class=\"wp-caption-text\">EDICI\u00d3N ORIGINAL DE LA CONSTITUCI\u00d3N DE PAMPLONA, INSPIRADA, REDACTADA EN ESENCIA Y PROMULGADA POR FERNANDO SERRANO. LA EDICI\u00d3N SE LLEV\u00d3 A CABO EN TUNJA<\/p><\/div>\n<p>&nbsp;<\/p>\n<div id=\"attachment_12864\" style=\"width: 558px\" class=\"wp-caption aligncenter\"><img loading=\"lazy\" decoding=\"async\" aria-describedby=\"caption-attachment-12864\" class=\"size-full wp-image-12864\" title=\"CONSTITUCI\u00d3N DE PAMPLONA\" src=\"https:\/\/lapiedrafilosofal.com\/wp-content\/uploads\/2014\/07\/CONSTITUCI\u00d3N-DE-PAMPLONA-.jpg\" alt=\"\" width=\"548\" height=\"701\" srcset=\"https:\/\/oscarhumbertogomez.com\/wp-content\/uploads\/2014\/07\/CONSTITUCI\u00d3N-DE-PAMPLONA-.jpg 548w, https:\/\/oscarhumbertogomez.com\/wp-content\/uploads\/2014\/07\/CONSTITUCI\u00d3N-DE-PAMPLONA--234x300.jpg 234w\" sizes=\"auto, (max-width: 548px) 100vw, 548px\" \/><p id=\"caption-attachment-12864\" class=\"wp-caption-text\">PRE\u00c1MBULO DE LA CONSTITUCI\u00d3N DE PAMPLONA (1815) REDACTADO POR EL DR. FERNANDO SERRANO<\/p><\/div>\n<p>&nbsp;<\/p>\n<div id=\"attachment_12865\" style=\"width: 556px\" class=\"wp-caption aligncenter\"><img loading=\"lazy\" decoding=\"async\" aria-describedby=\"caption-attachment-12865\" class=\"size-full wp-image-12865\" title=\"CONSTITUCI\u00d3N DE PAMPLONA III\" src=\"https:\/\/lapiedrafilosofal.com\/wp-content\/uploads\/2014\/07\/CONSTITUCI\u00d3N-DE-PAMPLONA-III.jpg\" alt=\"\" width=\"546\" height=\"758\" srcset=\"https:\/\/oscarhumbertogomez.com\/wp-content\/uploads\/2014\/07\/CONSTITUCI\u00d3N-DE-PAMPLONA-III.jpg 546w, https:\/\/oscarhumbertogomez.com\/wp-content\/uploads\/2014\/07\/CONSTITUCI\u00d3N-DE-PAMPLONA-III-216x300.jpg 216w\" sizes=\"auto, (max-width: 546px) 100vw, 546px\" \/><p id=\"caption-attachment-12865\" class=\"wp-caption-text\">EP\u00cdLOGO DE LA CONSTITUCI\u00d3N DE PAMPLONA DE 1815, SUSCRITA POR FERNANDO SERRANO. FUE EN COLOMBIA EL SEGUNDO INTENTO POR ABOLIR LA ESCLAVITUD DESPU\u00c9S DEL QUE SE DIO EN ANTIOQUIA<\/p><\/div>\n<p>&nbsp;<\/p>\n<p><strong>Agosto de 1815:&nbsp;<\/strong>Empieza la Reconquista Espa\u00f1ola comandada por el general Pablo Morillo.<\/p>\n<p><strong>25 de noviembre de 1815:<\/strong> Batalla de Chitag\u00e1 (tambi\u00e9n llamada Batalla de B\u00e1laga). Las tropas patriotas comandadas por el Gobernador Fernando Serrano y el general venezolano Rafael Urdaneta (futuro Presidente de la Rep\u00fablica) tratan de evitar el avance del ej\u00e9rcito espa\u00f1ol comandado por el coronel Sebasti\u00e1n de la Calzada. Derrota patriota.<\/p>\n<p>&nbsp;<\/p>\n<div id=\"attachment_12827\" style=\"width: 510px\" class=\"wp-caption aligncenter\"><img loading=\"lazy\" decoding=\"async\" aria-describedby=\"caption-attachment-12827\" class=\"size-full wp-image-12827\" title=\"CHITAG\u00c1\" src=\"https:\/\/lapiedrafilosofal.com\/wp-content\/uploads\/2014\/07\/CHITAG\u00c1.jpg\" alt=\"\" width=\"500\" height=\"202\" srcset=\"https:\/\/oscarhumbertogomez.com\/wp-content\/uploads\/2014\/07\/CHITAG\u00c1.jpg 500w, https:\/\/oscarhumbertogomez.com\/wp-content\/uploads\/2014\/07\/CHITAG\u00c1-300x121.jpg 300w\" sizes=\"auto, (max-width: 500px) 100vw, 500px\" \/><p id=\"caption-attachment-12827\" class=\"wp-caption-text\">VALLE DE CHITAG\u00c1 \/ NORTE DE SANTANDER (COLOMBIA)<\/p><\/div>\n<p>&nbsp;<\/p>\n<div id=\"attachment_12828\" style=\"width: 650px\" class=\"wp-caption aligncenter\"><img loading=\"lazy\" decoding=\"async\" aria-describedby=\"caption-attachment-12828\" class=\"size-full wp-image-12828\" title=\"CHITAG\u00c1 : LAGUNA EL SALADO.\" src=\"https:\/\/lapiedrafilosofal.com\/wp-content\/uploads\/2014\/07\/CHITAG\u00c1-LAGUNA-EL-SALADO..png\" alt=\"\" width=\"640\" height=\"480\" srcset=\"https:\/\/oscarhumbertogomez.com\/wp-content\/uploads\/2014\/07\/CHITAG\u00c1-LAGUNA-EL-SALADO..png 640w, https:\/\/oscarhumbertogomez.com\/wp-content\/uploads\/2014\/07\/CHITAG\u00c1-LAGUNA-EL-SALADO.-300x225.png 300w\" sizes=\"auto, (max-width: 640px) 100vw, 640px\" \/><p id=\"caption-attachment-12828\" class=\"wp-caption-text\">LAGUNA DE &#8220;EL SALADO&#8221; EN CHITAG\u00c1 \/ NORTE DE SANTANDER (COLOMBIA)<\/p><\/div>\n<p>&nbsp;<\/p>\n<p><strong>26 de noviembre de 1815:<\/strong>&nbsp;El coronel espa\u00f1ol Sebasti\u00e1n de la Calzada se toma Pamplona.<\/p>\n<p><strong>22 de febrero de 1816:&nbsp;<\/strong>Se desmorona la Rep\u00fablica. Desastre de Cachir\u00ed. El ej\u00e9rcito patriota, comandado por el general Custodio Garc\u00eda Rovira y el coronel Francisco de Paula Santander, es despedazado por el ej\u00e9rcito espa\u00f1ol comandado por el coronel Sebasti\u00e1n de la Calzada. La esposa de Fernando Serrano huye, pero es capturada en Bogot\u00e1 por las tropas de la Reconquista Espa\u00f1ola al mando del general Pablo Morillo el Pacificador. La situaci\u00f3n es extremadamente dram\u00e1tica.<\/p>\n<p>&nbsp;<\/p>\n<div id=\"attachment_12842\" style=\"width: 650px\" class=\"wp-caption aligncenter\"><img loading=\"lazy\" decoding=\"async\" aria-describedby=\"caption-attachment-12842\" class=\"size-large wp-image-12842\" title=\"CACHIR\u00cd : Fotograf\u00eda de Pastor Virviescas G\u00f3mez.\" src=\"https:\/\/lapiedrafilosofal.com\/wp-content\/uploads\/2014\/07\/CACHIR\u00cd-Fotograf\u00eda-de-Pastor-Virviescas-G\u00f3mez.1-1024x679.jpg\" alt=\"\" width=\"640\" height=\"424\" srcset=\"https:\/\/oscarhumbertogomez.com\/wp-content\/uploads\/2014\/07\/CACHIR\u00cd-Fotograf\u00eda-de-Pastor-Virviescas-G\u00f3mez.1-1024x679.jpg 1024w, https:\/\/oscarhumbertogomez.com\/wp-content\/uploads\/2014\/07\/CACHIR\u00cd-Fotograf\u00eda-de-Pastor-Virviescas-G\u00f3mez.1-300x199.jpg 300w, https:\/\/oscarhumbertogomez.com\/wp-content\/uploads\/2014\/07\/CACHIR\u00cd-Fotograf\u00eda-de-Pastor-Virviescas-G\u00f3mez.1.jpg 1600w\" sizes=\"auto, (max-width: 640px) 100vw, 640px\" \/><p id=\"caption-attachment-12842\" class=\"wp-caption-text\">CACHIR\u00cd \/ Fotograf\u00eda de Pastor Virviescas G\u00f3mez<\/p><\/div>\n<p>&nbsp;<\/p>\n<div id=\"attachment_12843\" style=\"width: 730px\" class=\"wp-caption aligncenter\"><img loading=\"lazy\" decoding=\"async\" aria-describedby=\"caption-attachment-12843\" class=\"size-full wp-image-12843\" title=\"CACHIR\u00cd I\" src=\"https:\/\/lapiedrafilosofal.com\/wp-content\/uploads\/2014\/07\/CACHIR\u00cd-I.jpg\" alt=\"\" width=\"720\" height=\"480\" srcset=\"https:\/\/oscarhumbertogomez.com\/wp-content\/uploads\/2014\/07\/CACHIR\u00cd-I.jpg 720w, https:\/\/oscarhumbertogomez.com\/wp-content\/uploads\/2014\/07\/CACHIR\u00cd-I-300x200.jpg 300w\" sizes=\"auto, (max-width: 720px) 100vw, 720px\" \/><p id=\"caption-attachment-12843\" class=\"wp-caption-text\">ESTE ES EL ACTUAL PUEBLECITO DE CACHIR\u00cd<\/p><\/div>\n<p>&nbsp;<\/p>\n<div id=\"attachment_12832\" style=\"width: 391px\" class=\"wp-caption aligncenter\"><img loading=\"lazy\" decoding=\"async\" aria-describedby=\"caption-attachment-12832\" class=\"size-full wp-image-12832\" title=\"pablo-morillo\" src=\"https:\/\/lapiedrafilosofal.com\/wp-content\/uploads\/2014\/07\/pablo-morillo1.jpg\" alt=\"\" width=\"381\" height=\"585\" srcset=\"https:\/\/oscarhumbertogomez.com\/wp-content\/uploads\/2014\/07\/pablo-morillo1.jpg 381w, https:\/\/oscarhumbertogomez.com\/wp-content\/uploads\/2014\/07\/pablo-morillo1-195x300.jpg 195w\" sizes=\"auto, (max-width: 381px) 100vw, 381px\" \/><p id=\"caption-attachment-12832\" class=\"wp-caption-text\">GENERAL PABLO MORILLO EL PACIFICADOR, COMANDANTE EN JEFE DEL EJ\u00c9RCITO DE ESPA\u00d1A ENCARGADO DE LA RECONQUISTA<\/p><\/div>\n<p>&nbsp;<\/p>\n<p>La Resistencia se traslada a los llanos de Casanare. El doctor Fernando Serrano se despide de su esposa y de sus hijos, vende todos sus bienes para apoyar los gastos de la guerra de Independencia y se une a la Resistencia en Casanare.<\/p>\n<p>&nbsp;<\/p>\n<div id=\"attachment_12833\" style=\"width: 970px\" class=\"wp-caption aligncenter\"><img loading=\"lazy\" decoding=\"async\" aria-describedby=\"caption-attachment-12833\" class=\"size-full wp-image-12833\" title=\"casanare\" src=\"https:\/\/lapiedrafilosofal.com\/wp-content\/uploads\/2014\/07\/casanare.jpg\" alt=\"\" width=\"960\" height=\"720\" srcset=\"https:\/\/oscarhumbertogomez.com\/wp-content\/uploads\/2014\/07\/casanare.jpg 960w, https:\/\/oscarhumbertogomez.com\/wp-content\/uploads\/2014\/07\/casanare-300x225.jpg 300w\" sizes=\"auto, (max-width: 960px) 100vw, 960px\" \/><p id=\"caption-attachment-12833\" class=\"wp-caption-text\">LLANOS DE CASANARE, A DONDE SE TRASLAD\u00d3 LA RESISTENCIA PATRIOTA DESPU\u00c9S DEL ESPANTOSO REV\u00c9S DE CACHIR\u00cd. EL PATRIOTA SANTANDEREANO FERNANDO SERRANO FUE ELEGIDO ALL\u00cd PRESIDENTE DE LA REP\u00daBLICA<\/p><\/div>\n<p>&nbsp;<\/p>\n<p><strong>26 de mayo de 1816:<\/strong> El Pacificador Pablo Morillo entra triunfante a Santa Fe e instala el R\u00e9gimen del Terror. Comienza la sangrienta persecuci\u00f3n. Los patriotas son denunciados, capturados, encarcelados, juzgados, condenados y fusilados. Sus bienes les son confiscados. La estrategia desesperada es huir hacia Popay\u00e1n.<\/p>\n<p><strong>Domingo 16 de junio de 1816:<\/strong> El doctor Fernando Serrano es elegido por la Resistencia en los llanos de Casanare Presidente de la Rep\u00fablica. El coronel Francisco de Paula Santander, Comandante en Jefe del Ej\u00e9rcito. Francisco Javier Ya\u00f1ez, Ministro Secretario. Los generales Urdaneta y Serviez, Consejeros de Estado.<\/p>\n<p><strong>22 de junio de 1816:<\/strong> El general Custodio Garc\u00eda Rovira es elegido en Popay\u00e1n Presidente de la Rep\u00fablica. Menos de un mes despu\u00e9s, sin embargo, ser\u00e1 capturado por los espa\u00f1oles (12 de julio de 1816). La Resistencia de Popay\u00e1n \u2014que ignora la que se ha organizado en Casanare\u2014 ser\u00e1 arrasada y las m\u00e1s prominentes figuras patriotas ser\u00e1n capturadas, juzgadas y fusiladas por el ej\u00e9rcito espa\u00f1ol al mando de Pablo Morillo.<\/p>\n<p><strong>27 de junio de 1816:<\/strong> Nuevo desastre militar patriota: el ej\u00e9rcito patriota organizado en Popay\u00e1n es derrotado en la Batalla de la Cuchilla del Tambo.<\/p>\n<p><strong>1 de julio de 1816:<\/strong> El general Custodio Garc\u00eda Rovira se casa, en presencia de las diezmadas tropas patriotas, con la joven Mar\u00eda Josefa Piedrahita Sanz, en el P\u00e1ramo de Guanacas, regi\u00f3n del Huila, donde se encuentran huyendo luego de la derrota de la Cuchilla del Tambo.<\/p>\n<p><strong>10 de julio de 1816:<\/strong> Nueva derrota patriota en el puente sobre el R\u00edo de la Plata, Huila.<\/p>\n<p><strong>12 de julio de 1816:<\/strong> El general Custodio Garc\u00eda Rovira es capturado cuando con su esposa y algunos pocos acompa\u00f1antes trata de llegar, atravesando las selvas del Caquet\u00e1, hasta la frontera con Brasil para huir de la persecuci\u00f3n espa\u00f1ola. Es conducido a Santa Fe en condiciones humillantes, a pie y descalzo. Su esposa lo sigue de lejos, tambi\u00e9n a pie.<\/p>\n<p><strong>Jueves 8 de agosto de 1816:&nbsp;<\/strong>El general Custodio Garc\u00eda Rovira es fusilado en la Huerta de Jaime (hoy Plaza de los M\u00e1rtires, Bogot\u00e1).<\/p>\n<p>&nbsp;<\/p>\n<div id=\"attachment_12844\" style=\"width: 610px\" class=\"wp-caption aligncenter\"><img loading=\"lazy\" decoding=\"async\" aria-describedby=\"caption-attachment-12844\" class=\"size-full wp-image-12844\" title=\"CUSTODIO GARC\u00cdA ROVIRA\" src=\"https:\/\/lapiedrafilosofal.com\/wp-content\/uploads\/2014\/07\/CUSTODIO-GARC\u00cdA-ROVIRA.jpg\" alt=\"\" width=\"600\" height=\"400\" srcset=\"https:\/\/oscarhumbertogomez.com\/wp-content\/uploads\/2014\/07\/CUSTODIO-GARC\u00cdA-ROVIRA.jpg 600w, https:\/\/oscarhumbertogomez.com\/wp-content\/uploads\/2014\/07\/CUSTODIO-GARC\u00cdA-ROVIRA-300x200.jpg 300w\" sizes=\"auto, (max-width: 600px) 100vw, 600px\" \/><p id=\"caption-attachment-12844\" class=\"wp-caption-text\">AS\u00cd LE DAMOS LOS SANTANDEREANOS IMPORTANCIA A NUESTRA HISTORIA ANTE LAS NUEVAS GENERACIONES. CASA NATAL DEL PR\u00d3CER Y M\u00c1RTIR SANTANDEREANO GENERAL CUSTODIO GARC\u00cdA ROVIRA, EL OTRO PRESIDENTE DE LA REP\u00daBLICA SANTANDEREANO DURANTE LOS TURBULENTOS TIEMPOS DE LA RECONQUISTA ESPA\u00d1OLA Y QUIEN YA LO HAB\u00cdA SIDO ANTES (1814-1815)<\/p><\/div>\n<p>&nbsp;<\/p>\n<p>Prosigue la Resistencia en los llanos de Casanare.<\/p>\n<p>&nbsp;<\/p>\n<div id=\"attachment_12834\" style=\"width: 570px\" class=\"wp-caption aligncenter\"><img loading=\"lazy\" decoding=\"async\" aria-describedby=\"caption-attachment-12834\" class=\"size-full wp-image-12834\" title=\"CASANARE I\" src=\"https:\/\/lapiedrafilosofal.com\/wp-content\/uploads\/2014\/07\/CASANARE-I.jpg\" alt=\"\" width=\"560\" height=\"373\" srcset=\"https:\/\/oscarhumbertogomez.com\/wp-content\/uploads\/2014\/07\/CASANARE-I.jpg 560w, https:\/\/oscarhumbertogomez.com\/wp-content\/uploads\/2014\/07\/CASANARE-I-300x199.jpg 300w\" sizes=\"auto, (max-width: 560px) 100vw, 560px\" \/><p id=\"caption-attachment-12834\" class=\"wp-caption-text\">ANIQUILADA LA RESISTENCIA EN POPAY\u00c1N, LA DE LOS LLANOS DE CASANARE SE MANTUVO. EL DOCTOR FERNANDO SERRANO FUE REEMPLAZADO POR EL GENERAL VENEZOLANO JOS\u00c9 ANTONIO P\u00c1EZ EL LE\u00d3N DE APURE<\/p><\/div>\n<p>&nbsp;<\/p>\n<p><strong>22 de septiembre de 1816:<\/strong> El general P\u00e1ez (el Le\u00f3n de Apure) asume el mando de la Resistencia. El doctor Fernando Serrano y Uribe es nombrado Teniente Coronel del Ej\u00e9rcito. Tomar\u00e1 parte como Teniente Coronel en las batallas de Los Cocos y El Yagual, en la toma de Achaguas y en las campa\u00f1as militares de 1817 y 1818, donde resultar\u00e1 herido en combate.<\/p>\n<p><strong>22 de octubre de 1818: <\/strong>A pesar de que Venezuela contin\u00faa en buena parte bajo dominio espa\u00f1ol, se convoca a elecciones para la Gran Asamblea Nacional en Angostura quedando dispuesto que las provincias que asistir\u00edan &nbsp;ser\u00edan: Caracas, Barcelona, Cuman\u00e1, Barinas, Guayana y Margarita,&nbsp;cada una de las cuales estar\u00eda representada por cinco diputados, que en conjunto sumar\u00edan treinta. Igualmente, se estudi\u00f3 la posibilidad de que aparte de las provincias antes mencionadas, pudieran enviar representaci\u00f3n M\u00e9rida, Trujillo&nbsp;y Casanare. &nbsp;Esta \u00faltima pertenec\u00eda a la Nueva Granada, pero era la \u00fanica regi\u00f3n neogranadina que se encontraba en esos momentos libre de la ocupaci\u00f3n espa\u00f1ola. Fernando Serrano ir\u00e1 integrando la diputaci\u00f3n de Casanare.<strong>&nbsp;<\/strong><\/p>\n<p><strong>15 de febrero de 1819:<\/strong>&nbsp;Cuando va camino hacia Angostura, llevado &#8220;en guando&#8221; por las tropas patriotas debido a las heridas sufridas en combate, el coronel Serrano se agrava, agoniza y muere, lejos de su suelo natal, de su esposa y de sus hijos, con quienes jam\u00e1s pudo volver a reunirse (<strong>Ciudad Guayana, 15 de febrero de 1819<\/strong>). Tampoco se ha determinado d\u00f3nde y en qu\u00e9 circunstancias murieron ellos.<\/p>\n<p>Al morir, Fernando Serrano ten\u00eda 29 a\u00f1os.<\/p>\n<p>&nbsp;<\/p>\n<p><img decoding=\"async\" class=\"aligncenter size-full wp-image-12861\" title=\"FERNANDO SERRANO II\" src=\"https:\/\/lapiedrafilosofal.com\/wp-content\/uploads\/2014\/07\/FERNANDO-SERRANO-II.jpg\" alt=\"\" width=\"500\" srcset=\"https:\/\/oscarhumbertogomez.com\/wp-content\/uploads\/2014\/07\/FERNANDO-SERRANO-II.jpg 225w, https:\/\/oscarhumbertogomez.com\/wp-content\/uploads\/2014\/07\/FERNANDO-SERRANO-II-205x300.jpg 205w\" sizes=\"(max-width: 225px) 100vw, 225px\" \/><\/p>\n<p>&nbsp;<\/p>\n<div id=\"attachment_12835\" style=\"width: 650px\" class=\"wp-caption aligncenter\"><img loading=\"lazy\" decoding=\"async\" aria-describedby=\"caption-attachment-12835\" class=\"size-large wp-image-12835\" title=\"CONGRESO DE ANGOSTURA. CASA.\" src=\"https:\/\/lapiedrafilosofal.com\/wp-content\/uploads\/2014\/07\/CONGRESO-DE-ANGOSTURA.-CASA.--1024x768.jpg\" alt=\"\" width=\"640\" height=\"480\" srcset=\"https:\/\/oscarhumbertogomez.com\/wp-content\/uploads\/2014\/07\/CONGRESO-DE-ANGOSTURA.-CASA.--1024x768.jpg 1024w, https:\/\/oscarhumbertogomez.com\/wp-content\/uploads\/2014\/07\/CONGRESO-DE-ANGOSTURA.-CASA.--300x225.jpg 300w\" sizes=\"auto, (max-width: 640px) 100vw, 640px\" \/><p id=\"caption-attachment-12835\" class=\"wp-caption-text\">CASA QUE SIRVI\u00d3 DE SEDE AL CONGRESO DE ANGOSTURA. EL CORONEL FERNANDO SERRANO TRATABA DE LLEGAR ALL\u00c1, TRANSPORTADO EN PENOSAS CONDICIONES, CUANDO MURI\u00d3 V\u00cdCTIMA DE LAS HERIDAS SUFRIDAS EN COMBATE<\/p><\/div>\n<p>&nbsp;<\/p>\n<div id=\"attachment_12836\" style=\"width: 445px\" class=\"wp-caption aligncenter\"><img loading=\"lazy\" decoding=\"async\" aria-describedby=\"caption-attachment-12836\" class=\"size-full wp-image-12836\" title=\"BOL\u00cdVAR I\" src=\"https:\/\/lapiedrafilosofal.com\/wp-content\/uploads\/2014\/07\/BOL\u00cdVAR-I.jpg\" alt=\"\" width=\"435\" height=\"550\" srcset=\"https:\/\/oscarhumbertogomez.com\/wp-content\/uploads\/2014\/07\/BOL\u00cdVAR-I.jpg 435w, https:\/\/oscarhumbertogomez.com\/wp-content\/uploads\/2014\/07\/BOL\u00cdVAR-I-237x300.jpg 237w\" sizes=\"auto, (max-width: 435px) 100vw, 435px\" \/><p id=\"caption-attachment-12836\" class=\"wp-caption-text\">GENERAL SIM\u00d3N BOL\u00cdVAR, CONVOCANTE DEL CONGRESO DE ANGOSTURA AL CUAL ERA LLEVADO &#8220;EN GUANDO&#8221; POR LAS TROPAS PATRIOTAS EL EXPRESIDENTE FERNANDO SERRANO CUANDO FALLECI\u00d3 V\u00cdCTIMA DE LAS HERIDAS QUE HAB\u00cdA SUFRIDO EN COMBATE<\/p><\/div>\n<p>&nbsp;<\/p>\n<div id=\"attachment_12837\" style=\"width: 800px\" class=\"wp-caption aligncenter\"><img loading=\"lazy\" decoding=\"async\" aria-describedby=\"caption-attachment-12837\" class=\"size-full wp-image-12837\" title=\"Congreso Angostura\" src=\"https:\/\/lapiedrafilosofal.com\/wp-content\/uploads\/2014\/07\/Congreso-Angostura.jpg\" alt=\"\" width=\"790\" height=\"478\" srcset=\"https:\/\/oscarhumbertogomez.com\/wp-content\/uploads\/2014\/07\/Congreso-Angostura.jpg 790w, https:\/\/oscarhumbertogomez.com\/wp-content\/uploads\/2014\/07\/Congreso-Angostura-300x181.jpg 300w\" sizes=\"auto, (max-width: 790px) 100vw, 790px\" \/><p id=\"caption-attachment-12837\" class=\"wp-caption-text\">INTERIOR DE LA CASA DONDE SE CELEBR\u00d3 EL CONGRESO DE ANGOSTURA. EL DR. FERNANDO SERRANO NO ALCANZ\u00d3 A LLEGAR A ESTE LUGAR PESE AL ENORME SACRIFICIO QUE HIZO PARA TRATAR DE LOGRARLO<\/p><\/div>\n<p>&nbsp;<\/p>\n<div id=\"attachment_12877\" style=\"width: 1909px\" class=\"wp-caption aligncenter\"><a href=\"https:\/\/lapiedrafilosofal.com\/wp-content\/uploads\/2014\/07\/presidentes-13.jpg\"><img loading=\"lazy\" decoding=\"async\" aria-describedby=\"caption-attachment-12877\" class=\"size-full wp-image-12877\" title=\"presidentes (1)\" src=\"https:\/\/lapiedrafilosofal.com\/wp-content\/uploads\/2014\/07\/presidentes-13.jpg\" alt=\"\" width=\"1899\" height=\"1250\" srcset=\"https:\/\/oscarhumbertogomez.com\/wp-content\/uploads\/2014\/07\/presidentes-13.jpg 1899w, https:\/\/oscarhumbertogomez.com\/wp-content\/uploads\/2014\/07\/presidentes-13-300x197.jpg 300w, https:\/\/oscarhumbertogomez.com\/wp-content\/uploads\/2014\/07\/presidentes-13-1024x674.jpg 1024w\" sizes=\"auto, (max-width: 1899px) 100vw, 1899px\" \/><\/a><p id=\"caption-attachment-12877\" class=\"wp-caption-text\">GALER\u00cdA DE LOS PRESIDENTES DE LA REP\u00daBLICA DE COLOMBIA DESDE JOS\u00c9 MIGUEL DE PEY HASTA \u00c1LVARO URIBE V\u00c9LEZ, PUBLICADA POR LA REVISTA &#8220;CONTEXTO&#8221; EN EL A\u00d1O 2002. EN EL \u00c1NGULO SUPERIOR DERECHO, EL PR\u00d3CER SANTANDEREANO FERNANDO SERRANO<\/p><\/div>\n<p>&nbsp;<\/p>\n<p>En Florencia \/ Caquet\u00e1 tiene su sede el Batall\u00f3n &#8220;General (sic) Fernando Serrano&#8221;, perteneciente a la XII Brigada (6a Divisi\u00f3n) del Ej\u00e9rcito Nacional. El Ministerio de Defensa explica oficialmente que &#8220;Este Batall\u00f3n inicia sus labores en 1986 como Unidad T\u00e1ctica Org\u00e1nica de la XII Brigada, su nombre se atribuye en honor al General (sic) Fernando Serrano Uribe, hombre que con eficiente gesti\u00f3n adelant\u00f3 encomendables labores de apoyo log\u00edstico a su Ej\u00e9rcito durante la Campa\u00f1a Libertadora en los Llanos de Arauca y Casanare&#8221;.<\/p>\n<p>Que sepamos, en Santander nada ha sido bautizado con su nombre. Tampoco, que sepamos, en ninguna parte del departamento se ha erigido un monumento dedicado a su memoria.<\/p>\n<p>__________<\/p>\n<p>&nbsp;<\/p>\n<p><strong>\u00d3SCAR HUMBERTO G\u00d3MEZ G\u00d3MEZ<\/strong>: Miembro Correspondiente de la Academia de Historia de Santander.  Miembro de la Sociedad de Autores y Compositores de Colombia (SAYCO). Miembro del Colegio Nacional de Periodistas. Miembro del ilustre y desaparecido Colegio de Abogados de Santander.<\/p>\n<p>&nbsp;<\/p>\n","protected":false},"excerpt":{"rendered":"<p>&nbsp; Aunque en los a\u00f1os en que vivi\u00f3 a\u00fan no exist\u00eda Santander como entidad territorial, esto es, ni como Estado soberano, ni como departamento, y m\u00e1s all\u00e1 de que debido a ello emplear la palabra &#8220;santandereano&#8221; para designar a alguien &hellip; <a href=\"https:\/\/oscarhumbertogomez.com\/?p=12816\">Sigue leyendo <span class=\"meta-nav\">&rarr;<\/span><\/a><\/p>\n<div class='heateorSssClear'><\/div><div  class='heateor_sss_sharing_container heateor_sss_horizontal_sharing' heateor-sss-data-href='https:\/\/oscarhumbertogomez.com\/?p=12816'><div class='heateor_sss_sharing_title' style=\"font-weight:bold\" >\u00a1Gracias por compartirla!<\/div><ul class=\"heateor_sss_sharing_ul\"><li class=\"heateorSssSharingRound\"><i style=\"width:35px;height:35px;border-radius:999px;\" alt=\"Facebook\" Title=\"Facebook\" class=\"heateorSssSharing heateorSssFacebookBackground\" onclick='heateorSssPopup(\"https:\/\/www.facebook.com\/sharer\/sharer.php?u=https%3A%2F%2Foscarhumbertogomez.com%2Findex.php%3Frest_route%3D%252Fwp%252Fv2%252Fposts%252F12816\")'><ss style=\"display:block;border-radius:999px;\" class=\"heateorSssSharingSvg heateorSssFacebookSvg\"><\/ss><\/i><\/li><li class=\"heateorSssSharingRound\"><i style=\"width:35px;height:35px;border-radius:999px;\" alt=\"Twitter\" Title=\"Twitter\" class=\"heateorSssSharing heateorSssTwitterBackground\" onclick='heateorSssPopup(\"http:\/\/twitter.com\/intent\/tweet?text=Fernando%20Serrano%2C%20el%20presidente%20de%20la%20Rep%C3%BAblica%20santandereano%20del%20que%20nadie%20se%20acuerda.%20Por%20%C3%93scar%20Humberto%20G%C3%B3mez%20G%C3%B3mez&url=https%3A%2F%2Foscarhumbertogomez.com%2Findex.php%3Frest_route%3D%252Fwp%252Fv2%252Fposts%252F12816\")'><ss style=\"display:block;border-radius:999px;\" class=\"heateorSssSharingSvg heateorSssTwitterSvg\"><\/ss><\/i><\/li><li class=\"heateorSssSharingRound\"><i style=\"width:35px;height:35px;border-radius:999px;\" alt=\"Whatsapp\" Title=\"Whatsapp\" class=\"heateorSssSharing heateorSssWhatsappBackground\" onclick='heateorSssPopup(\"https:\/\/web.whatsapp.com\/send?text=Fernando%20Serrano%2C%20el%20presidente%20de%20la%20Rep%C3%BAblica%20santandereano%20del%20que%20nadie%20se%20acuerda.%20Por%20%C3%93scar%20Humberto%20G%C3%B3mez%20G%C3%B3mez https%3A%2F%2Foscarhumbertogomez.com%2Findex.php%3Frest_route%3D%252Fwp%252Fv2%252Fposts%252F12816\")'><ss style=\"display:block\" class=\"heateorSssSharingSvg heateorSssWhatsappSvg\"><\/ss><\/i><\/li><li class=\"heateorSssSharingRound\"><i style=\"width:35px;height:35px;border-radius:999px;\" alt=\"Pinterest\" Title=\"Pinterest\" class=\"heateorSssSharing heateorSssPinterestBackground\" onclick=\"javascript:void( (function() {var e=document.createElement('script' );e.setAttribute('type','text\/javascript' );e.setAttribute('charset','UTF-8' );e.setAttribute('src','\/\/assets.pinterest.com\/js\/pinmarklet.js?r='+Math.random()*99999999);document.body.appendChild(e)})());\"><ss style=\"display:block;border-radius:999px;\" class=\"heateorSssSharingSvg heateorSssPinterestSvg\"><\/ss><\/i><\/li><li class=\"heateorSssSharingRound\"><i style=\"width:35px;height:35px;border-radius:999px;\" alt=\"Google Gmail\" Title=\"Google Gmail\" class=\"heateorSssSharing heateorSssGoogleGmailBackground\" onclick='heateorSssPopup(\"https:\/\/mail.google.com\/mail\/?ui=2&view=cm&fs=1&tf=1&su=Fernando%20Serrano%2C%20el%20presidente%20de%20la%20Rep%C3%BAblica%20santandereano%20del%20que%20nadie%20se%20acuerda.%20Por%20%C3%93scar%20Humberto%20G%C3%B3mez%20G%C3%B3mez&body=Link:https%3A%2F%2Foscarhumbertogomez.com%2Findex.php%3Frest_route%3D%252Fwp%252Fv2%252Fposts%252F12816\")'><ss style=\"display:block;border-radius:999px;\" class=\"heateorSssSharingSvg heateorSssGoogleGmailSvg\"><\/ss><\/i><\/li><li class=\"heateorSssSharingRound\"><i style=\"width:35px;height:35px;border-radius:999px;\" title=\"More\" alt=\"More\" class=\"heateorSssSharing heateorSssMoreBackground\" onclick=\"heateorSssMoreSharingPopup(this, 'https:\/\/oscarhumbertogomez.com\/index.php?rest_route=%2Fwp%2Fv2%2Fposts%2F12816', 'Fernando%20Serrano%2C%20el%20presidente%20de%20la%20Rep%C3%BAblica%20santandereano%20del%20que%20nadie%20se%20acuerda.%20Por%20%C3%93scar%20Humberto%20G%C3%B3mez%20G%C3%B3mez', '' )\" ><ss style=\"display:block\" class=\"heateorSssSharingSvg heateorSssMoreSvg\"><\/ss><\/i><\/li><\/ul><div class=\"heateorSssClear\"><\/div><\/div><div class='heateorSssClear'><\/div>","protected":false},"author":2,"featured_media":0,"comment_status":"open","ping_status":"open","sticky":false,"template":"","format":"standard","meta":{"spay_email":"","footnotes":""},"categories":[12],"tags":[],"class_list":["post-12816","post","type-post","status-publish","format-standard","hentry","category-historia"],"jetpack_featured_media_url":"","jetpack_shortlink":"https:\/\/wp.me\/p1FYrr-3kI","_links":{"self":[{"href":"https:\/\/oscarhumbertogomez.com\/index.php?rest_route=\/wp\/v2\/posts\/12816","targetHints":{"allow":["GET"]}}],"collection":[{"href":"https:\/\/oscarhumbertogomez.com\/index.php?rest_route=\/wp\/v2\/posts"}],"about":[{"href":"https:\/\/oscarhumbertogomez.com\/index.php?rest_route=\/wp\/v2\/types\/post"}],"author":[{"embeddable":true,"href":"https:\/\/oscarhumbertogomez.com\/index.php?rest_route=\/wp\/v2\/users\/2"}],"replies":[{"embeddable":true,"href":"https:\/\/oscarhumbertogomez.com\/index.php?rest_route=%2Fwp%2Fv2%2Fcomments&post=12816"}],"version-history":[{"count":5,"href":"https:\/\/oscarhumbertogomez.com\/index.php?rest_route=\/wp\/v2\/posts\/12816\/revisions"}],"predecessor-version":[{"id":53970,"href":"https:\/\/oscarhumbertogomez.com\/index.php?rest_route=\/wp\/v2\/posts\/12816\/revisions\/53970"}],"wp:attachment":[{"href":"https:\/\/oscarhumbertogomez.com\/index.php?rest_route=%2Fwp%2Fv2%2Fmedia&parent=12816"}],"wp:term":[{"taxonomy":"category","embeddable":true,"href":"https:\/\/oscarhumbertogomez.com\/index.php?rest_route=%2Fwp%2Fv2%2Fcategories&post=12816"},{"taxonomy":"post_tag","embeddable":true,"href":"https:\/\/oscarhumbertogomez.com\/index.php?rest_route=%2Fwp%2Fv2%2Ftags&post=12816"}],"curies":[{"name":"wp","href":"https:\/\/api.w.org\/{rel}","templated":true}]}}