{"id":13106,"date":"2014-07-28T20:38:18","date_gmt":"2014-07-29T01:38:18","guid":{"rendered":"http:\/\/www.oscarhumbertogomez.com\/?p=13106"},"modified":"2024-02-17T17:19:56","modified_gmt":"2024-02-17T22:19:56","slug":"hierve-la-tierra-y-desaparece-el-agua-por-rafael-serrano-prada","status":"publish","type":"post","link":"https:\/\/oscarhumbertogomez.com\/?p=13106","title":{"rendered":"Hierve la tierra y desaparece el agua. Por Rafael Serrano Prada"},"content":{"rendered":"<p><img decoding=\"async\" src=\"https:\/\/lapiedrafilosofal.com\/wp-content\/uploads\/2014\/07\/RAFAEL-SERRANO-PRADA-I1-248x300.jpg\" alt=\"\" title=\"RAFAEL SERRANO PRADA I\" width=\"496\" height=\"600 class=\" aligncenter=\"\" size-medium=\"\" wp-image-12762\"=\"\" srcset=\"https:\/\/oscarhumbertogomez.com\/wp-content\/uploads\/2014\/07\/RAFAEL-SERRANO-PRADA-I1-248x300.jpg 248w, https:\/\/oscarhumbertogomez.com\/wp-content\/uploads\/2014\/07\/RAFAEL-SERRANO-PRADA-I1-849x1024.jpg 849w, https:\/\/oscarhumbertogomez.com\/wp-content\/uploads\/2014\/07\/RAFAEL-SERRANO-PRADA-I1.jpg 1200w\" sizes=\"(max-width: 248px) 100vw, 248px\" \/><\/p>\n<p>&nbsp;<\/p>\n<p>Como si fuera un mensaje premonitorio para el fin del mundo, las lluvias se volvieron esquivas, los incendios forestales devoran el ecosistema, desaparecen los humedales y mueren las fuentes h\u00eddricas, por los cambios clim\u00e1ticos que se han dado alrededor del mundo. Las mediciones de temperatura han despertado las alarmas de los cient\u00edficos y los niveles de los mares han empezado a sentir los efectos del calentamiento de la corteza terrestre. Los casquetes polares est\u00e1n cada vez m\u00e1s calientes y el l\u00edmite de los glaciares se ha reducido a tal punto que los osos polares empiezan a buscar refugio en otros lugares.<\/p>\n<p>La explosi\u00f3n demogr\u00e1fica, que ha poblado todos los confines de la tierra, tiene alarmados a los futur\u00f3logos, que recomiendan detener el crecimiento de la poblaci\u00f3n, limitar el n\u00famero de hijos que pueden concebir las parejas y trazar una raya entre el pasado y el futuro de la humanidad, para detener la hambruna que empieza a sentirse en regiones del Africa y Am\u00e9rica Hispana.<\/p>\n<p>El Fen\u00f3meno del Ni\u00f1o, derivado del intenso verano, ha tocado las zonas costeras de Colombia en mayor grado, con la amenaza de la destrucci\u00f3n del eco-sistema en todos los departamentos de la Costa Atl\u00e1ntica. Calores insoportables en el Valle del R\u00edo Magdalena han producido alarma entre la poblaci\u00f3n ribere\u00f1a. Los cultivos agr\u00edcolas se han resentido y los campesinos est\u00e1n sufriendo por la baja producci\u00f3n de sus labranzas.<\/p>\n<p>Los clamores de las comunidades religiosas no alcanzan a conmover el cielo, cuya fosa sideral se observa azul y caliente como una hoguera donde empieza a sentirse el grave peligro de las altas temperaturas que provocan los incendios forestales, varios de los cuales se han vuelto voraces en regiones dedicadas a la producci\u00f3n agropecuaria.<\/p>\n<p>Los bosques fueron depredados por la actitud irracional del hombre; los conflictos por el agua amenazan enfrentamientos entre los pueblos; la guerra del agua toca a las puertas de la humanidad y nada se ha hecho en estos veinte a\u00f1os para proteger los manantiales, que fueron destruidos para dar paso a la industria ganadera, que arruin\u00f3 los bosques y acab\u00f3 tambi\u00e9n con la agricultura.<\/p>\n<p>En el departamento de Santander la tragedia del agua ha golpeado de manera dram\u00e1tica las poblaciones de Los Santos, Lebrija, Cabrera, Villanueva, Barichara, Gal\u00e1n, Hato, Palmar, Simacota, M\u00e1laga, San Jos\u00e9 de Miranda y Capitanejo. Las previsiones necesarias en materia de inversi\u00f3n p\u00fablica se quedaron atr\u00e1s, con el desperdicio y saqueo de los presupuestos destinados a los planes de agua potable, como lo ha denunciado esta semana el Contralor General del Departamento de Santander.<\/p>\n<p>El Ministerio del Medio Ambiente, a cargo de la santandereana Luz Marina Sarmiento Villamizar, est\u00e1 convertido en el muro de lamentos. Ninguna soluci\u00f3n, ni para adelante ni para atr\u00e1s, ha sido capaz de producir este despacho gubernamental, condenando a la anarqu\u00eda las zonas de p\u00e1ramo donde se prohiben los cultivos, mientras aumenta la miner\u00eda ilegal, por causa de la indiferencia oficial. El gobernador de Santander ha tenido que pronunciarse sobre estas materias, exigi\u00e9ndole al Ministerio del Medio Ambiente que resuelva de una vez por todas las reclamaciones de los cultivadores de papa, cebolla y fr\u00edjol del P\u00e1ramo de Berl\u00edn, que se han convertido en esclavos del Gobierno en su propia tierra, donde otrora brillaron la prosperidad y la libertad.<\/p>\n<p>&nbsp;<\/p>\n","protected":false},"excerpt":{"rendered":"<div class='heateorSssClear'><\/div><div  class='heateor_sss_sharing_container heateor_sss_horizontal_sharing' heateor-sss-data-href='https:\/\/oscarhumbertogomez.com\/?p=13106'><div class='heateor_sss_sharing_title' style=\"font-weight:bold\" >\u00a1Gracias por compartirla!<\/div><ul class=\"heateor_sss_sharing_ul\"><li class=\"heateorSssSharingRound\"><i style=\"width:35px;height:35px;border-radius:999px;\" alt=\"Facebook\" Title=\"Facebook\" class=\"heateorSssSharing heateorSssFacebookBackground\" onclick='heateorSssPopup(\"https:\/\/www.facebook.com\/sharer\/sharer.php?u=https%3A%2F%2Foscarhumbertogomez.com%2Findex.php%3Frest_route%3D%252Fwp%252Fv2%252Fposts%252F13106\")'><ss style=\"display:block;border-radius:999px;\" class=\"heateorSssSharingSvg heateorSssFacebookSvg\"><\/ss><\/i><\/li><li class=\"heateorSssSharingRound\"><i style=\"width:35px;height:35px;border-radius:999px;\" alt=\"Twitter\" Title=\"Twitter\" class=\"heateorSssSharing heateorSssTwitterBackground\" onclick='heateorSssPopup(\"http:\/\/twitter.com\/intent\/tweet?text=Hierve%20la%20tierra%20y%20desaparece%20el%20agua.%20Por%20Rafael%20Serrano%20Prada&url=https%3A%2F%2Foscarhumbertogomez.com%2Findex.php%3Frest_route%3D%252Fwp%252Fv2%252Fposts%252F13106\")'><ss style=\"display:block;border-radius:999px;\" class=\"heateorSssSharingSvg heateorSssTwitterSvg\"><\/ss><\/i><\/li><li class=\"heateorSssSharingRound\"><i style=\"width:35px;height:35px;border-radius:999px;\" alt=\"Whatsapp\" Title=\"Whatsapp\" class=\"heateorSssSharing heateorSssWhatsappBackground\" onclick='heateorSssPopup(\"https:\/\/web.whatsapp.com\/send?text=Hierve%20la%20tierra%20y%20desaparece%20el%20agua.%20Por%20Rafael%20Serrano%20Prada https%3A%2F%2Foscarhumbertogomez.com%2Findex.php%3Frest_route%3D%252Fwp%252Fv2%252Fposts%252F13106\")'><ss style=\"display:block\" class=\"heateorSssSharingSvg heateorSssWhatsappSvg\"><\/ss><\/i><\/li><li class=\"heateorSssSharingRound\"><i style=\"width:35px;height:35px;border-radius:999px;\" alt=\"Pinterest\" Title=\"Pinterest\" class=\"heateorSssSharing heateorSssPinterestBackground\" onclick=\"javascript:void( (function() {var e=document.createElement('script' );e.setAttribute('type','text\/javascript' );e.setAttribute('charset','UTF-8' );e.setAttribute('src','\/\/assets.pinterest.com\/js\/pinmarklet.js?r='+Math.random()*99999999);document.body.appendChild(e)})());\"><ss style=\"display:block;border-radius:999px;\" class=\"heateorSssSharingSvg heateorSssPinterestSvg\"><\/ss><\/i><\/li><li class=\"heateorSssSharingRound\"><i style=\"width:35px;height:35px;border-radius:999px;\" alt=\"Google Gmail\" Title=\"Google Gmail\" class=\"heateorSssSharing heateorSssGoogleGmailBackground\" onclick='heateorSssPopup(\"https:\/\/mail.google.com\/mail\/?ui=2&view=cm&fs=1&tf=1&su=Hierve%20la%20tierra%20y%20desaparece%20el%20agua.%20Por%20Rafael%20Serrano%20Prada&body=Link:https%3A%2F%2Foscarhumbertogomez.com%2Findex.php%3Frest_route%3D%252Fwp%252Fv2%252Fposts%252F13106\")'><ss style=\"display:block;border-radius:999px;\" class=\"heateorSssSharingSvg heateorSssGoogleGmailSvg\"><\/ss><\/i><\/li><li class=\"heateorSssSharingRound\"><i style=\"width:35px;height:35px;border-radius:999px;\" title=\"More\" alt=\"More\" class=\"heateorSssSharing heateorSssMoreBackground\" onclick=\"heateorSssMoreSharingPopup(this, 'https:\/\/oscarhumbertogomez.com\/index.php?rest_route=%2Fwp%2Fv2%2Fposts%2F13106', 'Hierve%20la%20tierra%20y%20desaparece%20el%20agua.%20Por%20Rafael%20Serrano%20Prada', '' )\" ><ss style=\"display:block\" class=\"heateorSssSharingSvg heateorSssMoreSvg\"><\/ss><\/i><\/li><\/ul><div class=\"heateorSssClear\"><\/div><\/div><div class='heateorSssClear'><\/div>","protected":false},"author":2,"featured_media":0,"comment_status":"open","ping_status":"open","sticky":false,"template":"","format":"standard","meta":{"spay_email":"","footnotes":""},"categories":[18,6],"tags":[],"class_list":["post-13106","post","type-post","status-publish","format-standard","hentry","category-ecologia","category-la-pluma-ajena"],"jetpack_featured_media_url":"","jetpack_shortlink":"https:\/\/wp.me\/p1FYrr-3po","_links":{"self":[{"href":"https:\/\/oscarhumbertogomez.com\/index.php?rest_route=\/wp\/v2\/posts\/13106","targetHints":{"allow":["GET"]}}],"collection":[{"href":"https:\/\/oscarhumbertogomez.com\/index.php?rest_route=\/wp\/v2\/posts"}],"about":[{"href":"https:\/\/oscarhumbertogomez.com\/index.php?rest_route=\/wp\/v2\/types\/post"}],"author":[{"embeddable":true,"href":"https:\/\/oscarhumbertogomez.com\/index.php?rest_route=\/wp\/v2\/users\/2"}],"replies":[{"embeddable":true,"href":"https:\/\/oscarhumbertogomez.com\/index.php?rest_route=%2Fwp%2Fv2%2Fcomments&post=13106"}],"version-history":[{"count":5,"href":"https:\/\/oscarhumbertogomez.com\/index.php?rest_route=\/wp\/v2\/posts\/13106\/revisions"}],"predecessor-version":[{"id":46748,"href":"https:\/\/oscarhumbertogomez.com\/index.php?rest_route=\/wp\/v2\/posts\/13106\/revisions\/46748"}],"wp:attachment":[{"href":"https:\/\/oscarhumbertogomez.com\/index.php?rest_route=%2Fwp%2Fv2%2Fmedia&parent=13106"}],"wp:term":[{"taxonomy":"category","embeddable":true,"href":"https:\/\/oscarhumbertogomez.com\/index.php?rest_route=%2Fwp%2Fv2%2Fcategories&post=13106"},{"taxonomy":"post_tag","embeddable":true,"href":"https:\/\/oscarhumbertogomez.com\/index.php?rest_route=%2Fwp%2Fv2%2Ftags&post=13106"}],"curies":[{"name":"wp","href":"https:\/\/api.w.org\/{rel}","templated":true}]}}