{"id":13125,"date":"2014-08-05T00:55:31","date_gmt":"2014-08-05T05:55:31","guid":{"rendered":"http:\/\/www.oscarhumbertogomez.com\/?p=13125"},"modified":"2025-03-30T16:58:57","modified_gmt":"2025-03-30T21:58:57","slug":"los-ninos-migrantes-por-fernando-rueda-v","status":"publish","type":"post","link":"https:\/\/oscarhumbertogomez.com\/?p=13125","title":{"rendered":"Los ni\u00f1os migrantes. Por Fernando Rueda V."},"content":{"rendered":"<p><img decoding=\"async\" class=\"aligncenter size-medium wp-image-13128\" title=\"Fercho\" src=\"https:\/\/lapiedrafilosofal.com\/wp-content\/uploads\/2014\/08\/Fercho1-300x300.jpg\" alt=\"\" width=\"500\" height=\"\" srcset=\"https:\/\/oscarhumbertogomez.com\/wp-content\/uploads\/2014\/08\/Fercho1-300x300.jpg 300w, https:\/\/oscarhumbertogomez.com\/wp-content\/uploads\/2014\/08\/Fercho1-150x150.jpg 150w, https:\/\/oscarhumbertogomez.com\/wp-content\/uploads\/2014\/08\/Fercho1.jpg 462w\" sizes=\"(max-width: 300px) 100vw, 300px\" \/><\/p>\n<p>&nbsp;<\/p>\n<p>As\u00ed podr\u00eda llamarse la ni\u00f1a en esta foto.<\/p>\n<p>&nbsp;<\/p>\n<p><img loading=\"lazy\" decoding=\"async\" class=\"aligncenter size-large wp-image-13127\" title=\"FERNANDO RUEDA V. FOTO DE ALINA.\" src=\"https:\/\/lapiedrafilosofal.com\/wp-content\/uploads\/2014\/08\/FERNANDO-RUEDA-V.-FOTO-DE-ALINA.--1024x768.jpg\" alt=\"\" width=\"640\" height=\"480\" srcset=\"https:\/\/oscarhumbertogomez.com\/wp-content\/uploads\/2014\/08\/FERNANDO-RUEDA-V.-FOTO-DE-ALINA.--1024x768.jpg 1024w, https:\/\/oscarhumbertogomez.com\/wp-content\/uploads\/2014\/08\/FERNANDO-RUEDA-V.-FOTO-DE-ALINA.--300x225.jpg 300w, https:\/\/oscarhumbertogomez.com\/wp-content\/uploads\/2014\/08\/FERNANDO-RUEDA-V.-FOTO-DE-ALINA.-.jpg 1600w\" sizes=\"auto, (max-width: 640px) 100vw, 640px\" \/><\/p>\n<p>&nbsp;<\/p>\n<p>Afortunadamente no; a ella la vida le sonr\u00ede, disfruta atendiendo un puesto de productos t\u00edpicos que abre los domingos en la plaza principal de Zapatoca, donde tom\u00e9 esta foto. La vida de la verdadera Alina es diferente, no est\u00e1 a su favor, por ahora.<\/p>\n<p>Ni\u00f1os cruzando por campos desolados, sed y hambre, solos, sin sus padres. Atravesando r\u00edos, sometidos a vej\u00e1menes de todo tipo y en muchos casos, muertos. Ni\u00f1as violadas por sus gu\u00edas, los tristemente famosos coyotes. \u00bfEs acaso ficci\u00f3n? \u00bfUna mala pel\u00edcula de terror que nos quiere hacer pasar un mal momento? No.<\/p>\n<p>Hace muchos a\u00f1os mi pap\u00e1 encontr\u00f3 en el centro de la ciudad a un ni\u00f1o en la calle, con hambre, su ropa sucia. Por causa de sus escasos 4 a\u00f1os no alcanz\u00f3 ir al ba\u00f1o a hacer sus necesidades, y el pap\u00e1, que lo cuidaba, decidi\u00f3 pegarle con una sandalia -las marcas eran evidentes en sus piernas- y le orden\u00f3 irse para su casa solo, como un castigo ejemplarizante, de machos, por supuesto, estos no se hacen en los pantalones. Nuestras taras ancestrales de machismo. Todo esto se supo despu\u00e9s, con la llegada de la mam\u00e1, luego de que en mi casa decidieran llamar a una emisora popular para anunciar que hab\u00eda un ni\u00f1o perdido. Mis pap\u00e1s lo ba\u00f1aron, le pusieron ropa limpia y esperaron hasta que alguien comprob\u00f3 su paternidad y lo llev\u00f3 de vuelta a su hogar (?). No sabemos cu\u00e1l fue el final de esta historia, pero confiamos en que este evento haya hecho reaccionar a sus padres sobre el maltrato y las cosas hayan ido mejor para este muchachito.<\/p>\n<p>Pero las costumbres no han cambiado, se sigue maltratando f\u00edsica y verbalmente a ni\u00f1os y mujeres con los cuales la humanidad ha sido especialmente cruel, como en la historia de Alina, donde se unen su car\u00e1cter infantil y su condici\u00f3n femenina.<\/p>\n<p>Hondure\u00f1a, de origen humilde, con tan solo 14 a\u00f1os de vida, ha sido abusada sexualmente en dos oportunidades y ya es madre, como consecuencia de su \u00faltima violaci\u00f3n. Los maras, pandillas feroces de Centroam\u00e9rica, asolan la regi\u00f3n sembrando el p\u00e1nico en sus habitantes generando uno de los mayores desplazamientos, quiz\u00e1s \u00fanico en la historia, de ni\u00f1os en solitario. Su destino: la frontera al norte del r\u00edo Bravo, con la esperanza de recibir la condici\u00f3n de refugiados y reencontrarse con los brazos protectores de sus madres, que se han adelantado en el viaje.<\/p>\n<p>A diferencia de otros ilegales que ingresan a los EEUU, estos valientes cr\u00edos llevan memorizado el tel\u00e9fono de sus padres o familiares que ya est\u00e1n en el pa\u00eds del norte, el pa\u00eds del sue\u00f1o americano, o al menos eso creen ellos en ese momento. No temen a la odiada \u201cMigra\u201d, la polic\u00eda fronteriza norteamericana, por el contrario, los buscan y se entregan para poder estar r\u00e1pidamente en su nuevo hogar. Estos ni\u00f1os no deber\u00edan estar sacrificando su inocencia, exponiendo su vida, desplaz\u00e1ndose a un pa\u00eds lejano que siempre los va a tratar como extra\u00f1os, dejando sus tradiciones y costumbres para siempre.<\/p>\n<p>Desde octubre del a\u00f1o pasado han sido m\u00e1s de 57.000 ni\u00f1os los que han buscado protecci\u00f3n con las autoridades norteamericanas, que est\u00e1n obligadas por una ley, impuesta por el presidente George W. Bush en 2008, a escuchar los argumentos de los inmigrantes y as\u00ed, afortunadamente, evitan la deportaci\u00f3n inmediata.<\/p>\n<p>La historia de Alina a\u00fan no termina: su hija naci\u00f3 en un hospital norteamericano, luego de entregarse a las autoridades, y ahora espera la decisi\u00f3n de una juez que solt\u00f3 un suspiro de desesperanza al saber que se trataba de una madre violada de 14 a\u00f1os. Le dio un mes y medio de plazo para encontrar un abogado. Por ahora permanece al lado de su mam\u00e1 quien dej\u00f3 5 hijos en Honduras con sus abuelos, para trabajar limpiando casas en Texas y poder enviar dinero a casa.<\/p>\n<p>Miremos a nuestro alrededor; no se trata de ser valientes, se trata de ser humanos; debemos denunciar los hechos de violencia contra ni\u00f1os y mujeres, no debemos permitir que el maltrato infantil y a la mujer pase y siga pasando impunemente. Que las ni\u00f1as como Alina pasen su ni\u00f1ez jugando con mu\u00f1ecas, estudiando y forjando su futuro, no luchando contra su arrasador presente. No lo merecen.<\/p>\n<p>&nbsp;<\/p>\n","protected":false},"excerpt":{"rendered":"<p>&nbsp; As\u00ed podr\u00eda llamarse la ni\u00f1a en esta foto. &nbsp; &nbsp; Afortunadamente no; a ella la vida le sonr\u00ede, disfruta atendiendo un puesto de productos t\u00edpicos que abre los domingos en la plaza principal de Zapatoca, donde tom\u00e9 esta foto. &hellip; <a href=\"https:\/\/oscarhumbertogomez.com\/?p=13125\">Sigue leyendo <span class=\"meta-nav\">&rarr;<\/span><\/a><\/p>\n<div class='heateorSssClear'><\/div><div  class='heateor_sss_sharing_container heateor_sss_horizontal_sharing' heateor-sss-data-href='https:\/\/oscarhumbertogomez.com\/?p=13125'><div class='heateor_sss_sharing_title' style=\"font-weight:bold\" >\u00a1Gracias por compartirla!<\/div><ul class=\"heateor_sss_sharing_ul\"><li class=\"heateorSssSharingRound\"><i style=\"width:35px;height:35px;border-radius:999px;\" alt=\"Facebook\" Title=\"Facebook\" class=\"heateorSssSharing heateorSssFacebookBackground\" onclick='heateorSssPopup(\"https:\/\/www.facebook.com\/sharer\/sharer.php?u=https%3A%2F%2Foscarhumbertogomez.com%2Findex.php%3Frest_route%3D%252Fwp%252Fv2%252Fposts%252F13125\")'><ss style=\"display:block;border-radius:999px;\" class=\"heateorSssSharingSvg heateorSssFacebookSvg\"><\/ss><\/i><\/li><li class=\"heateorSssSharingRound\"><i style=\"width:35px;height:35px;border-radius:999px;\" alt=\"Twitter\" Title=\"Twitter\" class=\"heateorSssSharing heateorSssTwitterBackground\" onclick='heateorSssPopup(\"http:\/\/twitter.com\/intent\/tweet?text=Los%20ni%C3%B1os%20migrantes.%20Por%20Fernando%20Rueda%20V.&url=https%3A%2F%2Foscarhumbertogomez.com%2Findex.php%3Frest_route%3D%252Fwp%252Fv2%252Fposts%252F13125\")'><ss style=\"display:block;border-radius:999px;\" class=\"heateorSssSharingSvg heateorSssTwitterSvg\"><\/ss><\/i><\/li><li class=\"heateorSssSharingRound\"><i style=\"width:35px;height:35px;border-radius:999px;\" alt=\"Whatsapp\" Title=\"Whatsapp\" class=\"heateorSssSharing heateorSssWhatsappBackground\" onclick='heateorSssPopup(\"https:\/\/web.whatsapp.com\/send?text=Los%20ni%C3%B1os%20migrantes.%20Por%20Fernando%20Rueda%20V. https%3A%2F%2Foscarhumbertogomez.com%2Findex.php%3Frest_route%3D%252Fwp%252Fv2%252Fposts%252F13125\")'><ss style=\"display:block\" class=\"heateorSssSharingSvg heateorSssWhatsappSvg\"><\/ss><\/i><\/li><li class=\"heateorSssSharingRound\"><i style=\"width:35px;height:35px;border-radius:999px;\" alt=\"Pinterest\" Title=\"Pinterest\" class=\"heateorSssSharing heateorSssPinterestBackground\" onclick=\"javascript:void( (function() {var e=document.createElement('script' );e.setAttribute('type','text\/javascript' );e.setAttribute('charset','UTF-8' );e.setAttribute('src','\/\/assets.pinterest.com\/js\/pinmarklet.js?r='+Math.random()*99999999);document.body.appendChild(e)})());\"><ss style=\"display:block;border-radius:999px;\" class=\"heateorSssSharingSvg heateorSssPinterestSvg\"><\/ss><\/i><\/li><li class=\"heateorSssSharingRound\"><i style=\"width:35px;height:35px;border-radius:999px;\" alt=\"Google Gmail\" Title=\"Google Gmail\" class=\"heateorSssSharing heateorSssGoogleGmailBackground\" onclick='heateorSssPopup(\"https:\/\/mail.google.com\/mail\/?ui=2&view=cm&fs=1&tf=1&su=Los%20ni%C3%B1os%20migrantes.%20Por%20Fernando%20Rueda%20V.&body=Link:https%3A%2F%2Foscarhumbertogomez.com%2Findex.php%3Frest_route%3D%252Fwp%252Fv2%252Fposts%252F13125\")'><ss style=\"display:block;border-radius:999px;\" class=\"heateorSssSharingSvg heateorSssGoogleGmailSvg\"><\/ss><\/i><\/li><li class=\"heateorSssSharingRound\"><i style=\"width:35px;height:35px;border-radius:999px;\" title=\"More\" alt=\"More\" class=\"heateorSssSharing heateorSssMoreBackground\" onclick=\"heateorSssMoreSharingPopup(this, 'https:\/\/oscarhumbertogomez.com\/index.php?rest_route=%2Fwp%2Fv2%2Fposts%2F13125', 'Los%20ni%C3%B1os%20migrantes.%20Por%20Fernando%20Rueda%20V.', '' )\" ><ss style=\"display:block\" class=\"heateorSssSharingSvg heateorSssMoreSvg\"><\/ss><\/i><\/li><\/ul><div class=\"heateorSssClear\"><\/div><\/div><div class='heateorSssClear'><\/div>","protected":false},"author":2,"featured_media":0,"comment_status":"closed","ping_status":"closed","sticky":false,"template":"","format":"standard","meta":{"spay_email":"","footnotes":""},"categories":[6],"tags":[],"class_list":["post-13125","post","type-post","status-publish","format-standard","hentry","category-la-pluma-ajena"],"jetpack_featured_media_url":"","jetpack_shortlink":"https:\/\/wp.me\/p1FYrr-3pH","_links":{"self":[{"href":"https:\/\/oscarhumbertogomez.com\/index.php?rest_route=\/wp\/v2\/posts\/13125","targetHints":{"allow":["GET"]}}],"collection":[{"href":"https:\/\/oscarhumbertogomez.com\/index.php?rest_route=\/wp\/v2\/posts"}],"about":[{"href":"https:\/\/oscarhumbertogomez.com\/index.php?rest_route=\/wp\/v2\/types\/post"}],"author":[{"embeddable":true,"href":"https:\/\/oscarhumbertogomez.com\/index.php?rest_route=\/wp\/v2\/users\/2"}],"replies":[{"embeddable":true,"href":"https:\/\/oscarhumbertogomez.com\/index.php?rest_route=%2Fwp%2Fv2%2Fcomments&post=13125"}],"version-history":[{"count":4,"href":"https:\/\/oscarhumbertogomez.com\/index.php?rest_route=\/wp\/v2\/posts\/13125\/revisions"}],"predecessor-version":[{"id":53226,"href":"https:\/\/oscarhumbertogomez.com\/index.php?rest_route=\/wp\/v2\/posts\/13125\/revisions\/53226"}],"wp:attachment":[{"href":"https:\/\/oscarhumbertogomez.com\/index.php?rest_route=%2Fwp%2Fv2%2Fmedia&parent=13125"}],"wp:term":[{"taxonomy":"category","embeddable":true,"href":"https:\/\/oscarhumbertogomez.com\/index.php?rest_route=%2Fwp%2Fv2%2Fcategories&post=13125"},{"taxonomy":"post_tag","embeddable":true,"href":"https:\/\/oscarhumbertogomez.com\/index.php?rest_route=%2Fwp%2Fv2%2Ftags&post=13125"}],"curies":[{"name":"wp","href":"https:\/\/api.w.org\/{rel}","templated":true}]}}