{"id":13184,"date":"2014-08-07T16:03:25","date_gmt":"2014-08-07T21:03:25","guid":{"rendered":"http:\/\/www.oscarhumbertogomez.com\/?p=13184"},"modified":"2024-03-05T20:46:36","modified_gmt":"2024-03-06T01:46:36","slug":"la-nina-de-la-lavandera-cronica-de-una-injusticia-iii-por-oscar-humberto-gomez-gomez-miembro-del-colegio-nacional-de-periodistas","status":"publish","type":"post","link":"https:\/\/oscarhumbertogomez.com\/?p=13184","title":{"rendered":"LA NI\u00d1A DE LA LAVANDERA. Cr\u00f3nica de una injusticia (III). Por \u00d3scar Humberto G\u00f3mez G\u00f3mez, Miembro del Colegio Nacional de Periodistas"},"content":{"rendered":"<div id=\"attachment_12198\" style=\"width: 1034px\" class=\"wp-caption aligncenter\"><img loading=\"lazy\" decoding=\"async\" aria-describedby=\"caption-attachment-12198\" class=\"size-full wp-image-12198\" title=\"lavanderas_vinicio_castillo\" src=\"https:\/\/lapiedrafilosofal.com\/wp-content\/uploads\/2014\/05\/lavanderas_vinicio_castillo1.jpg\" alt=\"\" width=\"1024\" height=\"679\" srcset=\"https:\/\/oscarhumbertogomez.com\/wp-content\/uploads\/2014\/05\/lavanderas_vinicio_castillo1.jpg 1024w, https:\/\/oscarhumbertogomez.com\/wp-content\/uploads\/2014\/05\/lavanderas_vinicio_castillo1-300x198.jpg 300w\" sizes=\"auto, (max-width: 1024px) 100vw, 1024px\" \/><p id=\"caption-attachment-12198\" class=\"wp-caption-text\">VINICIO CASTILLO \/ &#8220;LAVANDERAS&#8221;<\/p><\/div>\n<p>&nbsp;<\/p>\n<p>No solo le hab\u00edan literalmente matado a su peque\u00f1a nena de apenas tres a\u00f1os de edad cumplidos; no solo la hab\u00edan sometido a tener que adelantar un largo proceso judicial; no solo no le hab\u00edan pagado la indemnizaci\u00f3n que a su favor decret\u00f3 la Justicia; ahora tambi\u00e9n a la humilde lavandera Maritzabel Castellanos Aguirre le ven\u00edan a decir que los papeles que su apoderado les hab\u00eda entregado para cobrar la indemnizaci\u00f3n ya ordenada judicialmente, alguien, dentro del Hospital Integrado San Juan de Dios de Gir\u00f3n, los hab\u00eda extraviado.<\/p>\n<p>&nbsp;<\/p>\n<div id=\"attachment_13195\" style=\"width: 1034px\" class=\"wp-caption aligncenter\"><img loading=\"lazy\" decoding=\"async\" aria-describedby=\"caption-attachment-13195\" class=\"size-full wp-image-13195\" title=\"ALCALD\u00cdA DE GIR\u00d3N\" src=\"https:\/\/lapiedrafilosofal.com\/wp-content\/uploads\/2014\/08\/ALCALD\u00cdA-DE-GIR\u00d3N.jpg\" alt=\"\" width=\"1024\" height=\"768\" srcset=\"https:\/\/oscarhumbertogomez.com\/wp-content\/uploads\/2014\/08\/ALCALD\u00cdA-DE-GIR\u00d3N.jpg 1024w, https:\/\/oscarhumbertogomez.com\/wp-content\/uploads\/2014\/08\/ALCALD\u00cdA-DE-GIR\u00d3N-300x225.jpg 300w\" sizes=\"auto, (max-width: 1024px) 100vw, 1024px\" \/><p id=\"caption-attachment-13195\" class=\"wp-caption-text\">ALCALD\u00cdA MUNICIPAL DE GIR\u00d3N \/ SANTANDER. EL ALCALDE ES EL PRESIDENTE DE LA JUNTA DIRECTIVA DEL HOSPITAL INTEGRADO SAN JUAN DE DIOS DE ESE MUNICIPIO.<\/p><\/div>\n<p>&nbsp;<\/p>\n<p>As\u00ed era: el Tribunal Superior de Bucaramanga le hab\u00eda <span style=\"text-decoration: underline;\">ordenado<\/span> a esa instituci\u00f3n oficial, en su sentencia de tutela, que ya que no le hab\u00eda pagado a la damnificada madre la indemnizaci\u00f3n ordenada por la Justicia colombiana, procediera entonces a <span style=\"text-decoration: underline;\">devolverle<\/span> a su apoderado la primera copia con m\u00e9rito ejecutivo de la sentencia condenatoria que \u00e9l le hab\u00eda entregado cuatro a\u00f1os atr\u00e1s, para que pudiera ejecutarla. Empero, el Gerente del Hospital de Gir\u00f3n \u2014alegando el extrav\u00edo del importante documento\u2014 le hab\u00eda entregado al Juzgado 3o Penal del Circuito Especializado de Bucaramanga, despacho judicial a cargo del incidente de desacato, ya no la primera copia con m\u00e9rito ejecutivo de la sentencia condenatoria que cuatro a\u00f1os atr\u00e1s el apoderado de la modesta mujer hab\u00eda recibido del Juzgado 4o Administrativo del Circuito de Bucaramanga y entregado inmediatamente al Hospital junto con la solicitud de pago y dem\u00e1s documentaci\u00f3n de ley, es decir, ya no la documentaci\u00f3n que el Tribunal Superior le hab\u00eda ordenado devolver, sino <span style=\"text-decoration: underline;\">otra<\/span> supuesta &#8220;primera&#8221; copia&nbsp;que, asombrosa e inexplicablemente, <span style=\"text-decoration: underline;\">el mismo Juzgado 4o Administrativo del Circuito de Bucaramanga<\/span> aparec\u00eda ahora, cuatro a\u00f1os despu\u00e9s, entregando de nuevo. Y entregando de nuevo, ya no al apoderado de la madre de la ni\u00f1a muerta, es decir, ya no al vocero <span style=\"text-decoration: underline;\">de la acreedora<\/span> de la obligaci\u00f3n, sino directamente al abogado del Gerente del Hospital que la dej\u00f3 sin su hija, o sea, al representante <span style=\"text-decoration: underline;\">del deudor<\/span>.<\/p>\n<p>&nbsp;<\/p>\n<div id=\"attachment_13196\" style=\"width: 610px\" class=\"wp-caption aligncenter\"><img loading=\"lazy\" decoding=\"async\" aria-describedby=\"caption-attachment-13196\" class=\"size-full wp-image-13196\" title=\"HOSPITAL DE GIR\u00d3N\" src=\"https:\/\/lapiedrafilosofal.com\/wp-content\/uploads\/2014\/08\/HOSPITAL-DE-GIR\u00d3N.jpg\" alt=\"\" width=\"600\" height=\"400\" srcset=\"https:\/\/oscarhumbertogomez.com\/wp-content\/uploads\/2014\/08\/HOSPITAL-DE-GIR\u00d3N.jpg 600w, https:\/\/oscarhumbertogomez.com\/wp-content\/uploads\/2014\/08\/HOSPITAL-DE-GIR\u00d3N-300x200.jpg 300w\" sizes=\"auto, (max-width: 600px) 100vw, 600px\" \/><p id=\"caption-attachment-13196\" class=\"wp-caption-text\">HOSPITAL INTEGRADO SAN JUAN DE DIOS DE GIR\u00d3N \/ SANTANDER.<\/p><\/div>\n<p>&nbsp;<\/p>\n<p>El apoderado de la lavandera se neg\u00f3 rotundamente a recibir este nuevo documento y, por el contrario, le reclam\u00f3 al Juzgado 3o Penal del Circuito Especializado de Bucaramanga que lo rechazara, no solo porque no era el mismo documento que cuatro a\u00f1os atr\u00e1s \u00e9l le hab\u00eda entregado al Hospital y que el Tribunal Superior de Bucaramanga le hab\u00eda ordenado al Hospital devolver, sino porque, adem\u00e1s, no era posible, por elemental aritm\u00e9tica, que cuatro a\u00f1os despu\u00e9s de que el Juzgado 4o Administrativo de Bucaramanga hab\u00eda expedido la <span style=\"text-decoration: underline;\">primera<\/span> copia de la sentencia condenatoria, viniera ahora, cuatro a\u00f1os m\u00e1s tarde, a expedirle al gerente del Hospital de Gir\u00f3n, otra vez, una supuesta &#8220;primera&#8221; copia. El abogado le advirti\u00f3 al Juzgado que ese nuevo documento era <span style=\"text-decoration: underline;\">ideol\u00f3gicamente falso<\/span>&nbsp;ya que en el mismo se hac\u00eda una aseveraci\u00f3n manifiestamente contraria a la verdad.<\/p>\n<p>Como se anot\u00f3 en la anterior entrada de esta serie, el Juzgado 3o Penal del Circuito Especializado de Bucaramanga hizo caso omiso de estas reflexiones y dijo que al entregar la &#8220;primera&#8221; copia que ahora, cuatro a\u00f1os despu\u00e9s de la otra, supuestamente hab\u00eda obtenido del Juzgado 4o Administrativo del Circuito de Bucaramanga, el Gerente del Hospital, en el fondo, le hab\u00eda dado cumplimiento a la sentencia de tutela del Tribunal Superior de Bucaramanga, a pesar de que el Tribunal Superior de Bucaramanga lo que le ordenaba devolver era la primera copia que cuatro a\u00f1os antes hab\u00eda recibido del apoderado de la humilde lavandera.<\/p>\n<p>El Juzgado conmin\u00f3, entonces, al apoderado de la madre damnificada para que se presentara a recibir el nuevo documento y a que, con base en \u00e9l, iniciara el nuevo proceso judicial, esta vez, el proceso ejecutivo, encaminado a embargar al hospital.<\/p>\n<p>El apoderado de Maritzabel Castellanos Aguirre, sin embargo, manifest\u00f3 que se negaba categ\u00f3ricamente a recibir ese nuevo documento.<\/p>\n<p>Entonces, acudi\u00f3 de nuevo \u2014por tercera vez desde que present\u00f3 la solicitud de pago\u2014 a la acci\u00f3n de tutela.<\/p>\n<p>&nbsp;<\/p>\n<p><img loading=\"lazy\" decoding=\"async\" class=\"aligncenter size-full wp-image-13191\" title=\"justice\" src=\"https:\/\/lapiedrafilosofal.com\/wp-content\/uploads\/2014\/08\/justice.jpg\" alt=\"\" width=\"408\" height=\"800\" srcset=\"https:\/\/oscarhumbertogomez.com\/wp-content\/uploads\/2014\/08\/justice.jpg 408w, https:\/\/oscarhumbertogomez.com\/wp-content\/uploads\/2014\/08\/justice-153x300.jpg 153w\" sizes=\"auto, (max-width: 408px) 100vw, 408px\" \/><\/p>\n<p>&nbsp;<\/p>\n<p>Fue as\u00ed como en esta nueva oportunidad el abogado de la pobre y desconcertada lavandera santandereana demand\u00f3 en tutela tanto al Hospital Integrado San Juan de Dios de Gir\u00f3n como al Juzgado 3o Penal del Circuito Especializado de Bucaramanga, al Juzgado 4o Administrativo del Circuito de Bucaramanga e incluso a la Personer\u00eda Municipal de Gir\u00f3n y a la Procuradur\u00eda Provincial de Bucaramanga. Estas dos dependencias del Ministerio P\u00fablico fueron demandadas con el argumento de que no hab\u00edan actuado para que el fallo condenatorio logrado por la humilde lavandera en los estrados judiciales se cumpliera.<\/p>\n<p>Por estar involucrado un juzgado administrativo del circuito, la demanda le correspondi\u00f3 conocerla a su superior jer\u00e1rquico, esto es, al Tribunal Administrativo de Santander, donde le fue repartida al magistrado m\u00e1s antiguo de aquella corporaci\u00f3n, el doctor Rafael Guti\u00e9rrez Solano.<\/p>\n<p>En su larga lucha judicial, la lavandera y planchadora de ropa ajena estaba a punto de obtener una nueva victoria.<\/p>\n<p>&nbsp;<\/p>\n<div id=\"attachment_13185\" style=\"width: 988px\" class=\"wp-caption aligncenter\"><a href=\"https:\/\/lapiedrafilosofal.com\/wp-content\/uploads\/2014\/08\/MUJER-LAVANDO.-Daniel-Gerhartz-Kewaskum-Wisconsin-USA.jpg\"><img loading=\"lazy\" decoding=\"async\" aria-describedby=\"caption-attachment-13185\" class=\"size-full wp-image-13185\" title=\"MUJER LAVANDO. Daniel Gerhartz (Kewaskum, Wisconsin USA)\" src=\"https:\/\/lapiedrafilosofal.com\/wp-content\/uploads\/2014\/08\/MUJER-LAVANDO.-Daniel-Gerhartz-Kewaskum-Wisconsin-USA.jpg\" alt=\"\" width=\"978\" height=\"768\" srcset=\"https:\/\/oscarhumbertogomez.com\/wp-content\/uploads\/2014\/08\/MUJER-LAVANDO.-Daniel-Gerhartz-Kewaskum-Wisconsin-USA.jpg 978w, https:\/\/oscarhumbertogomez.com\/wp-content\/uploads\/2014\/08\/MUJER-LAVANDO.-Daniel-Gerhartz-Kewaskum-Wisconsin-USA-300x235.jpg 300w\" sizes=\"auto, (max-width: 978px) 100vw, 978px\" \/><\/a><p id=\"caption-attachment-13185\" class=\"wp-caption-text\">De la colecci\u00f3n: Impresionismo femenino al \u00f3leo. Mujeres de la \u00e9poca victoriana. Pintura de Daniel Gerhartz [Kewaskum \/ Wisconsin USA].<\/p><\/div>\n<p>&nbsp;<\/p>\n<p>__________<\/p>\n<p>&nbsp;<\/p>\n<p><em>(ESPERE LA CONTINUACI\u00d3N DE ESTA CR\u00d3NICA)<\/em><\/p>\n<p>&nbsp;<\/p>\n","protected":false},"excerpt":{"rendered":"<p>&nbsp; No solo le hab\u00edan literalmente matado a su peque\u00f1a nena de apenas tres a\u00f1os de edad cumplidos; no solo la hab\u00edan sometido a tener que adelantar un largo proceso judicial; no solo no le hab\u00edan pagado la indemnizaci\u00f3n que &hellip; <a href=\"https:\/\/oscarhumbertogomez.com\/?p=13184\">Sigue leyendo <span class=\"meta-nav\">&rarr;<\/span><\/a><\/p>\n<div class='heateorSssClear'><\/div><div  class='heateor_sss_sharing_container heateor_sss_horizontal_sharing' heateor-sss-data-href='https:\/\/oscarhumbertogomez.com\/?p=13184'><div class='heateor_sss_sharing_title' style=\"font-weight:bold\" >\u00a1Gracias por compartirla!<\/div><ul class=\"heateor_sss_sharing_ul\"><li class=\"heateorSssSharingRound\"><i style=\"width:35px;height:35px;border-radius:999px;\" alt=\"Facebook\" Title=\"Facebook\" class=\"heateorSssSharing heateorSssFacebookBackground\" onclick='heateorSssPopup(\"https:\/\/www.facebook.com\/sharer\/sharer.php?u=https%3A%2F%2Foscarhumbertogomez.com%2Findex.php%3Frest_route%3D%252Fwp%252Fv2%252Fposts%252F13184\")'><ss style=\"display:block;border-radius:999px;\" class=\"heateorSssSharingSvg heateorSssFacebookSvg\"><\/ss><\/i><\/li><li class=\"heateorSssSharingRound\"><i style=\"width:35px;height:35px;border-radius:999px;\" alt=\"Twitter\" Title=\"Twitter\" class=\"heateorSssSharing heateorSssTwitterBackground\" onclick='heateorSssPopup(\"http:\/\/twitter.com\/intent\/tweet?text=LA%20NI%C3%91A%20DE%20LA%20LAVANDERA.%20Cr%C3%B3nica%20de%20una%20injusticia%20%28III%29.%20Por%20%C3%93scar%20Humberto%20G%C3%B3mez%20G%C3%B3mez%2C%20Miembro%20del%20Colegio%20Nacional%20de%20Periodistas&url=https%3A%2F%2Foscarhumbertogomez.com%2Findex.php%3Frest_route%3D%252Fwp%252Fv2%252Fposts%252F13184\")'><ss style=\"display:block;border-radius:999px;\" class=\"heateorSssSharingSvg heateorSssTwitterSvg\"><\/ss><\/i><\/li><li class=\"heateorSssSharingRound\"><i style=\"width:35px;height:35px;border-radius:999px;\" alt=\"Whatsapp\" Title=\"Whatsapp\" class=\"heateorSssSharing heateorSssWhatsappBackground\" onclick='heateorSssPopup(\"https:\/\/web.whatsapp.com\/send?text=LA%20NI%C3%91A%20DE%20LA%20LAVANDERA.%20Cr%C3%B3nica%20de%20una%20injusticia%20%28III%29.%20Por%20%C3%93scar%20Humberto%20G%C3%B3mez%20G%C3%B3mez%2C%20Miembro%20del%20Colegio%20Nacional%20de%20Periodistas https%3A%2F%2Foscarhumbertogomez.com%2Findex.php%3Frest_route%3D%252Fwp%252Fv2%252Fposts%252F13184\")'><ss style=\"display:block\" class=\"heateorSssSharingSvg heateorSssWhatsappSvg\"><\/ss><\/i><\/li><li class=\"heateorSssSharingRound\"><i style=\"width:35px;height:35px;border-radius:999px;\" alt=\"Pinterest\" Title=\"Pinterest\" class=\"heateorSssSharing heateorSssPinterestBackground\" onclick=\"javascript:void( (function() {var e=document.createElement('script' );e.setAttribute('type','text\/javascript' );e.setAttribute('charset','UTF-8' );e.setAttribute('src','\/\/assets.pinterest.com\/js\/pinmarklet.js?r='+Math.random()*99999999);document.body.appendChild(e)})());\"><ss style=\"display:block;border-radius:999px;\" class=\"heateorSssSharingSvg heateorSssPinterestSvg\"><\/ss><\/i><\/li><li class=\"heateorSssSharingRound\"><i style=\"width:35px;height:35px;border-radius:999px;\" alt=\"Google Gmail\" Title=\"Google Gmail\" class=\"heateorSssSharing heateorSssGoogleGmailBackground\" onclick='heateorSssPopup(\"https:\/\/mail.google.com\/mail\/?ui=2&view=cm&fs=1&tf=1&su=LA%20NI%C3%91A%20DE%20LA%20LAVANDERA.%20Cr%C3%B3nica%20de%20una%20injusticia%20%28III%29.%20Por%20%C3%93scar%20Humberto%20G%C3%B3mez%20G%C3%B3mez%2C%20Miembro%20del%20Colegio%20Nacional%20de%20Periodistas&body=Link:https%3A%2F%2Foscarhumbertogomez.com%2Findex.php%3Frest_route%3D%252Fwp%252Fv2%252Fposts%252F13184\")'><ss style=\"display:block;border-radius:999px;\" class=\"heateorSssSharingSvg heateorSssGoogleGmailSvg\"><\/ss><\/i><\/li><li class=\"heateorSssSharingRound\"><i style=\"width:35px;height:35px;border-radius:999px;\" title=\"More\" alt=\"More\" class=\"heateorSssSharing heateorSssMoreBackground\" onclick=\"heateorSssMoreSharingPopup(this, 'https:\/\/oscarhumbertogomez.com\/index.php?rest_route=%2Fwp%2Fv2%2Fposts%2F13184', 'LA%20NI%C3%91A%20DE%20LA%20LAVANDERA.%20Cr%C3%B3nica%20de%20una%20injusticia%20%28III%29.%20Por%20%C3%93scar%20Humberto%20G%C3%B3mez%20G%C3%B3mez%2C%20Miembro%20del%20Colegio%20Nacional%20de%20Periodistas', '' )\" ><ss style=\"display:block\" class=\"heateorSssSharingSvg heateorSssMoreSvg\"><\/ss><\/i><\/li><\/ul><div class=\"heateorSssClear\"><\/div><\/div><div class='heateorSssClear'><\/div>","protected":false},"author":2,"featured_media":0,"comment_status":"closed","ping_status":"closed","sticky":false,"template":"","format":"standard","meta":{"spay_email":"","footnotes":""},"categories":[11],"tags":[],"class_list":["post-13184","post","type-post","status-publish","format-standard","hentry","category-periodismo"],"jetpack_featured_media_url":"","jetpack_shortlink":"https:\/\/wp.me\/p1FYrr-3qE","_links":{"self":[{"href":"https:\/\/oscarhumbertogomez.com\/index.php?rest_route=\/wp\/v2\/posts\/13184","targetHints":{"allow":["GET"]}}],"collection":[{"href":"https:\/\/oscarhumbertogomez.com\/index.php?rest_route=\/wp\/v2\/posts"}],"about":[{"href":"https:\/\/oscarhumbertogomez.com\/index.php?rest_route=\/wp\/v2\/types\/post"}],"author":[{"embeddable":true,"href":"https:\/\/oscarhumbertogomez.com\/index.php?rest_route=\/wp\/v2\/users\/2"}],"replies":[{"embeddable":true,"href":"https:\/\/oscarhumbertogomez.com\/index.php?rest_route=%2Fwp%2Fv2%2Fcomments&post=13184"}],"version-history":[{"count":5,"href":"https:\/\/oscarhumbertogomez.com\/index.php?rest_route=\/wp\/v2\/posts\/13184\/revisions"}],"predecessor-version":[{"id":47022,"href":"https:\/\/oscarhumbertogomez.com\/index.php?rest_route=\/wp\/v2\/posts\/13184\/revisions\/47022"}],"wp:attachment":[{"href":"https:\/\/oscarhumbertogomez.com\/index.php?rest_route=%2Fwp%2Fv2%2Fmedia&parent=13184"}],"wp:term":[{"taxonomy":"category","embeddable":true,"href":"https:\/\/oscarhumbertogomez.com\/index.php?rest_route=%2Fwp%2Fv2%2Fcategories&post=13184"},{"taxonomy":"post_tag","embeddable":true,"href":"https:\/\/oscarhumbertogomez.com\/index.php?rest_route=%2Fwp%2Fv2%2Ftags&post=13184"}],"curies":[{"name":"wp","href":"https:\/\/api.w.org\/{rel}","templated":true}]}}