{"id":13214,"date":"2014-08-09T00:31:52","date_gmt":"2014-08-09T05:31:52","guid":{"rendered":"http:\/\/www.oscarhumbertogomez.com\/?p=13214"},"modified":"2025-03-14T14:43:01","modified_gmt":"2025-03-14T19:43:01","slug":"por-que-no-pudo-presentarse-la-obra-de-teatro-yo-soy-antigona-por-oscar-humberto-gomez-gomez","status":"publish","type":"post","link":"https:\/\/oscarhumbertogomez.com\/?p=13214","title":{"rendered":"\u00bfPor qu\u00e9 no pudo presentarse en la c\u00e1rcel El Buen Pastor la obra de teatro &#8220;Yo soy Ant\u00edgona&#8221;? Por \u00d3scar Humberto G\u00f3mez G\u00f3mez"},"content":{"rendered":"<p><img decoding=\"async\" class=\"aligncenter size-full wp-image-4481\" src=\"https:\/\/lapiedrafilosofal.com\/wp-content\/uploads\/2012\/06\/OSCAR-HUMBERTO-GOMEZ.jpg\" alt=\"OSCAR HUMBERTO GOMEZ\" width=\"500\"><\/p>\n<p>&nbsp;<\/p>\n<p>Copiamos textualmente a continuaci\u00f3n la nota de EL TIEMPO:<\/p>\n<p>&#8220;<strong>La obra de teatro &#8216;Yo soy ant\u00edgona&#8217; <\/strong>(sic)<strong>, que durante seis meses ensayaron 16 internas de la c\u00e1rcel El Buen Pastor, no se pudo poner en escena. Uno de los sindicatos de guardianes del Inpec impidi\u00f3 el desplazamiento de las reclusas y, por lo tanto, el estreno de la obra. El viernes, unas 120 personas se quedaron a la espera de ver a las internas en un teatro de la zona de Teusaquillo en Bogot\u00e1.<\/strong><\/p>\n<p><strong>La explicaci\u00f3n que dieron los guardianes es que la obra era indigna porque mostraba un desnudo.<\/strong><\/p>\n<p><strong>\u201cNos parece extra\u00f1o que, despu\u00e9s de dos a\u00f1os de estar realizando presentaciones de otras obras dentro y fuera de Bogot\u00e1, con el permiso de las directivas del Inpec, hoy los guardianes se opongan a esta nueva obra. Considero que se est\u00e1 censurando el trabajo de las internas\u201d, dijo la modelo y actriz Johana Baham\u00f3n, quien es adem\u00e1s la directora de la Fundaci\u00f3n Teatro Interno.<\/strong><\/p>\n<p><strong>La puesta en escena estaba prevista para las 3 de la tarde del viernes en una sala de teatro del barrio La Soledad.<\/strong><\/p>\n<p><strong>A esa misma hora, en el centro carcelario, los guardianes protagonizaron una protesta en rechazo por lo que intentaron hacer las internas.<\/strong><\/p>\n<p><strong>\u201cLa dramatizaci\u00f3n mostraba lo cotidiano de una c\u00e1rcel de mujeres, lo que se vive d\u00eda a d\u00eda detr\u00e1s de los muros y los barrotes. Creo que a ellos no les gust\u00f3 que mostr\u00e1ramos esa realidad, con una tem\u00e1tica muy cr\u00edtica\u201d, a\u00f1adi\u00f3 la actriz.<\/strong><\/p>\n<p><strong>Baham\u00f3n asegur\u00f3 que el desplazamiento de las 16 internas era algo que ya hab\u00edan autorizado las directivas del Inpec, incluso en varias oportunidades.<\/strong><\/p>\n<p><strong>La censura impuesta por la guardia carcelaria se inici\u00f3, seg\u00fan dijo la actriz, el mi\u00e9rcoles pasado, cuando se les exigi\u00f3 a las internas una demostraci\u00f3n de la nueva obra teatral.<\/strong><\/p>\n<p><strong>\u201cNos dijeron que hici\u00e9ramos unos cambios. Se montaron las modificaciones. Pero, a \u00faltima hora, salieron con que se prohib\u00eda el desplazamiento de las ni\u00f1as\u201d, a\u00f1adi\u00f3.<\/strong><\/p>\n<p><strong>A pesar de que las internas no asistieron al teatro del barrio La Soledad, varias actrices profesionales les rindieron un tributo en ese escenario. \u201cEl Inpec censur\u00f3 el teatro, nosotras vamos a encarcelar el teatro\u201d, fue el mensaje de la obra improvisada por las actrices.<\/strong><\/p>\n<p><strong>Adem\u00e1s, ellas expusieron ante los asistentes a la sala las necesidades que tienen las mujeres del Buen Pastor. Hablaron de inasistencia m\u00e9dica y exigieron un mejor trato para las reclusas.<\/strong><\/p>\n<p><strong>Johana Baham\u00f3n dio a conocer su temor de que lo ocurrido genere represalias de la guardia con sus alumnas<\/strong>&#8220;. (EL TIEMPO. Viernes 8 de agosto de 2014).<\/p>\n<p>&nbsp;<\/p>\n<p>A ver, se\u00f1or presidente de la Rep\u00fablica, se\u00f1or ministro de Justicia, se\u00f1or ministro o se\u00f1ora ministra de Cultura y se\u00f1or director del INPEC:<\/p>\n<p>Aqu\u00ed la cuesti\u00f3n no es si a un grupo de teatro conformado por mujeres que perdieron su libertad, pero no su derecho a hacer arte, e incluso a emplear el arte como medio de denuncia, se les prohibi\u00f3 presentar la obra que montaron durante medio a\u00f1o. Aqu\u00ed la cuesti\u00f3n es: en primer lugar, qui\u00e9n manda en el sistema carcelario colombiano; y, en segundo lugar, qu\u00e9 est\u00e1 haciendo el Estado por el desarrollo de la cultura dentro de las c\u00e1rceles.<\/p>\n<p>Y es que no tiene presentaci\u00f3n alguna que al hacinamiento carcelario y penitenciario, y a la evidente violaci\u00f3n de la dignidad de los reclusos y de las reclusas, se sume ahora su desconocimiento como personas con derecho a la cultura y a las manifestaciones del arte.<\/p>\n<p>La opini\u00f3n p\u00fablica nacional tiene derecho a conocer qu\u00e9 fue exactamente lo que pas\u00f3 con <em>&#8220;Yo soy Ant\u00edgona&#8221;<\/em> y si es que al personal recluso se le est\u00e1 vetando porque intenta, a trav\u00e9s del teatro o de otras expresiones art\u00edsticas y culturales, denunciar la situaci\u00f3n en la que sobreviven.<\/p>\n<p>El solo t\u00edtulo de la obra evoca a la inmortal <em>&#8220;Ant\u00edgona&#8221;<\/em>, de S\u00f3focles, obra cl\u00e1sica en la que una gran mujer griega, en solitario y dentro de la m\u00e1s absoluta adversidad, es capaz de enfrentarse al poder avasallador de un Estado tirano, solo por defender su derecho natural de enterrar a su hermano Pol\u00ednices, muerto en combate durante la guerra contra Cre\u00f3n, el d\u00e9spota de Tebas, pues no acepta que a uno de sus hermanos, Eteocles, por haber luchado del lado del rey, se le haga un funeral con honores, mientras al otro se le deje a merced de las aves de rapi\u00f1a, seg\u00fan lo ha ordenado el soberano so pena de que quien desacate la orden real ser\u00e1 condenado a la pena capital.<\/p>\n<p>Un Estado democr\u00e1tico no puede abusar de su poder para silenciar a la mujer privada de la libertad que trata de hacerse o\u00edr en un escenario dram\u00e1tico, tal y como Ant\u00edgona se hizo o\u00edr, a costa de su vida, por defender lo que cre\u00eda justo.<\/p>\n<p>&nbsp;<\/p>\n","protected":false},"excerpt":{"rendered":"<p>&nbsp; Copiamos textualmente a continuaci\u00f3n la nota de EL TIEMPO: &#8220;La obra de teatro &#8216;Yo soy ant\u00edgona&#8217; (sic), que durante seis meses ensayaron 16 internas de la c\u00e1rcel El Buen Pastor, no se pudo poner en escena. Uno de los &hellip; <a href=\"https:\/\/oscarhumbertogomez.com\/?p=13214\">Sigue leyendo <span class=\"meta-nav\">&rarr;<\/span><\/a><\/p>\n<div class='heateorSssClear'><\/div><div  class='heateor_sss_sharing_container heateor_sss_horizontal_sharing' heateor-sss-data-href='https:\/\/oscarhumbertogomez.com\/?p=13214'><div class='heateor_sss_sharing_title' style=\"font-weight:bold\" >\u00a1Gracias por compartirla!<\/div><ul class=\"heateor_sss_sharing_ul\"><li class=\"heateorSssSharingRound\"><i style=\"width:35px;height:35px;border-radius:999px;\" alt=\"Facebook\" Title=\"Facebook\" class=\"heateorSssSharing heateorSssFacebookBackground\" onclick='heateorSssPopup(\"https:\/\/www.facebook.com\/sharer\/sharer.php?u=https%3A%2F%2Foscarhumbertogomez.com%2Findex.php%3Frest_route%3D%252Fwp%252Fv2%252Fposts%252F13214\")'><ss style=\"display:block;border-radius:999px;\" class=\"heateorSssSharingSvg heateorSssFacebookSvg\"><\/ss><\/i><\/li><li class=\"heateorSssSharingRound\"><i style=\"width:35px;height:35px;border-radius:999px;\" alt=\"Twitter\" Title=\"Twitter\" class=\"heateorSssSharing heateorSssTwitterBackground\" onclick='heateorSssPopup(\"http:\/\/twitter.com\/intent\/tweet?text=%C2%BFPor%20qu%C3%A9%20no%20pudo%20presentarse%20en%20la%20c%C3%A1rcel%20El%20Buen%20Pastor%20la%20obra%20de%20teatro%20%22Yo%20soy%20Ant%C3%ADgona%22%3F%20Por%20%C3%93scar%20Humberto%20G%C3%B3mez%20G%C3%B3mez&url=https%3A%2F%2Foscarhumbertogomez.com%2Findex.php%3Frest_route%3D%252Fwp%252Fv2%252Fposts%252F13214\")'><ss style=\"display:block;border-radius:999px;\" class=\"heateorSssSharingSvg heateorSssTwitterSvg\"><\/ss><\/i><\/li><li class=\"heateorSssSharingRound\"><i style=\"width:35px;height:35px;border-radius:999px;\" alt=\"Whatsapp\" Title=\"Whatsapp\" class=\"heateorSssSharing heateorSssWhatsappBackground\" onclick='heateorSssPopup(\"https:\/\/web.whatsapp.com\/send?text=%C2%BFPor%20qu%C3%A9%20no%20pudo%20presentarse%20en%20la%20c%C3%A1rcel%20El%20Buen%20Pastor%20la%20obra%20de%20teatro%20%22Yo%20soy%20Ant%C3%ADgona%22%3F%20Por%20%C3%93scar%20Humberto%20G%C3%B3mez%20G%C3%B3mez https%3A%2F%2Foscarhumbertogomez.com%2Findex.php%3Frest_route%3D%252Fwp%252Fv2%252Fposts%252F13214\")'><ss style=\"display:block\" class=\"heateorSssSharingSvg heateorSssWhatsappSvg\"><\/ss><\/i><\/li><li class=\"heateorSssSharingRound\"><i style=\"width:35px;height:35px;border-radius:999px;\" alt=\"Pinterest\" Title=\"Pinterest\" class=\"heateorSssSharing heateorSssPinterestBackground\" onclick=\"javascript:void( (function() {var e=document.createElement('script' );e.setAttribute('type','text\/javascript' );e.setAttribute('charset','UTF-8' );e.setAttribute('src','\/\/assets.pinterest.com\/js\/pinmarklet.js?r='+Math.random()*99999999);document.body.appendChild(e)})());\"><ss style=\"display:block;border-radius:999px;\" class=\"heateorSssSharingSvg heateorSssPinterestSvg\"><\/ss><\/i><\/li><li class=\"heateorSssSharingRound\"><i style=\"width:35px;height:35px;border-radius:999px;\" alt=\"Google Gmail\" Title=\"Google Gmail\" class=\"heateorSssSharing heateorSssGoogleGmailBackground\" onclick='heateorSssPopup(\"https:\/\/mail.google.com\/mail\/?ui=2&view=cm&fs=1&tf=1&su=%C2%BFPor%20qu%C3%A9%20no%20pudo%20presentarse%20en%20la%20c%C3%A1rcel%20El%20Buen%20Pastor%20la%20obra%20de%20teatro%20%22Yo%20soy%20Ant%C3%ADgona%22%3F%20Por%20%C3%93scar%20Humberto%20G%C3%B3mez%20G%C3%B3mez&body=Link:https%3A%2F%2Foscarhumbertogomez.com%2Findex.php%3Frest_route%3D%252Fwp%252Fv2%252Fposts%252F13214\")'><ss style=\"display:block;border-radius:999px;\" class=\"heateorSssSharingSvg heateorSssGoogleGmailSvg\"><\/ss><\/i><\/li><li class=\"heateorSssSharingRound\"><i style=\"width:35px;height:35px;border-radius:999px;\" title=\"More\" alt=\"More\" class=\"heateorSssSharing heateorSssMoreBackground\" onclick=\"heateorSssMoreSharingPopup(this, 'https:\/\/oscarhumbertogomez.com\/index.php?rest_route=%2Fwp%2Fv2%2Fposts%2F13214', '%C2%BFPor%20qu%C3%A9%20no%20pudo%20presentarse%20en%20la%20c%C3%A1rcel%20El%20Buen%20Pastor%20la%20obra%20de%20teatro%20%22Yo%20soy%20Ant%C3%ADgona%22%3F%20Por%20%C3%93scar%20Humberto%20G%C3%B3mez%20G%C3%B3mez', '' )\" ><ss style=\"display:block\" class=\"heateorSssSharingSvg heateorSssMoreSvg\"><\/ss><\/i><\/li><\/ul><div class=\"heateorSssClear\"><\/div><\/div><div class='heateorSssClear'><\/div>","protected":false},"author":2,"featured_media":0,"comment_status":"closed","ping_status":"closed","sticky":false,"template":"","format":"standard","meta":{"spay_email":"","footnotes":""},"categories":[11],"tags":[],"class_list":["post-13214","post","type-post","status-publish","format-standard","hentry","category-periodismo"],"jetpack_featured_media_url":"","jetpack_shortlink":"https:\/\/wp.me\/p1FYrr-3r8","_links":{"self":[{"href":"https:\/\/oscarhumbertogomez.com\/index.php?rest_route=\/wp\/v2\/posts\/13214","targetHints":{"allow":["GET"]}}],"collection":[{"href":"https:\/\/oscarhumbertogomez.com\/index.php?rest_route=\/wp\/v2\/posts"}],"about":[{"href":"https:\/\/oscarhumbertogomez.com\/index.php?rest_route=\/wp\/v2\/types\/post"}],"author":[{"embeddable":true,"href":"https:\/\/oscarhumbertogomez.com\/index.php?rest_route=\/wp\/v2\/users\/2"}],"replies":[{"embeddable":true,"href":"https:\/\/oscarhumbertogomez.com\/index.php?rest_route=%2Fwp%2Fv2%2Fcomments&post=13214"}],"version-history":[{"count":5,"href":"https:\/\/oscarhumbertogomez.com\/index.php?rest_route=\/wp\/v2\/posts\/13214\/revisions"}],"predecessor-version":[{"id":52400,"href":"https:\/\/oscarhumbertogomez.com\/index.php?rest_route=\/wp\/v2\/posts\/13214\/revisions\/52400"}],"wp:attachment":[{"href":"https:\/\/oscarhumbertogomez.com\/index.php?rest_route=%2Fwp%2Fv2%2Fmedia&parent=13214"}],"wp:term":[{"taxonomy":"category","embeddable":true,"href":"https:\/\/oscarhumbertogomez.com\/index.php?rest_route=%2Fwp%2Fv2%2Fcategories&post=13214"},{"taxonomy":"post_tag","embeddable":true,"href":"https:\/\/oscarhumbertogomez.com\/index.php?rest_route=%2Fwp%2Fv2%2Ftags&post=13214"}],"curies":[{"name":"wp","href":"https:\/\/api.w.org\/{rel}","templated":true}]}}