{"id":13290,"date":"2014-08-29T21:31:55","date_gmt":"2014-08-30T02:31:55","guid":{"rendered":"http:\/\/www.oscarhumbertogomez.com\/?p=13290"},"modified":"2025-04-02T22:31:24","modified_gmt":"2025-04-03T03:31:24","slug":"despierta-santander","status":"publish","type":"post","link":"https:\/\/oscarhumbertogomez.com\/?p=13290","title":{"rendered":"\u00a1Despierta, Santander! Por \u00d3scar Humberto G\u00f3mez G\u00f3mez"},"content":{"rendered":"<p><img decoding=\"async\" class=\"aligncenter size-full wp-image-7611\" title=\"OSCAR-HBTO\" src=\"https:\/\/lapiedrafilosofal.com\/wp-content\/uploads\/2013\/03\/OSCAR-HBTO.jpg\" alt=\"\" width=\"500\" height=\"\" srcset=\"https:\/\/oscarhumbertogomez.com\/wp-content\/uploads\/2013\/03\/OSCAR-HBTO.jpg 299w, https:\/\/oscarhumbertogomez.com\/wp-content\/uploads\/2013\/03\/OSCAR-HBTO-200x300.jpg 200w\" sizes=\"(max-width: 299px) 100vw, 299px\" \/><\/p>\n<p>&nbsp;<\/p>\n<div id=\"attachment_13539\" style=\"width: 950px\" class=\"wp-caption aligncenter\"><img loading=\"lazy\" decoding=\"async\" aria-describedby=\"caption-attachment-13539\" class=\"size-full wp-image-13539\" title=\"ESTADO SOBERANO DE SANTANDER\" src=\"https:\/\/lapiedrafilosofal.com\/wp-content\/uploads\/2014\/08\/ESTADO-SOBERANO-DE-SANTANDER.png\" alt=\"\" width=\"940\" height=\"1258\" srcset=\"https:\/\/oscarhumbertogomez.com\/wp-content\/uploads\/2014\/08\/ESTADO-SOBERANO-DE-SANTANDER.png 940w, https:\/\/oscarhumbertogomez.com\/wp-content\/uploads\/2014\/08\/ESTADO-SOBERANO-DE-SANTANDER-224x300.png 224w, https:\/\/oscarhumbertogomez.com\/wp-content\/uploads\/2014\/08\/ESTADO-SOBERANO-DE-SANTANDER-765x1024.png 765w\" sizes=\"auto, (max-width: 940px) 100vw, 940px\" \/><p id=\"caption-attachment-13539\" class=\"wp-caption-text\">ESTADO SOBERANO DE SANTANDER \/ Departamentos que lo conformaban [A\u00f1o 1870].<\/p><\/div>\n<p>&nbsp;<\/p>\n<p>Santander, que fue un Estado Soberano \u2014cuando nuestro pa\u00eds eran los Estados Unidos de Colombia\u2014 pas\u00f3 a ser departamento en 1886, cuando Colombia se volvi\u00f3 rep\u00fablica unitaria.<\/p>\n<p>En 1910, a ra\u00edz de los temores que dej\u00f3 la abrupta separaci\u00f3n del departamento de Panam\u00e1 (1903) y la preocupaci\u00f3n de que el ejemplo separatista de los paname\u00f1os pudiera ser imitado por los grandes departamentos que entonces exist\u00edan, se reorganiz\u00f3 la divisi\u00f3n territorial colombiana &nbsp;y nuestro departamento fue fraccionado, cre\u00e1ndose el nuevo departamento de Norte de Santander con las que hasta ese a\u00f1o eran provincias suyas: la de C\u00facuta, la de Pamplona y la de Oca\u00f1a.<\/p>\n<p>Nuestros abuelos y padres llamaban al departamento que qued\u00f3 conformado, con capital Bucaramanga, &#8220;Santander del Sur (S.S.)&#8221;, para diferenciarlo del recientemente creado. Empero, finalmente termin\u00f3 llam\u00e1ndose solo &#8220;Santander&#8221;.<\/p>\n<p>Aunque fue cuna de la Insurrecci\u00f3n de los Comuneros (1781); aunque se destac\u00f3 en el Grito de Independencia (1810), pues 16 d\u00edas antes de que Santa Fe lo diera (20 de julio de 1810), fue Pamplona la que lo dio primero (4 de julio de 1810); aunque se destac\u00f3 en el mismo 20 de julio de 1810, pues el orador que en Santa Fe levant\u00f3 los \u00e1nimos cuando ya deca\u00edan fue el santandereano Jos\u00e9 Acevedo y G\u00f3mez; aunque en la Primera Rep\u00fablica, aportamos el martirio de pr\u00f3ceres como Custodio Garc\u00eda Rovira, Fernando Serrano y Uribe, y los m\u00e1s de mil muertos que dej\u00f3 la Batalla de Cachir\u00ed (1816); aunque apenas tres d\u00edas antes de la Batalla del Puente de Boyac\u00e1 se escenific\u00f3 en estas tierras la desigual y espantosa Batalla del Pienta (4 de agosto de 1819) cuando el heroico pueblo charale\u00f1o intent\u00f3 interceptar a las tropas espa\u00f1olas del coronel Lucas Gonz\u00e1lez con un saldo de m\u00e1s de 300 patriotas masacrados; a pesar de que fuimos la cuna de la Independencia, de la electrificaci\u00f3n, de la industria cafetera, de la miner\u00eda, de la industria textil, de la manufactura, de la agroindustria, etc\u00e9tera, hoy en d\u00eda Santander literalmente agoniza en el concierto nacional en medio de la exclusi\u00f3n y el olvido.<\/p>\n<p>De las posibilidades de volver a tener un presidente de la Rep\u00fablica posterior a Aquileo Parra ya en Santander no se habla, luego de que la \u00faltima esperanza de lograrlo, con Luis Carlos Gal\u00e1n Sarmiento, oriundo de Bucaramanga, se esfumara como consecuencia de su asesinato.<\/p>\n<p>Nuestras industrias m\u00e1s representativas se han ido cerrando o han pasado a manos de gentes no santandereanas.<\/p>\n<p>Nuestros poetas, nuestros escritores, nuestros grandes oradores \u2014como Jos\u00e9 Camacho Carre\u00f1o o Manuel Serrano Blanco\u2014 son hoy personajes sumidos en el olvido de las nuevas generaciones de santandereanos.<\/p>\n<p>Nuestra m\u00fasica vern\u00e1cula, que antes se cantaba en las escuelas y colegios, ahora ni se menciona, y los j\u00f3venes y ni\u00f1os santandereanos se han entregado con exclusividad a la m\u00fasica extranjera o a la que proviene de otras partes del pa\u00eds, especialmente al vallenato comercial, que nos inund\u00f3 \u2014y nos sigue inundando\u2014 con toda la fuerza de su poder\u00edo econ\u00f3mico.<\/p>\n<p>La gente de afuera consigue aqu\u00ed trabajo y hasta termina escalando posiciones mientras que el desempleo de santandereanos en su propia tierra ha alcanzado niveles que deber\u00eda llenarnos de verg\u00fcenza.<\/p>\n<p>Personajes de otras partes se dan, incluso, el lujo de cerrarles las puertas u obstruirles el camino a santandereanos de pura cepa que tratan de surgir aqu\u00ed, dentro de su propio terru\u00f1o natal, en determinada faceta, como la m\u00fasica.<\/p>\n<p>Sin norte alguno, sin tener un claro y s\u00f3lido sentido de su identidad, los santandereanos acogen hoy lo que sea y a quien venga, con tal de que les ofrezca la satisfacci\u00f3n de sus apremiantes necesidades. Empero, esa forma pesimista de actuar le ha tra\u00eddo grandes frustraciones a nuestro pueblo, como la p\u00e9rdida de la Electrificadora de Santander \u2014que pas\u00f3 a manos del capital paisa\u2014 y la p\u00e9rdida de Ecog\u00e1s.<\/p>\n<p>Las promesas tampoco se le cumplen al pueblo santandereano, sin que nadie se levante a exigir el cumplimiento. As\u00ed, nada sucedi\u00f3 finalmente con la v\u00eda a C\u00facuta por el Alto del Escorial, que acortar\u00eda nuestra comunicaci\u00f3n con la frontera colombo-venezolana; nada sucedi\u00f3 con la planta de alcohol carburante, cuya promesa desencaden\u00f3 la ruina de los cultivadores de ca\u00f1a panelera de la Hoya del R\u00edo Su\u00e1rez; nada ha sucedido con la mil veces anunciada pavimentaci\u00f3n de la v\u00eda a la Provincia de Garc\u00eda Rovira; etc\u00e9tera.<\/p>\n<p>\u00bfRecuperar\u00e1n los santandereanos la memoria?<\/p>\n<p>\u00bfRecobrar\u00e1n el sentido de su propia identidad?<\/p>\n<p>\u00bfRestablecer\u00e1n la dignidad perdida?<\/p>\n<p>Las respuestas son inciertas. Por ahora, este ha sido nuestro granito de arena: un portal en Internet que, sin perder el faro de ser <strong>colombiano<\/strong>, e incluso <strong>universal<\/strong>, parte de la consideraci\u00f3n previa y elemental de que Santander <strong>existe <\/strong>y que so pretexto de que los santandereanos debemos tener sentido nacional y universal \u2014lo cual es obvio e indiscutible\u2014 no debemos terminar haci\u00e9ndoles el juego a quienes pretenden ignorar a nuestra tierra y relegarla poco a poco en las oscuridades de la marginaci\u00f3n definitiva.<\/p>\n<p>Posiblemente perdamos el tiempo y nada cambie. Quiz\u00e1s ma\u00f1ana Santander no sea m\u00e1s que una tierra ocupada por gentes heterog\u00e9neas provenientes de todas partes, sin cultura, sin historia y sin identidad. Pero nosotros, al menos, estaremos para entonces en paz con nuestra conciencia.<\/p>\n<p>Ya has dormido suficiente. \u00bfPor qu\u00e9 no despiertas, Santander?<\/p>\n<p>&nbsp;<\/p>\n","protected":false},"excerpt":{"rendered":"<p>&nbsp; &nbsp; Santander, que fue un Estado Soberano \u2014cuando nuestro pa\u00eds eran los Estados Unidos de Colombia\u2014 pas\u00f3 a ser departamento en 1886, cuando Colombia se volvi\u00f3 rep\u00fablica unitaria. En 1910, a ra\u00edz de los temores que dej\u00f3 la abrupta &hellip; <a href=\"https:\/\/oscarhumbertogomez.com\/?p=13290\">Sigue leyendo <span class=\"meta-nav\">&rarr;<\/span><\/a><\/p>\n<div class='heateorSssClear'><\/div><div  class='heateor_sss_sharing_container heateor_sss_horizontal_sharing' heateor-sss-data-href='https:\/\/oscarhumbertogomez.com\/?p=13290'><div class='heateor_sss_sharing_title' style=\"font-weight:bold\" >\u00a1Gracias por compartirla!<\/div><ul class=\"heateor_sss_sharing_ul\"><li class=\"heateorSssSharingRound\"><i style=\"width:35px;height:35px;border-radius:999px;\" alt=\"Facebook\" Title=\"Facebook\" class=\"heateorSssSharing heateorSssFacebookBackground\" onclick='heateorSssPopup(\"https:\/\/www.facebook.com\/sharer\/sharer.php?u=https%3A%2F%2Foscarhumbertogomez.com%2Findex.php%3Frest_route%3D%252Fwp%252Fv2%252Fposts%252F13290\")'><ss style=\"display:block;border-radius:999px;\" class=\"heateorSssSharingSvg heateorSssFacebookSvg\"><\/ss><\/i><\/li><li class=\"heateorSssSharingRound\"><i style=\"width:35px;height:35px;border-radius:999px;\" alt=\"Twitter\" Title=\"Twitter\" class=\"heateorSssSharing heateorSssTwitterBackground\" onclick='heateorSssPopup(\"http:\/\/twitter.com\/intent\/tweet?text=%C2%A1Despierta%2C%20Santander%21%20Por%20%C3%93scar%20Humberto%20G%C3%B3mez%20G%C3%B3mez&url=https%3A%2F%2Foscarhumbertogomez.com%2Findex.php%3Frest_route%3D%252Fwp%252Fv2%252Fposts%252F13290\")'><ss style=\"display:block;border-radius:999px;\" class=\"heateorSssSharingSvg heateorSssTwitterSvg\"><\/ss><\/i><\/li><li class=\"heateorSssSharingRound\"><i style=\"width:35px;height:35px;border-radius:999px;\" alt=\"Whatsapp\" Title=\"Whatsapp\" class=\"heateorSssSharing heateorSssWhatsappBackground\" onclick='heateorSssPopup(\"https:\/\/web.whatsapp.com\/send?text=%C2%A1Despierta%2C%20Santander%21%20Por%20%C3%93scar%20Humberto%20G%C3%B3mez%20G%C3%B3mez https%3A%2F%2Foscarhumbertogomez.com%2Findex.php%3Frest_route%3D%252Fwp%252Fv2%252Fposts%252F13290\")'><ss style=\"display:block\" class=\"heateorSssSharingSvg heateorSssWhatsappSvg\"><\/ss><\/i><\/li><li class=\"heateorSssSharingRound\"><i style=\"width:35px;height:35px;border-radius:999px;\" alt=\"Pinterest\" Title=\"Pinterest\" class=\"heateorSssSharing heateorSssPinterestBackground\" onclick=\"javascript:void( (function() {var e=document.createElement('script' );e.setAttribute('type','text\/javascript' );e.setAttribute('charset','UTF-8' );e.setAttribute('src','\/\/assets.pinterest.com\/js\/pinmarklet.js?r='+Math.random()*99999999);document.body.appendChild(e)})());\"><ss style=\"display:block;border-radius:999px;\" class=\"heateorSssSharingSvg heateorSssPinterestSvg\"><\/ss><\/i><\/li><li class=\"heateorSssSharingRound\"><i style=\"width:35px;height:35px;border-radius:999px;\" alt=\"Google Gmail\" Title=\"Google Gmail\" class=\"heateorSssSharing heateorSssGoogleGmailBackground\" onclick='heateorSssPopup(\"https:\/\/mail.google.com\/mail\/?ui=2&view=cm&fs=1&tf=1&su=%C2%A1Despierta%2C%20Santander%21%20Por%20%C3%93scar%20Humberto%20G%C3%B3mez%20G%C3%B3mez&body=Link:https%3A%2F%2Foscarhumbertogomez.com%2Findex.php%3Frest_route%3D%252Fwp%252Fv2%252Fposts%252F13290\")'><ss style=\"display:block;border-radius:999px;\" class=\"heateorSssSharingSvg heateorSssGoogleGmailSvg\"><\/ss><\/i><\/li><li class=\"heateorSssSharingRound\"><i style=\"width:35px;height:35px;border-radius:999px;\" title=\"More\" alt=\"More\" class=\"heateorSssSharing heateorSssMoreBackground\" onclick=\"heateorSssMoreSharingPopup(this, 'https:\/\/oscarhumbertogomez.com\/index.php?rest_route=%2Fwp%2Fv2%2Fposts%2F13290', '%C2%A1Despierta%2C%20Santander%21%20Por%20%C3%93scar%20Humberto%20G%C3%B3mez%20G%C3%B3mez', '' )\" ><ss style=\"display:block\" class=\"heateorSssSharingSvg heateorSssMoreSvg\"><\/ss><\/i><\/li><\/ul><div class=\"heateorSssClear\"><\/div><\/div><div class='heateorSssClear'><\/div>","protected":false},"author":2,"featured_media":0,"comment_status":"open","ping_status":"open","sticky":false,"template":"","format":"standard","meta":{"spay_email":"","footnotes":""},"categories":[1],"tags":[],"class_list":["post-13290","post","type-post","status-publish","format-standard","hentry","category-blog"],"jetpack_featured_media_url":"","jetpack_shortlink":"https:\/\/wp.me\/p1FYrr-3sm","_links":{"self":[{"href":"https:\/\/oscarhumbertogomez.com\/index.php?rest_route=\/wp\/v2\/posts\/13290","targetHints":{"allow":["GET"]}}],"collection":[{"href":"https:\/\/oscarhumbertogomez.com\/index.php?rest_route=\/wp\/v2\/posts"}],"about":[{"href":"https:\/\/oscarhumbertogomez.com\/index.php?rest_route=\/wp\/v2\/types\/post"}],"author":[{"embeddable":true,"href":"https:\/\/oscarhumbertogomez.com\/index.php?rest_route=\/wp\/v2\/users\/2"}],"replies":[{"embeddable":true,"href":"https:\/\/oscarhumbertogomez.com\/index.php?rest_route=%2Fwp%2Fv2%2Fcomments&post=13290"}],"version-history":[{"count":5,"href":"https:\/\/oscarhumbertogomez.com\/index.php?rest_route=\/wp\/v2\/posts\/13290\/revisions"}],"predecessor-version":[{"id":53479,"href":"https:\/\/oscarhumbertogomez.com\/index.php?rest_route=\/wp\/v2\/posts\/13290\/revisions\/53479"}],"wp:attachment":[{"href":"https:\/\/oscarhumbertogomez.com\/index.php?rest_route=%2Fwp%2Fv2%2Fmedia&parent=13290"}],"wp:term":[{"taxonomy":"category","embeddable":true,"href":"https:\/\/oscarhumbertogomez.com\/index.php?rest_route=%2Fwp%2Fv2%2Fcategories&post=13290"},{"taxonomy":"post_tag","embeddable":true,"href":"https:\/\/oscarhumbertogomez.com\/index.php?rest_route=%2Fwp%2Fv2%2Ftags&post=13290"}],"curies":[{"name":"wp","href":"https:\/\/api.w.org\/{rel}","templated":true}]}}