{"id":13329,"date":"2014-08-18T08:49:49","date_gmt":"2014-08-18T13:49:49","guid":{"rendered":"http:\/\/www.oscarhumbertogomez.com\/?p=13329"},"modified":"2025-03-30T20:36:51","modified_gmt":"2025-03-31T01:36:51","slug":"sigmund-freud-la-guerra-es-inevitable-la-hacen-los-politicos-por-manuel-enrique-rey","status":"publish","type":"post","link":"https:\/\/oscarhumbertogomez.com\/?p=13329","title":{"rendered":"Sigmund Freud. La guerra es inevitable: la hacen los pol\u00edticos. Por Manuel Enrique Rey Sanmiguel"},"content":{"rendered":"<p><img decoding=\"async\" src=\"https:\/\/lapiedrafilosofal.com\/wp-content\/uploads\/2014\/08\/Manuel-Enrique.jpg\" alt=\"\" title=\"Manuel Enrique\" width=\"500\" height=\"\" class=\"aligncenter size-full wp-image-13330\" srcset=\"https:\/\/oscarhumbertogomez.com\/wp-content\/uploads\/2014\/08\/Manuel-Enrique.jpg 224w, https:\/\/oscarhumbertogomez.com\/wp-content\/uploads\/2014\/08\/Manuel-Enrique-209x300.jpg 209w\" sizes=\"(max-width: 224px) 100vw, 224px\" \/><\/p>\n<p>&nbsp;<\/p>\n<p>Como premisa a prueba de contradicciones emanada de la revoluci\u00f3n francesa se cre\u00eda que la raz\u00f3n y la innovaci\u00f3n como labor y aplicaci\u00f3n del intelecto en los humanos, terminar\u00edan sirviendo de panacea para lograr la convivencia y el bienestar humanitario, imponi\u00e9ndose en la soluci\u00f3n de los conflictos. Desde luego, deber\u00eda imponerse un periodo de paz irreversible.<\/p>\n<p>Dicho sentimiento pacifista a\u00fan perduraba en 1914. Gran cantidad de j\u00f3venes debieron enrolarse optimistas para participar en la Gran Guerra o Primera Guerra Mundial concitada por pol\u00edticos. El resultado, luego de Europa vivir feliz durante cuatro d\u00e9cadas sin guerras, aquella produjo la exorbitante suma de 20 millones de muertos.<\/p>\n<p>Algunas conclusiones fueron: \u201cla experiencia hab\u00eda sido tan cruenta que no volver\u00eda a repetirse. La dicotom\u00eda del pensamiento pol\u00edtico en relaci\u00f3n con el poder era la responsable del desastre. El colonialismo y el deseo de engrandecerse como  potencia hab\u00edan sido aprovechadas por los pol\u00edticos sin importar, entre capitalista y socialista, para por medio de la guerra, solucionar los conflictos y apoderarse de las naciones d\u00e9biles, de  parroquianos y sus recursos.<\/p>\n<p>La innovaci\u00f3n y la tecnolog\u00eda demostraron, sin embargo, que la evoluci\u00f3n del intelecto de la especie cimera se hab\u00eda aplicado preferencialmente al desarrollo de nuevas armas.<\/p>\n<p>La conclusi\u00f3n del m\u00e9dico neur\u00f3logo jud\u00edo, una figura intelectual del siglo XX, Sigmund Freud, (1856 1939), analista de la condici\u00f3n humana, era que la violencia constitu\u00eda un componente esencial de nuestro car\u00e1cter.<\/p>\n<p>El pensamiento pol\u00edtico en torno al dualismo ideol\u00f3gico extremista, en \u00e9poca reciente (capitalista y comunista), insuflado en las mentes de los due\u00f1os del poder en las naciones, algunas consideradas las m\u00e1s poderosas del globo; si se tiene en cuenta la miserable condici\u00f3n humana depredadora hacia sus cong\u00e9neres, durante un lapso menor produjo: el holocausto, el exterminio de muchas etnias consideradas atrasadas, las guerras locales, los grupos terroristas, las mafias traficantes, el desarrollo de la industria armamentista, las continuas crisis del di\u00e1logo humanitario, etc.<\/p>\n<p>Freud al igual que pretenden algunos pol\u00edticos tercermundistas, en respuesta a Albert Einstein en 1932 quien buscaba consenso para impedir el uso futuro de la bomba at\u00f3mica que \u00e9l como cient\u00edfico hab\u00eda ayudado a perfeccionar, y luego de hab\u00e9rsele preguntado sobre: \u201cQu\u00e9 podr\u00eda hacerse para evitar a los hombres el destino de la guerra\u201d,  conceptu\u00f3: Que entre ser dominado o rebelarse, exist\u00eda una forma pac\u00edfica: \u201cSe trata del desarrollo cultural de los miembros de la colectividad\u201d.<\/p>\n<p>Estudioso Freud de la teor\u00eda de los instintos a la que hab\u00eda llegado a trav\u00e9s del psicoan\u00e1lisis, en relaci\u00f3n con la guerra a\u00f1ad\u00eda: \u201clos hombres no pertenecen sino a dos categor\u00edas: o bien son aquellos que tienden a conservar y a unir \u2013los denominados \u201cer\u00f3ticos o sexuales\u201d-, o bien, tienden a destruir y a matar.<br \/>\nLa innovaci\u00f3n y la tecnolog\u00eda, enfocadas hacia el logro del bienestar humano; sobre todo las instituciones, en particular la familia y la escuela, son las llamadas para implementar y promover en el planeta una cultura antibelicista. No los pol\u00edticos. Podr\u00eda usted creerlo.<\/p>\n<p>Agresi\u00f3n y destrucci\u00f3n o convivencia y creaci\u00f3n, no son m\u00e1s que una transfiguraci\u00f3n te\u00f3rica de la ant\u00edtesis entre el amor y el odio; entre atracci\u00f3n y repulsi\u00f3n, para hablar m\u00e1s en t\u00e9rminos cient\u00edficos. El enfoque en t\u00e9rminos de instinto, y de la acci\u00f3n conjunta y antag\u00f3nica como complemento en la dualidad paz-guerra cada una fusionada como complemento, es la raz\u00f3n en que cifra el sicoanalista el surgimiento de las manifestaciones de la vida. Mientras el instinto de conservaci\u00f3n sin duda de \u00edndole er\u00f3tica promueve la convivencia pac\u00edfica, se precisa disponer de la agresi\u00f3n, para efectuar su prop\u00f3sito. Amor hacia un objeto necesita de un complemento del instinto de posesi\u00f3n para lograr apoderarse del objeto.<br \/>\nAhora bien, siguiendo el concepto instintivo humano dual freudiano, destructivo y a la vez er\u00f3tico, a lo mejor es por esa raz\u00f3n que puedan coexistir como pensamiento pol\u00edtico, unas veces el capitalismo como af\u00e1n de posesi\u00f3n individualista o ego\u00edsta del bien material incluido el humano; y otras veces, un sentimiento de compasi\u00f3n o amor, que pretende cierta motivaci\u00f3n idealista para que al ser aplicado en su extremo radical por el socialismo, al pretender imponer como antagonismo del capitalismo, la idea igualitaria y  solidaria, a\u00fan acotando la individualidad en t\u00e9rminos de libertad, que propenda por un bienestar generalizado, donde todo podr\u00eda ser comunitario; y, disfrutado en igual proporci\u00f3n por cada uno de los integrantes del g\u00e9nero humano.<\/p>\n<p>Volviendo a la educaci\u00f3n como medio para evitar los radicalismos, y al ejercicio del poder, que ejercido por capitalistas o socialistas, lamentablemente posiciona a nuestros cong\u00e9neres entre dirigentes y dirigidos como factor de expresi\u00f3n de desigualdad y sometimiento incondicional, innata e irremediable, entre cualquiera de las dos premisas pol\u00edticas del pensamiento moderno \u2013 lo afirma Freud- \u201ces preciso poner mayor empe\u00f1o en educar una capa superior de hombres dotados de pensamiento independiente, inaccesible a la intimidaci\u00f3n, que breguen por la verdad y a los cuales corresponda la direcci\u00f3n de las masas independientes\u201d.<\/p>\n<p>Todo hombre tiene derecho a la vida, a vivir en paz y en bienestar. La soluci\u00f3n, m\u00e1s que el anunciamiento del problema instintivo relacionado con las m\u00faltiples facetas del poder en los humanos, y de la guerra como prop\u00f3sito dominador de nuestra especie doblemente sapiente seg\u00fan Linneo, tambi\u00e9n la establece como una propuesta el creador de psicoan\u00e1lisis: \u201cla actitud cultural y el fundado temor a las consecuencias de la guerra futura pondr\u00e1n fin a los conflictos b\u00e9licos en el curso de un plazo limitado.<\/p>\n<p>Y concluyo: Nos es imposible adivinar a trav\u00e9s de qu\u00e9 caminos o rodeos se lograr\u00e1 este fin. Por ahora solo podemos decirnos: todo lo que impulse la evoluci\u00f3n cultural obra contra la guerra. Tal vez sea la familia y la escuela, obra de padres y educadores, y no exactamente de pol\u00edticos, las instituciones y los personajes llamados a desarrollar tan loable prop\u00f3sito humanitario y pacifista.<\/p>\n<p>As\u00ed sea.<\/p>\n<p>&nbsp;<\/p>\n","protected":false},"excerpt":{"rendered":"<p>&nbsp; Como premisa a prueba de contradicciones emanada de la revoluci\u00f3n francesa se cre\u00eda que la raz\u00f3n y la innovaci\u00f3n como labor y aplicaci\u00f3n del intelecto en los humanos, terminar\u00edan sirviendo de panacea para lograr la convivencia y el bienestar &hellip; <a href=\"https:\/\/oscarhumbertogomez.com\/?p=13329\">Sigue leyendo <span class=\"meta-nav\">&rarr;<\/span><\/a><\/p>\n<div class='heateorSssClear'><\/div><div  class='heateor_sss_sharing_container heateor_sss_horizontal_sharing' heateor-sss-data-href='https:\/\/oscarhumbertogomez.com\/?p=13329'><div class='heateor_sss_sharing_title' style=\"font-weight:bold\" >\u00a1Gracias por compartirla!<\/div><ul class=\"heateor_sss_sharing_ul\"><li class=\"heateorSssSharingRound\"><i style=\"width:35px;height:35px;border-radius:999px;\" alt=\"Facebook\" Title=\"Facebook\" class=\"heateorSssSharing heateorSssFacebookBackground\" onclick='heateorSssPopup(\"https:\/\/www.facebook.com\/sharer\/sharer.php?u=https%3A%2F%2Foscarhumbertogomez.com%2Findex.php%3Frest_route%3D%252Fwp%252Fv2%252Fposts%252F13329\")'><ss style=\"display:block;border-radius:999px;\" class=\"heateorSssSharingSvg heateorSssFacebookSvg\"><\/ss><\/i><\/li><li class=\"heateorSssSharingRound\"><i style=\"width:35px;height:35px;border-radius:999px;\" alt=\"Twitter\" Title=\"Twitter\" class=\"heateorSssSharing heateorSssTwitterBackground\" onclick='heateorSssPopup(\"http:\/\/twitter.com\/intent\/tweet?text=Sigmund%20Freud.%20La%20guerra%20es%20inevitable%3A%20la%20hacen%20los%20pol%C3%ADticos.%20Por%20Manuel%20Enrique%20Rey%20Sanmiguel&url=https%3A%2F%2Foscarhumbertogomez.com%2Findex.php%3Frest_route%3D%252Fwp%252Fv2%252Fposts%252F13329\")'><ss style=\"display:block;border-radius:999px;\" class=\"heateorSssSharingSvg heateorSssTwitterSvg\"><\/ss><\/i><\/li><li class=\"heateorSssSharingRound\"><i style=\"width:35px;height:35px;border-radius:999px;\" alt=\"Whatsapp\" Title=\"Whatsapp\" class=\"heateorSssSharing heateorSssWhatsappBackground\" onclick='heateorSssPopup(\"https:\/\/web.whatsapp.com\/send?text=Sigmund%20Freud.%20La%20guerra%20es%20inevitable%3A%20la%20hacen%20los%20pol%C3%ADticos.%20Por%20Manuel%20Enrique%20Rey%20Sanmiguel https%3A%2F%2Foscarhumbertogomez.com%2Findex.php%3Frest_route%3D%252Fwp%252Fv2%252Fposts%252F13329\")'><ss style=\"display:block\" class=\"heateorSssSharingSvg heateorSssWhatsappSvg\"><\/ss><\/i><\/li><li class=\"heateorSssSharingRound\"><i style=\"width:35px;height:35px;border-radius:999px;\" alt=\"Pinterest\" Title=\"Pinterest\" class=\"heateorSssSharing heateorSssPinterestBackground\" onclick=\"javascript:void( (function() {var e=document.createElement('script' );e.setAttribute('type','text\/javascript' );e.setAttribute('charset','UTF-8' );e.setAttribute('src','\/\/assets.pinterest.com\/js\/pinmarklet.js?r='+Math.random()*99999999);document.body.appendChild(e)})());\"><ss style=\"display:block;border-radius:999px;\" class=\"heateorSssSharingSvg heateorSssPinterestSvg\"><\/ss><\/i><\/li><li class=\"heateorSssSharingRound\"><i style=\"width:35px;height:35px;border-radius:999px;\" alt=\"Google Gmail\" Title=\"Google Gmail\" class=\"heateorSssSharing heateorSssGoogleGmailBackground\" onclick='heateorSssPopup(\"https:\/\/mail.google.com\/mail\/?ui=2&view=cm&fs=1&tf=1&su=Sigmund%20Freud.%20La%20guerra%20es%20inevitable%3A%20la%20hacen%20los%20pol%C3%ADticos.%20Por%20Manuel%20Enrique%20Rey%20Sanmiguel&body=Link:https%3A%2F%2Foscarhumbertogomez.com%2Findex.php%3Frest_route%3D%252Fwp%252Fv2%252Fposts%252F13329\")'><ss style=\"display:block;border-radius:999px;\" class=\"heateorSssSharingSvg heateorSssGoogleGmailSvg\"><\/ss><\/i><\/li><li class=\"heateorSssSharingRound\"><i style=\"width:35px;height:35px;border-radius:999px;\" title=\"More\" alt=\"More\" class=\"heateorSssSharing heateorSssMoreBackground\" onclick=\"heateorSssMoreSharingPopup(this, 'https:\/\/oscarhumbertogomez.com\/index.php?rest_route=%2Fwp%2Fv2%2Fposts%2F13329', 'Sigmund%20Freud.%20La%20guerra%20es%20inevitable%3A%20la%20hacen%20los%20pol%C3%ADticos.%20Por%20Manuel%20Enrique%20Rey%20Sanmiguel', '' )\" ><ss style=\"display:block\" class=\"heateorSssSharingSvg heateorSssMoreSvg\"><\/ss><\/i><\/li><\/ul><div class=\"heateorSssClear\"><\/div><\/div><div class='heateorSssClear'><\/div>","protected":false},"author":2,"featured_media":0,"comment_status":"open","ping_status":"open","sticky":false,"template":"","format":"standard","meta":{"spay_email":"","footnotes":""},"categories":[6],"tags":[],"class_list":["post-13329","post","type-post","status-publish","format-standard","hentry","category-la-pluma-ajena"],"jetpack_featured_media_url":"","jetpack_shortlink":"https:\/\/wp.me\/p1FYrr-3sZ","_links":{"self":[{"href":"https:\/\/oscarhumbertogomez.com\/index.php?rest_route=\/wp\/v2\/posts\/13329","targetHints":{"allow":["GET"]}}],"collection":[{"href":"https:\/\/oscarhumbertogomez.com\/index.php?rest_route=\/wp\/v2\/posts"}],"about":[{"href":"https:\/\/oscarhumbertogomez.com\/index.php?rest_route=\/wp\/v2\/types\/post"}],"author":[{"embeddable":true,"href":"https:\/\/oscarhumbertogomez.com\/index.php?rest_route=\/wp\/v2\/users\/2"}],"replies":[{"embeddable":true,"href":"https:\/\/oscarhumbertogomez.com\/index.php?rest_route=%2Fwp%2Fv2%2Fcomments&post=13329"}],"version-history":[{"count":4,"href":"https:\/\/oscarhumbertogomez.com\/index.php?rest_route=\/wp\/v2\/posts\/13329\/revisions"}],"predecessor-version":[{"id":53233,"href":"https:\/\/oscarhumbertogomez.com\/index.php?rest_route=\/wp\/v2\/posts\/13329\/revisions\/53233"}],"wp:attachment":[{"href":"https:\/\/oscarhumbertogomez.com\/index.php?rest_route=%2Fwp%2Fv2%2Fmedia&parent=13329"}],"wp:term":[{"taxonomy":"category","embeddable":true,"href":"https:\/\/oscarhumbertogomez.com\/index.php?rest_route=%2Fwp%2Fv2%2Fcategories&post=13329"},{"taxonomy":"post_tag","embeddable":true,"href":"https:\/\/oscarhumbertogomez.com\/index.php?rest_route=%2Fwp%2Fv2%2Ftags&post=13329"}],"curies":[{"name":"wp","href":"https:\/\/api.w.org\/{rel}","templated":true}]}}