{"id":13372,"date":"2014-08-26T08:18:08","date_gmt":"2014-08-26T13:18:08","guid":{"rendered":"http:\/\/www.oscarhumbertogomez.com\/?p=13372"},"modified":"2025-04-02T22:20:36","modified_gmt":"2025-04-03T03:20:36","slug":"umpala","status":"publish","type":"post","link":"https:\/\/oscarhumbertogomez.com\/?p=13372","title":{"rendered":"UMPAL\u00c1. Por \u00d3scar Humberto G\u00f3mez G\u00f3mez"},"content":{"rendered":"<p><img decoding=\"async\" class=\"aligncenter size-full wp-image-7611\" title=\"OSCAR-HBTO\" src=\"https:\/\/lapiedrafilosofal.com\/wp-content\/uploads\/2013\/03\/OSCAR-HBTO.jpg\" alt=\"\" width=\"500\" height=\"\" srcset=\"https:\/\/oscarhumbertogomez.com\/wp-content\/uploads\/2013\/03\/OSCAR-HBTO.jpg 299w, https:\/\/oscarhumbertogomez.com\/wp-content\/uploads\/2013\/03\/OSCAR-HBTO-200x300.jpg 200w\" sizes=\"(max-width: 299px) 100vw, 299px\" \/><\/p>\n<p>&nbsp;<\/p>\n<p>Nunca volv\u00ed a saber nada del locutor Rafael Longas Zapata, el se\u00f1or que era inquilino de mi mam\u00e1 y de quien lo \u00fanico que recuerdo es que trabajaba como locutor de una emisora que, seg\u00fan yo cre\u00eda, despertaba al mundo salud\u00e1ndolo desde un municipio que yo imaginaba ubicado por all\u00e1 lejos, cerca de las columnas de H\u00e9rcules, pero del cual mucho despu\u00e9s vine a saber que quedaba aqu\u00ed no m\u00e1s, en Santander.<\/p>\n<p>&nbsp;<\/p>\n<p><img loading=\"lazy\" decoding=\"async\" class=\"aligncenter size-full wp-image-13389\" title=\"parque romero II\" src=\"https:\/\/lapiedrafilosofal.com\/wp-content\/uploads\/2014\/08\/parque-romero-II.jpg\" alt=\"\" width=\"1024\" height=\"667\" srcset=\"https:\/\/oscarhumbertogomez.com\/wp-content\/uploads\/2014\/08\/parque-romero-II.jpg 1024w, https:\/\/oscarhumbertogomez.com\/wp-content\/uploads\/2014\/08\/parque-romero-II-300x195.jpg 300w\" sizes=\"auto, (max-width: 1024px) 100vw, 1024px\" \/><\/p>\n<p>&nbsp;<\/p>\n<p>De su hermano Milciades me enter\u00e9, en cambio, que viv\u00eda en Honduras y se hab\u00eda convertido en compositor de canciones melanc\u00f3licas que calaron en el alma popular, como una que le hizo a la sempiterna figura de la madre. Nosotros, incluso, alcanzamos a d\u00e1rsela de serenata a nuestras mam\u00e1s, en aquellos tiempos en que nos par\u00e1bamos frente a las puertas ajenas y ten\u00edamos el descaro de despertar a nuestros infortunados amigos, a nuestras pacientes novias o j\u00f3venes en plan de conquista, a nuestros desconcertados profesores y, por supuesto, a nuestras pobres familias resignadas, cuando ya los infelices favorecidos con el musical asalto nocturno hab\u00edan alcanzado la fase REM del sue\u00f1o.<\/p>\n<p>&nbsp;<\/p>\n<p><img loading=\"lazy\" decoding=\"async\" class=\"aligncenter size-large wp-image-13390\" title=\"LONGAS\" src=\"https:\/\/lapiedrafilosofal.com\/wp-content\/uploads\/2014\/08\/LONGAS-1024x985.png\" alt=\"\" width=\"640\" height=\"615\" srcset=\"https:\/\/oscarhumbertogomez.com\/wp-content\/uploads\/2014\/08\/LONGAS-1024x985.png 1024w, https:\/\/oscarhumbertogomez.com\/wp-content\/uploads\/2014\/08\/LONGAS-300x288.png 300w, https:\/\/oscarhumbertogomez.com\/wp-content\/uploads\/2014\/08\/LONGAS.png 1426w\" sizes=\"auto, (max-width: 640px) 100vw, 640px\" \/><\/p>\n<p>&nbsp;<\/p>\n<p>Hamilton se llamaba el muchacho que cantaba aquel vals enternecido y dulzarr\u00f3n de Longas Zapata, del otro: &#8220;<em>En esta noche de tu fiesta,, madrecita&#8230;vengo a obsequiarte una canci\u00f3n sentimental&#8230;una canci\u00f3n que te diga mi cari\u00f1o&#8230;que llegue hasta tu reja mi eterno amor filial&#8230; Yo s\u00e9 que est\u00e1s despierta, en vela por tus hijos&#8230;mirando en la distancia la infancia que se fue&#8230;a\u00f1orando caricias de ni\u00f1os en la cuna&#8230;con la inmensa ternura de todo tu querer&#8230;La luna que acompa\u00f1a mi dulce serenata&#8230;con sus rayos de plata me acerca m\u00e1s a ti&#8230;y en cada palabrita de esta canci\u00f3n gitana&#8230;me acerco a tu ventana con todo mi sentir&#8221;.&nbsp;<\/em>Y cuando prend\u00edan las luces, y abr\u00edan la puerta, y penetr\u00e1bamos al interior de las casas de nuestras indefensas v\u00edctimas, armados de las guitarras y las maracas, caminando bajo los bombillos trasnochados que alg\u00fan so\u00f1oliento anfitri\u00f3n iba encendiendo a nuestro paso, y mientras comenzaba a desfilar la bandeja con las copas de vino dulce barato, yo volv\u00eda a rememorar a aquel otro Longas Zapata, a Rafael, el inquilino de mi mam\u00e1, quien desde la emisora donde laboraba como locutor ma\u00f1anero, abr\u00eda su programa diario diciendo, con una voz gruesa e impostada, que estaba transmitiendo &#8220;<em>Desde Umpal\u00e1&#8230;<\/em>&#8220;.<\/p>\n<p>Corr\u00edan los a\u00f1os sesenta y yo era un muchacho de diez a\u00f1os de edad en trance de culminar la primaria.<\/p>\n<p>&nbsp;<\/p>\n<p><img loading=\"lazy\" decoding=\"async\" class=\"aligncenter size-full wp-image-13392\" title=\"cabina-antigua\" src=\"https:\/\/lapiedrafilosofal.com\/wp-content\/uploads\/2014\/08\/cabina-antigua.jpg\" alt=\"\" width=\"720\" height=\"481\" srcset=\"https:\/\/oscarhumbertogomez.com\/wp-content\/uploads\/2014\/08\/cabina-antigua.jpg 720w, https:\/\/oscarhumbertogomez.com\/wp-content\/uploads\/2014\/08\/cabina-antigua-300x200.jpg 300w\" sizes=\"auto, (max-width: 720px) 100vw, 720px\" \/><img loading=\"lazy\" decoding=\"async\" class=\"aligncenter size-full wp-image-13391\" title=\"RADIO ANTIGUA\" src=\"https:\/\/lapiedrafilosofal.com\/wp-content\/uploads\/2014\/08\/RADIO-ANTIGUA.jpg\" alt=\"\" width=\"450\" height=\"450\" srcset=\"https:\/\/oscarhumbertogomez.com\/wp-content\/uploads\/2014\/08\/RADIO-ANTIGUA.jpg 450w, https:\/\/oscarhumbertogomez.com\/wp-content\/uploads\/2014\/08\/RADIO-ANTIGUA-150x150.jpg 150w, https:\/\/oscarhumbertogomez.com\/wp-content\/uploads\/2014\/08\/RADIO-ANTIGUA-300x300.jpg 300w\" sizes=\"auto, (max-width: 450px) 100vw, 450px\" \/><\/p>\n<p>&nbsp;<\/p>\n<p>Hoy aquel diminuto y m\u00e1gico municipio de Umpal\u00e1 ya ni siquiera es municipio. El trazado, construcci\u00f3n y apertura de la carretera a la capital de la rep\u00fablica por otro lado distinto, hizo que dejara de ser paso obligado de los viajantes y que, por ello, el progreso que poco a poco empezaba a perfilarse en su porvenir, fuera languideciendo y muriendo sin esperanzas hasta que el otrora pueblo ind\u00edgena, el &#8220;<em>lugar a donde solo llegan los dioses<\/em>&#8220;, seg\u00fan dec\u00edan que significaba aquel vocablo en lengua aborigen, &nbsp;el pueblo con r\u00edo al que tanto dio a conocer Rafael Longas Zapata sentado al frente de un micr\u00f3fono y de unos cuantos discos de acetato, comenz\u00f3 a verse abandonado poco a poco por sus hijos, quienes optaron por buscar mejores horizontes en otra parte, de modo que las campanas que citaban a misa fueron escuchadas cada vez por menos gente, hasta que, al fin, el municipio santandereano de Umpal\u00e1 dej\u00f3 de ser municipio santandereano y pas\u00f3 a adquirir la categor\u00eda de pueblo fantasma.<\/p>\n<p>&nbsp;<\/p>\n<p><img loading=\"lazy\" decoding=\"async\" class=\"aligncenter size-full wp-image-13393\" title=\"UMPAL\u00c1 I\" src=\"https:\/\/lapiedrafilosofal.com\/wp-content\/uploads\/2014\/08\/UMPAL\u00c1-I.jpg\" alt=\"\" width=\"1024\" height=\"768\" srcset=\"https:\/\/oscarhumbertogomez.com\/wp-content\/uploads\/2014\/08\/UMPAL\u00c1-I.jpg 1024w, https:\/\/oscarhumbertogomez.com\/wp-content\/uploads\/2014\/08\/UMPAL\u00c1-I-300x225.jpg 300w\" sizes=\"auto, (max-width: 1024px) 100vw, 1024px\" \/><img loading=\"lazy\" decoding=\"async\" class=\"aligncenter size-full wp-image-13394\" title=\"UMPAL\u00c1 III\" src=\"https:\/\/lapiedrafilosofal.com\/wp-content\/uploads\/2014\/08\/UMPAL\u00c1-III.jpg\" alt=\"\" width=\"640\" height=\"426\" srcset=\"https:\/\/oscarhumbertogomez.com\/wp-content\/uploads\/2014\/08\/UMPAL\u00c1-III.jpg 640w, https:\/\/oscarhumbertogomez.com\/wp-content\/uploads\/2014\/08\/UMPAL\u00c1-III-300x199.jpg 300w\" sizes=\"auto, (max-width: 640px) 100vw, 640px\" \/><img loading=\"lazy\" decoding=\"async\" class=\"aligncenter size-large wp-image-13397\" title=\"UMPAL\u00c1 IV\" src=\"https:\/\/lapiedrafilosofal.com\/wp-content\/uploads\/2014\/08\/UMPAL\u00c1-IV2-1024x768.jpg\" alt=\"\" width=\"640\" height=\"480\" srcset=\"https:\/\/oscarhumbertogomez.com\/wp-content\/uploads\/2014\/08\/UMPAL\u00c1-IV2-1024x768.jpg 1024w, https:\/\/oscarhumbertogomez.com\/wp-content\/uploads\/2014\/08\/UMPAL\u00c1-IV2-300x225.jpg 300w, https:\/\/oscarhumbertogomez.com\/wp-content\/uploads\/2014\/08\/UMPAL\u00c1-IV2.jpg 1600w\" sizes=\"auto, (max-width: 640px) 100vw, 640px\" \/><\/p>\n<p>&nbsp;<\/p>\n<div id=\"attachment_13398\" style=\"width: 510px\" class=\"wp-caption aligncenter\"><img loading=\"lazy\" decoding=\"async\" aria-describedby=\"caption-attachment-13398\" class=\"size-full wp-image-13398\" title=\"UMPAL\u00c1 : Orlando Ardila\" src=\"https:\/\/lapiedrafilosofal.com\/wp-content\/uploads\/2014\/08\/UMPAL\u00c1-Orlando-Ardila.jpg\" alt=\"\" width=\"500\" height=\"1000\"><p id=\"caption-attachment-13398\" class=\"wp-caption-text\">UMPAL\u00c1 \/ Fotograf\u00eda de Orlando Ardila.<\/p><\/div>\n<p>&nbsp;<\/p>\n<div id=\"attachment_13403\" style=\"width: 1010px\" class=\"wp-caption aligncenter\"><img loading=\"lazy\" decoding=\"async\" aria-describedby=\"caption-attachment-13403\" class=\"size-full wp-image-13403\" title=\"UMPAL\u00c1 V\" src=\"https:\/\/lapiedrafilosofal.com\/wp-content\/uploads\/2014\/08\/UMPAL\u00c1-V1.jpg\" alt=\"\" width=\"1000\" height=\"1500\"><p id=\"caption-attachment-13403\" class=\"wp-caption-text\">UMPAL\u00c1 \/ Fotograf\u00eda de Orlando Ardila.<\/p><\/div>\n<p>&nbsp;<\/p>\n<p><img loading=\"lazy\" decoding=\"async\" class=\"aligncenter size-full wp-image-13427\" title=\"UMPAL\u00c1 : R\u00cdO\" src=\"https:\/\/lapiedrafilosofal.com\/wp-content\/uploads\/2014\/08\/UMPAL\u00c1-R\u00cdO.jpg\" alt=\"\" width=\"500\" height=\"375\" srcset=\"https:\/\/oscarhumbertogomez.com\/wp-content\/uploads\/2014\/08\/UMPAL\u00c1-R\u00cdO.jpg 500w, https:\/\/oscarhumbertogomez.com\/wp-content\/uploads\/2014\/08\/UMPAL\u00c1-R\u00cdO-300x225.jpg 300w\" sizes=\"auto, (max-width: 500px) 100vw, 500px\" \/><\/p>\n<p>&nbsp;<\/p>\n<p>Fue as\u00ed como en el a\u00f1o 1976 la Asamblea Departamental de Santander cre\u00f3 el nuevo municipio de Santa B\u00e1rbara, y Umpal\u00e1 pas\u00f3, entonces, a ser corregimiento del municipio de Piedecuesta.<\/p>\n<p>&nbsp;<\/p>\n<div id=\"attachment_13374\" style=\"width: 610px\" class=\"wp-caption aligncenter\"><img loading=\"lazy\" decoding=\"async\" aria-describedby=\"caption-attachment-13374\" class=\"size-full wp-image-13374\" title=\"UMPAL\u00c1\" src=\"https:\/\/lapiedrafilosofal.com\/wp-content\/uploads\/2014\/08\/UMPAL\u00c11.jpg\" alt=\"\" width=\"600\" height=\"400\" srcset=\"https:\/\/oscarhumbertogomez.com\/wp-content\/uploads\/2014\/08\/UMPAL\u00c11.jpg 600w, https:\/\/oscarhumbertogomez.com\/wp-content\/uploads\/2014\/08\/UMPAL\u00c11-300x200.jpg 300w\" sizes=\"auto, (max-width: 600px) 100vw, 600px\" \/><p id=\"caption-attachment-13374\" class=\"wp-caption-text\">UMPAL\u00c1<\/p><\/div>\n<p>&nbsp;<\/p>\n<p>Eduardo Sierra Barreneche en su libro <em>Santander, tierra con pasado, presente y futuro<\/em> retrata lo acaecido en los siguientes t\u00e9rminos: &#8220;Ese replanteamiento administrativo dio lugar a que se acelerara un fen\u00f3meno que no se observa con mucha frecuencia y que tiene que ver con la muerte de un pueblo. En efecto, Umpal\u00e1 fue por m\u00e1s de doscientos a\u00f1os el esplendor de su propia mediod\u00eda como paso obligado entre las provincias de Soto y Garcia Rovira, y entre Bucaramanga y Bogot\u00e1; all\u00ed pernoctaban los arrieros y sus recuas en tropel cargadas de las m\u00e1s dis\u00edmiles mercanc\u00edas y productos; serv\u00eda tambi\u00e9n de posada a los numerosos viajeros de toda condici\u00f3n social y profesional, de tal suerte que era un permanente hervidero de gente y de progreso. Cuando los caminos reales fueron reemplazados por las carreteras, Umpal\u00e1 qued\u00f3 aislada y empez\u00f3 a morirse; luego, al quitarle el t\u00edtulo de municipio, que era la \u00faltima ilusi\u00f3n que le quedaba, se muri\u00f3 definitivamente. Dicen que en las noches de luna se ven, de vez en cuando, los fantasmas recorriendo con nostalgia sus calles solas, la plaza cubierta de maleza y el caracol\u00ed sin hojas; dicen que entran a la iglesia de p\u00falpito en el suelo y van a algunas casas de muros carcomidos, sin puertas ni ventanas&#8221;.<\/p>\n<p>Talvez nos acerque a lo que debieron sentir quienes retornaron alg\u00fan d\u00eda a lo que antes fue el bullicioso pueblo de Umpal\u00e1 y solo se encontraron con los recuerdos de aquellos tiempos y los vestigios de lo que se fue para siempre, uno de los m\u00e1s antol\u00f3gicos pasillos de la m\u00fasica andina colombiana.<\/p>\n<p>&nbsp;<\/p>\n<p><iframe loading=\"lazy\" src=\"\/\/www.youtube.com\/embed\/3Ztj4NJc3xk?rel=0\" width=\"420\" height=\"315\" frameborder=\"0\"><\/iframe><\/p>\n<p>&nbsp;<\/p>\n<p>O acaso sirva para complementar la rememoraci\u00f3n de los tiempos de entonces ahuyentando las aproximaciones de la melancol\u00eda, aquella canci\u00f3n festiva que el malogrado Pedro Jairo Garc\u00e9s compuso y grab\u00f3 con su agrupaci\u00f3n <em>Los Golden Boys,<\/em>&nbsp;rindiendo con ella un simp\u00e1tico homenaje a los hombres que, como Rafael Longas Zapata desde Umpal\u00e1, literalmente se enloquec\u00edan dentro de una cabina de radio, todo por llevarles a sus oyentes, multitudinarios o escasos, un \u00e1pice de alegr\u00eda y de esperanza.<\/p>\n<p>&nbsp;<\/p>\n<p><iframe loading=\"lazy\" width=\"560\" height=\"315\" src=\"https:\/\/www.youtube-nocookie.com\/embed\/3njRBwjeFJw?si=AmTt4PRG4eseUg_y&amp;controls=0\" title=\"YouTube video player\" frameborder=\"0\" allow=\"accelerometer; autoplay; clipboard-write; encrypted-media; gyroscope; picture-in-picture; web-share\" referrerpolicy=\"strict-origin-when-cross-origin\" allowfullscreen=\"\"><\/iframe><\/p>\n<p>&nbsp;<\/p>\n","protected":false},"excerpt":{"rendered":"<p>&nbsp; Nunca volv\u00ed a saber nada del locutor Rafael Longas Zapata, el se\u00f1or que era inquilino de mi mam\u00e1 y de quien lo \u00fanico que recuerdo es que trabajaba como locutor de una emisora que, seg\u00fan yo cre\u00eda, despertaba al &hellip; <a href=\"https:\/\/oscarhumbertogomez.com\/?p=13372\">Sigue leyendo <span class=\"meta-nav\">&rarr;<\/span><\/a><\/p>\n<div class='heateorSssClear'><\/div><div  class='heateor_sss_sharing_container heateor_sss_horizontal_sharing' heateor-sss-data-href='https:\/\/oscarhumbertogomez.com\/?p=13372'><div class='heateor_sss_sharing_title' style=\"font-weight:bold\" >\u00a1Gracias por compartirla!<\/div><ul class=\"heateor_sss_sharing_ul\"><li class=\"heateorSssSharingRound\"><i style=\"width:35px;height:35px;border-radius:999px;\" alt=\"Facebook\" Title=\"Facebook\" class=\"heateorSssSharing heateorSssFacebookBackground\" onclick='heateorSssPopup(\"https:\/\/www.facebook.com\/sharer\/sharer.php?u=https%3A%2F%2Foscarhumbertogomez.com%2Findex.php%3Frest_route%3D%252Fwp%252Fv2%252Fposts%252F13372\")'><ss style=\"display:block;border-radius:999px;\" class=\"heateorSssSharingSvg heateorSssFacebookSvg\"><\/ss><\/i><\/li><li class=\"heateorSssSharingRound\"><i style=\"width:35px;height:35px;border-radius:999px;\" alt=\"Twitter\" Title=\"Twitter\" class=\"heateorSssSharing heateorSssTwitterBackground\" onclick='heateorSssPopup(\"http:\/\/twitter.com\/intent\/tweet?text=UMPAL%C3%81.%20Por%20%C3%93scar%20Humberto%20G%C3%B3mez%20G%C3%B3mez&url=https%3A%2F%2Foscarhumbertogomez.com%2Findex.php%3Frest_route%3D%252Fwp%252Fv2%252Fposts%252F13372\")'><ss style=\"display:block;border-radius:999px;\" class=\"heateorSssSharingSvg heateorSssTwitterSvg\"><\/ss><\/i><\/li><li class=\"heateorSssSharingRound\"><i style=\"width:35px;height:35px;border-radius:999px;\" alt=\"Whatsapp\" Title=\"Whatsapp\" class=\"heateorSssSharing heateorSssWhatsappBackground\" onclick='heateorSssPopup(\"https:\/\/web.whatsapp.com\/send?text=UMPAL%C3%81.%20Por%20%C3%93scar%20Humberto%20G%C3%B3mez%20G%C3%B3mez https%3A%2F%2Foscarhumbertogomez.com%2Findex.php%3Frest_route%3D%252Fwp%252Fv2%252Fposts%252F13372\")'><ss style=\"display:block\" class=\"heateorSssSharingSvg heateorSssWhatsappSvg\"><\/ss><\/i><\/li><li class=\"heateorSssSharingRound\"><i style=\"width:35px;height:35px;border-radius:999px;\" alt=\"Pinterest\" Title=\"Pinterest\" class=\"heateorSssSharing heateorSssPinterestBackground\" onclick=\"javascript:void( (function() {var e=document.createElement('script' );e.setAttribute('type','text\/javascript' );e.setAttribute('charset','UTF-8' );e.setAttribute('src','\/\/assets.pinterest.com\/js\/pinmarklet.js?r='+Math.random()*99999999);document.body.appendChild(e)})());\"><ss style=\"display:block;border-radius:999px;\" class=\"heateorSssSharingSvg heateorSssPinterestSvg\"><\/ss><\/i><\/li><li class=\"heateorSssSharingRound\"><i style=\"width:35px;height:35px;border-radius:999px;\" alt=\"Google Gmail\" Title=\"Google Gmail\" class=\"heateorSssSharing heateorSssGoogleGmailBackground\" onclick='heateorSssPopup(\"https:\/\/mail.google.com\/mail\/?ui=2&view=cm&fs=1&tf=1&su=UMPAL%C3%81.%20Por%20%C3%93scar%20Humberto%20G%C3%B3mez%20G%C3%B3mez&body=Link:https%3A%2F%2Foscarhumbertogomez.com%2Findex.php%3Frest_route%3D%252Fwp%252Fv2%252Fposts%252F13372\")'><ss style=\"display:block;border-radius:999px;\" class=\"heateorSssSharingSvg heateorSssGoogleGmailSvg\"><\/ss><\/i><\/li><li class=\"heateorSssSharingRound\"><i style=\"width:35px;height:35px;border-radius:999px;\" title=\"More\" alt=\"More\" class=\"heateorSssSharing heateorSssMoreBackground\" onclick=\"heateorSssMoreSharingPopup(this, 'https:\/\/oscarhumbertogomez.com\/index.php?rest_route=%2Fwp%2Fv2%2Fposts%2F13372', 'UMPAL%C3%81.%20Por%20%C3%93scar%20Humberto%20G%C3%B3mez%20G%C3%B3mez', '' )\" ><ss style=\"display:block\" class=\"heateorSssSharingSvg heateorSssMoreSvg\"><\/ss><\/i><\/li><\/ul><div class=\"heateorSssClear\"><\/div><\/div><div class='heateorSssClear'><\/div>","protected":false},"author":2,"featured_media":0,"comment_status":"open","ping_status":"open","sticky":false,"template":"","format":"standard","meta":{"spay_email":"","footnotes":""},"categories":[1],"tags":[],"class_list":["post-13372","post","type-post","status-publish","format-standard","hentry","category-blog"],"jetpack_featured_media_url":"","jetpack_shortlink":"https:\/\/wp.me\/s1FYrr-umpala","_links":{"self":[{"href":"https:\/\/oscarhumbertogomez.com\/index.php?rest_route=\/wp\/v2\/posts\/13372","targetHints":{"allow":["GET"]}}],"collection":[{"href":"https:\/\/oscarhumbertogomez.com\/index.php?rest_route=\/wp\/v2\/posts"}],"about":[{"href":"https:\/\/oscarhumbertogomez.com\/index.php?rest_route=\/wp\/v2\/types\/post"}],"author":[{"embeddable":true,"href":"https:\/\/oscarhumbertogomez.com\/index.php?rest_route=\/wp\/v2\/users\/2"}],"replies":[{"embeddable":true,"href":"https:\/\/oscarhumbertogomez.com\/index.php?rest_route=%2Fwp%2Fv2%2Fcomments&post=13372"}],"version-history":[{"count":5,"href":"https:\/\/oscarhumbertogomez.com\/index.php?rest_route=\/wp\/v2\/posts\/13372\/revisions"}],"predecessor-version":[{"id":53473,"href":"https:\/\/oscarhumbertogomez.com\/index.php?rest_route=\/wp\/v2\/posts\/13372\/revisions\/53473"}],"wp:attachment":[{"href":"https:\/\/oscarhumbertogomez.com\/index.php?rest_route=%2Fwp%2Fv2%2Fmedia&parent=13372"}],"wp:term":[{"taxonomy":"category","embeddable":true,"href":"https:\/\/oscarhumbertogomez.com\/index.php?rest_route=%2Fwp%2Fv2%2Fcategories&post=13372"},{"taxonomy":"post_tag","embeddable":true,"href":"https:\/\/oscarhumbertogomez.com\/index.php?rest_route=%2Fwp%2Fv2%2Ftags&post=13372"}],"curies":[{"name":"wp","href":"https:\/\/api.w.org\/{rel}","templated":true}]}}