{"id":13468,"date":"2014-09-04T16:16:17","date_gmt":"2014-09-04T21:16:17","guid":{"rendered":"http:\/\/www.oscarhumbertogomez.com\/?p=13468"},"modified":"2024-09-01T14:03:10","modified_gmt":"2024-09-01T19:03:10","slug":"sabe-usted-por-que-septiembre-se-llama-septiembre-sabe-que-tambien-es-correcto-decir-setiembre-por-oscar-humberto-gomez-gomez","status":"publish","type":"post","link":"https:\/\/oscarhumbertogomez.com\/?p=13468","title":{"rendered":"\u00bfSABE USTED POR QU\u00c9 SEPTIEMBRE SE LLAMA SEPTIEMBRE? Por \u00d3scar Humberto G\u00f3mez G\u00f3mez, Miembro de la Academia de Historia de Santander y Miembro del Colegio Nacional de Periodistas"},"content":{"rendered":"<div id=\"attachment_39863\" style=\"width: 746px\" class=\"wp-caption aligncenter\"><img loading=\"lazy\" decoding=\"async\" aria-describedby=\"caption-attachment-39863\" class=\"size-full wp-image-39863\" src=\"https:\/\/lapiedrafilosofal.com\/wp-content\/uploads\/2019\/09\/Cronos.jpeg\" alt=\"\" width=\"736\" height=\"761\" srcset=\"https:\/\/oscarhumbertogomez.com\/wp-content\/uploads\/2019\/09\/Cronos.jpeg 736w, https:\/\/oscarhumbertogomez.com\/wp-content\/uploads\/2019\/09\/Cronos-290x300.jpeg 290w\" sizes=\"auto, (max-width: 736px) 100vw, 736px\" \/><p id=\"caption-attachment-39863\" class=\"wp-caption-text\">CRONOS, DIOS DEL TIEMPO EN LA MITOLOG\u00cdA GRIEGA<\/p><\/div>\n<p>&nbsp;<\/p>\n<p>Se inician hoy los meses terminados en &#8220;<strong>bre<\/strong>&#8221; (septiem<strong>bre<\/strong>, octu<strong>bre<\/strong>, noviem<strong>bre<\/strong> y diciem<strong>bre<\/strong>) y de esta manera el a\u00f1o 2024 se encamina hacia su finalizaci\u00f3n.<\/p>\n<p>Pero, \u00bfsaben ustedes por qu\u00e9 el mes de septiembre se llama septiembre?<\/p>\n<p>Y por qu\u00e9 el mes de octubre se llama octubre? \u00bfY por qu\u00e9 el mes de noviembre se llama noviembre? \u00bfY por qu\u00e9 el mes de diciembre se llama diciembre?<\/p>\n<p>Es m\u00e1s: \u00bfsaben ustedes por qu\u00e9 el mes de agosto se llama <strong>agosto<\/strong>? \u00bfY por qu\u00e9 el mes de julio se llama <strong>julio<\/strong>?<\/p>\n<p>\u00bfSaben ustedes que los meses de <strong>julio<\/strong> y <strong>agosto<\/strong> no exist\u00edan?<\/p>\n<p>\u00bfY saben ustedes que la Real Academia Espa\u00f1ola de la Lengua acepta que al mes de septiembre se le llame&nbsp;<strong>setiembre<\/strong>?<\/p>\n<p>\u00bfSaben que la denominaci\u00f3n <strong>septiembre<\/strong> no siempre estuvo aprobada por la Real Academia Espa\u00f1ola de la Lengua?<\/p>\n<p>&nbsp;<\/p>\n<div id=\"attachment_26596\" style=\"width: 730px\" class=\"wp-caption alignnone\"><a href=\"https:\/\/lapiedrafilosofal.com\/wp-content\/uploads\/2014\/09\/SEPTIEMBRE.jpg\"><img loading=\"lazy\" decoding=\"async\" aria-describedby=\"caption-attachment-26596\" class=\"size-full wp-image-26596\" src=\"https:\/\/lapiedrafilosofal.com\/wp-content\/uploads\/2014\/09\/SEPTIEMBRE.jpg\" alt=\"\" width=\"720\" height=\"959\" srcset=\"https:\/\/oscarhumbertogomez.com\/wp-content\/uploads\/2014\/09\/SEPTIEMBRE.jpg 720w, https:\/\/oscarhumbertogomez.com\/wp-content\/uploads\/2014\/09\/SEPTIEMBRE-225x300.jpg 225w\" sizes=\"auto, (max-width: 720px) 100vw, 720px\" \/><\/a><p id=\"caption-attachment-26596\" class=\"wp-caption-text\">HOJA DE CALENDARIO CORRESPONDIENTE AL 10 DE SETIEMBRE DE 1938 (Catalu\u00f1a, Espa\u00f1a). La palabra espa\u00f1ola &#8220;s\u00e1bado&#8221; se escribe &#8220;dissabte&#8221; en catal\u00e1n.<\/p><\/div>\n<p>&nbsp;<\/p>\n<p>Pues bien: la raz\u00f3n de todo esto \u2014al igual que la raz\u00f3n de muchas otras cosas\u2014 es de car\u00e1cter <strong>hist\u00f3rico<\/strong>.<\/p>\n<p>En efecto, el calendario primitivo de Roma se divid\u00eda solamente en <strong>10<\/strong> meses y <strong>septiem<\/strong>bre ocupaba el puesto siete o&nbsp;<strong>s\u00e9pti<\/strong>mo,<strong> octu<\/strong>bre<strong>&nbsp;<\/strong>ocupaba el puesto ocho u <strong>octa<\/strong>vo, <strong>noviem<\/strong>bre&nbsp;ocupaba el puesto nueve o <strong>nove<\/strong>no, y <strong>diciem<\/strong>bre ocupaba el puesto diez o <strong>d\u00e9ci<\/strong>mo.<\/p>\n<p>Posteriormente se crearon los meses de <strong>julio<\/strong> y <strong>agosto<\/strong>, como homenaje a dos gobernantes romanos, Julius y Augustus, y entonces el a\u00f1o qued\u00f3 de doce meses.<\/p>\n<p>Empero, los nuevos dos meses fueron intercalados en toda la mitad, por lo cual el mes siete, o s\u00e9timo, o s\u00e9ptimo, que era setiembre o septiembre, qued\u00f3 de noveno; el mes ocho u octavo, que era octubre, qued\u00f3 de d\u00e9cimo; el mes nueve o noveno, que era noviembre, qued\u00f3 de und\u00e9cimo; y el mes diez o d\u00e9cimo, que era diciembre, qued\u00f3 de duod\u00e9cimo.<\/p>\n<p>No obstante, la antigua denominaci\u00f3n de los meses que quedaron corridos, se opt\u00f3 por dejarla igual.&nbsp;Por ello, el mes de septiembre sigui\u00f3 llam\u00e1ndose as\u00ed, a pesar de haber dejado de ser el mes siete, o s\u00e9timo, o s\u00e9ptimo; octubre sigui\u00f3 llam\u00e1ndose as\u00ed, a pesar de haber dejado de ser el mes ocho u octavo; noviembre sigui\u00f3 llam\u00e1ndose as\u00ed, a pesar de haber dejado de ser el mes nueve o noveno; y diciembre sigui\u00f3 llam\u00e1ndose as\u00ed, a pesar de haber dejado de ser el mes diez o d\u00e9cimo.<\/p>\n<p>&nbsp;<\/p>\n<p><a href=\"https:\/\/lapiedrafilosofal.com\/wp-content\/uploads\/2014\/09\/calendario-antiguo.jpg\"><img loading=\"lazy\" decoding=\"async\" class=\"alignnone size-full wp-image-26597\" src=\"https:\/\/lapiedrafilosofal.com\/wp-content\/uploads\/2014\/09\/calendario-antiguo.jpg\" alt=\"\" width=\"720\" height=\"310\" srcset=\"https:\/\/oscarhumbertogomez.com\/wp-content\/uploads\/2014\/09\/calendario-antiguo.jpg 720w, https:\/\/oscarhumbertogomez.com\/wp-content\/uploads\/2014\/09\/calendario-antiguo-300x129.jpg 300w\" sizes=\"auto, (max-width: 720px) 100vw, 720px\" \/><\/a><\/p>\n<p>&nbsp;<\/p>\n<p>Para sostener la anterior explicaci\u00f3n se parte de la base de que el a\u00f1o comenzaba, igual que hoy en d\u00eda, con el mes de enero.<\/p>\n<p>As\u00ed las cosas, enero era el mes 1, febrero el mes 2, marzo el mes 3, abril el mes 4, mayo el mes 5, junio el mes 6, setiembre el mes 7, octubre el mes 8, noviembre el mes 9 y diciembre el mes 10.<\/p>\n<p>Los nuevos meses de julio y agosto fueron intercalados entre los meses de junio (mes 6) y setiembre (mes 7).<\/p>\n<p>&nbsp;<\/p>\n<p><a href=\"https:\/\/lapiedrafilosofal.com\/wp-content\/uploads\/2014\/09\/ALMANAQUE-BAYER-1937.jpg\"><img loading=\"lazy\" decoding=\"async\" class=\"alignnone size-full wp-image-26598\" src=\"https:\/\/lapiedrafilosofal.com\/wp-content\/uploads\/2014\/09\/ALMANAQUE-BAYER-1937.jpg\" alt=\"\" width=\"1200\" height=\"900\" srcset=\"https:\/\/oscarhumbertogomez.com\/wp-content\/uploads\/2014\/09\/ALMANAQUE-BAYER-1937.jpg 1200w, https:\/\/oscarhumbertogomez.com\/wp-content\/uploads\/2014\/09\/ALMANAQUE-BAYER-1937-300x225.jpg 300w, https:\/\/oscarhumbertogomez.com\/wp-content\/uploads\/2014\/09\/ALMANAQUE-BAYER-1937-768x576.jpg 768w, https:\/\/oscarhumbertogomez.com\/wp-content\/uploads\/2014\/09\/ALMANAQUE-BAYER-1937-1024x768.jpg 1024w\" sizes=\"auto, (max-width: 1200px) 100vw, 1200px\" \/><\/a><\/p>\n<p>&nbsp;<\/p>\n<p>Seg\u00fan otras fuentes, en cambio, <strong>el a\u00f1o no empezaba en enero<\/strong> y, por ello, la raz\u00f3n por la cual setiembre era el mes 7 del a\u00f1o era otra.<\/p>\n<p>De acuerdo con estas fuentes, el a\u00f1o romano comenzaba a partir de <strong>marzo <\/strong>(<em>martius<\/em>), mes dedicado a Marte, dios de la guerra y de la agricultura, y terminaba en <strong>diciembre <\/strong><em>(december)<\/em>, que era, obviamente, el mes diez o d\u00e9cimo. La \u00e9poca que hoy corresponde a enero y febrero <strong>no se contaba<\/strong> por ser improductiva debido al invierno.<\/p>\n<p>Los meses eran, entonces: marzo, abril, mayo, junio, julio, agosto, <strong>septiembre<\/strong>, octubre, noviembre y diciembre.<\/p>\n<p>&nbsp;<\/p>\n<p><a href=\"https:\/\/lapiedrafilosofal.com\/wp-content\/uploads\/2014\/09\/ALMANAQUE-ENERO-.jpg\"><img loading=\"lazy\" decoding=\"async\" class=\"alignnone size-full wp-image-26599\" src=\"https:\/\/lapiedrafilosofal.com\/wp-content\/uploads\/2014\/09\/ALMANAQUE-ENERO-.jpg\" alt=\"\" width=\"1200\" height=\"875\" srcset=\"https:\/\/oscarhumbertogomez.com\/wp-content\/uploads\/2014\/09\/ALMANAQUE-ENERO-.jpg 1200w, https:\/\/oscarhumbertogomez.com\/wp-content\/uploads\/2014\/09\/ALMANAQUE-ENERO--300x219.jpg 300w, https:\/\/oscarhumbertogomez.com\/wp-content\/uploads\/2014\/09\/ALMANAQUE-ENERO--768x560.jpg 768w, https:\/\/oscarhumbertogomez.com\/wp-content\/uploads\/2014\/09\/ALMANAQUE-ENERO--1024x747.jpg 1024w\" sizes=\"auto, (max-width: 1200px) 100vw, 1200px\" \/><\/a><\/p>\n<p>&nbsp;<\/p>\n<p>En cambio, fuentes como el <em>Breve diccionario etimol\u00f3gico de la lengua castellana<\/em> de Joan Corominas insisten en que los 10 meses iban de enero a diciembre y que despu\u00e9s se introdujeron julio y agosto. Los meses, entonces, eran: enero, febrero, marzo, abril, mayo, junio, <strong>septiembre<\/strong>, octubre, noviembre y diciembre.<\/p>\n<p>&nbsp;<\/p>\n<p><a href=\"https:\/\/lapiedrafilosofal.com\/wp-content\/uploads\/2014\/09\/JULIO-1972.jpg\"><img loading=\"lazy\" decoding=\"async\" class=\"alignnone size-full wp-image-26600\" src=\"https:\/\/lapiedrafilosofal.com\/wp-content\/uploads\/2014\/09\/JULIO-1972.jpg\" alt=\"\" width=\"720\" height=\"540\" srcset=\"https:\/\/oscarhumbertogomez.com\/wp-content\/uploads\/2014\/09\/JULIO-1972.jpg 720w, https:\/\/oscarhumbertogomez.com\/wp-content\/uploads\/2014\/09\/JULIO-1972-300x225.jpg 300w\" sizes=\"auto, (max-width: 720px) 100vw, 720px\" \/><\/a><\/p>\n<p>&nbsp;<\/p>\n<p>Seg\u00fan las fuentes que sostienen que el a\u00f1o comenzaba en marzo, fue Numa Pompilio, segundo rey de Roma (715-672 a. de C.), quien adapt\u00f3 el calendario romano al a\u00f1o solar y le agreg\u00f3 los meses de <strong>enero<\/strong> y <strong>febrero<\/strong>.<\/p>\n<p>Otras fuentes, por el contrario, indican que eso no fue obra de Numa Pompilio, sino resultado de una evoluci\u00f3n hist\u00f3rica m\u00e1s compleja.<\/p>\n<p>&nbsp;<\/p>\n<div id=\"attachment_13530\" style=\"width: 810px\" class=\"wp-caption aligncenter\"><img loading=\"lazy\" decoding=\"async\" aria-describedby=\"caption-attachment-13530\" class=\"size-full wp-image-13530\" title=\"NUMA POMPILIO\" src=\"https:\/\/lapiedrafilosofal.com\/wp-content\/uploads\/2014\/09\/NUMA-POMPILIO1.jpg\" alt=\"\" width=\"800\" height=\"1202\" srcset=\"https:\/\/oscarhumbertogomez.com\/wp-content\/uploads\/2014\/09\/NUMA-POMPILIO1.jpg 800w, https:\/\/oscarhumbertogomez.com\/wp-content\/uploads\/2014\/09\/NUMA-POMPILIO1-199x300.jpg 199w, https:\/\/oscarhumbertogomez.com\/wp-content\/uploads\/2014\/09\/NUMA-POMPILIO1-681x1024.jpg 681w\" sizes=\"auto, (max-width: 800px) 100vw, 800px\" \/><p id=\"caption-attachment-13530\" class=\"wp-caption-text\">LA NINFA EGERIA DICTANDO A NUMA POMPILIO LAS LEYES DE ROMA \/ Ulpiano Checa<\/p><\/div>\n<p>&nbsp;<\/p>\n<p>En cuanto al origen de los nombres de los actuales doce meses del a\u00f1o, tenemos lo siguiente:<\/p>\n<p><strong>Enero (Jano):<\/strong> A\u00f1adido, seg\u00fan la mayor\u00eda de las fuentes, por Numa Pompilio al calendario original. Su nombre antiguo era <em>Ianuro (<\/em>o<em> Januro)<\/em>, en honor al dios <em>Iano (<\/em>o<em> &nbsp;Jano)<\/em>, el dios de las dos cabezas, protector de las puertas de entrada y de salida.<\/p>\n<p>&nbsp;<\/p>\n<div id=\"attachment_13529\" style=\"width: 510px\" class=\"wp-caption aligncenter\"><img loading=\"lazy\" decoding=\"async\" aria-describedby=\"caption-attachment-13529\" class=\"size-full wp-image-13529\" title=\"jano 2\" src=\"https:\/\/lapiedrafilosofal.com\/wp-content\/uploads\/2014\/09\/jano-2.jpg\" alt=\"\" width=\"500\" height=\"439\" srcset=\"https:\/\/oscarhumbertogomez.com\/wp-content\/uploads\/2014\/09\/jano-2.jpg 500w, https:\/\/oscarhumbertogomez.com\/wp-content\/uploads\/2014\/09\/jano-2-300x263.jpg 300w\" sizes=\"auto, (max-width: 500px) 100vw, 500px\" \/><p id=\"caption-attachment-13529\" class=\"wp-caption-text\">JANO \/ Museo Vaticano<\/p><\/div>\n<p>&nbsp;<\/p>\n<p><strong>Febrero (Februa):<\/strong> Tambi\u00e9n incorporado al calendario romano, de acuerdo con la versi\u00f3n m\u00e1s aceptada, por Numa Pompilio. Fue dedicado a Plut\u00f3n \u2014dios del infierno, llamado igualmente <em>Februo<\/em>\u2014 para que aquella terrible divinidad aplacara sus iras.<\/p>\n<p>&nbsp;<\/p>\n<div id=\"attachment_13492\" style=\"width: 650px\" class=\"wp-caption aligncenter\"><img loading=\"lazy\" decoding=\"async\" aria-describedby=\"caption-attachment-13492\" class=\"size-large wp-image-13492\" title=\"Plut\u00f3n\" src=\"https:\/\/lapiedrafilosofal.com\/wp-content\/uploads\/2014\/09\/Plut\u00f3n-787x1024.jpg\" alt=\"\" width=\"640\" height=\"832\" srcset=\"https:\/\/oscarhumbertogomez.com\/wp-content\/uploads\/2014\/09\/Plut\u00f3n-787x1024.jpg 787w, https:\/\/oscarhumbertogomez.com\/wp-content\/uploads\/2014\/09\/Plut\u00f3n-230x300.jpg 230w, https:\/\/oscarhumbertogomez.com\/wp-content\/uploads\/2014\/09\/Plut\u00f3n.jpg 1024w\" sizes=\"auto, (max-width: 640px) 100vw, 640px\" \/><p id=\"caption-attachment-13492\" class=\"wp-caption-text\">PLUT\u00d3N o FEBRUO, dios del Infierno \/ Museo Nacional Romano<\/p><\/div>\n<p>&nbsp;<\/p>\n<p><strong>Marzo (Martius):&nbsp;<\/strong>Como en este mes se daba comienzo a las campa\u00f1as b\u00e9licas romanas, estaba dedicado a Marte, dios de la guerra. Hay que tener en cuenta que como en aquella \u00e9poca y en dicho pueblo antiguo los agricultores eran a la vez guerreros, Marte era, igualmente, el dios de la agricultura. Otras fuentes se\u00f1alan que en este mes iniciaba el a\u00f1o antes de que Numa Pompilio introdujera los meses de enero y febrero, que anteriormente no se ten\u00edan en cuenta.<\/p>\n<p>&nbsp;<\/p>\n<div id=\"attachment_13493\" style=\"width: 650px\" class=\"wp-caption aligncenter\"><img loading=\"lazy\" decoding=\"async\" aria-describedby=\"caption-attachment-13493\" class=\"size-large wp-image-13493\" title=\"Marte\" src=\"https:\/\/lapiedrafilosofal.com\/wp-content\/uploads\/2014\/09\/Marte--643x1024.jpg\" alt=\"\" width=\"640\" height=\"1019\" srcset=\"https:\/\/oscarhumbertogomez.com\/wp-content\/uploads\/2014\/09\/Marte--643x1024.jpg 643w, https:\/\/oscarhumbertogomez.com\/wp-content\/uploads\/2014\/09\/Marte--188x300.jpg 188w, https:\/\/oscarhumbertogomez.com\/wp-content\/uploads\/2014\/09\/Marte-.jpg 800w\" sizes=\"auto, (max-width: 640px) 100vw, 640px\" \/><p id=\"caption-attachment-13493\" class=\"wp-caption-text\">MARTE \/ Monumento La Puerta de Par\u00eds \/ Lille (Norte de Francia)<\/p><\/div>\n<p>&nbsp;<\/p>\n<p><strong>Abril (Aprilis) :&nbsp;<\/strong>Seg\u00fan unos, proviene de &#8220;Aprilis&#8221; (palabra que termina relacionando el nombre del mes con la diosa griega Afrodita, equivalente a la diosa romana Venus); seg\u00fan otros, deriva de &#8220;aperire&#8221; (verbo latino que significa &#8220;abrir&#8221;). El nombre del mes se referir\u00eda, entonces, al hecho de abrirse las flores en esta \u00e9poca del a\u00f1o. De acuerdo con algunos, &#8220;Afril&#8221; (con &#8220;f&#8221;) procede del t\u00e9rmino griego &#8220;afros&#8221;, que quiere decir &#8220;espuma&#8221;. El mes estar\u00eda, entonces, dedicado a Venus, diosa surgida de entre la espuma. En todo caso, abril estaba dedicado a la fertilidad.<\/p>\n<p>&nbsp;<\/p>\n<div id=\"attachment_13494\" style=\"width: 650px\" class=\"wp-caption aligncenter\"><img loading=\"lazy\" decoding=\"async\" aria-describedby=\"caption-attachment-13494\" class=\"size-full wp-image-13494\" title=\"HIBISCUS ABRI\u00c9NDOSE\" src=\"https:\/\/lapiedrafilosofal.com\/wp-content\/uploads\/2014\/09\/HIBISCUS-ABRI\u00c9NDOSE.jpg\" alt=\"\" width=\"640\" height=\"480\" srcset=\"https:\/\/oscarhumbertogomez.com\/wp-content\/uploads\/2014\/09\/HIBISCUS-ABRI\u00c9NDOSE.jpg 640w, https:\/\/oscarhumbertogomez.com\/wp-content\/uploads\/2014\/09\/HIBISCUS-ABRI\u00c9NDOSE-300x225.jpg 300w\" sizes=\"auto, (max-width: 640px) 100vw, 640px\" \/><p id=\"caption-attachment-13494\" class=\"wp-caption-text\">HIBISCUS ABRI\u00c9NDOSE<\/p><\/div>\n<p>&nbsp;<\/p>\n<div id=\"attachment_13520\" style=\"width: 460px\" class=\"wp-caption aligncenter\"><img loading=\"lazy\" decoding=\"async\" aria-describedby=\"caption-attachment-13520\" class=\"size-full wp-image-13520\" title=\"AFRODITA\" src=\"https:\/\/lapiedrafilosofal.com\/wp-content\/uploads\/2014\/09\/AFRODITA1.jpg\" alt=\"\" width=\"450\" height=\"1146\" srcset=\"https:\/\/oscarhumbertogomez.com\/wp-content\/uploads\/2014\/09\/AFRODITA1.jpg 450w, https:\/\/oscarhumbertogomez.com\/wp-content\/uploads\/2014\/09\/AFRODITA1-402x1024.jpg 402w\" sizes=\"auto, (max-width: 450px) 100vw, 450px\" \/><p id=\"caption-attachment-13520\" class=\"wp-caption-text\">EL NACIMIENTO DE VENUS \/ William Adolphe Bouguereau<\/p><\/div>\n<p>&nbsp;<\/p>\n<p><strong>Mayo (Maius):&nbsp;<\/strong>Acerca del origen del nombre de este mes, hay dos hip\u00f3tesis: una, la de que su nombre deriva de la palabra <em>&#8220;majorum&#8221;<\/em>, que quiere decir &#8220;mayores&#8221;. Seg\u00fan esta posici\u00f3n, mayo estaba dedicado a la ancianidad. Los ancianos eran los protectores del pueblo. De acuerdo con la otra postura, su nombre fue una exaltaci\u00f3n a la diosa Maya, esposa de Vulcano, dios del fuego e hijo de J\u00fapiter.<\/p>\n<p>&nbsp;<\/p>\n<div id=\"attachment_13551\" style=\"width: 3018px\" class=\"wp-caption aligncenter\"><img loading=\"lazy\" decoding=\"async\" aria-describedby=\"caption-attachment-13551\" class=\"size-full wp-image-13551\" title=\"CICER\u00d3N ACUSA A CATILINA ANTE EL SENADO.\" src=\"https:\/\/lapiedrafilosofal.com\/wp-content\/uploads\/2014\/09\/CICER\u00d3N-ACUSA-A-CATILINA-ANTE-EL-SENADO.2.jpg\" alt=\"\" width=\"3008\" height=\"2000\" srcset=\"https:\/\/oscarhumbertogomez.com\/wp-content\/uploads\/2014\/09\/CICER\u00d3N-ACUSA-A-CATILINA-ANTE-EL-SENADO.2.jpg 3008w, https:\/\/oscarhumbertogomez.com\/wp-content\/uploads\/2014\/09\/CICER\u00d3N-ACUSA-A-CATILINA-ANTE-EL-SENADO.2-300x199.jpg 300w, https:\/\/oscarhumbertogomez.com\/wp-content\/uploads\/2014\/09\/CICER\u00d3N-ACUSA-A-CATILINA-ANTE-EL-SENADO.2-1024x680.jpg 1024w\" sizes=\"auto, (max-width: 3008px) 100vw, 3008px\" \/><p id=\"caption-attachment-13551\" class=\"wp-caption-text\">CICER\u00d3N DENUNCIANDO A CATILINA \/ Cesare Maccari [En el sentir de algunos, el Senado Romano era un verdadero consejo de ancianos]<\/p><\/div>\n<p>&nbsp;<\/p>\n<div id=\"attachment_13522\" style=\"width: 621px\" class=\"wp-caption aligncenter\"><img loading=\"lazy\" decoding=\"async\" aria-describedby=\"caption-attachment-13522\" class=\"size-full wp-image-13522\" title=\"VULCANO Y MAYA\" src=\"https:\/\/lapiedrafilosofal.com\/wp-content\/uploads\/2014\/09\/VULCANO-Y-MAYA1.jpg\" alt=\"\" width=\"611\" height=\"800\" srcset=\"https:\/\/oscarhumbertogomez.com\/wp-content\/uploads\/2014\/09\/VULCANO-Y-MAYA1.jpg 611w, https:\/\/oscarhumbertogomez.com\/wp-content\/uploads\/2014\/09\/VULCANO-Y-MAYA1-229x300.jpg 229w\" sizes=\"auto, (max-width: 611px) 100vw, 611px\" \/><p id=\"caption-attachment-13522\" class=\"wp-caption-text\">VULCANO Y MAYA \/ Bartholomeus Spranger<\/p><\/div>\n<p>&nbsp;<\/p>\n<p><strong>Junio (Iunius <\/strong>o<strong> Junius):&nbsp;<\/strong>Seg\u00fan unos, el nombre del mes proviene de Juno, esposa de J\u00fapiter y diosa del amor y el matrimonio. Seg\u00fan otros, el nombre de este mes fue un homenaje a la juventud, pues proviene del vocablo latino &#8220;junior&#8221;.<\/p>\n<p>&nbsp;<\/p>\n<div id=\"attachment_13496\" style=\"width: 645px\" class=\"wp-caption aligncenter\"><img loading=\"lazy\" decoding=\"async\" aria-describedby=\"caption-attachment-13496\" class=\"size-full wp-image-13496\" title=\"JUNO\" src=\"https:\/\/lapiedrafilosofal.com\/wp-content\/uploads\/2014\/09\/JUNO-.jpg\" alt=\"\" width=\"635\" height=\"883\" srcset=\"https:\/\/oscarhumbertogomez.com\/wp-content\/uploads\/2014\/09\/JUNO-.jpg 635w, https:\/\/oscarhumbertogomez.com\/wp-content\/uploads\/2014\/09\/JUNO--215x300.jpg 215w\" sizes=\"auto, (max-width: 635px) 100vw, 635px\" \/><p id=\"caption-attachment-13496\" class=\"wp-caption-text\">JUNO \/ Museo Vaticano<\/p><\/div>\n<p>&nbsp;<\/p>\n<p><strong>Julio (Iulius <\/strong>o<strong> Julius):&nbsp;<\/strong>Este mes fue denominado as\u00ed en homenaje al gobernante Julio C\u00e9sar. Unas fuentes afirman que antes se llamaba &#8220;Quintilis&#8221;, quinto mes del a\u00f1o.<\/p>\n<p>De acuerdo con unas fuentes, fue ah\u00ed cuando empez\u00f3 a quedar atr\u00e1s el a\u00f1o de 10 meses.<\/p>\n<p>Es claro, sin embargo, que si el mes se llamaba &#8220;Quintilis&#8221;, el a\u00f1o iniciaba realmente en marzo.<\/p>\n<p>&nbsp;<\/p>\n<div id=\"attachment_13497\" style=\"width: 572px\" class=\"wp-caption aligncenter\"><img loading=\"lazy\" decoding=\"async\" aria-describedby=\"caption-attachment-13497\" class=\"size-large wp-image-13497\" title=\"Julius_Caesar_Coustou_Louvre_MR1798\" src=\"https:\/\/lapiedrafilosofal.com\/wp-content\/uploads\/2014\/09\/Julius_Caesar_Coustou_Louvre_MR1798-562x1024.jpg\" alt=\"\" width=\"562\" height=\"1024\" srcset=\"https:\/\/oscarhumbertogomez.com\/wp-content\/uploads\/2014\/09\/Julius_Caesar_Coustou_Louvre_MR1798-562x1024.jpg 562w, https:\/\/oscarhumbertogomez.com\/wp-content\/uploads\/2014\/09\/Julius_Caesar_Coustou_Louvre_MR1798-164x300.jpg 164w, https:\/\/oscarhumbertogomez.com\/wp-content\/uploads\/2014\/09\/Julius_Caesar_Coustou_Louvre_MR1798.jpg 640w\" sizes=\"auto, (max-width: 562px) 100vw, 562px\" \/><p id=\"caption-attachment-13497\" class=\"wp-caption-text\">JULIO C\u00c9SAR \/ Nicol\u00e1s Coustou \/ Museo del Louvre<\/p><\/div>\n<p>&nbsp;<\/p>\n<p><strong>Agosto (Augustus):<\/strong> Dedicado a otro gobernante, Augusto.&nbsp; Antes \u2014seg\u00fan unas fuentes\u2014 se llamaba &#8220;Sextilis&#8221;, sexto mes del a\u00f1o.<\/p>\n<p>Seg\u00fan algunas fuentes, la introducci\u00f3n de este nuevo mes, adem\u00e1s del de julio, hizo que el a\u00f1o dejara de ser de 10 meses.<\/p>\n<p>Hacemos la misma observaci\u00f3n anterior: si el mes se llamaba &#8220;Sextilis&#8221;, entonces realmente el a\u00f1o principiaba en marzo.<\/p>\n<p>&nbsp;<\/p>\n<div id=\"attachment_13498\" style=\"width: 650px\" class=\"wp-caption aligncenter\"><img loading=\"lazy\" decoding=\"async\" aria-describedby=\"caption-attachment-13498\" class=\"size-large wp-image-13498\" title=\"AUGUSTO\" src=\"https:\/\/lapiedrafilosofal.com\/wp-content\/uploads\/2014\/09\/AUGUSTO-682x1024.jpg\" alt=\"\" width=\"640\" height=\"960\" srcset=\"https:\/\/oscarhumbertogomez.com\/wp-content\/uploads\/2014\/09\/AUGUSTO-682x1024.jpg 682w, https:\/\/oscarhumbertogomez.com\/wp-content\/uploads\/2014\/09\/AUGUSTO-200x300.jpg 200w, https:\/\/oscarhumbertogomez.com\/wp-content\/uploads\/2014\/09\/AUGUSTO.jpg 800w\" sizes=\"auto, (max-width: 640px) 100vw, 640px\" \/><p id=\"caption-attachment-13498\" class=\"wp-caption-text\">AUGUSTO \/ Escultor desconocido \/ Museo Chiaramonti \/ Ciudad del Vaticano<\/p><\/div>\n<p>&nbsp;<\/p>\n<p>En lo que no hay controversia, es en que a partir de ah\u00ed los meses se denominaban por su posici\u00f3n num\u00e9rica. Como se observa, los cuatro meses finales mantienen la denominaci\u00f3n original que tuvieron en Roma seg\u00fan el puesto que ocupaban dentro de los 10 meses del a\u00f1o.<\/p>\n<p><strong>Septiembre (September). <\/strong>O tambi\u00e9n<strong> setiembre:<\/strong> En lat\u00edn &#8220;siete&#8221; es &#8220;septem&#8221;. Por eso, el s\u00e9ptimo mes del a\u00f1o (de 10) se llamaba september (septiembre). Y como el ordinal &#8220;s\u00e9ptimo&#8221; corresponde en espa\u00f1ol al cardinal &#8220;siete&#8221; (sin la letra &#8220;p&#8221;), tambi\u00e9n se le llam\u00f3 siempre &#8220;setiembre&#8221;, o sea, el mes siete. Por tal raz\u00f3n, la Real Academia Espa\u00f1ola (RAE) acepta que el ordinal de siete sea &#8220;s\u00e9timo&#8221;. De hecho, en el idioma espa\u00f1ol la palabra &#8220;septiembre&#8221;, con &#8220;p&#8221; solamente se acept\u00f3 a partir de 1739.<\/p>\n<p><strong>Octubre (October):<\/strong> Octavo mes del a\u00f1o de diez meses. En lat\u00edn, &#8220;octavo&#8221; es &#8220;october&#8221;.<\/p>\n<p><strong>Noviembre (November):<\/strong> &#8220;November&#8221; (noviembre) era el mes noveno o nueve del a\u00f1o.<\/p>\n<p><strong>Diciembre (December):&nbsp;<\/strong>En el puesto d\u00e9cimo o diez del a\u00f1o \u2014el \u00faltimo\u2014 estaba december (diciembre), nombre que mantuvo a pesar de que el a\u00f1o pas\u00f3 a tener 12 meses.<\/p>\n<p>&nbsp;<\/p>\n<div id=\"attachment_13515\" style=\"width: 550px\" class=\"wp-caption aligncenter\"><img loading=\"lazy\" decoding=\"async\" aria-describedby=\"caption-attachment-13515\" class=\"size-full wp-image-13515\" title=\"jesus\" src=\"https:\/\/lapiedrafilosofal.com\/wp-content\/uploads\/2014\/09\/jesus.jpg\" alt=\"\" width=\"540\" height=\"540\" srcset=\"https:\/\/oscarhumbertogomez.com\/wp-content\/uploads\/2014\/09\/jesus.jpg 540w, https:\/\/oscarhumbertogomez.com\/wp-content\/uploads\/2014\/09\/jesus-150x150.jpg 150w, https:\/\/oscarhumbertogomez.com\/wp-content\/uploads\/2014\/09\/jesus-300x300.jpg 300w\" sizes=\"auto, (max-width: 540px) 100vw, 540px\" \/><p id=\"caption-attachment-13515\" class=\"wp-caption-text\">A PARTIR DE NUESTRA ERA, EL MES DE DICIEMBRE QUED\u00d3 ASOCIADO AL NACIMIENTO DEL PRECLARO FUNDADOR DE LA CRISTIANDAD.&nbsp; \/\/ EL ACTOR INGL\u00c9S ROBERT POWELL EN LA MAGN\u00cdFICA PEL\u00cdCULA &#8220;JES\u00daS DE NAZARET&#8221;, DIRIGIDA POR FRANCO ZEFFIRELLI, ORIGINALMENTE UN SERIADO DE LA TELEVISI\u00d3N ANGLOITALIANA<\/p><\/div>\n<p>&nbsp;<\/p>\n<p>\u00a1Bienvenidos, pues, amigas y amigos, al primero de los meses terminados en &#8220;bre&#8221; y, con \u00e9l, al comienzo del fin de a\u00f1o!<\/p>\n<p>Ah: y no les d\u00e9 pena decir &#8220;s\u00e9timo&#8221; o &#8220;setiembre&#8221;. Son expresiones tan correctas como &#8220;s\u00e9ptimo&#8221; o &#8220;septiembre&#8221;.<\/p>\n<p>De hecho, en m\u00faltiples obras de Derecho y de otras \u00e1reas del conocimiento, al igual que en libros de literatura y otras disciplinas, se lee &#8220;S\u00e9tima edici\u00f3n&#8221;.<\/p>\n<p>Y de hecho tambi\u00e9n, en pa\u00edses como Uruguay, Paraguay, Per\u00fa y Costa Rica al mes que hoy comienza se le llama &#8220;setiembre&#8221;.<\/p>\n<p>Un fraternal abrazo.<\/p>\n<p>\u00a1Y feliz setiembre!<\/p>\n<p>&nbsp;<\/p>\n","protected":false},"excerpt":{"rendered":"<p>&nbsp; Se inician hoy los meses terminados en &#8220;bre&#8221; (septiembre, octubre, noviembre y diciembre) y de esta manera el a\u00f1o 2024 se encamina hacia su finalizaci\u00f3n. Pero, \u00bfsaben ustedes por qu\u00e9 el mes de septiembre se llama septiembre? Y por &hellip; <a href=\"https:\/\/oscarhumbertogomez.com\/?p=13468\">Sigue leyendo <span class=\"meta-nav\">&rarr;<\/span><\/a><\/p>\n<div class='heateorSssClear'><\/div><div  class='heateor_sss_sharing_container heateor_sss_horizontal_sharing' heateor-sss-data-href='https:\/\/oscarhumbertogomez.com\/?p=13468'><div class='heateor_sss_sharing_title' style=\"font-weight:bold\" >\u00a1Gracias por compartirla!<\/div><ul class=\"heateor_sss_sharing_ul\"><li class=\"heateorSssSharingRound\"><i style=\"width:35px;height:35px;border-radius:999px;\" alt=\"Facebook\" Title=\"Facebook\" class=\"heateorSssSharing heateorSssFacebookBackground\" onclick='heateorSssPopup(\"https:\/\/www.facebook.com\/sharer\/sharer.php?u=https%3A%2F%2Foscarhumbertogomez.com%2Findex.php%3Frest_route%3D%252Fwp%252Fv2%252Fposts%252F13468\")'><ss style=\"display:block;border-radius:999px;\" class=\"heateorSssSharingSvg heateorSssFacebookSvg\"><\/ss><\/i><\/li><li class=\"heateorSssSharingRound\"><i style=\"width:35px;height:35px;border-radius:999px;\" alt=\"Twitter\" Title=\"Twitter\" class=\"heateorSssSharing heateorSssTwitterBackground\" onclick='heateorSssPopup(\"http:\/\/twitter.com\/intent\/tweet?text=%C2%BFSABE%20USTED%20POR%20QU%C3%89%20SEPTIEMBRE%20SE%20LLAMA%20SEPTIEMBRE%3F%20Por%20%C3%93scar%20Humberto%20G%C3%B3mez%20G%C3%B3mez%2C%20Miembro%20de%20la%20Academia%20de%20Historia%20de%20Santander%20y%20Miembro%20del%20Colegio%20Nacional%20de%20Periodistas&url=https%3A%2F%2Foscarhumbertogomez.com%2Findex.php%3Frest_route%3D%252Fwp%252Fv2%252Fposts%252F13468\")'><ss style=\"display:block;border-radius:999px;\" class=\"heateorSssSharingSvg heateorSssTwitterSvg\"><\/ss><\/i><\/li><li class=\"heateorSssSharingRound\"><i style=\"width:35px;height:35px;border-radius:999px;\" alt=\"Whatsapp\" Title=\"Whatsapp\" class=\"heateorSssSharing heateorSssWhatsappBackground\" onclick='heateorSssPopup(\"https:\/\/web.whatsapp.com\/send?text=%C2%BFSABE%20USTED%20POR%20QU%C3%89%20SEPTIEMBRE%20SE%20LLAMA%20SEPTIEMBRE%3F%20Por%20%C3%93scar%20Humberto%20G%C3%B3mez%20G%C3%B3mez%2C%20Miembro%20de%20la%20Academia%20de%20Historia%20de%20Santander%20y%20Miembro%20del%20Colegio%20Nacional%20de%20Periodistas https%3A%2F%2Foscarhumbertogomez.com%2Findex.php%3Frest_route%3D%252Fwp%252Fv2%252Fposts%252F13468\")'><ss style=\"display:block\" class=\"heateorSssSharingSvg heateorSssWhatsappSvg\"><\/ss><\/i><\/li><li class=\"heateorSssSharingRound\"><i style=\"width:35px;height:35px;border-radius:999px;\" alt=\"Pinterest\" Title=\"Pinterest\" class=\"heateorSssSharing heateorSssPinterestBackground\" onclick=\"javascript:void( (function() {var e=document.createElement('script' );e.setAttribute('type','text\/javascript' );e.setAttribute('charset','UTF-8' );e.setAttribute('src','\/\/assets.pinterest.com\/js\/pinmarklet.js?r='+Math.random()*99999999);document.body.appendChild(e)})());\"><ss style=\"display:block;border-radius:999px;\" class=\"heateorSssSharingSvg heateorSssPinterestSvg\"><\/ss><\/i><\/li><li class=\"heateorSssSharingRound\"><i style=\"width:35px;height:35px;border-radius:999px;\" alt=\"Google Gmail\" Title=\"Google Gmail\" class=\"heateorSssSharing heateorSssGoogleGmailBackground\" onclick='heateorSssPopup(\"https:\/\/mail.google.com\/mail\/?ui=2&view=cm&fs=1&tf=1&su=%C2%BFSABE%20USTED%20POR%20QU%C3%89%20SEPTIEMBRE%20SE%20LLAMA%20SEPTIEMBRE%3F%20Por%20%C3%93scar%20Humberto%20G%C3%B3mez%20G%C3%B3mez%2C%20Miembro%20de%20la%20Academia%20de%20Historia%20de%20Santander%20y%20Miembro%20del%20Colegio%20Nacional%20de%20Periodistas&body=Link:https%3A%2F%2Foscarhumbertogomez.com%2Findex.php%3Frest_route%3D%252Fwp%252Fv2%252Fposts%252F13468\")'><ss style=\"display:block;border-radius:999px;\" class=\"heateorSssSharingSvg heateorSssGoogleGmailSvg\"><\/ss><\/i><\/li><li class=\"heateorSssSharingRound\"><i style=\"width:35px;height:35px;border-radius:999px;\" title=\"More\" alt=\"More\" class=\"heateorSssSharing heateorSssMoreBackground\" onclick=\"heateorSssMoreSharingPopup(this, 'https:\/\/oscarhumbertogomez.com\/index.php?rest_route=%2Fwp%2Fv2%2Fposts%2F13468', '%C2%BFSABE%20USTED%20POR%20QU%C3%89%20SEPTIEMBRE%20SE%20LLAMA%20SEPTIEMBRE%3F%20Por%20%C3%93scar%20Humberto%20G%C3%B3mez%20G%C3%B3mez%2C%20Miembro%20de%20la%20Academia%20de%20Historia%20de%20Santander%20y%20Miembro%20del%20Colegio%20Nacional%20de%20Periodistas', '' )\" ><ss style=\"display:block\" class=\"heateorSssSharingSvg heateorSssMoreSvg\"><\/ss><\/i><\/li><\/ul><div class=\"heateorSssClear\"><\/div><\/div><div class='heateorSssClear'><\/div>","protected":false},"author":2,"featured_media":0,"comment_status":"closed","ping_status":"closed","sticky":false,"template":"","format":"standard","meta":{"spay_email":"","footnotes":""},"categories":[12,11],"tags":[],"class_list":["post-13468","post","type-post","status-publish","format-standard","hentry","category-historia","category-periodismo"],"jetpack_featured_media_url":"","jetpack_shortlink":"https:\/\/wp.me\/p1FYrr-3ve","_links":{"self":[{"href":"https:\/\/oscarhumbertogomez.com\/index.php?rest_route=\/wp\/v2\/posts\/13468","targetHints":{"allow":["GET"]}}],"collection":[{"href":"https:\/\/oscarhumbertogomez.com\/index.php?rest_route=\/wp\/v2\/posts"}],"about":[{"href":"https:\/\/oscarhumbertogomez.com\/index.php?rest_route=\/wp\/v2\/types\/post"}],"author":[{"embeddable":true,"href":"https:\/\/oscarhumbertogomez.com\/index.php?rest_route=\/wp\/v2\/users\/2"}],"replies":[{"embeddable":true,"href":"https:\/\/oscarhumbertogomez.com\/index.php?rest_route=%2Fwp%2Fv2%2Fcomments&post=13468"}],"version-history":[{"count":5,"href":"https:\/\/oscarhumbertogomez.com\/index.php?rest_route=\/wp\/v2\/posts\/13468\/revisions"}],"predecessor-version":[{"id":48658,"href":"https:\/\/oscarhumbertogomez.com\/index.php?rest_route=\/wp\/v2\/posts\/13468\/revisions\/48658"}],"wp:attachment":[{"href":"https:\/\/oscarhumbertogomez.com\/index.php?rest_route=%2Fwp%2Fv2%2Fmedia&parent=13468"}],"wp:term":[{"taxonomy":"category","embeddable":true,"href":"https:\/\/oscarhumbertogomez.com\/index.php?rest_route=%2Fwp%2Fv2%2Fcategories&post=13468"},{"taxonomy":"post_tag","embeddable":true,"href":"https:\/\/oscarhumbertogomez.com\/index.php?rest_route=%2Fwp%2Fv2%2Ftags&post=13468"}],"curies":[{"name":"wp","href":"https:\/\/api.w.org\/{rel}","templated":true}]}}