{"id":13483,"date":"2014-09-03T09:08:32","date_gmt":"2014-09-03T14:08:32","guid":{"rendered":"http:\/\/www.oscarhumbertogomez.com\/?p=13483"},"modified":"2025-03-14T17:35:03","modified_gmt":"2025-03-14T22:35:03","slug":"nueva-bofetada-contra-la-abogacia-colombiana-el-gobierno-desiste-de-eliminar-el-consejo-superior-de-la-judicatura-por-oscar-humberto-gomez-gomez-miembro-del-colegio-nacional-de-periodistas","status":"publish","type":"post","link":"https:\/\/oscarhumbertogomez.com\/?p=13483","title":{"rendered":"Nueva bofetada contra la abogac\u00eda colombiana: El Gobierno desiste de eliminar la Sala Jurisdiccional-Disciplinaria del Consejo Superior de la Judicatura. Por \u00d3scar Humberto G\u00f3mez G\u00f3mez, credencial nro. 2014026 del Colegio Nacional de Periodistas"},"content":{"rendered":"<p><img decoding=\"async\" class=\"aligncenter size-full wp-image-4481\" src=\"https:\/\/lapiedrafilosofal.com\/wp-content\/uploads\/2012\/06\/OSCAR-HUMBERTO-GOMEZ.jpg\" alt=\"OSCAR HUMBERTO GOMEZ\" width=\"500\"><\/p>\n<p>&nbsp;<\/p>\n<p>El ministro de Justicia y del Derecho Yesid Reyes Alvarado acaba de reconoc\u00e9rselo esta ma\u00f1ana a Julio S\u00e1nchez Cristo en la W: no ser\u00e1 eliminada la Sala Jurisdiccional-Disciplinaria del Consejo Superior de la Judicatura.<\/p>\n<p>Ello significa que la vieja aspiraci\u00f3n de la abogac\u00eda colombiana de que desaparezca la cuestionada y represiva sala vuelve a sufrir un duro rev\u00e9s.<\/p>\n<p>Y significa, obviamente, que el a\u00f1ejo anhelo de que la abogac\u00eda sea vigilada \u00e9ticamente, no por el Estado \u2014de cuyo poder disciplinario no tiene por qu\u00e9 depender\u2014, sino por los propios abogados, como acontece con todas las profesiones liberales, ha quedado en veremos.<\/p>\n<p>Como se recordar\u00e1, quien estas l\u00edneas escribe viene promoviendo la creaci\u00f3n del Tribunal Nacional de \u00c9tica del Abogado y del Cliente, idea planteada con entusiasmo con ocasi\u00f3n de la pasada reforma, esto es, aquella que los habilidosos congresistas aprovecharon en beneficio propio y termin\u00f3 enterrada en unas sesiones extras convocadas por el presidente a \u00faltima hora y ante la avalancha de cr\u00edticas que se desat\u00f3.<\/p>\n<p>A la par con esta desalentadora noticia, hemos sabido que, en cambio, el Gobierno s\u00ed proyecta la eliminaci\u00f3n de la otra sala del mismo Consejo: la Sala Administrativa. Claro: es la Sala que hasta ahora maneja el presupuesto de la Justicia y los nombramientos de jueces, magistrados y empleados judiciales. Ya ustedes se imaginar\u00e1n por qu\u00e9 tanto inter\u00e9s en eliminarla.<\/p>\n<p>Con esto queda demostrado hasta la saciedad lo que hemos venido sosteniendo: que para afrontar la defensa de sus intereses gremiales ante el mar de desorden, politiquer\u00eda, inmoralidad y abuso en que est\u00e1 inmersa la justicia colombiana, la abogac\u00eda tiene que unirse; no le queda otro camino; no tiene otra opci\u00f3n. Si los centenares de miles de abogados que tiene Colombia pretenden que su importante profesi\u00f3n \u2014que es suya la ejerzan o no\u2014 recupere la dignidad y respetabilidad perdidas, tienen que unirse bajo una misma bandera, o el Estado seguir\u00e1 decidiendo por ellos, continuar\u00e1 expidiendo c\u00f3digos disciplinarios a su ama\u00f1o y conveniencia, y ser\u00e1 el Estado mismo \u2014a pesar de que los abogados no son funcionarios suyos\u2014 el que los investigar\u00e1, juzgar\u00e1 y sancionar\u00e1 disciplinariamente.<\/p>\n<p>Y lo peor de todo: lo seguir\u00e1 haciendo a trav\u00e9s de una corporaci\u00f3n duramente cuestionada precisamente \u00a1vaya paradoja! por sus faltas a la \u00e9tica. Faltas muy graves, como la del &#8220;carrusel&#8221; de los magistrados y las &#8220;palomitas&#8221;, alcahueteado por la tambi\u00e9n cuestionada Comisi\u00f3n de Acusaci\u00f3n de la C\u00e1mara de Representantes, p\u00fablicamente denunciado por la revista <em>Semana<\/em>&nbsp;\u2014mucho tiempo despu\u00e9s de que, como lo rememor\u00f3 Rafael Serrano Prada en EL FRENTE, lo hici\u00e9ramos nosotros\u2014 e investigado, sin conclusi\u00f3n alguna hasta hoy, por la Contralor\u00eda General de la Rep\u00fablica.<\/p>\n<p>O sea, que mientras de aquel escandaloso carnaval de nombramientos por breves per\u00edodos, encaminado a facilitar el acceso de los favorecidos a elevadas mesadas pensionales, es decir, que mientras de aquel descarado timo al erario, nada se ha dicho en concreto, y ah\u00ed siguen el se\u00f1or Ovidio Claros y los dem\u00e1s magistrados de la Sala Jurisdiccional &#8211; Disciplinaria del Consejo Superior de la Judicatura en sus puestos, tan campantes como cierto g\u00fcisqui, sancionando abogados a diestra y siniestra, incluso por fuera de los t\u00e9rminos de prescripci\u00f3n o solamente porque han cobrado a t\u00edtulo de honorarios lo que el propio Ministerio de Justicia aprob\u00f3 como tarifa, o \u00fanicamente porque han ejercido el derecho de protesta, de cr\u00edtica o de reproche, todo con tal de mostrar estad\u00edsticas y con ellas aseverar su eficacia y justificar as\u00ed la supervivencia de sus cargos; y mientras los abogados arbitrariamente sancionados han tenido que ser literalmente rescatados por la Corte Constitucional, gracias a haberles seleccionado sus tutelas; y mientras los infelices a quienes esa Corte no les escoge sus tutelas para revisi\u00f3n no tienen las opciones que tuvo, pongamos por caso, el alcalde de Bogot\u00e1 Gustavo Petro, de acudir en demanda de nulidad ante el Consejo de Estado, porque contra las decisiones disciplinarias del todopoderoso Consejo Superior de la Judicatura no procede demanda de nulidad pues as\u00ed lo prohibe el C\u00f3digo Contencioso Administrativo; y mientras las tutelas contra el Consejo Superior de la Judicatura las decide finalmente&#8230; \u00a1el mismo Consejo Superior de la Judicatura! &#8230; luego de que los consejos seccionales de la judicatura, es decir, &#8230;\u00a1sus organismos subalternos!&#8230;, las han decidido en primera instancia; mientras todo esto pasa, digo, son los abogados quienes tienen que seguir soportando todo el peso de la problem\u00e1tica que agobia a la justicia colombiana, dando la cara para explicar el por qu\u00e9 de la lentitud en el tr\u00e1mite de los procesos, aguantando la falta de preparaci\u00f3n acad\u00e9mica de no pocos de los jueces, magistrados y empleados que, inexplicablemente, son nombrados por el Consejo Superior de la Judicatura al margen de los concursos ordenados por la Ley Estatutaria de la Administraci\u00f3n de Justicia; y, en fin, respondiendo ante sus clientes por los garrafales errores, los abusos y los atropellos que a diario se cometen dentro del Poder Judicial, y que ahora \u2014en asombrosa e inadmisible jurisprudencia\u2014 el Consejo Superior de la Judicatura prohibe a los abogados criticar o reprochar, so pena de sanci\u00f3n disciplinaria por irrespeto si se atreven a hacerlo.<\/p>\n<p>Notificados esta ma\u00f1ana por el ministro de Justicia de que se mantendr\u00e1 a ultranza la Sala Jurisdiccional &#8211; Disciplinaria del Consejo Superior de la Judicatura y que por consiguiente continuar\u00e1 el juzgamiento disciplinario de los abogados por parte del mismo Estado a trav\u00e9s de esa cuestionada ala, este portal dar\u00e1 inicio a una estrategia diferente y m\u00e1s radical para contribuir a la defensa de los derechos de los abogados y el futuro de la Abogac\u00eda.&nbsp;Oportunamente estaremos informando sus desarrollos.<\/p>\n<p>\u00a1Qu\u00e9 l\u00e1stima, se\u00f1or presidente!<\/p>\n<p>S\u00ed: qu\u00e9 l\u00e1stima que usted no haya cumplido la palabra empe\u00f1ada \u2014tal y como se lo record\u00f3 esta ma\u00f1ana a su ministro de Justicia el periodista Julio S\u00e1nchez Cristo\u2014, qu\u00e9 l\u00e1stima que nunca se haya dignado escuchar a la abogac\u00eda y que se haya limitado a o\u00edr a las altas cortes \u2014entre ellas al Consejo Superior de la Judicatura\u2014 y al Congreso, acerca de un tema que, como el de la justicia, quienes conocen de \u00e9l son quienes d\u00eda a d\u00eda trajinan con ella y padecen en carne propia el calvario de las fallas estructurales que la aquejan: los abogados de Colombia.<\/p>\n<p>__________<\/p>\n<p><em><strong>NOTA DEL PORTAL:<\/strong> Dada la mordaza que a la libertad de expresi\u00f3n de los abogados ha impuesto la Sala Jurisdiccional &#8211; Disciplinaria del Consejo Superior de la Judicatura, a partir de la fecha todo cuanto tenga que ver con la abogac\u00eda se escribir\u00e1 y se publicar\u00e1 en este portal bajo el entendido de que se hace, \u00fanica y exclusivamente, en nuestra condici\u00f3n de periodistas.<\/em><\/p>\n<p>&nbsp;<\/p>\n","protected":false},"excerpt":{"rendered":"<p>&nbsp; El ministro de Justicia y del Derecho Yesid Reyes Alvarado acaba de reconoc\u00e9rselo esta ma\u00f1ana a Julio S\u00e1nchez Cristo en la W: no ser\u00e1 eliminada la Sala Jurisdiccional-Disciplinaria del Consejo Superior de la Judicatura. Ello significa que la vieja &hellip; <a href=\"https:\/\/oscarhumbertogomez.com\/?p=13483\">Sigue leyendo <span class=\"meta-nav\">&rarr;<\/span><\/a><\/p>\n<div class='heateorSssClear'><\/div><div  class='heateor_sss_sharing_container heateor_sss_horizontal_sharing' heateor-sss-data-href='https:\/\/oscarhumbertogomez.com\/?p=13483'><div class='heateor_sss_sharing_title' style=\"font-weight:bold\" >\u00a1Gracias por compartirla!<\/div><ul class=\"heateor_sss_sharing_ul\"><li class=\"heateorSssSharingRound\"><i style=\"width:35px;height:35px;border-radius:999px;\" alt=\"Facebook\" Title=\"Facebook\" class=\"heateorSssSharing heateorSssFacebookBackground\" onclick='heateorSssPopup(\"https:\/\/www.facebook.com\/sharer\/sharer.php?u=https%3A%2F%2Foscarhumbertogomez.com%2Findex.php%3Frest_route%3D%252Fwp%252Fv2%252Fposts%252F13483\")'><ss style=\"display:block;border-radius:999px;\" class=\"heateorSssSharingSvg heateorSssFacebookSvg\"><\/ss><\/i><\/li><li class=\"heateorSssSharingRound\"><i style=\"width:35px;height:35px;border-radius:999px;\" alt=\"Twitter\" Title=\"Twitter\" class=\"heateorSssSharing heateorSssTwitterBackground\" onclick='heateorSssPopup(\"http:\/\/twitter.com\/intent\/tweet?text=Nueva%20bofetada%20contra%20la%20abogac%C3%ADa%20colombiana%3A%20El%20Gobierno%20desiste%20de%20eliminar%20la%20Sala%20Jurisdiccional-Disciplinaria%20del%20Consejo%20Superior%20de%20la%20Judicatura.%20Por%20%C3%93scar%20Humberto%20G%C3%B3mez%20G%C3%B3mez%2C%20credencial%20nro.%202014026%20del%20Colegio%20Nacional%20de%20Periodistas&url=https%3A%2F%2Foscarhumbertogomez.com%2Findex.php%3Frest_route%3D%252Fwp%252Fv2%252Fposts%252F13483\")'><ss style=\"display:block;border-radius:999px;\" class=\"heateorSssSharingSvg heateorSssTwitterSvg\"><\/ss><\/i><\/li><li class=\"heateorSssSharingRound\"><i style=\"width:35px;height:35px;border-radius:999px;\" alt=\"Whatsapp\" Title=\"Whatsapp\" class=\"heateorSssSharing heateorSssWhatsappBackground\" onclick='heateorSssPopup(\"https:\/\/web.whatsapp.com\/send?text=Nueva%20bofetada%20contra%20la%20abogac%C3%ADa%20colombiana%3A%20El%20Gobierno%20desiste%20de%20eliminar%20la%20Sala%20Jurisdiccional-Disciplinaria%20del%20Consejo%20Superior%20de%20la%20Judicatura.%20Por%20%C3%93scar%20Humberto%20G%C3%B3mez%20G%C3%B3mez%2C%20credencial%20nro.%202014026%20del%20Colegio%20Nacional%20de%20Periodistas https%3A%2F%2Foscarhumbertogomez.com%2Findex.php%3Frest_route%3D%252Fwp%252Fv2%252Fposts%252F13483\")'><ss style=\"display:block\" class=\"heateorSssSharingSvg heateorSssWhatsappSvg\"><\/ss><\/i><\/li><li class=\"heateorSssSharingRound\"><i style=\"width:35px;height:35px;border-radius:999px;\" alt=\"Pinterest\" Title=\"Pinterest\" class=\"heateorSssSharing heateorSssPinterestBackground\" onclick=\"javascript:void( (function() {var e=document.createElement('script' );e.setAttribute('type','text\/javascript' );e.setAttribute('charset','UTF-8' );e.setAttribute('src','\/\/assets.pinterest.com\/js\/pinmarklet.js?r='+Math.random()*99999999);document.body.appendChild(e)})());\"><ss style=\"display:block;border-radius:999px;\" class=\"heateorSssSharingSvg heateorSssPinterestSvg\"><\/ss><\/i><\/li><li class=\"heateorSssSharingRound\"><i style=\"width:35px;height:35px;border-radius:999px;\" alt=\"Google Gmail\" Title=\"Google Gmail\" class=\"heateorSssSharing heateorSssGoogleGmailBackground\" onclick='heateorSssPopup(\"https:\/\/mail.google.com\/mail\/?ui=2&view=cm&fs=1&tf=1&su=Nueva%20bofetada%20contra%20la%20abogac%C3%ADa%20colombiana%3A%20El%20Gobierno%20desiste%20de%20eliminar%20la%20Sala%20Jurisdiccional-Disciplinaria%20del%20Consejo%20Superior%20de%20la%20Judicatura.%20Por%20%C3%93scar%20Humberto%20G%C3%B3mez%20G%C3%B3mez%2C%20credencial%20nro.%202014026%20del%20Colegio%20Nacional%20de%20Periodistas&body=Link:https%3A%2F%2Foscarhumbertogomez.com%2Findex.php%3Frest_route%3D%252Fwp%252Fv2%252Fposts%252F13483\")'><ss style=\"display:block;border-radius:999px;\" class=\"heateorSssSharingSvg heateorSssGoogleGmailSvg\"><\/ss><\/i><\/li><li class=\"heateorSssSharingRound\"><i style=\"width:35px;height:35px;border-radius:999px;\" title=\"More\" alt=\"More\" class=\"heateorSssSharing heateorSssMoreBackground\" onclick=\"heateorSssMoreSharingPopup(this, 'https:\/\/oscarhumbertogomez.com\/index.php?rest_route=%2Fwp%2Fv2%2Fposts%2F13483', 'Nueva%20bofetada%20contra%20la%20abogac%C3%ADa%20colombiana%3A%20El%20Gobierno%20desiste%20de%20eliminar%20la%20Sala%20Jurisdiccional-Disciplinaria%20del%20Consejo%20Superior%20de%20la%20Judicatura.%20Por%20%C3%93scar%20Humberto%20G%C3%B3mez%20G%C3%B3mez%2C%20credencial%20nro.%202014026%20del%20Colegio%20Nacional%20de%20Periodistas', '' )\" ><ss style=\"display:block\" class=\"heateorSssSharingSvg heateorSssMoreSvg\"><\/ss><\/i><\/li><\/ul><div class=\"heateorSssClear\"><\/div><\/div><div class='heateorSssClear'><\/div>","protected":false},"author":2,"featured_media":0,"comment_status":"closed","ping_status":"closed","sticky":false,"template":"","format":"standard","meta":{"spay_email":"","footnotes":""},"categories":[60,11],"tags":[],"class_list":["post-13483","post","type-post","status-publish","format-standard","hentry","category-tribuna-de-opinion","category-periodismo"],"jetpack_featured_media_url":"","jetpack_shortlink":"https:\/\/wp.me\/p1FYrr-3vt","_links":{"self":[{"href":"https:\/\/oscarhumbertogomez.com\/index.php?rest_route=\/wp\/v2\/posts\/13483","targetHints":{"allow":["GET"]}}],"collection":[{"href":"https:\/\/oscarhumbertogomez.com\/index.php?rest_route=\/wp\/v2\/posts"}],"about":[{"href":"https:\/\/oscarhumbertogomez.com\/index.php?rest_route=\/wp\/v2\/types\/post"}],"author":[{"embeddable":true,"href":"https:\/\/oscarhumbertogomez.com\/index.php?rest_route=\/wp\/v2\/users\/2"}],"replies":[{"embeddable":true,"href":"https:\/\/oscarhumbertogomez.com\/index.php?rest_route=%2Fwp%2Fv2%2Fcomments&post=13483"}],"version-history":[{"count":4,"href":"https:\/\/oscarhumbertogomez.com\/index.php?rest_route=\/wp\/v2\/posts\/13483\/revisions"}],"predecessor-version":[{"id":52407,"href":"https:\/\/oscarhumbertogomez.com\/index.php?rest_route=\/wp\/v2\/posts\/13483\/revisions\/52407"}],"wp:attachment":[{"href":"https:\/\/oscarhumbertogomez.com\/index.php?rest_route=%2Fwp%2Fv2%2Fmedia&parent=13483"}],"wp:term":[{"taxonomy":"category","embeddable":true,"href":"https:\/\/oscarhumbertogomez.com\/index.php?rest_route=%2Fwp%2Fv2%2Fcategories&post=13483"},{"taxonomy":"post_tag","embeddable":true,"href":"https:\/\/oscarhumbertogomez.com\/index.php?rest_route=%2Fwp%2Fv2%2Ftags&post=13483"}],"curies":[{"name":"wp","href":"https:\/\/api.w.org\/{rel}","templated":true}]}}