{"id":13691,"date":"2014-09-17T08:32:18","date_gmt":"2014-09-17T13:32:18","guid":{"rendered":"http:\/\/www.oscarhumbertogomez.com\/?p=13691"},"modified":"2025-03-15T19:39:24","modified_gmt":"2025-03-16T00:39:24","slug":"s-o-s-inocencia-por-oscar-humberto-gomez-gomez","status":"publish","type":"post","link":"https:\/\/oscarhumbertogomez.com\/?p=13691","title":{"rendered":"\u00bfS.O.S. INOCENCIA? Por \u00d3scar Humberto G\u00f3mez G\u00f3mez"},"content":{"rendered":"<p><img decoding=\"async\" class=\"aligncenter size-full wp-image-4481\" src=\"https:\/\/lapiedrafilosofal.com\/wp-content\/uploads\/2012\/06\/OSCAR-HUMBERTO-GOMEZ.jpg\" alt=\"OSCAR HUMBERTO GOMEZ\" width=\"500\"><\/p>\n<p>&nbsp;<\/p>\n<p>De ser cierto que el poder de las instituciones del Estado \u2014como la Fiscal\u00eda General de la Naci\u00f3n\u2014 se est\u00e1 empleando para perseguir a personas decentes y honestas solo con el prop\u00f3sito de dar rienda suelta a odios personales, antipat\u00edas pol\u00edticas o pol\u00edticas p\u00fablicas inmorales que inexplicablemente se persiste en mantener, todos estamos en un grav\u00edsimo peligro.<\/p>\n<p>De hecho, casos sonados como el de Sigifredo L\u00f3pez, casos menos sonados como el de Manuel Jos\u00e9 Mena, y casos no sonados, como el de Fredy Jim\u00e9nez, que tienen como com\u00fan denominador la persecuci\u00f3n penal contra personas inocentes y que se vieron tras las rejas de una c\u00e1rcel sin haber cometido delito alguno y fueron deshonrados ante la opini\u00f3n p\u00fablica como delincuentes sin serlo, tienen muy, pero muy preocupados a todos los colombianos.<\/p>\n<p>Y si el inmenso poder\u00edo del fiscal Eduardo Montealegre \u2014de cuya candidatura a la presidencia de la Rep\u00fablica ya ha comenzado a hablarse\u2014 se utiliza impunemente contra figuras p\u00fablicas, como la ex contralora general de la Rep\u00fablica, \u00bfqu\u00e9 puede sucederle al an\u00f3nimo ciudadano del com\u00fan?<\/p>\n<p>Hagamos memoria, para ubicarnos en el contexto del tema:<\/p>\n<p>La ex contralora Sandra Morelli denunci\u00f3 al fiscal general de la Naci\u00f3n porque, seg\u00fan ella, estaba recibiendo pagos de honorarios profesionales por parte de Saludcoop \u2014 entidad a la que hab\u00eda asesorado\u2014 cuando ya era fiscal. Infortunadamente para el pa\u00eds, la Comisi\u00f3n de Acusaci\u00f3n de la C\u00e1mara de Representantes, que pudo haber definido esa situaci\u00f3n, ha guardado total silencio. (Dicho sea de paso, el pa\u00eds observa, con profunda molestia, que el fiscal, al igual que otros altos funcionarios del Estado, parecieran tener no solo fuero, sino la impunidad garantizada, debido a la absoluta inoperancia de esa Comisi\u00f3n de Acusaci\u00f3n).<\/p>\n<p>La Fiscal\u00eda comenz\u00f3, entonces, a allanar las instalaciones de la Contralor\u00eda, a someter a interrogatorios a sus investigadores fiscales, a incautarse de documentos y equipos inform\u00e1ticos, etc\u00e9tera, lo que fue interpretado como el ejercicio del poder de investigaci\u00f3n penal de la Fiscal\u00eda para obstruir las indagaciones de la Contralor\u00eda sobre Saludcoop, pues con tales diligencias \u2014que se volvieron repetitivas\u2014 los subalternos de Sandra Morelli comenzaron a sentirse intimidados para proceder, bajo el temor de que pudiesen convertirse en sujetos pasivos de la persecuci\u00f3n penal del Estado.<\/p>\n<p>En todo caso, lo cierto es que la opini\u00f3n p\u00fablica colombiana no debe aceptar que el poder de la Fiscal\u00eda General de la Naci\u00f3n se emplee para fines distintos a la persecuci\u00f3n general del delito y a su reducci\u00f3n cada vez m\u00e1s dr\u00e1stica. El que se permita la persecuci\u00f3n penal de gente inocente por parte de un fiscal  poderoso y politizado, con fuerte influencia sobre el presidente de la Rep\u00fablica (se dice que fue el art\u00edfice de la ca\u00edda del anterior ministro de Justicia) y con amplias posibilidades de llegar a ser el pr\u00f3ximo presidente de la Rep\u00fablica, el pa\u00eds podr\u00eda ir camino hacia una dictadura.<\/p>\n<p>Las preguntas que han emergido de este caso no han sido respondidas:<\/p>\n<p>\u00bfSon ciertas las denuncias de la ex contralora?<\/p>\n<p>\u00bfEs honesta la apertura de investigaci\u00f3n penal contra ella por parte de la Fiscal\u00eda?<\/p>\n<p>\u00bfRealmente ella incurri\u00f3 en delito al tomar en arriendo para la Contralor\u00eda el precioso edificio contiguo al Centro Comercial La Gran Estaci\u00f3n, de El Salitre?<\/p>\n<p>\u00bfRealmente deb\u00eda seguir la Contralor\u00eda en el vetusto, horroroso e inseguro edificio del centro de Bogot\u00e1?<\/p>\n<p>\u00bfEs cierto que la Fiscal\u00eda General de la Naci\u00f3n paga m\u00e1s por el metro cuadrado de arriendo que lo pagado por la Contralor\u00eda, es decir, que el fiscal mira la paja en el ojo ajeno, pero no la viga en el propio?<\/p>\n<p>\u00bfPor qu\u00e9 se tasa el monto del da\u00f1o en el valor total de los c\u00e1nones pagados, como si se hubiesen pagado por una &#8220;casa en el aire&#8221;, como en la canci\u00f3n de Escalona, y no por un edificio nuevo, moderno, confortable y con excelente ubicaci\u00f3n?<\/p>\n<p>\u00bfDeben las dependencias oficiales seguir asociadas a instalaciones viejas, oscuras, inc\u00f3modas, mal ubicadas, riesgosas e insalubres?<\/p>\n<p>\u00bfNo deben las instalaciones del Estado irradiar una imagen de respetabilidad y majestad?<\/p>\n<p>\u00bfEl fiscal general de la Naci\u00f3n en su lujoso y seguro b\u00fanker, y la contralora general de la Rep\u00fablica en un edificio de mala muerte?<\/p>\n<p>\u00bfSe le est\u00e1 cobrando a la ex contralora con su persecuci\u00f3n penal el haberse pronunciado contra el &#8220;carrusel de los magistrados&#8221; en la Sala Jurisdiccional-Disciplinaria del Consejo Superior de la Judicatura, cuya politizaci\u00f3n es tambi\u00e9n evidente, al igual que la de la Administraci\u00f3n de Justicia en general?<\/p>\n<p>\u00bfSe le est\u00e1 cobrando el haberse pronunciado contra las irregularidades en Saludcoop y sobre la relaci\u00f3n del fiscal Montealegre con esa poderosa EPS?<\/p>\n<p>\u00bfQu\u00e9 est\u00e1 pasando en Colombia con las garant\u00edas de imparcialidad que la Justicia nos debe garantizar a todos los colombianos?<\/p>\n<p>\u00bfPor qu\u00e9 no se atendi\u00f3 la solicitud de la ex contralora de que se designara un Fiscal General de la Naci\u00f3n Ad-Hoc para investigar su caso, dada la obvia antipat\u00eda personal que por ella debe experimentar el fiscal Montealegre, y se dej\u00f3 esa controvertida investigaci\u00f3n en manos de un subalterno suyo?<\/p>\n<p>Si el principio de imparcialidad no se le respeta a una alta dignataria del Estado, a una figura p\u00fablica de alto nivel, \u00bfqu\u00e9 podemos esperar, entonces, los dem\u00e1s colombianos?<\/p>\n<p>\u00bfEst\u00e1n en Colombia la inocencia y la libertad en peligro inminente?<\/p>\n<p>&nbsp;<\/p>\n","protected":false},"excerpt":{"rendered":"<p>&nbsp; De ser cierto que el poder de las instituciones del Estado \u2014como la Fiscal\u00eda General de la Naci\u00f3n\u2014 se est\u00e1 empleando para perseguir a personas decentes y honestas solo con el prop\u00f3sito de dar rienda suelta a odios personales, &hellip; <a href=\"https:\/\/oscarhumbertogomez.com\/?p=13691\">Sigue leyendo <span class=\"meta-nav\">&rarr;<\/span><\/a><\/p>\n<div class='heateorSssClear'><\/div><div  class='heateor_sss_sharing_container heateor_sss_horizontal_sharing' heateor-sss-data-href='https:\/\/oscarhumbertogomez.com\/?p=13691'><div class='heateor_sss_sharing_title' style=\"font-weight:bold\" >\u00a1Gracias por compartirla!<\/div><ul class=\"heateor_sss_sharing_ul\"><li class=\"heateorSssSharingRound\"><i style=\"width:35px;height:35px;border-radius:999px;\" alt=\"Facebook\" Title=\"Facebook\" class=\"heateorSssSharing heateorSssFacebookBackground\" onclick='heateorSssPopup(\"https:\/\/www.facebook.com\/sharer\/sharer.php?u=https%3A%2F%2Foscarhumbertogomez.com%2Findex.php%3Frest_route%3D%252Fwp%252Fv2%252Fposts%252F13691\")'><ss style=\"display:block;border-radius:999px;\" class=\"heateorSssSharingSvg heateorSssFacebookSvg\"><\/ss><\/i><\/li><li class=\"heateorSssSharingRound\"><i style=\"width:35px;height:35px;border-radius:999px;\" alt=\"Twitter\" Title=\"Twitter\" class=\"heateorSssSharing heateorSssTwitterBackground\" onclick='heateorSssPopup(\"http:\/\/twitter.com\/intent\/tweet?text=%C2%BFS.O.S.%20INOCENCIA%3F%20Por%20%C3%93scar%20Humberto%20G%C3%B3mez%20G%C3%B3mez&url=https%3A%2F%2Foscarhumbertogomez.com%2Findex.php%3Frest_route%3D%252Fwp%252Fv2%252Fposts%252F13691\")'><ss style=\"display:block;border-radius:999px;\" class=\"heateorSssSharingSvg heateorSssTwitterSvg\"><\/ss><\/i><\/li><li class=\"heateorSssSharingRound\"><i style=\"width:35px;height:35px;border-radius:999px;\" alt=\"Whatsapp\" Title=\"Whatsapp\" class=\"heateorSssSharing heateorSssWhatsappBackground\" onclick='heateorSssPopup(\"https:\/\/web.whatsapp.com\/send?text=%C2%BFS.O.S.%20INOCENCIA%3F%20Por%20%C3%93scar%20Humberto%20G%C3%B3mez%20G%C3%B3mez https%3A%2F%2Foscarhumbertogomez.com%2Findex.php%3Frest_route%3D%252Fwp%252Fv2%252Fposts%252F13691\")'><ss style=\"display:block\" class=\"heateorSssSharingSvg heateorSssWhatsappSvg\"><\/ss><\/i><\/li><li class=\"heateorSssSharingRound\"><i style=\"width:35px;height:35px;border-radius:999px;\" alt=\"Pinterest\" Title=\"Pinterest\" class=\"heateorSssSharing heateorSssPinterestBackground\" onclick=\"javascript:void( (function() {var e=document.createElement('script' );e.setAttribute('type','text\/javascript' );e.setAttribute('charset','UTF-8' );e.setAttribute('src','\/\/assets.pinterest.com\/js\/pinmarklet.js?r='+Math.random()*99999999);document.body.appendChild(e)})());\"><ss style=\"display:block;border-radius:999px;\" class=\"heateorSssSharingSvg heateorSssPinterestSvg\"><\/ss><\/i><\/li><li class=\"heateorSssSharingRound\"><i style=\"width:35px;height:35px;border-radius:999px;\" alt=\"Google Gmail\" Title=\"Google Gmail\" class=\"heateorSssSharing heateorSssGoogleGmailBackground\" onclick='heateorSssPopup(\"https:\/\/mail.google.com\/mail\/?ui=2&view=cm&fs=1&tf=1&su=%C2%BFS.O.S.%20INOCENCIA%3F%20Por%20%C3%93scar%20Humberto%20G%C3%B3mez%20G%C3%B3mez&body=Link:https%3A%2F%2Foscarhumbertogomez.com%2Findex.php%3Frest_route%3D%252Fwp%252Fv2%252Fposts%252F13691\")'><ss style=\"display:block;border-radius:999px;\" class=\"heateorSssSharingSvg heateorSssGoogleGmailSvg\"><\/ss><\/i><\/li><li class=\"heateorSssSharingRound\"><i style=\"width:35px;height:35px;border-radius:999px;\" title=\"More\" alt=\"More\" class=\"heateorSssSharing heateorSssMoreBackground\" onclick=\"heateorSssMoreSharingPopup(this, 'https:\/\/oscarhumbertogomez.com\/index.php?rest_route=%2Fwp%2Fv2%2Fposts%2F13691', '%C2%BFS.O.S.%20INOCENCIA%3F%20Por%20%C3%93scar%20Humberto%20G%C3%B3mez%20G%C3%B3mez', '' )\" ><ss style=\"display:block\" class=\"heateorSssSharingSvg heateorSssMoreSvg\"><\/ss><\/i><\/li><\/ul><div class=\"heateorSssClear\"><\/div><\/div><div class='heateorSssClear'><\/div>","protected":false},"author":2,"featured_media":0,"comment_status":"closed","ping_status":"closed","sticky":false,"template":"","format":"standard","meta":{"spay_email":"","footnotes":""},"categories":[60,11],"tags":[],"class_list":["post-13691","post","type-post","status-publish","format-standard","hentry","category-tribuna-de-opinion","category-periodismo"],"jetpack_featured_media_url":"","jetpack_shortlink":"https:\/\/wp.me\/p1FYrr-3yP","_links":{"self":[{"href":"https:\/\/oscarhumbertogomez.com\/index.php?rest_route=\/wp\/v2\/posts\/13691","targetHints":{"allow":["GET"]}}],"collection":[{"href":"https:\/\/oscarhumbertogomez.com\/index.php?rest_route=\/wp\/v2\/posts"}],"about":[{"href":"https:\/\/oscarhumbertogomez.com\/index.php?rest_route=\/wp\/v2\/types\/post"}],"author":[{"embeddable":true,"href":"https:\/\/oscarhumbertogomez.com\/index.php?rest_route=\/wp\/v2\/users\/2"}],"replies":[{"embeddable":true,"href":"https:\/\/oscarhumbertogomez.com\/index.php?rest_route=%2Fwp%2Fv2%2Fcomments&post=13691"}],"version-history":[{"count":5,"href":"https:\/\/oscarhumbertogomez.com\/index.php?rest_route=\/wp\/v2\/posts\/13691\/revisions"}],"predecessor-version":[{"id":52448,"href":"https:\/\/oscarhumbertogomez.com\/index.php?rest_route=\/wp\/v2\/posts\/13691\/revisions\/52448"}],"wp:attachment":[{"href":"https:\/\/oscarhumbertogomez.com\/index.php?rest_route=%2Fwp%2Fv2%2Fmedia&parent=13691"}],"wp:term":[{"taxonomy":"category","embeddable":true,"href":"https:\/\/oscarhumbertogomez.com\/index.php?rest_route=%2Fwp%2Fv2%2Fcategories&post=13691"},{"taxonomy":"post_tag","embeddable":true,"href":"https:\/\/oscarhumbertogomez.com\/index.php?rest_route=%2Fwp%2Fv2%2Ftags&post=13691"}],"curies":[{"name":"wp","href":"https:\/\/api.w.org\/{rel}","templated":true}]}}