{"id":13769,"date":"2014-09-22T12:00:35","date_gmt":"2014-09-22T17:00:35","guid":{"rendered":"http:\/\/www.oscarhumbertogomez.com\/?p=13769"},"modified":"2025-03-30T20:45:53","modified_gmt":"2025-03-31T01:45:53","slug":"quien-dijo-miedo-por-manuel-enrique-rey","status":"publish","type":"post","link":"https:\/\/oscarhumbertogomez.com\/?p=13769","title":{"rendered":"QUI\u00c9N DIJO MIEDO. Por Manuel Enrique Rey Sanmiguel"},"content":{"rendered":"<p><img decoding=\"async\" class=\"aligncenter size-full wp-image-13728\" title=\"Manuel Enrique\" src=\"https:\/\/lapiedrafilosofal.com\/wp-content\/uploads\/2014\/09\/Manuel-Enrique1.jpg\" alt=\"\" width=\"500\" height=\"\" srcset=\"https:\/\/oscarhumbertogomez.com\/wp-content\/uploads\/2014\/09\/Manuel-Enrique1.jpg 224w, https:\/\/oscarhumbertogomez.com\/wp-content\/uploads\/2014\/09\/Manuel-Enrique1-209x300.jpg 209w\" sizes=\"(max-width: 224px) 100vw, 224px\" \/><\/p>\n<p>&nbsp;<\/p>\n<p>Mientras sucede que en occidente la lucha ideol\u00f3gica por el poder -y m\u00e1s que por el poder por su permanencia en \u00e9l- se halla centrado en los valores democr\u00e1ticos y dentro de ellos que el hombre pueda concretar su proyecto humanitario alrededor de la igualdad o de la libertad como factor que pueda generar bienestar social que en sus extremos pregona el comunismo o el capitalismo; en oriente el choque entre las civilizaciones por el poder que genera el pensamiento pol\u00edtico es intercultural, o sea por lo confesional que enfrenta a musulmanes y cristianos.<\/p>\n<p>Mientras los pol\u00edticos occidentales enfrentan al ingl\u00e9s John Locke el padre del empirismo y del liberalismo moderno que tiene en la propiedad, la vida, la libertad y el derecho a la felicidad los principales derechos naturales de los hombres, y como funci\u00f3n del estado protegerlos as\u00ed como tambi\u00e9n las libertades individuales; el prusiano de origen jud\u00edo Karl Marx, propugnaba por un bienestar humanitario basado en la igualdad socialista origen del comunismo moderno y como funci\u00f3n del estado proteger los derechos comunitarios, defendiendo las masas menos privilegiadas y desprotegidas, propugnando para lograr el poder la lucha de clases.<\/p>\n<p>Mientras lo confesional aparecido luego de la muerte de Mahoma enfrenta irreconciliables visiones de poder isl\u00e1mico entre sunitas y chiitas por el poder terrenal que enfrenta l\u00edneas sucesoras que son consideradas leg\u00edtimas o usurpadas en relaci\u00f3n con el legado expresado en los dichos y hechos atribuidos al profeta a trav\u00e9s del Cor\u00e1n o la Sunna; los cristianos de todas las regiones occidentales se unen al papa y a su doctrina cat\u00f3lica apost\u00f3lica y romana como la base espiritual y religiosa sin la cual es imposible alcanzar el legado de salvaci\u00f3n dejado por Jes\u00fas de Nazaret para lograr el bienestar terrenal y la felicidad eterna.<\/p>\n<p>Mientras occidente le teme al extremismo isl\u00e1mico fundamentalista que incluso amparar\u00eda por la misma libertad religiosa que pregona, se muere de miedo por el terrorismo que pueda desatarse en el seno de dichos grupos minoritarios islamistas enemigos de la paz humana y celestial promovida por un mismo dios que al parecer se ha olvidado de su grey; en Oriente, un habitante solitario errabundo y por mandato divino un asesino, sin m\u00e1s gu\u00eda ni timonel \u2013al menos en cuestiones de poder y pol\u00edtica- vive pensando en permanente conflicto: c\u00f3mo exterminar\u00e1, en la guerra santa, tratando de decapitar.<\/p>\n<p>Mientras Samuel Huntington en su ensayo \u201cChoque de civilizaciones\u201d piensa que una guerra a escala planetaria en la que participasen los Estados centrales de las principales civilizaciones del mundo es muy improbable, pero no imposible, los humanos viven reinvent\u00e1ndola, produci\u00e9ndonos miedo.<br \/>\nHemos de afirmar que la convivencia se logra con la promoci\u00f3n de la multiculturalidad a escala planetaria, hemos de pensar en la sociedad por encima del yo (socialismo); defender la familia como la piedra fundamental de la sociedad (individualidad); resolver los problemas importantes mediante el consenso y no la contienda (tolerancia); y, subrayar la convivencia y la armon\u00eda racial y religiosa (laicismo). Me pas\u00f3 el miedo.<\/p>\n<p>&nbsp;<\/p>\n","protected":false},"excerpt":{"rendered":"<p>&nbsp; Mientras sucede que en occidente la lucha ideol\u00f3gica por el poder -y m\u00e1s que por el poder por su permanencia en \u00e9l- se halla centrado en los valores democr\u00e1ticos y dentro de ellos que el hombre pueda concretar su &hellip; <a href=\"https:\/\/oscarhumbertogomez.com\/?p=13769\">Sigue leyendo <span class=\"meta-nav\">&rarr;<\/span><\/a><\/p>\n<div class='heateorSssClear'><\/div><div  class='heateor_sss_sharing_container heateor_sss_horizontal_sharing' heateor-sss-data-href='https:\/\/oscarhumbertogomez.com\/?p=13769'><div class='heateor_sss_sharing_title' style=\"font-weight:bold\" >\u00a1Gracias por compartirla!<\/div><ul class=\"heateor_sss_sharing_ul\"><li class=\"heateorSssSharingRound\"><i style=\"width:35px;height:35px;border-radius:999px;\" alt=\"Facebook\" Title=\"Facebook\" class=\"heateorSssSharing heateorSssFacebookBackground\" onclick='heateorSssPopup(\"https:\/\/www.facebook.com\/sharer\/sharer.php?u=https%3A%2F%2Foscarhumbertogomez.com%2Findex.php%3Frest_route%3D%252Fwp%252Fv2%252Fposts%252F13769\")'><ss style=\"display:block;border-radius:999px;\" class=\"heateorSssSharingSvg heateorSssFacebookSvg\"><\/ss><\/i><\/li><li class=\"heateorSssSharingRound\"><i style=\"width:35px;height:35px;border-radius:999px;\" alt=\"Twitter\" Title=\"Twitter\" class=\"heateorSssSharing heateorSssTwitterBackground\" onclick='heateorSssPopup(\"http:\/\/twitter.com\/intent\/tweet?text=QUI%C3%89N%20DIJO%20MIEDO.%20Por%20Manuel%20Enrique%20Rey%20Sanmiguel&url=https%3A%2F%2Foscarhumbertogomez.com%2Findex.php%3Frest_route%3D%252Fwp%252Fv2%252Fposts%252F13769\")'><ss style=\"display:block;border-radius:999px;\" class=\"heateorSssSharingSvg heateorSssTwitterSvg\"><\/ss><\/i><\/li><li class=\"heateorSssSharingRound\"><i style=\"width:35px;height:35px;border-radius:999px;\" alt=\"Whatsapp\" Title=\"Whatsapp\" class=\"heateorSssSharing heateorSssWhatsappBackground\" onclick='heateorSssPopup(\"https:\/\/web.whatsapp.com\/send?text=QUI%C3%89N%20DIJO%20MIEDO.%20Por%20Manuel%20Enrique%20Rey%20Sanmiguel https%3A%2F%2Foscarhumbertogomez.com%2Findex.php%3Frest_route%3D%252Fwp%252Fv2%252Fposts%252F13769\")'><ss style=\"display:block\" class=\"heateorSssSharingSvg heateorSssWhatsappSvg\"><\/ss><\/i><\/li><li class=\"heateorSssSharingRound\"><i style=\"width:35px;height:35px;border-radius:999px;\" alt=\"Pinterest\" Title=\"Pinterest\" class=\"heateorSssSharing heateorSssPinterestBackground\" onclick=\"javascript:void( (function() {var e=document.createElement('script' );e.setAttribute('type','text\/javascript' );e.setAttribute('charset','UTF-8' );e.setAttribute('src','\/\/assets.pinterest.com\/js\/pinmarklet.js?r='+Math.random()*99999999);document.body.appendChild(e)})());\"><ss style=\"display:block;border-radius:999px;\" class=\"heateorSssSharingSvg heateorSssPinterestSvg\"><\/ss><\/i><\/li><li class=\"heateorSssSharingRound\"><i style=\"width:35px;height:35px;border-radius:999px;\" alt=\"Google Gmail\" Title=\"Google Gmail\" class=\"heateorSssSharing heateorSssGoogleGmailBackground\" onclick='heateorSssPopup(\"https:\/\/mail.google.com\/mail\/?ui=2&view=cm&fs=1&tf=1&su=QUI%C3%89N%20DIJO%20MIEDO.%20Por%20Manuel%20Enrique%20Rey%20Sanmiguel&body=Link:https%3A%2F%2Foscarhumbertogomez.com%2Findex.php%3Frest_route%3D%252Fwp%252Fv2%252Fposts%252F13769\")'><ss style=\"display:block;border-radius:999px;\" class=\"heateorSssSharingSvg heateorSssGoogleGmailSvg\"><\/ss><\/i><\/li><li class=\"heateorSssSharingRound\"><i style=\"width:35px;height:35px;border-radius:999px;\" title=\"More\" alt=\"More\" class=\"heateorSssSharing heateorSssMoreBackground\" onclick=\"heateorSssMoreSharingPopup(this, 'https:\/\/oscarhumbertogomez.com\/index.php?rest_route=%2Fwp%2Fv2%2Fposts%2F13769', 'QUI%C3%89N%20DIJO%20MIEDO.%20Por%20Manuel%20Enrique%20Rey%20Sanmiguel', '' )\" ><ss style=\"display:block\" class=\"heateorSssSharingSvg heateorSssMoreSvg\"><\/ss><\/i><\/li><\/ul><div class=\"heateorSssClear\"><\/div><\/div><div class='heateorSssClear'><\/div>","protected":false},"author":2,"featured_media":0,"comment_status":"closed","ping_status":"closed","sticky":false,"template":"","format":"standard","meta":{"spay_email":"","footnotes":""},"categories":[6],"tags":[],"class_list":["post-13769","post","type-post","status-publish","format-standard","hentry","category-la-pluma-ajena"],"jetpack_featured_media_url":"","jetpack_shortlink":"https:\/\/wp.me\/p1FYrr-3A5","_links":{"self":[{"href":"https:\/\/oscarhumbertogomez.com\/index.php?rest_route=\/wp\/v2\/posts\/13769","targetHints":{"allow":["GET"]}}],"collection":[{"href":"https:\/\/oscarhumbertogomez.com\/index.php?rest_route=\/wp\/v2\/posts"}],"about":[{"href":"https:\/\/oscarhumbertogomez.com\/index.php?rest_route=\/wp\/v2\/types\/post"}],"author":[{"embeddable":true,"href":"https:\/\/oscarhumbertogomez.com\/index.php?rest_route=\/wp\/v2\/users\/2"}],"replies":[{"embeddable":true,"href":"https:\/\/oscarhumbertogomez.com\/index.php?rest_route=%2Fwp%2Fv2%2Fcomments&post=13769"}],"version-history":[{"count":5,"href":"https:\/\/oscarhumbertogomez.com\/index.php?rest_route=\/wp\/v2\/posts\/13769\/revisions"}],"predecessor-version":[{"id":53241,"href":"https:\/\/oscarhumbertogomez.com\/index.php?rest_route=\/wp\/v2\/posts\/13769\/revisions\/53241"}],"wp:attachment":[{"href":"https:\/\/oscarhumbertogomez.com\/index.php?rest_route=%2Fwp%2Fv2%2Fmedia&parent=13769"}],"wp:term":[{"taxonomy":"category","embeddable":true,"href":"https:\/\/oscarhumbertogomez.com\/index.php?rest_route=%2Fwp%2Fv2%2Fcategories&post=13769"},{"taxonomy":"post_tag","embeddable":true,"href":"https:\/\/oscarhumbertogomez.com\/index.php?rest_route=%2Fwp%2Fv2%2Ftags&post=13769"}],"curies":[{"name":"wp","href":"https:\/\/api.w.org\/{rel}","templated":true}]}}