{"id":1389,"date":"2011-09-09T20:43:09","date_gmt":"2011-09-10T01:43:09","guid":{"rendered":"http:\/\/www.oscarhumbertogomez.com\/?p=1389"},"modified":"2024-11-14T16:21:48","modified_gmt":"2024-11-14T21:21:48","slug":"1389","status":"publish","type":"post","link":"https:\/\/oscarhumbertogomez.com\/?p=1389","title":{"rendered":"ALCIRA RODR\u00cdGUEZ, LA ACTRIZ QUE TAMBI\u00c9N CANTABA. Por \u00d3scar Humberto G\u00f3mez G\u00f3mez"},"content":{"rendered":"<p>&nbsp;<\/p>\n<p><img decoding=\"async\" class=\"aligncenter size-full wp-image-1390\" title=\"ALCIRA RODRIGUEZ\" src=\"https:\/\/lapiedrafilosofal.com\/wp-content\/uploads\/2011\/09\/ALCIRA-RODRIGUEZ.jpg\" alt=\"ALCIRA RODR\u00cdGUEZ\" width=\"500\" srcset=\"https:\/\/oscarhumbertogomez.com\/wp-content\/uploads\/2011\/09\/ALCIRA-RODRIGUEZ.jpg 324w, https:\/\/oscarhumbertogomez.com\/wp-content\/uploads\/2011\/09\/ALCIRA-RODRIGUEZ-216x300.jpg 216w\" sizes=\"(max-width: 324px) 100vw, 324px\" \/><\/p>\n<p>&nbsp;<\/p>\n<p>Alcira Rodr\u00edguez fue una hermosa y talentosa actriz colombiana que tuvo una especial presencia en la televisi\u00f3n nacional protagonizando telenovelas de gran acogida popular como, por ejemplo, la titulada <em>Una vida para amarte<\/em>.<\/p>\n<p>Para quienes no somos amantes de ese g\u00e9nero, no es f\u00e1cil hacer, y menos de memoria, una semblanza acerca del decurso vital de una estrella de nuestro arte dram\u00e1tico y, la verdad sea dicha, tampoco es nutrido el material informativo que uno encuentra sobre quienes llenaron con su trabajo art\u00edstico nuestros espacios televisivos dedicados a \u00e9l.<\/p>\n<p>&nbsp;<\/p>\n<p><img decoding=\"async\" class=\"aligncenter size-full wp-image-1391\" title=\"ALCIRA RODR\u00cdGUEZ\" src=\"https:\/\/lapiedrafilosofal.com\/wp-content\/uploads\/2011\/09\/ALCIRA-RODR\u00cdGUEZ.jpg\" alt=\"ALCIRA RODR\u00cdGUEZ, ACTRIZ Y CANTANTE COLOMBIANA\" width=\"350\"><\/p>\n<p>&nbsp;<\/p>\n<p>En el caso particular de Alcira Rodr\u00edguez, fallecida el 30 de noviembre de 1982 cuando apenas contaba con 36 a\u00f1os de edad, ese vac\u00edo se nutre, tambi\u00e9n en la memoria, con su vinculaci\u00f3n a un mundo que s\u00ed nos es cercano: el mundo de la m\u00fasica y, particularmente, del disco.<\/p>\n<p>Record\u00e1bamos, en efecto, que la estrella que se apag\u00f3 aquel 30 de noviembre v\u00edctima de una enfermedad que en sus primeros signos de aparici\u00f3n s\u00f3lo despert\u00f3 el morbo de un mundo farandulero y fatuo donde reina la superficialidad en sus peores manifestaciones de indolencia, hab\u00eda dejado un peque\u00f1o disco, pero no nos hab\u00edamos vuelto a encontrar con \u00e9l. &nbsp;Sab\u00edamos que lo hab\u00eda grabado junto al tambi\u00e9n actor colombiano Ronald Ayazo.<\/p>\n<p>Pues bien: gracias a la magia de Internet lo hemos hallado.<\/p>\n<p>Alcira Rodr\u00edguez grab\u00f3, al lado de su compa\u00f1ero de vida art\u00edstica, esta canci\u00f3n titulada &#8220;<em>T\u00fa y yo<\/em>&#8220;, que logr\u00f3 un especial sitio de honor en la radiodifusi\u00f3n nacional de la d\u00e9cada de los a\u00f1os 70, cuando estuvo en el aire y nos embarg\u00f3 el alma de alegr\u00eda y nostalgia a quienes, por fortuna, nunca hemos perdido la sensibilidad hacia las cosas amables y dulces que se construyen alrededor del amor.<\/p>\n<p>&nbsp;<\/p>\n<p><img decoding=\"async\" class=\"aligncenter size-full wp-image-1393\" title=\"EL RADIO DEL AYER\" src=\"https:\/\/lapiedrafilosofal.com\/wp-content\/uploads\/2011\/09\/EL-RADIO-DEL-AYER.jpg\" alt=\"EL RADIO DEL AYER\" width=\"500\"><\/p>\n<p>&nbsp;<\/p>\n<p>Todav\u00eda no inundaba a la red radiof\u00f3nica nacional esa p\u00e9sima idea de la &#8220;especializaci\u00f3n&#8221;, que acab\u00f3 con bellos g\u00e9neros e imborrables expresiones musicales y convirti\u00f3 las emisoras en el mon\u00f3tono y estridente refugio de toda suerte de pelafustanes de la ordinariez y el estr\u00e9pito. Uno encend\u00eda la radio y se encontraba con toda clase de m\u00fasica: canciones de rock, baladas, rancheras, tangos, pasodobles, bambucos, boleros, vallenatos, salsas, cumbias, sones, gaitas, merecumb\u00e9s, pasillos, merengues, valses, guabinas, cuecas, gaitas y hasta con acordes que acompa\u00f1aban la declamaci\u00f3n de alg\u00fan poema. Adem\u00e1s de una gama tan variada y exquisita, y entre otras cosas cumpliendo con la ley -que tal cosa ordena-, el locutor de turno anunciaba primero la canci\u00f3n, su compositor y su int\u00e9rprete, lo cual volv\u00eda a hacer despu\u00e9s de que la pieza sonaba. Hoy en d\u00eda, y salvo brillantes excepciones, la m\u00fasica suena y suena sin cesar, pero uno se queda sin saber qui\u00e9n carajos acaba de cantar o, al menos, c\u00f3mo diablos se llama la canci\u00f3n que acabaron de pasar en la emisora. Eso, sin contar los restantes vicios que se apoderaron de la radiodifusi\u00f3n y que en otra oportunidad comentaremos.<\/p>\n<p>&nbsp;<\/p>\n<p><img decoding=\"async\" class=\"aligncenter size-full wp-image-1394\" title=\"EL RADIO DE HOY\" src=\"https:\/\/lapiedrafilosofal.com\/wp-content\/uploads\/2011\/09\/RADIO-MODERNO.jpg\" alt=\"EL RADIO DE HOY\" width=\"500\" srcset=\"https:\/\/oscarhumbertogomez.com\/wp-content\/uploads\/2011\/09\/RADIO-MODERNO.jpg 394w, https:\/\/oscarhumbertogomez.com\/wp-content\/uploads\/2011\/09\/RADIO-MODERNO-300x274.jpg 300w\" sizes=\"(max-width: 394px) 100vw, 394px\" \/><\/p>\n<p>&nbsp;<\/p>\n<p>Por eso, al rememorar hoy en nuestro portal a Alcira Rodr\u00edguez nos unimos a las voces crecientes que no se resignan a que la decadencia de la radiodifusi\u00f3n siga su curso hacia el abismo y abogan porque vuelvan el amor, la amistad, la protesta, el paisaje, la tristeza y la alegr\u00eda, pero sobre todo el buen gusto, a constituirse en los temas de la m\u00fasica difundida a trav\u00e9s de las ondas hertzianas, y cese, por fin, esa chabacaner\u00eda insoportable que se apoder\u00f3 de la radio y que a muchos de sus seguidores de anta\u00f1o nos ha ido alejando poco a poco, pues cada vez menos nos sentimos identificados con ella y ya no la percibimos, como suced\u00eda antes, en el papel de una verdadera compa\u00f1\u00eda.<\/p>\n<p>&nbsp;<\/p>\n<p><img decoding=\"async\" class=\"aligncenter size-full wp-image-1395\" title=\"DISCO DE ACETATO\" src=\"https:\/\/lapiedrafilosofal.com\/wp-content\/uploads\/2011\/09\/DISCO-DE-ACETATO.jpg\" alt=\"DISCO DE ACETATO\" width=\"500\" srcset=\"https:\/\/oscarhumbertogomez.com\/wp-content\/uploads\/2011\/09\/DISCO-DE-ACETATO.jpg 320w, https:\/\/oscarhumbertogomez.com\/wp-content\/uploads\/2011\/09\/DISCO-DE-ACETATO-300x199.jpg 300w\" sizes=\"(max-width: 320px) 100vw, 320px\" \/><\/p>\n<p>&nbsp;<\/p>\n<p>Es de anotar que Alcira Rodr\u00edguez no alcanz\u00f3 a grabar un CD (disco compacto). Lo que grab\u00f3 fue un disco de acetato o disco de vinilo. Aquellos discos los hab\u00eda de 45 revoluciones por minuto (RPM), de 78 RPM y de 331\/3 RPM. A esta \u00faltima clase de disco se le denominaba &#8220;<em>long play<\/em>&#8221; o &#8220;<em>LP<\/em>&#8221;&nbsp;(larga duraci\u00f3n).&nbsp;Entendemos que el grabado por la artista desaparecida no fue uno de estos discos, sino un &#8220;sencillo&#8221; de 45 RPM.<\/p>\n<p>&nbsp;<\/p>\n<p>\u00a1Bienvenidos, pues, amigos y amigas, a la canci\u00f3n &#8220;<em>T\u00fa y yo<\/em>&#8220;, en la voz de la inolvidable Alcira Rodr\u00edguez y su compa\u00f1ero art\u00edstico Ronald Ayazo.<\/p>\n<p>&nbsp;<\/p>\n<p><iframe loading=\"lazy\" width=\"560\" height=\"315\" src=\"https:\/\/www.youtube-nocookie.com\/embed\/5Cvc78nFSrU?si=8HoMNReGhNtyXsrk&amp;controls=0\" title=\"YouTube video player\" frameborder=\"0\" allow=\"accelerometer; autoplay; clipboard-write; encrypted-media; gyroscope; picture-in-picture; web-share\" referrerpolicy=\"strict-origin-when-cross-origin\" allowfullscreen=\"\"><\/iframe><\/p>\n<p>&nbsp;<\/p>\n<p>_________<\/p>\n<p><strong>\u00d3SCAR HUMBERTO G\u00d3MEZ G\u00d3MEZ<\/strong>: Miembro de N\u00famero de la Academia de Historia de Santander. Miembro del Colegio Nacional de Periodistas. Miembro de la Sociedad de Autores y Compositores de Colombia (SAYCO). Miembro del ilustre y desaparecido Colegio de Abogados de Santander.<\/p>\n<p>&nbsp;<\/p>\n","protected":false},"excerpt":{"rendered":"<p>&nbsp; &nbsp; Alcira Rodr\u00edguez fue una hermosa y talentosa actriz colombiana que tuvo una especial presencia en la televisi\u00f3n nacional protagonizando telenovelas de gran acogida popular como, por ejemplo, la titulada Una vida para amarte. Para quienes no somos amantes &hellip; <a href=\"https:\/\/oscarhumbertogomez.com\/?p=1389\">Sigue leyendo <span class=\"meta-nav\">&rarr;<\/span><\/a><\/p>\n<div class='heateorSssClear'><\/div><div  class='heateor_sss_sharing_container heateor_sss_horizontal_sharing' heateor-sss-data-href='https:\/\/oscarhumbertogomez.com\/?p=1389'><div class='heateor_sss_sharing_title' style=\"font-weight:bold\" >\u00a1Gracias por compartirla!<\/div><ul class=\"heateor_sss_sharing_ul\"><li class=\"heateorSssSharingRound\"><i style=\"width:35px;height:35px;border-radius:999px;\" alt=\"Facebook\" Title=\"Facebook\" class=\"heateorSssSharing heateorSssFacebookBackground\" onclick='heateorSssPopup(\"https:\/\/www.facebook.com\/sharer\/sharer.php?u=https%3A%2F%2Foscarhumbertogomez.com%2Findex.php%3Frest_route%3D%252Fwp%252Fv2%252Fposts%252F1389\")'><ss style=\"display:block;border-radius:999px;\" class=\"heateorSssSharingSvg heateorSssFacebookSvg\"><\/ss><\/i><\/li><li class=\"heateorSssSharingRound\"><i style=\"width:35px;height:35px;border-radius:999px;\" alt=\"Twitter\" Title=\"Twitter\" class=\"heateorSssSharing heateorSssTwitterBackground\" onclick='heateorSssPopup(\"http:\/\/twitter.com\/intent\/tweet?text=ALCIRA%20RODR%C3%8DGUEZ%2C%20LA%20ACTRIZ%20QUE%20TAMBI%C3%89N%20CANTABA.%20Por%20%C3%93scar%20Humberto%20G%C3%B3mez%20G%C3%B3mez&url=https%3A%2F%2Foscarhumbertogomez.com%2Findex.php%3Frest_route%3D%252Fwp%252Fv2%252Fposts%252F1389\")'><ss style=\"display:block;border-radius:999px;\" class=\"heateorSssSharingSvg heateorSssTwitterSvg\"><\/ss><\/i><\/li><li class=\"heateorSssSharingRound\"><i style=\"width:35px;height:35px;border-radius:999px;\" alt=\"Whatsapp\" Title=\"Whatsapp\" class=\"heateorSssSharing heateorSssWhatsappBackground\" onclick='heateorSssPopup(\"https:\/\/web.whatsapp.com\/send?text=ALCIRA%20RODR%C3%8DGUEZ%2C%20LA%20ACTRIZ%20QUE%20TAMBI%C3%89N%20CANTABA.%20Por%20%C3%93scar%20Humberto%20G%C3%B3mez%20G%C3%B3mez https%3A%2F%2Foscarhumbertogomez.com%2Findex.php%3Frest_route%3D%252Fwp%252Fv2%252Fposts%252F1389\")'><ss style=\"display:block\" class=\"heateorSssSharingSvg heateorSssWhatsappSvg\"><\/ss><\/i><\/li><li class=\"heateorSssSharingRound\"><i style=\"width:35px;height:35px;border-radius:999px;\" alt=\"Pinterest\" Title=\"Pinterest\" class=\"heateorSssSharing heateorSssPinterestBackground\" onclick=\"javascript:void( (function() {var e=document.createElement('script' );e.setAttribute('type','text\/javascript' );e.setAttribute('charset','UTF-8' );e.setAttribute('src','\/\/assets.pinterest.com\/js\/pinmarklet.js?r='+Math.random()*99999999);document.body.appendChild(e)})());\"><ss style=\"display:block;border-radius:999px;\" class=\"heateorSssSharingSvg heateorSssPinterestSvg\"><\/ss><\/i><\/li><li class=\"heateorSssSharingRound\"><i style=\"width:35px;height:35px;border-radius:999px;\" alt=\"Google Gmail\" Title=\"Google Gmail\" class=\"heateorSssSharing heateorSssGoogleGmailBackground\" onclick='heateorSssPopup(\"https:\/\/mail.google.com\/mail\/?ui=2&view=cm&fs=1&tf=1&su=ALCIRA%20RODR%C3%8DGUEZ%2C%20LA%20ACTRIZ%20QUE%20TAMBI%C3%89N%20CANTABA.%20Por%20%C3%93scar%20Humberto%20G%C3%B3mez%20G%C3%B3mez&body=Link:https%3A%2F%2Foscarhumbertogomez.com%2Findex.php%3Frest_route%3D%252Fwp%252Fv2%252Fposts%252F1389\")'><ss style=\"display:block;border-radius:999px;\" class=\"heateorSssSharingSvg heateorSssGoogleGmailSvg\"><\/ss><\/i><\/li><li class=\"heateorSssSharingRound\"><i style=\"width:35px;height:35px;border-radius:999px;\" title=\"More\" alt=\"More\" class=\"heateorSssSharing heateorSssMoreBackground\" onclick=\"heateorSssMoreSharingPopup(this, 'https:\/\/oscarhumbertogomez.com\/index.php?rest_route=%2Fwp%2Fv2%2Fposts%2F1389', 'ALCIRA%20RODR%C3%8DGUEZ%2C%20LA%20ACTRIZ%20QUE%20TAMBI%C3%89N%20CANTABA.%20Por%20%C3%93scar%20Humberto%20G%C3%B3mez%20G%C3%B3mez', '' )\" ><ss style=\"display:block\" class=\"heateorSssSharingSvg heateorSssMoreSvg\"><\/ss><\/i><\/li><\/ul><div class=\"heateorSssClear\"><\/div><\/div><div class='heateorSssClear'><\/div>","protected":false},"author":2,"featured_media":0,"comment_status":"open","ping_status":"open","sticky":false,"template":"","format":"standard","meta":{"spay_email":"","footnotes":""},"categories":[55,8],"tags":[],"class_list":["post-1389","post","type-post","status-publish","format-standard","hentry","category-cine-y-television","category-musica"],"jetpack_featured_media_url":"","jetpack_shortlink":"https:\/\/wp.me\/s1FYrr-1389","_links":{"self":[{"href":"https:\/\/oscarhumbertogomez.com\/index.php?rest_route=\/wp\/v2\/posts\/1389","targetHints":{"allow":["GET"]}}],"collection":[{"href":"https:\/\/oscarhumbertogomez.com\/index.php?rest_route=\/wp\/v2\/posts"}],"about":[{"href":"https:\/\/oscarhumbertogomez.com\/index.php?rest_route=\/wp\/v2\/types\/post"}],"author":[{"embeddable":true,"href":"https:\/\/oscarhumbertogomez.com\/index.php?rest_route=\/wp\/v2\/users\/2"}],"replies":[{"embeddable":true,"href":"https:\/\/oscarhumbertogomez.com\/index.php?rest_route=%2Fwp%2Fv2%2Fcomments&post=1389"}],"version-history":[{"count":5,"href":"https:\/\/oscarhumbertogomez.com\/index.php?rest_route=\/wp\/v2\/posts\/1389\/revisions"}],"predecessor-version":[{"id":48871,"href":"https:\/\/oscarhumbertogomez.com\/index.php?rest_route=\/wp\/v2\/posts\/1389\/revisions\/48871"}],"wp:attachment":[{"href":"https:\/\/oscarhumbertogomez.com\/index.php?rest_route=%2Fwp%2Fv2%2Fmedia&parent=1389"}],"wp:term":[{"taxonomy":"category","embeddable":true,"href":"https:\/\/oscarhumbertogomez.com\/index.php?rest_route=%2Fwp%2Fv2%2Fcategories&post=1389"},{"taxonomy":"post_tag","embeddable":true,"href":"https:\/\/oscarhumbertogomez.com\/index.php?rest_route=%2Fwp%2Fv2%2Ftags&post=1389"}],"curies":[{"name":"wp","href":"https:\/\/api.w.org\/{rel}","templated":true}]}}