{"id":1404,"date":"2011-09-18T11:30:06","date_gmt":"2011-09-18T16:30:06","guid":{"rendered":"http:\/\/www.oscarhumbertogomez.com\/?p=1404"},"modified":"2024-06-30T16:18:08","modified_gmt":"2024-06-30T21:18:08","slug":"el-saludo-a-la-bandera","status":"publish","type":"post","link":"https:\/\/oscarhumbertogomez.com\/?p=1404","title":{"rendered":"El saludo a la bandera. Por \u00d3scar Humberto G\u00f3mez G\u00f3mez"},"content":{"rendered":"<p><img loading=\"lazy\" decoding=\"async\" class=\"aligncenter size-full wp-image-1405\" title=\"BANDERA NACIONAL DE COLOMBIA\" src=\"https:\/\/lapiedrafilosofal.com\/wp-content\/uploads\/2011\/09\/Bandera-nacional-de-Colombia.jpg\" alt=\"BANDERA NACIONAL DE COLOMBIA\" width=\"401\" height=\"299\" srcset=\"https:\/\/oscarhumbertogomez.com\/wp-content\/uploads\/2011\/09\/Bandera-nacional-de-Colombia.jpg 401w, https:\/\/oscarhumbertogomez.com\/wp-content\/uploads\/2011\/09\/Bandera-nacional-de-Colombia-300x223.jpg 300w\" sizes=\"auto, (max-width: 401px) 100vw, 401px\" \/><\/p>\n<p>&nbsp;<\/p>\n<p>La bandera es uno de los s\u00edmbolos de la Patria. Los otros dos son el escudo y el himno nacional. Nuestra bandera fue dise\u00f1ada por el Precursor Francisco Miranda, patriota \u00edntegro que, infortunadamente, termin\u00f3 preso y muerto en C\u00e1diz (Espa\u00f1a) como consecuencia de una situaci\u00f3n lamentable desencadenada en el interior de las fuerzas independentistas y que no es el caso entrar a analizar aqu\u00ed.<\/p>\n<p>&nbsp;<\/p>\n<p><img loading=\"lazy\" decoding=\"async\" class=\"aligncenter size-full wp-image-1407\" title=\"BANDERA DE FRANCISCO MIRANDA\" src=\"https:\/\/lapiedrafilosofal.com\/wp-content\/uploads\/2011\/09\/BANDERA-DE-FRANCISCO-MIRANDA.jpg\" alt=\"BANDERA DE FRANCISCO MIRANDA\" width=\"244\" height=\"166\"><\/p>\n<p>&nbsp;<\/p>\n<p>Nuestro tricolor, amarillo, azul y rojo, se agit\u00f3 en las batallas que se dieron en 1819 y que sellaron nuestra independencia de Espa\u00f1a, entre ellas las de G\u00e1meza, T\u00f3paga, Corrales de Bonza, Pantano de Vargas y, por supuesto, la del Puente de Boyac\u00e1, en realidad un peque\u00f1o puente sobre el precario r\u00edo Teatinos.<\/p>\n<p>&nbsp;<\/p>\n<div id=\"attachment_12910\" style=\"width: 810px\" class=\"wp-caption aligncenter\"><img loading=\"lazy\" decoding=\"async\" aria-describedby=\"caption-attachment-12910\" class=\"size-full wp-image-12910\" title=\"BANDERA DE COLOMBIA A MEDIA ASTA\" src=\"https:\/\/lapiedrafilosofal.com\/wp-content\/uploads\/2011\/09\/BANDERA-DE-COLOMBIA-A-MEDIA-ASTA.jpg\" alt=\"\" width=\"800\" height=\"583\" srcset=\"https:\/\/oscarhumbertogomez.com\/wp-content\/uploads\/2011\/09\/BANDERA-DE-COLOMBIA-A-MEDIA-ASTA.jpg 800w, https:\/\/oscarhumbertogomez.com\/wp-content\/uploads\/2011\/09\/BANDERA-DE-COLOMBIA-A-MEDIA-ASTA-300x218.jpg 300w\" sizes=\"auto, (max-width: 800px) 100vw, 800px\" \/><p id=\"caption-attachment-12910\" class=\"wp-caption-text\"><\/p>\n<p>&nbsp;<\/p>\n<p>LA BANDERA A MEDIA ASTA SIGNIFICA DUELO O LUTO. SE DEBE IZAR HASTA ARRIBA Y LUEGO DEJARLA DESCENDER HASTA SU POSICI\u00d3N DEFINITIVA. NO SE TRATA DE DEJARLA A LA MITAD DEL M\u00c1STIL, SINO A UNA DISTANCIA RESPECTO DEL TOPE SUPERIOR EQUIVALENTE AL ANCHO DE LA BANDERA IZADA. ESE ESPACIO SIMBOLIZA LA &#8220;BANDERA INVISIBLE DE LA MUERTE&#8221;.<\/p><\/div>\n<p>&nbsp;<\/p>\n<p>Nuestra bandera encierra un especial significado y, precisamente debido a \u00e9l, debe ser tratada con singular respeto. La Urbanidad ense\u00f1a que, por ejemplo, la bandera nacional jam\u00e1s debe quedar m\u00e1s baja que cualquiera otra y ha de estar siempre colocada a la derecha. Izar la bandera es hacer que ascienda por un m\u00e1stil. No es ponerla de cualquier manera y ni siquiera en forma de mariposa encima de una ventana. Tampoco es correcto vestirla como pantaloneta, tal y como lo hizo el boxeador &#8220;Kid Pambel\u00e9&#8221; en la d\u00e9cada de los a\u00f1os 70.<\/p>\n<p>Cuando \u00e9ramos ni\u00f1os, la jornada escolar se iniciaba con una oraci\u00f3n, una canci\u00f3n colombiana y el saludo a la bandera. Las tres cosas, por desgracia, entraron en decadencia en estos tiempos de turbulencia en los que no se respeta a nadie ni a nada, renegamos de nuestras m\u00e1s caras creencias y marginamos al olvido las m\u00e1s representativas expresiones de nuestra cultura.<\/p>\n<p>La bandera encarna nuestros aciertos y nuestros errores como una naci\u00f3n que trata de labrar su propia historia. Encarna, adem\u00e1s, nuestros sue\u00f1os, esperanzas, reveses, metas, amores y desamores, la luz o la sombra de nuestro porvenir, las l\u00e1grimas de nuestro pueblo que se siente sin ma\u00f1ana o la fuerza vital y el optimismo de los que creemos que, a pesar de todo, el ma\u00f1ana de Colombia s\u00ed existe. En fin, la bandera de Colombia lo encarna todo.<\/p>\n<p>Los se\u00f1ores de antes se quitaban el sombrero cuando pasaban frente a la bandera. En las tropas siempre hay un abanderado, vale decir, quien porta la bandera. Al coronel antioque\u00f1o Atanasio Girardot se le representa cayendo baleado envuelto por el tricolor nacional en B\u00e1rbula.<\/p>\n<p>&nbsp;<\/p>\n<p><img loading=\"lazy\" decoding=\"async\" class=\"aligncenter size-large wp-image-1408\" title=\"ATANASIO GIRARDOT EN B\u00c1RBULA\" src=\"https:\/\/lapiedrafilosofal.com\/wp-content\/uploads\/2011\/09\/ATANASIO-GIRARDOT-EN-B\u00c1RBULA-770x1024.jpg\" alt=\"ATANASIO GIRARDOT EN B\u00c1RBULA\" width=\"640\" height=\"851\" srcset=\"https:\/\/oscarhumbertogomez.com\/wp-content\/uploads\/2011\/09\/ATANASIO-GIRARDOT-EN-B\u00c1RBULA-770x1024.jpg 770w, https:\/\/oscarhumbertogomez.com\/wp-content\/uploads\/2011\/09\/ATANASIO-GIRARDOT-EN-B\u00c1RBULA-225x300.jpg 225w, https:\/\/oscarhumbertogomez.com\/wp-content\/uploads\/2011\/09\/ATANASIO-GIRARDOT-EN-B\u00c1RBULA.jpg 1143w\" sizes=\"auto, (max-width: 640px) 100vw, 640px\" \/><\/p>\n<p>&nbsp;<\/p>\n<p>No se trata de ning\u00fan esp\u00edritu patriotero, como dicen con desprecio algunos. Es que ninguna naci\u00f3n del mundo desprecia su bandera. En los c\u00f3digos penales de la Tierra se consagran normas punitivas que castigan el agravio a la bandera de otro pa\u00eds.<\/p>\n<p>Pues bien:<\/p>\n<p>Se volvi\u00f3 costumbre de un tiempo para ac\u00e1 hablar de &#8220;un saludo a la bandera&#8221; para denotar algo carente de la m\u00e1s m\u00ednima importancia, acaso algo sin valor pr\u00e1ctico de ninguna naturaleza, algo inane. Se dice, en efecto, hoy en d\u00eda con inocultable desprecio: <em>&#8220;Eso no es m\u00e1s que un saludo a la bandera&#8221;<\/em>. <em>&#8220;Esa decisi\u00f3n del gobierno no va a terminar siendo sino un saludo a la bandera&#8221;.<\/em><\/p>\n<p>No nos parece, sin embargo, que semejante asimilaci\u00f3n resulte correcta. Cuando menos, se nos hace un tanto irrespetuosa. Innecesariamente irrespetuosa, adem\u00e1s.<\/p>\n<p>Se ha vuelto algo as\u00ed como una moda la actitud iconoclasta de ofender -por el mero capricho de ofender- s\u00edmbolos que debieran estar ajenos a la discusi\u00f3n sobre lo respetable y lo no respetable. La bandera nacional debe estar al margen de esta clase de pol\u00e9micas bizantinas. Sencillamente, lo que simboliza a un pa\u00eds, con todo y la carga de problemas que \u00e9ste tenga, debe ser terreno vedado al manoseo.<\/p>\n<p>Infortunadamente, irrespetar los s\u00edmbolos de un pueblo, de una cultura, de una religi\u00f3n, amenaza con extenderse como plaga. Nunca hemos podido entender, pongamos por caso, por qu\u00e9 habiendo tantos nombres para denominar a un perro se emplea el de Mahoma, tal y como lo hizo aquella profesora inglesa que en un pa\u00eds musulm\u00e1n fue condenada a muerte por ese hecho y, finalmente, acab\u00f3 expulsada. &nbsp;M\u00e1s all\u00e1 de que nos guste o no nos guste la religi\u00f3n musulmana, lo m\u00ednimo que podemos hacer es dejar quieto a su m\u00e1ximo profeta. Esa clase de actitudes innecesariamente ofensivas equivalen a que en el Medio Oriente bautizaran a un perro con el nombre de Jesucristo o de San Juan Bautista.<\/p>\n<p>De la misma manera, seguimos sin entender por qu\u00e9 ahora cogieron la bandera nacional para esa clase de dichos.<\/p>\n<p>Si quieren un ejemplo de algo inane, de algo que a la postre no sirva para nada, ah\u00ed est\u00e1n, pongamos por caso, las vallas publicitarias de las campa\u00f1as pol\u00edticas. No conocemos el primer caso de alguien que haya votado por un candidato s\u00f3lo porque lo vio en una valla. Y s\u00ed, en cambio, como lo expresamos a prop\u00f3sito de la propuesta que hace algunos meses nos hicieron para una candidatura a la Gobernaci\u00f3n de Santander, en esas vallas se gastan enormes sumas de dinero, lo que resulta ofensivo en una sociedad tan llena de hambre y de desesperanza. Podr\u00edamos decir, entonces, para indicar que algo no tendr\u00e1 efectos pr\u00e1cticos: <em>&#8220;Eso no va a terminar siendo m\u00e1s que un mensaje pol\u00edtico de valla publicitaria&#8221;.<\/em><\/p>\n<p>Existen muchos otros ejemplos de cosas sin importancia pr\u00e1ctica alguna. A la bandera nacional deber\u00edamos dejar de manosearla utiliz\u00e1ndola para esos menesteres.<\/p>\n<p>&nbsp;<\/p>\n","protected":false},"excerpt":{"rendered":"<p>&nbsp; La bandera es uno de los s\u00edmbolos de la Patria. Los otros dos son el escudo y el himno nacional. Nuestra bandera fue dise\u00f1ada por el Precursor Francisco Miranda, patriota \u00edntegro que, infortunadamente, termin\u00f3 preso y muerto en C\u00e1diz &hellip; <a href=\"https:\/\/oscarhumbertogomez.com\/?p=1404\">Sigue leyendo <span class=\"meta-nav\">&rarr;<\/span><\/a><\/p>\n<div class='heateorSssClear'><\/div><div  class='heateor_sss_sharing_container heateor_sss_horizontal_sharing' heateor-sss-data-href='https:\/\/oscarhumbertogomez.com\/?p=1404'><div class='heateor_sss_sharing_title' style=\"font-weight:bold\" >\u00a1Gracias por compartirla!<\/div><ul class=\"heateor_sss_sharing_ul\"><li class=\"heateorSssSharingRound\"><i style=\"width:35px;height:35px;border-radius:999px;\" alt=\"Facebook\" Title=\"Facebook\" class=\"heateorSssSharing heateorSssFacebookBackground\" onclick='heateorSssPopup(\"https:\/\/www.facebook.com\/sharer\/sharer.php?u=https%3A%2F%2Foscarhumbertogomez.com%2Findex.php%3Frest_route%3D%252Fwp%252Fv2%252Fposts%252F1404\")'><ss style=\"display:block;border-radius:999px;\" class=\"heateorSssSharingSvg heateorSssFacebookSvg\"><\/ss><\/i><\/li><li class=\"heateorSssSharingRound\"><i style=\"width:35px;height:35px;border-radius:999px;\" alt=\"Twitter\" Title=\"Twitter\" class=\"heateorSssSharing heateorSssTwitterBackground\" onclick='heateorSssPopup(\"http:\/\/twitter.com\/intent\/tweet?text=El%20saludo%20a%20la%20bandera.%20Por%20%C3%93scar%20Humberto%20G%C3%B3mez%20G%C3%B3mez&url=https%3A%2F%2Foscarhumbertogomez.com%2Findex.php%3Frest_route%3D%252Fwp%252Fv2%252Fposts%252F1404\")'><ss style=\"display:block;border-radius:999px;\" class=\"heateorSssSharingSvg heateorSssTwitterSvg\"><\/ss><\/i><\/li><li class=\"heateorSssSharingRound\"><i style=\"width:35px;height:35px;border-radius:999px;\" alt=\"Whatsapp\" Title=\"Whatsapp\" class=\"heateorSssSharing heateorSssWhatsappBackground\" onclick='heateorSssPopup(\"https:\/\/web.whatsapp.com\/send?text=El%20saludo%20a%20la%20bandera.%20Por%20%C3%93scar%20Humberto%20G%C3%B3mez%20G%C3%B3mez https%3A%2F%2Foscarhumbertogomez.com%2Findex.php%3Frest_route%3D%252Fwp%252Fv2%252Fposts%252F1404\")'><ss style=\"display:block\" class=\"heateorSssSharingSvg heateorSssWhatsappSvg\"><\/ss><\/i><\/li><li class=\"heateorSssSharingRound\"><i style=\"width:35px;height:35px;border-radius:999px;\" alt=\"Pinterest\" Title=\"Pinterest\" class=\"heateorSssSharing heateorSssPinterestBackground\" onclick=\"javascript:void( (function() {var e=document.createElement('script' );e.setAttribute('type','text\/javascript' );e.setAttribute('charset','UTF-8' );e.setAttribute('src','\/\/assets.pinterest.com\/js\/pinmarklet.js?r='+Math.random()*99999999);document.body.appendChild(e)})());\"><ss style=\"display:block;border-radius:999px;\" class=\"heateorSssSharingSvg heateorSssPinterestSvg\"><\/ss><\/i><\/li><li class=\"heateorSssSharingRound\"><i style=\"width:35px;height:35px;border-radius:999px;\" alt=\"Google Gmail\" Title=\"Google Gmail\" class=\"heateorSssSharing heateorSssGoogleGmailBackground\" onclick='heateorSssPopup(\"https:\/\/mail.google.com\/mail\/?ui=2&view=cm&fs=1&tf=1&su=El%20saludo%20a%20la%20bandera.%20Por%20%C3%93scar%20Humberto%20G%C3%B3mez%20G%C3%B3mez&body=Link:https%3A%2F%2Foscarhumbertogomez.com%2Findex.php%3Frest_route%3D%252Fwp%252Fv2%252Fposts%252F1404\")'><ss style=\"display:block;border-radius:999px;\" class=\"heateorSssSharingSvg heateorSssGoogleGmailSvg\"><\/ss><\/i><\/li><li class=\"heateorSssSharingRound\"><i style=\"width:35px;height:35px;border-radius:999px;\" title=\"More\" alt=\"More\" class=\"heateorSssSharing heateorSssMoreBackground\" onclick=\"heateorSssMoreSharingPopup(this, 'https:\/\/oscarhumbertogomez.com\/index.php?rest_route=%2Fwp%2Fv2%2Fposts%2F1404', 'El%20saludo%20a%20la%20bandera.%20Por%20%C3%93scar%20Humberto%20G%C3%B3mez%20G%C3%B3mez', '' )\" ><ss style=\"display:block\" class=\"heateorSssSharingSvg heateorSssMoreSvg\"><\/ss><\/i><\/li><\/ul><div class=\"heateorSssClear\"><\/div><\/div><div class='heateorSssClear'><\/div>","protected":false},"author":2,"featured_media":0,"comment_status":"closed","ping_status":"closed","sticky":false,"template":"","format":"standard","meta":{"spay_email":"","footnotes":""},"categories":[57],"tags":[],"class_list":["post-1404","post","type-post","status-publish","format-standard","hentry","category-campanas"],"jetpack_featured_media_url":"","jetpack_shortlink":"https:\/\/wp.me\/p1FYrr-mE","_links":{"self":[{"href":"https:\/\/oscarhumbertogomez.com\/index.php?rest_route=\/wp\/v2\/posts\/1404","targetHints":{"allow":["GET"]}}],"collection":[{"href":"https:\/\/oscarhumbertogomez.com\/index.php?rest_route=\/wp\/v2\/posts"}],"about":[{"href":"https:\/\/oscarhumbertogomez.com\/index.php?rest_route=\/wp\/v2\/types\/post"}],"author":[{"embeddable":true,"href":"https:\/\/oscarhumbertogomez.com\/index.php?rest_route=\/wp\/v2\/users\/2"}],"replies":[{"embeddable":true,"href":"https:\/\/oscarhumbertogomez.com\/index.php?rest_route=%2Fwp%2Fv2%2Fcomments&post=1404"}],"version-history":[{"count":5,"href":"https:\/\/oscarhumbertogomez.com\/index.php?rest_route=\/wp\/v2\/posts\/1404\/revisions"}],"predecessor-version":[{"id":48385,"href":"https:\/\/oscarhumbertogomez.com\/index.php?rest_route=\/wp\/v2\/posts\/1404\/revisions\/48385"}],"wp:attachment":[{"href":"https:\/\/oscarhumbertogomez.com\/index.php?rest_route=%2Fwp%2Fv2%2Fmedia&parent=1404"}],"wp:term":[{"taxonomy":"category","embeddable":true,"href":"https:\/\/oscarhumbertogomez.com\/index.php?rest_route=%2Fwp%2Fv2%2Fcategories&post=1404"},{"taxonomy":"post_tag","embeddable":true,"href":"https:\/\/oscarhumbertogomez.com\/index.php?rest_route=%2Fwp%2Fv2%2Ftags&post=1404"}],"curies":[{"name":"wp","href":"https:\/\/api.w.org\/{rel}","templated":true}]}}