{"id":14134,"date":"2014-10-16T10:47:14","date_gmt":"2014-10-16T15:47:14","guid":{"rendered":"http:\/\/www.oscarhumbertogomez.com\/?p=14134"},"modified":"2025-04-05T11:49:24","modified_gmt":"2025-04-05T16:49:24","slug":"abogacia-otra-vez-bajo-la-ferula-disciplinaria-del-estado-por-oscar-humberto-gomez-gomez-miembro-del-colegio-nacional-de-periodistas","status":"publish","type":"post","link":"https:\/\/oscarhumbertogomez.com\/?p=14134","title":{"rendered":"Abogac\u00eda: \u00bfotra vez bajo la f\u00e9rula disciplinaria del Estado? Por \u00d3scar Humberto G\u00f3mez G\u00f3mez. Miembro del Colegio Nacional de Periodistas"},"content":{"rendered":"<p><img decoding=\"async\" class=\"aligncenter size-full wp-image-4481\" src=\"https:\/\/lapiedrafilosofal.com\/wp-content\/uploads\/2012\/06\/OSCAR-HUMBERTO-GOMEZ.jpg\" alt=\"OSCAR HUMBERTO GOMEZ\" width=\"500\"><\/p>\n<p>&nbsp;<\/p>\n<p>Consejo Nacional de Disciplina Judicial.<br \/>\nAs\u00ed se llamar\u00eda ahora la instituci\u00f3n del Estado que \u2014sin ser ellos funcionarios judiciales\u2014 juzgar\u00eda disciplinariamente a los abogados y examinar\u00eda su \u00e9tica profesional&#8230;siempre desde el punto de vista oficial, como es obvio.<\/p>\n<p>Con ello, el Estado pretende de nuevo negarle a la Abogac\u00eda el trato que tienen las dem\u00e1s profesiones liberales. Conforme hemos venido sosteniendo, esa igualdad de trato solo se la dar\u00eda creando el Tribunal Nacional de \u00c9tica del Abogado, as\u00ed como existe, por ejemplo, el Tribunal Nacional de \u00c9tica M\u00e9dica.<\/p>\n<p>Empero, el querer mantener a los abogados bajo la amenaza de su garrote disciplinario para que se porten juiciosos y no se atrevan a &#8220;irrespetar&#8221; a los verdaderos funcionarios oficiales \u2014no solo del poder judicial, sino tampoco del poder ejecutivo o legislativo\u2014 ejerciendo la libertad de expresi\u00f3n y el derecho de reproche y de denuncia, es pol\u00edtica del Estado que viene de vieja data.<\/p>\n<p>Mucho antes, en efecto, lo hizo a trav\u00e9s de la llamada &#8220;Supercorte&#8221;, esto es, del Tribunal Disciplinario, que en segunda instancia los juzgaba y sancionaba, luego de que en primera instancia los investigaran y juzgaran los magistrados de las salas penal, civil o laboral de los tribunales superiores, ante los cuales deb\u00edan comparecer como si fuesen subalternos suyos, a dar explicaciones de su conducta profesional y hasta del por qu\u00e9 vertieron en sus escritos esta o aquella otra opini\u00f3n acerca de determinado funcionario.<br \/>\nEran esos mismos magistrados aquellos ante los cuales los abogados litigantes ten\u00edan que ejercer su profesi\u00f3n presentando recursos y alegaciones.<\/p>\n<p>Despu\u00e9s vino la actual Sala Jurisdiccional-Disciplinaria del Consejo Superior de la Judicatura que, tambi\u00e9n en segunda instancia, los juzga y sanciona luego de que en primera instancia lo han hecho las salas jurisdiccionales-disciplinarias de los consejos seccionales de la judicatura.<\/p>\n<p>Esta es la tristemente c\u00e9lebre sala del &#8220;carrusel de pensiones&#8221; a trav\u00e9s de &#8220;palomitas&#8221;, denunciado por la revista <em>Semana<\/em>, mucho despu\u00e9s de que \u2014sin el mismo eco, l\u00f3gicamente\u2014 lo hici\u00e9ramos nosotros en otros escenarios.<\/p>\n<p>\u00bfDe qu\u00e9 se trataba? De que, para timar al erario, en la Sala Jurisdiccional-Disciplinaria del Consejo Superior de Judicatura se nombraba a jueces que se iban a jubilar con una mesada acorde al cargo que ocupaban, para que se pensionaran, no con esa mesada, sino con la correspondiente a un magistrado auxiliar. De esta manera, a quien deber\u00eda recibir una mensualidad calculada sobre un salario de cuatro millones, se la terminar\u00edan calculando sobre un salario de diecisiete millones. As\u00ed, la mesada de tres millones mensuales que le esperaba, se transformaba, como por artes de magia, en una mesada de trece millones. [*1]<\/p>\n<p>Aquella grav\u00edsima denuncia, que ha debido sacudir al pa\u00eds, a las facultades de derecho y a las asociaciones de abogados hasta producir el cierre de ese foco de corrupci\u00f3n, no sacudi\u00f3 a nadie. Mucho menos, a la tambi\u00e9n tristemente c\u00e9lebre Comisi\u00f3n de Acusaciones, llamada con raz\u00f3n &#8220;Comisi\u00f3n de Absoluciones&#8221;, que se dedic\u00f3 a reclamar para s\u00ed el derecho a adelantar la dizque &#8220;investigaci\u00f3n&#8221; del esc\u00e1ndalo y hasta se enfrent\u00f3 con la Contralora General de la Rep\u00fablica Sandra Morelli cuando esta inici\u00f3 las pesquisas sobre aquel bochornoso caso, desde el punto de vista del enorme da\u00f1o fiscal que tales pr\u00e1cticas hab\u00edan tra\u00eddo consigo para el erario, o sea, para la plata que el Estado recauda \u2014entre otras fuentes\u2014 a costillas de quienes pagamos impuestos. [*2]<\/p>\n<p>Y a prop\u00f3sito: \u00bf en qu\u00e9 par\u00f3 aquel esc\u00e1ndalo?<\/p>\n<p>En lo de siempre: en que hoy el se\u00f1or Ovidio Claros y sus compa\u00f1eros de haza\u00f1a siguen ah\u00ed, tan campantes, como el g\u00fcisqui Johnny Walker, mientras que la doctora Sandra Morelli tuvo que exiliarse en Italia para evitar que el acucioso y severo Fiscal General de Colombia la capture, enjuicie, condene y encarcele.<\/p>\n<p>Y es esa misma Sala, y es ese mismo se\u00f1or Ovidio Claros, quienes investigan, juzgan y sancionan a los abogados colombianos por &#8230;\u00a1qu\u00e9 horror!&#8230;\u00a1\u00a1\u00a1\u00a1\u00a1faltas a la \u00c9tica!!!!!<\/p>\n<p>Pero esto no es todo. A este pa\u00eds desmemoriado, y a nuestra Abogac\u00eda sin memoria, hay que recordarles que en el pasado proyecto de &#8220;Reforma a la Justicia&#8221;, es decir, en ese mismo que se hundi\u00f3 bajo el peso agobiador de los micos y orangutanes que le colgaron \u2014seg\u00fan el presidente Santos a sus espaldas\u2014, se hab\u00eda dispuesto que desaparecer\u00eda la cuestionada Sala Jurisdiccional-Disciplinaria del Consejo Superior de la Judicatura y que &#8220;mientras tanto&#8221;, vale decir, mientras se pon\u00eda a funcionar el organismo estatal que los juzgar\u00eda en adelante, a los abogados los investigar\u00eda, juzgar\u00eda y sancionar\u00eda disciplinariamente&#8230;\u00a1por favor!&#8230;\u00a1\u00a1\u00a1\u00a1\u00a1la Procuradur\u00eda General de la Naci\u00f3n!!!!!<\/p>\n<p>Basta leer el nombre de la nueva entidad (Consejo Nacional de Disciplina <strong>Judicial<\/strong>) para apreciar de bulto el absurdo: el abogado litigante, el profesional liberal que ejerce la profesi\u00f3n liberal de la Abogac\u00eda, <strong>no es funcionario ni empleado del Poder Judicial<\/strong>.<\/p>\n<p>\u00bfQu\u00e9 dir\u00e1n las facultades de Derecho?<\/p>\n<p>\u00bfQu\u00e9 dir\u00e1n las asociaciones de abogados?<\/p>\n<p>\u00bfSe pronunciar\u00e1n en\u00e9rgicamente y se opondr\u00e1n a que este exabrupto contin\u00fae?<\/p>\n<p>O ser\u00e1 que el nuevo Consejo Nacional de Disciplina Judicial se impondr\u00e1 como nuevo juez disciplinario de la Abogac\u00eda libre sin que nadie \u2014excepto este aislado periodista\u2014 al menos proteste&#8230;<\/p>\n<p>_________<\/p>\n<p>*1&nbsp;<em>: D\u00e9 clic izquierdo encima del siguiente enlace:<\/em><\/p>\n<p><a href=\"http:\/\/www.oscarhumbertogomez.com\/?p=11427\">http:\/\/www.oscarhumbertogomez.com\/?p=11427<\/a><\/p>\n<p>*2:&nbsp;<em>D\u00e9 clic izquierdo encima del siguiente enlace:<\/em><\/p>\n<p><a href=\"http:\/\/www.oscarhumbertogomez.com\/?p=11419\">http:\/\/www.oscarhumbertogomez.com\/?p=11419&nbsp;<\/a><\/p>\n","protected":false},"excerpt":{"rendered":"<p>&nbsp; Consejo Nacional de Disciplina Judicial. As\u00ed se llamar\u00eda ahora la instituci\u00f3n del Estado que \u2014sin ser ellos funcionarios judiciales\u2014 juzgar\u00eda disciplinariamente a los abogados y examinar\u00eda su \u00e9tica profesional&#8230;siempre desde el punto de vista oficial, como es obvio. Con &hellip; <a href=\"https:\/\/oscarhumbertogomez.com\/?p=14134\">Sigue leyendo <span class=\"meta-nav\">&rarr;<\/span><\/a><\/p>\n<div class='heateorSssClear'><\/div><div  class='heateor_sss_sharing_container heateor_sss_horizontal_sharing' heateor-sss-data-href='https:\/\/oscarhumbertogomez.com\/?p=14134'><div class='heateor_sss_sharing_title' style=\"font-weight:bold\" >\u00a1Gracias por compartirla!<\/div><ul class=\"heateor_sss_sharing_ul\"><li class=\"heateorSssSharingRound\"><i style=\"width:35px;height:35px;border-radius:999px;\" alt=\"Facebook\" Title=\"Facebook\" class=\"heateorSssSharing heateorSssFacebookBackground\" onclick='heateorSssPopup(\"https:\/\/www.facebook.com\/sharer\/sharer.php?u=https%3A%2F%2Foscarhumbertogomez.com%2Findex.php%3Frest_route%3D%252Fwp%252Fv2%252Fposts%252F14134\")'><ss style=\"display:block;border-radius:999px;\" class=\"heateorSssSharingSvg heateorSssFacebookSvg\"><\/ss><\/i><\/li><li class=\"heateorSssSharingRound\"><i style=\"width:35px;height:35px;border-radius:999px;\" alt=\"Twitter\" Title=\"Twitter\" class=\"heateorSssSharing heateorSssTwitterBackground\" onclick='heateorSssPopup(\"http:\/\/twitter.com\/intent\/tweet?text=Abogac%C3%ADa%3A%20%C2%BFotra%20vez%20bajo%20la%20f%C3%A9rula%20disciplinaria%20del%20Estado%3F%20Por%20%C3%93scar%20Humberto%20G%C3%B3mez%20G%C3%B3mez.%20Miembro%20del%20Colegio%20Nacional%20de%20Periodistas&url=https%3A%2F%2Foscarhumbertogomez.com%2Findex.php%3Frest_route%3D%252Fwp%252Fv2%252Fposts%252F14134\")'><ss style=\"display:block;border-radius:999px;\" class=\"heateorSssSharingSvg heateorSssTwitterSvg\"><\/ss><\/i><\/li><li class=\"heateorSssSharingRound\"><i style=\"width:35px;height:35px;border-radius:999px;\" alt=\"Whatsapp\" Title=\"Whatsapp\" class=\"heateorSssSharing heateorSssWhatsappBackground\" onclick='heateorSssPopup(\"https:\/\/web.whatsapp.com\/send?text=Abogac%C3%ADa%3A%20%C2%BFotra%20vez%20bajo%20la%20f%C3%A9rula%20disciplinaria%20del%20Estado%3F%20Por%20%C3%93scar%20Humberto%20G%C3%B3mez%20G%C3%B3mez.%20Miembro%20del%20Colegio%20Nacional%20de%20Periodistas https%3A%2F%2Foscarhumbertogomez.com%2Findex.php%3Frest_route%3D%252Fwp%252Fv2%252Fposts%252F14134\")'><ss style=\"display:block\" class=\"heateorSssSharingSvg heateorSssWhatsappSvg\"><\/ss><\/i><\/li><li class=\"heateorSssSharingRound\"><i style=\"width:35px;height:35px;border-radius:999px;\" alt=\"Pinterest\" Title=\"Pinterest\" class=\"heateorSssSharing heateorSssPinterestBackground\" onclick=\"javascript:void( (function() {var e=document.createElement('script' );e.setAttribute('type','text\/javascript' );e.setAttribute('charset','UTF-8' );e.setAttribute('src','\/\/assets.pinterest.com\/js\/pinmarklet.js?r='+Math.random()*99999999);document.body.appendChild(e)})());\"><ss style=\"display:block;border-radius:999px;\" class=\"heateorSssSharingSvg heateorSssPinterestSvg\"><\/ss><\/i><\/li><li class=\"heateorSssSharingRound\"><i style=\"width:35px;height:35px;border-radius:999px;\" alt=\"Google Gmail\" Title=\"Google Gmail\" class=\"heateorSssSharing heateorSssGoogleGmailBackground\" onclick='heateorSssPopup(\"https:\/\/mail.google.com\/mail\/?ui=2&view=cm&fs=1&tf=1&su=Abogac%C3%ADa%3A%20%C2%BFotra%20vez%20bajo%20la%20f%C3%A9rula%20disciplinaria%20del%20Estado%3F%20Por%20%C3%93scar%20Humberto%20G%C3%B3mez%20G%C3%B3mez.%20Miembro%20del%20Colegio%20Nacional%20de%20Periodistas&body=Link:https%3A%2F%2Foscarhumbertogomez.com%2Findex.php%3Frest_route%3D%252Fwp%252Fv2%252Fposts%252F14134\")'><ss style=\"display:block;border-radius:999px;\" class=\"heateorSssSharingSvg heateorSssGoogleGmailSvg\"><\/ss><\/i><\/li><li class=\"heateorSssSharingRound\"><i style=\"width:35px;height:35px;border-radius:999px;\" title=\"More\" alt=\"More\" class=\"heateorSssSharing heateorSssMoreBackground\" onclick=\"heateorSssMoreSharingPopup(this, 'https:\/\/oscarhumbertogomez.com\/index.php?rest_route=%2Fwp%2Fv2%2Fposts%2F14134', 'Abogac%C3%ADa%3A%20%C2%BFotra%20vez%20bajo%20la%20f%C3%A9rula%20disciplinaria%20del%20Estado%3F%20Por%20%C3%93scar%20Humberto%20G%C3%B3mez%20G%C3%B3mez.%20Miembro%20del%20Colegio%20Nacional%20de%20Periodistas', '' )\" ><ss style=\"display:block\" class=\"heateorSssSharingSvg heateorSssMoreSvg\"><\/ss><\/i><\/li><\/ul><div class=\"heateorSssClear\"><\/div><\/div><div class='heateorSssClear'><\/div>","protected":false},"author":2,"featured_media":0,"comment_status":"closed","ping_status":"closed","sticky":false,"template":"","format":"standard","meta":{"spay_email":"","footnotes":""},"categories":[60,11],"tags":[],"class_list":["post-14134","post","type-post","status-publish","format-standard","hentry","category-tribuna-de-opinion","category-periodismo"],"jetpack_featured_media_url":"","jetpack_shortlink":"https:\/\/wp.me\/p1FYrr-3FY","_links":{"self":[{"href":"https:\/\/oscarhumbertogomez.com\/index.php?rest_route=\/wp\/v2\/posts\/14134","targetHints":{"allow":["GET"]}}],"collection":[{"href":"https:\/\/oscarhumbertogomez.com\/index.php?rest_route=\/wp\/v2\/posts"}],"about":[{"href":"https:\/\/oscarhumbertogomez.com\/index.php?rest_route=\/wp\/v2\/types\/post"}],"author":[{"embeddable":true,"href":"https:\/\/oscarhumbertogomez.com\/index.php?rest_route=\/wp\/v2\/users\/2"}],"replies":[{"embeddable":true,"href":"https:\/\/oscarhumbertogomez.com\/index.php?rest_route=%2Fwp%2Fv2%2Fcomments&post=14134"}],"version-history":[{"count":5,"href":"https:\/\/oscarhumbertogomez.com\/index.php?rest_route=\/wp\/v2\/posts\/14134\/revisions"}],"predecessor-version":[{"id":52453,"href":"https:\/\/oscarhumbertogomez.com\/index.php?rest_route=\/wp\/v2\/posts\/14134\/revisions\/52453"}],"wp:attachment":[{"href":"https:\/\/oscarhumbertogomez.com\/index.php?rest_route=%2Fwp%2Fv2%2Fmedia&parent=14134"}],"wp:term":[{"taxonomy":"category","embeddable":true,"href":"https:\/\/oscarhumbertogomez.com\/index.php?rest_route=%2Fwp%2Fv2%2Fcategories&post=14134"},{"taxonomy":"post_tag","embeddable":true,"href":"https:\/\/oscarhumbertogomez.com\/index.php?rest_route=%2Fwp%2Fv2%2Ftags&post=14134"}],"curies":[{"name":"wp","href":"https:\/\/api.w.org\/{rel}","templated":true}]}}