{"id":14350,"date":"2014-11-03T07:39:04","date_gmt":"2014-11-03T12:39:04","guid":{"rendered":"http:\/\/www.oscarhumbertogomez.com\/?p=14350"},"modified":"2025-03-11T08:23:56","modified_gmt":"2025-03-11T13:23:56","slug":"homenaje-a-los-piratas-por-oscar-humberto-gomez-gomez","status":"publish","type":"post","link":"https:\/\/oscarhumbertogomez.com\/?p=14350","title":{"rendered":"HOMENAJE A LOS ASALTANTES. Por \u00d3scar Humberto G\u00f3mez G\u00f3mez"},"content":{"rendered":"<p><img decoding=\"async\" class=\"aligncenter size-full wp-image-4481\" src=\"https:\/\/lapiedrafilosofal.com\/wp-content\/uploads\/2012\/06\/OSCAR-HUMBERTO-GOMEZ.jpg\" alt=\"OSCAR HUMBERTO GOMEZ\" width=\"500\"><\/p>\n<p>&nbsp;<\/p>\n<p>\u201c<strong>En memoria del valor y sufrimiento de todos los que murieron en combate intentando tomar la ciudad y el fuerte de San Felipe, bajo el mando del almirante Edward Vernon en Cartagena de Indias en 1741. Presentado por la Corporaci\u00f3n Centro Hist\u00f3rico de Cartagena de Indias<\/strong>\u201d.<\/p>\n<p>Si no es porque lo publica El Tiempo, no nos enteramos del exabrupto.<\/p>\n<p>O sea, que en Cartagena se le acaba de rendir tributo de admiraci\u00f3n a los asaltantes ingleses que intentaron tomarse, a sangre y fuego, a la martirizada Cartagena.<\/p>\n<p>Contin\u00faa la nota de El Tiempo: &#8220;La placa pretende exaltar no solo al almirante ingl\u00e9s, sino a los cerca de 27.000 hombres que fueron derrotados por un pu\u00f1ado de espa\u00f1oles y esclavos, quienes solo contaban con nueve naves de guerra. La placa est\u00e1 ubicada al lado del almirante Blas de Lezo, el espa\u00f1ol que le propin\u00f3 la derrota hist\u00f3rica a la armada brit\u00e1nica&#8221;.<\/p>\n<p>\u00a1Incre\u00edble! O sea, que al lado del h\u00e9roe espa\u00f1ol Blas de Lezo, el legendario guerrero que se qued\u00f3 sin un ojo, sin una mano y sin una pierna, han puesto la placa que conmemora la supuesta gesta hist\u00f3rica inglesa de querer tomarse a Cartagena.<\/p>\n<p>Claro que para los ya consabidos eufemismos, con los cuales aqu\u00ed siempre se trata de explicar lo inexplicable y de justificar lo que no tiene justificaci\u00f3n alguna, nunca faltan los que nos creen a todos una partida de imb\u00e9ciles. La informaci\u00f3n de El Tiempo, en efecto, prosigue:<\/p>\n<p>&#8220;El exministro Sabas Pretelt de la Vega, quien hace parte de la Corporaci\u00f3n, al igual que el alcalde V\u00e9lez, sali\u00f3 a las cr\u00edticas.<\/p>\n<p>Pretelt le dijo al diario \u2018El Heraldo\u2019 que el objetivo de la placa es que reconociera por primera vez en la historia que el almirante Vernon, quien dirigi\u00f3 la operaci\u00f3n de sitio a Cartagena por la tropa inglesa, fue derrotado en estas tierras.<\/p>\n<p>\u201cEsto es un hecho hist\u00f3rico, aqu\u00ed no solo estamos homenajeando a los ingleses ca\u00eddos, <strong>estamos homenajeando a los cartageneros que tambi\u00e9n perdieron su vida ah\u00ed, la placa lo dice claro, se habla de todos los que perdieron la vida<\/strong>\u201d, dijo Pretelt&#8221;.<\/p>\n<p>\u00bfS\u00ed dice eso la placa? A ver, devolv\u00e1monos y le\u00e1mosla otra vez&#8230; No, no dice eso, don Sabas.<\/p>\n<p>Contin\u00faa la nota:<\/p>\n<p>&#8220;El exministro dijo que la placa ayudar\u00e1 a atraer a los ingleses a Cartagena&#8221;.<\/p>\n<p>\u00bfS\u00ed, don Sabas? \u00bfUsted cree? Yo no&#8230;<\/p>\n<p>Y sigue la nota:<\/p>\n<p>\u201cAqu\u00ed no hay ninguna pol\u00e9mica, esto es el resultado de la gente que no conoce la historia y que malinterpret\u00f3 el sentido de la placa\u201d, dijo&#8221;.<\/p>\n<p>Mucho me temo, don Sabas, que pol\u00e9mica s\u00ed hay y que quien no conoce la historia es otro.<\/p>\n<p>Y remata la nota:<\/p>\n<p>&#8220;Por su parte, el alcalde de Cartagena dijo, ese d\u00eda, que se devel\u00f3 la placa &#8220;en memoria a los que murieron en combate <span style=\"text-decoration: underline;\"><strong>y tambi\u00e9n<\/strong><\/span> a los que intentaron tomarse la ciudad y este castillo en 1741 bajo el mando del almirante Edward Vernon&#8221;.<br \/>\n(&#8230;)&#8221;.<\/p>\n<p>No, no, se\u00f1or alcalde, qu\u00e9 pena, pero ah\u00ed no cabe el &#8220;tambi\u00e9n&#8221;; la placa exalta <strong>\u00fanica y exclusivamente<\/strong>&nbsp;la memoria de los ingleses que intentaron tomarse la ciudad y murieron en su empe\u00f1o por culpa de Blas de Lezo y de las tropas bajo su mando.<\/p>\n<p>Los que no saben leer, en fin, son el se\u00f1or Pretelt de la Vega &nbsp;y el alcalde de Cartagena.<\/p>\n<p>Porque, m\u00e1s all\u00e1 de que digan que el texto dice lo que no dice y no dice lo que s\u00ed dice, lo que se quiso con la ya tristemente c\u00e9lebre placa fue adular al pr\u00edncipe Carlos y a su esposa, quienes estuvieron de visita en Colombia y fueron recibidos con los honores establecidos en el protocolo para los jefes de Estado, sin serlo.<\/p>\n<p>Definitivamente, no hay nada que hacer: somos un pa\u00eds de lambones.<\/p>\n<p>_________<\/p>\n<p><span style=\"color: #000080;\"><strong>NOTAS AL MARGEN:<\/strong><\/span> La placa, don Sabas y el alcalde dicen que el asalto lo dirigi\u00f3 en 1741 &#8220;el almirante Vernon&#8221;. \u00a1Qu\u00e9 pena con los tres! En 1741, Vernon todav\u00eda no era almirante. Ese rango se lo dieron en 1745, o sea, seg\u00fan mi calculadora, cuatro (4) a\u00f1os despu\u00e9s.<\/p>\n<p>Y otra cosa, placa, don Sabas y alcalde: Vernon fue destituido de su rango. Y lo fue, precisamente, \u00a1vaya paradoja! por censurar el almirantazgo.<\/p>\n<p>Ah, y una notica final, placa, don Sabas y alcalde: los homenajeados por ustedes intentaron tomarse a Cartagena con ciento noventa y cinco (195) buques de guerra, y fueron derrotados por Blas de Lezo, quien contaba con seis (6).<\/p>\n<p>Con semejante dato, \u00bfs\u00ed era procedente el homenaje?<\/p>\n<p>Porque ah\u00ed ver\u00e1n si aprovechan que el se\u00f1or Carlos ya se fue y quitan ese adefesio.<\/p>\n<p>Y es que uno tiene derecho a cometer un error.<\/p>\n<p>A lo que no tiene derecho es a persistir en \u00e9l y a perpetuarlo.<\/p>\n<p>&nbsp;<\/p>\n","protected":false},"excerpt":{"rendered":"<p>&nbsp; \u201cEn memoria del valor y sufrimiento de todos los que murieron en combate intentando tomar la ciudad y el fuerte de San Felipe, bajo el mando del almirante Edward Vernon en Cartagena de Indias en 1741. Presentado por la &hellip; <a href=\"https:\/\/oscarhumbertogomez.com\/?p=14350\">Sigue leyendo <span class=\"meta-nav\">&rarr;<\/span><\/a><\/p>\n<div class='heateorSssClear'><\/div><div  class='heateor_sss_sharing_container heateor_sss_horizontal_sharing' heateor-sss-data-href='https:\/\/oscarhumbertogomez.com\/?p=14350'><div class='heateor_sss_sharing_title' style=\"font-weight:bold\" >\u00a1Gracias por compartirla!<\/div><ul class=\"heateor_sss_sharing_ul\"><li class=\"heateorSssSharingRound\"><i style=\"width:35px;height:35px;border-radius:999px;\" alt=\"Facebook\" Title=\"Facebook\" class=\"heateorSssSharing heateorSssFacebookBackground\" onclick='heateorSssPopup(\"https:\/\/www.facebook.com\/sharer\/sharer.php?u=https%3A%2F%2Foscarhumbertogomez.com%2Findex.php%3Frest_route%3D%252Fwp%252Fv2%252Fposts%252F14350\")'><ss style=\"display:block;border-radius:999px;\" class=\"heateorSssSharingSvg heateorSssFacebookSvg\"><\/ss><\/i><\/li><li class=\"heateorSssSharingRound\"><i style=\"width:35px;height:35px;border-radius:999px;\" alt=\"Twitter\" Title=\"Twitter\" class=\"heateorSssSharing heateorSssTwitterBackground\" onclick='heateorSssPopup(\"http:\/\/twitter.com\/intent\/tweet?text=HOMENAJE%20A%20LOS%20ASALTANTES.%20Por%20%C3%93scar%20Humberto%20G%C3%B3mez%20G%C3%B3mez&url=https%3A%2F%2Foscarhumbertogomez.com%2Findex.php%3Frest_route%3D%252Fwp%252Fv2%252Fposts%252F14350\")'><ss style=\"display:block;border-radius:999px;\" class=\"heateorSssSharingSvg heateorSssTwitterSvg\"><\/ss><\/i><\/li><li class=\"heateorSssSharingRound\"><i style=\"width:35px;height:35px;border-radius:999px;\" alt=\"Whatsapp\" Title=\"Whatsapp\" class=\"heateorSssSharing heateorSssWhatsappBackground\" onclick='heateorSssPopup(\"https:\/\/web.whatsapp.com\/send?text=HOMENAJE%20A%20LOS%20ASALTANTES.%20Por%20%C3%93scar%20Humberto%20G%C3%B3mez%20G%C3%B3mez https%3A%2F%2Foscarhumbertogomez.com%2Findex.php%3Frest_route%3D%252Fwp%252Fv2%252Fposts%252F14350\")'><ss style=\"display:block\" class=\"heateorSssSharingSvg heateorSssWhatsappSvg\"><\/ss><\/i><\/li><li class=\"heateorSssSharingRound\"><i style=\"width:35px;height:35px;border-radius:999px;\" alt=\"Pinterest\" Title=\"Pinterest\" class=\"heateorSssSharing heateorSssPinterestBackground\" onclick=\"javascript:void( (function() {var e=document.createElement('script' );e.setAttribute('type','text\/javascript' );e.setAttribute('charset','UTF-8' );e.setAttribute('src','\/\/assets.pinterest.com\/js\/pinmarklet.js?r='+Math.random()*99999999);document.body.appendChild(e)})());\"><ss style=\"display:block;border-radius:999px;\" class=\"heateorSssSharingSvg heateorSssPinterestSvg\"><\/ss><\/i><\/li><li class=\"heateorSssSharingRound\"><i style=\"width:35px;height:35px;border-radius:999px;\" alt=\"Google Gmail\" Title=\"Google Gmail\" class=\"heateorSssSharing heateorSssGoogleGmailBackground\" onclick='heateorSssPopup(\"https:\/\/mail.google.com\/mail\/?ui=2&view=cm&fs=1&tf=1&su=HOMENAJE%20A%20LOS%20ASALTANTES.%20Por%20%C3%93scar%20Humberto%20G%C3%B3mez%20G%C3%B3mez&body=Link:https%3A%2F%2Foscarhumbertogomez.com%2Findex.php%3Frest_route%3D%252Fwp%252Fv2%252Fposts%252F14350\")'><ss style=\"display:block;border-radius:999px;\" class=\"heateorSssSharingSvg heateorSssGoogleGmailSvg\"><\/ss><\/i><\/li><li class=\"heateorSssSharingRound\"><i style=\"width:35px;height:35px;border-radius:999px;\" title=\"More\" alt=\"More\" class=\"heateorSssSharing heateorSssMoreBackground\" onclick=\"heateorSssMoreSharingPopup(this, 'https:\/\/oscarhumbertogomez.com\/index.php?rest_route=%2Fwp%2Fv2%2Fposts%2F14350', 'HOMENAJE%20A%20LOS%20ASALTANTES.%20Por%20%C3%93scar%20Humberto%20G%C3%B3mez%20G%C3%B3mez', '' )\" ><ss style=\"display:block\" class=\"heateorSssSharingSvg heateorSssMoreSvg\"><\/ss><\/i><\/li><\/ul><div class=\"heateorSssClear\"><\/div><\/div><div class='heateorSssClear'><\/div>","protected":false},"author":2,"featured_media":0,"comment_status":"open","ping_status":"open","sticky":false,"template":"","format":"standard","meta":{"spay_email":"","footnotes":""},"categories":[12],"tags":[],"class_list":["post-14350","post","type-post","status-publish","format-standard","hentry","category-historia"],"jetpack_featured_media_url":"","jetpack_shortlink":"https:\/\/wp.me\/p1FYrr-3Js","_links":{"self":[{"href":"https:\/\/oscarhumbertogomez.com\/index.php?rest_route=\/wp\/v2\/posts\/14350","targetHints":{"allow":["GET"]}}],"collection":[{"href":"https:\/\/oscarhumbertogomez.com\/index.php?rest_route=\/wp\/v2\/posts"}],"about":[{"href":"https:\/\/oscarhumbertogomez.com\/index.php?rest_route=\/wp\/v2\/types\/post"}],"author":[{"embeddable":true,"href":"https:\/\/oscarhumbertogomez.com\/index.php?rest_route=\/wp\/v2\/users\/2"}],"replies":[{"embeddable":true,"href":"https:\/\/oscarhumbertogomez.com\/index.php?rest_route=%2Fwp%2Fv2%2Fcomments&post=14350"}],"version-history":[{"count":5,"href":"https:\/\/oscarhumbertogomez.com\/index.php?rest_route=\/wp\/v2\/posts\/14350\/revisions"}],"predecessor-version":[{"id":52231,"href":"https:\/\/oscarhumbertogomez.com\/index.php?rest_route=\/wp\/v2\/posts\/14350\/revisions\/52231"}],"wp:attachment":[{"href":"https:\/\/oscarhumbertogomez.com\/index.php?rest_route=%2Fwp%2Fv2%2Fmedia&parent=14350"}],"wp:term":[{"taxonomy":"category","embeddable":true,"href":"https:\/\/oscarhumbertogomez.com\/index.php?rest_route=%2Fwp%2Fv2%2Fcategories&post=14350"},{"taxonomy":"post_tag","embeddable":true,"href":"https:\/\/oscarhumbertogomez.com\/index.php?rest_route=%2Fwp%2Fv2%2Ftags&post=14350"}],"curies":[{"name":"wp","href":"https:\/\/api.w.org\/{rel}","templated":true}]}}