{"id":14490,"date":"2014-11-25T22:19:18","date_gmt":"2014-11-26T03:19:18","guid":{"rendered":"http:\/\/www.oscarhumbertogomez.com\/?p=14490"},"modified":"2025-03-11T08:28:27","modified_gmt":"2025-03-11T13:28:27","slug":"25-de-noviembre-dia-internacional-de-la-no-violencia-contra-la-mujer-2","status":"publish","type":"post","link":"https:\/\/oscarhumbertogomez.com\/?p=14490","title":{"rendered":"25 de noviembre: D\u00eda Internacional de la No Violencia contra la Mujer. Por \u00d3scar Humberto G\u00f3mez G\u00f3mez"},"content":{"rendered":"<div id=\"attachment_6698\" style=\"width: 760px\" class=\"wp-caption aligncenter\"><img decoding=\"async\" aria-describedby=\"caption-attachment-6698\" class=\"size-full wp-image-6698\" title=\"minerva-mirabal\" src=\"https:\/\/lapiedrafilosofal.com\/wp-content\/uploads\/2012\/11\/minerva-mirabal1.jpg\" alt=\"\" width=\"750\" srcset=\"https:\/\/oscarhumbertogomez.com\/wp-content\/uploads\/2012\/11\/minerva-mirabal1.jpg 225w, https:\/\/oscarhumbertogomez.com\/wp-content\/uploads\/2012\/11\/minerva-mirabal1-217x300.jpg 217w\" sizes=\"(max-width: 225px) 100vw, 225px\" \/><p id=\"caption-attachment-6698\" class=\"wp-caption-text\">MINERVA MIRABAL<\/p><\/div>\n<p>&nbsp;<\/p>\n<p><img loading=\"lazy\" decoding=\"async\" class=\"aligncenter size-full wp-image-6695\" title=\"VIOLENCIA INTRAFAMILIAR\" src=\"https:\/\/lapiedrafilosofal.com\/wp-content\/uploads\/2012\/11\/VIOLENCIA-INTRAFAMILIAR.jpg\" alt=\"\" width=\"600\" height=\"400\" srcset=\"https:\/\/oscarhumbertogomez.com\/wp-content\/uploads\/2012\/11\/VIOLENCIA-INTRAFAMILIAR.jpg 600w, https:\/\/oscarhumbertogomez.com\/wp-content\/uploads\/2012\/11\/VIOLENCIA-INTRAFAMILIAR-300x200.jpg 300w\" sizes=\"auto, (max-width: 600px) 100vw, 600px\" \/><\/p>\n<p>&nbsp;<\/p>\n<p>Nuestro portal se une a la celebraci\u00f3n del D\u00cdA INTERNACIONAL DE LA NO VIOLENCIA CONTRA LA MUJER, conmemoraci\u00f3n establecida por la ONU y que tiene como hecho originario el salvaje asesinato de las hermanas Mirabal en Rep\u00fablica Dominicana bajo la dictadura de Leonidas Trujillo.<br \/>\nDe acuerdo con la versi\u00f3n m\u00e1s extendida, el 25 de noviembre de 1960, esbirros de Trujillo mataron a garrotazos a Minerva Mirabal, de 34 a\u00f1os de edad, a Mar\u00eda Teresa Mirabal, de 25, y a Patria Mirabal, de 36, cuando las tres regresaban de visitar a sus esposos, quienes se encontraban presos por sus actividades revolucionarias en contra de la dictadura. Tambi\u00e9n fue asesinado el chofer de la familia Mirabal, Rufino de la Cruz.<br \/>\nSeg\u00fan esa misma versi\u00f3n, con el cobarde asesinato de las tres j\u00f3venes dominicanas, el dictador se veng\u00f3 de que Minerva, a quien pretendi\u00f3 infructuosamente, a pesar de saberla una mujer casada, no hubiese correspondido a sus acosos.&nbsp;Por el contrario, Minerva, quien era abogada, entr\u00f3 a formar parte de la resistencia que se organiz\u00f3 contra la dictadura, movimiento donde pas\u00f3 a ser conocida como &#8220;La Mariposa&#8221;.<br \/>\nDescendientes de Leonidas Trujillo han negado categ\u00f3ricamente que su antecesor hubiese sido el autor intelectual del brutal asesinato.<br \/>\nEn todo caso, el crimen contra las hermanas Mirabal arreci\u00f3 la oposici\u00f3n a la dictadura. Al a\u00f1o siguiente, 1961, Leonidas Trujillo fue asesinado en un atentado. Los autores del mismo, a su vez, tambi\u00e9n fueron asesinados.<br \/>\nTrujillo gobern\u00f3 a Rep\u00fablica Dominicana durante m\u00e1s de 30 a\u00f1os.<br \/>\nEl Premio Nobel de Literatura Mario Vargas Llosa retrat\u00f3 al dictador Leonidas Trujillo en su libro <em>La fiesta del chivo<\/em>.<br \/>\nLa tragedia de las hermanas Mirabal fue el tema de la pel\u00edcula <em>En el tiempo de las mariposas<\/em>, que cont\u00f3 con la actuaci\u00f3n estelar de Salma Hayeck y Marc Anthony, entre otras estrellas.<\/p>\n<p>&nbsp;<\/p>\n<div id=\"attachment_6704\" style=\"width: 355px\" class=\"wp-caption aligncenter\"><img loading=\"lazy\" decoding=\"async\" aria-describedby=\"caption-attachment-6704\" class=\"size-full wp-image-6704\" title=\"ESTAMPILLA\" src=\"https:\/\/lapiedrafilosofal.com\/wp-content\/uploads\/2012\/11\/ESTAMPILLA.jpg\" alt=\"\" width=\"345\" height=\"463\" srcset=\"https:\/\/oscarhumbertogomez.com\/wp-content\/uploads\/2012\/11\/ESTAMPILLA.jpg 345w, https:\/\/oscarhumbertogomez.com\/wp-content\/uploads\/2012\/11\/ESTAMPILLA-223x300.jpg 223w\" sizes=\"auto, (max-width: 345px) 100vw, 345px\" \/><p id=\"caption-attachment-6704\" class=\"wp-caption-text\">ESTAMPILLA OFICIAL DE REP\u00daBLICA DOMINICANA EN HOMENAJE A LAS HERMANAS MIRABAL Y AL D\u00cdA DE LA NO VIOLENCIA CONTRA LA MUJER, QUE SE CONMEMORA, POR DISPOSICI\u00d3N DE LA ONU, EL D\u00cdA DE SU ASESINATO, 25 DE NOVIEMBRE.<\/p><\/div>\n<p>&nbsp;<\/p>\n<div id=\"attachment_6705\" style=\"width: 585px\" class=\"wp-caption aligncenter\"><img loading=\"lazy\" decoding=\"async\" aria-describedby=\"caption-attachment-6705\" class=\"size-full wp-image-6705\" title=\"CASA MINERVA MIRABAL\" src=\"https:\/\/lapiedrafilosofal.com\/wp-content\/uploads\/2012\/11\/CASA-MINERVA-MIRABAL.jpg\" alt=\"\" width=\"575\" height=\"374\" srcset=\"https:\/\/oscarhumbertogomez.com\/wp-content\/uploads\/2012\/11\/CASA-MINERVA-MIRABAL.jpg 575w, https:\/\/oscarhumbertogomez.com\/wp-content\/uploads\/2012\/11\/CASA-MINERVA-MIRABAL-300x195.jpg 300w\" sizes=\"auto, (max-width: 575px) 100vw, 575px\" \/><p id=\"caption-attachment-6705\" class=\"wp-caption-text\">CASA PATERNA DE LA FAMILIA MIRABAL, EN OJO DE AGUA \/ SALCEDO \/ REP\u00daBLICA DOMINICANA. LOS MIRABAL ERAN UNA DE LAS FAMILIAS M\u00c1S DISTINGUIDAS DE ESA NACI\u00d3N<\/p><\/div>\n<p>&nbsp;<\/p>\n","protected":false},"excerpt":{"rendered":"<p>&nbsp; &nbsp; Nuestro portal se une a la celebraci\u00f3n del D\u00cdA INTERNACIONAL DE LA NO VIOLENCIA CONTRA LA MUJER, conmemoraci\u00f3n establecida por la ONU y que tiene como hecho originario el salvaje asesinato de las hermanas Mirabal en Rep\u00fablica Dominicana &hellip; <a href=\"https:\/\/oscarhumbertogomez.com\/?p=14490\">Sigue leyendo <span class=\"meta-nav\">&rarr;<\/span><\/a><\/p>\n<div class='heateorSssClear'><\/div><div  class='heateor_sss_sharing_container heateor_sss_horizontal_sharing' heateor-sss-data-href='https:\/\/oscarhumbertogomez.com\/?p=14490'><div class='heateor_sss_sharing_title' style=\"font-weight:bold\" >\u00a1Gracias por compartirla!<\/div><ul class=\"heateor_sss_sharing_ul\"><li class=\"heateorSssSharingRound\"><i style=\"width:35px;height:35px;border-radius:999px;\" alt=\"Facebook\" Title=\"Facebook\" class=\"heateorSssSharing heateorSssFacebookBackground\" onclick='heateorSssPopup(\"https:\/\/www.facebook.com\/sharer\/sharer.php?u=https%3A%2F%2Foscarhumbertogomez.com%2Findex.php%3Frest_route%3D%252Fwp%252Fv2%252Fposts%252F14490\")'><ss style=\"display:block;border-radius:999px;\" class=\"heateorSssSharingSvg heateorSssFacebookSvg\"><\/ss><\/i><\/li><li class=\"heateorSssSharingRound\"><i style=\"width:35px;height:35px;border-radius:999px;\" alt=\"Twitter\" Title=\"Twitter\" class=\"heateorSssSharing heateorSssTwitterBackground\" onclick='heateorSssPopup(\"http:\/\/twitter.com\/intent\/tweet?text=25%20de%20noviembre%3A%20D%C3%ADa%20Internacional%20de%20la%20No%20Violencia%20contra%20la%20Mujer.%20Por%20%C3%93scar%20Humberto%20G%C3%B3mez%20G%C3%B3mez&url=https%3A%2F%2Foscarhumbertogomez.com%2Findex.php%3Frest_route%3D%252Fwp%252Fv2%252Fposts%252F14490\")'><ss style=\"display:block;border-radius:999px;\" class=\"heateorSssSharingSvg heateorSssTwitterSvg\"><\/ss><\/i><\/li><li class=\"heateorSssSharingRound\"><i style=\"width:35px;height:35px;border-radius:999px;\" alt=\"Whatsapp\" Title=\"Whatsapp\" class=\"heateorSssSharing heateorSssWhatsappBackground\" onclick='heateorSssPopup(\"https:\/\/web.whatsapp.com\/send?text=25%20de%20noviembre%3A%20D%C3%ADa%20Internacional%20de%20la%20No%20Violencia%20contra%20la%20Mujer.%20Por%20%C3%93scar%20Humberto%20G%C3%B3mez%20G%C3%B3mez https%3A%2F%2Foscarhumbertogomez.com%2Findex.php%3Frest_route%3D%252Fwp%252Fv2%252Fposts%252F14490\")'><ss style=\"display:block\" class=\"heateorSssSharingSvg heateorSssWhatsappSvg\"><\/ss><\/i><\/li><li class=\"heateorSssSharingRound\"><i style=\"width:35px;height:35px;border-radius:999px;\" alt=\"Pinterest\" Title=\"Pinterest\" class=\"heateorSssSharing heateorSssPinterestBackground\" onclick=\"javascript:void( (function() {var e=document.createElement('script' );e.setAttribute('type','text\/javascript' );e.setAttribute('charset','UTF-8' );e.setAttribute('src','\/\/assets.pinterest.com\/js\/pinmarklet.js?r='+Math.random()*99999999);document.body.appendChild(e)})());\"><ss style=\"display:block;border-radius:999px;\" class=\"heateorSssSharingSvg heateorSssPinterestSvg\"><\/ss><\/i><\/li><li class=\"heateorSssSharingRound\"><i style=\"width:35px;height:35px;border-radius:999px;\" alt=\"Google Gmail\" Title=\"Google Gmail\" class=\"heateorSssSharing heateorSssGoogleGmailBackground\" onclick='heateorSssPopup(\"https:\/\/mail.google.com\/mail\/?ui=2&view=cm&fs=1&tf=1&su=25%20de%20noviembre%3A%20D%C3%ADa%20Internacional%20de%20la%20No%20Violencia%20contra%20la%20Mujer.%20Por%20%C3%93scar%20Humberto%20G%C3%B3mez%20G%C3%B3mez&body=Link:https%3A%2F%2Foscarhumbertogomez.com%2Findex.php%3Frest_route%3D%252Fwp%252Fv2%252Fposts%252F14490\")'><ss style=\"display:block;border-radius:999px;\" class=\"heateorSssSharingSvg heateorSssGoogleGmailSvg\"><\/ss><\/i><\/li><li class=\"heateorSssSharingRound\"><i style=\"width:35px;height:35px;border-radius:999px;\" title=\"More\" alt=\"More\" class=\"heateorSssSharing heateorSssMoreBackground\" onclick=\"heateorSssMoreSharingPopup(this, 'https:\/\/oscarhumbertogomez.com\/index.php?rest_route=%2Fwp%2Fv2%2Fposts%2F14490', '25%20de%20noviembre%3A%20D%C3%ADa%20Internacional%20de%20la%20No%20Violencia%20contra%20la%20Mujer.%20Por%20%C3%93scar%20Humberto%20G%C3%B3mez%20G%C3%B3mez', '' )\" ><ss style=\"display:block\" class=\"heateorSssSharingSvg heateorSssMoreSvg\"><\/ss><\/i><\/li><\/ul><div class=\"heateorSssClear\"><\/div><\/div><div class='heateorSssClear'><\/div>","protected":false},"author":2,"featured_media":0,"comment_status":"closed","ping_status":"closed","sticky":false,"template":"","format":"standard","meta":{"spay_email":"","footnotes":""},"categories":[12],"tags":[],"class_list":["post-14490","post","type-post","status-publish","format-standard","hentry","category-historia"],"jetpack_featured_media_url":"","jetpack_shortlink":"https:\/\/wp.me\/p1FYrr-3LI","_links":{"self":[{"href":"https:\/\/oscarhumbertogomez.com\/index.php?rest_route=\/wp\/v2\/posts\/14490","targetHints":{"allow":["GET"]}}],"collection":[{"href":"https:\/\/oscarhumbertogomez.com\/index.php?rest_route=\/wp\/v2\/posts"}],"about":[{"href":"https:\/\/oscarhumbertogomez.com\/index.php?rest_route=\/wp\/v2\/types\/post"}],"author":[{"embeddable":true,"href":"https:\/\/oscarhumbertogomez.com\/index.php?rest_route=\/wp\/v2\/users\/2"}],"replies":[{"embeddable":true,"href":"https:\/\/oscarhumbertogomez.com\/index.php?rest_route=%2Fwp%2Fv2%2Fcomments&post=14490"}],"version-history":[{"count":5,"href":"https:\/\/oscarhumbertogomez.com\/index.php?rest_route=\/wp\/v2\/posts\/14490\/revisions"}],"predecessor-version":[{"id":52232,"href":"https:\/\/oscarhumbertogomez.com\/index.php?rest_route=\/wp\/v2\/posts\/14490\/revisions\/52232"}],"wp:attachment":[{"href":"https:\/\/oscarhumbertogomez.com\/index.php?rest_route=%2Fwp%2Fv2%2Fmedia&parent=14490"}],"wp:term":[{"taxonomy":"category","embeddable":true,"href":"https:\/\/oscarhumbertogomez.com\/index.php?rest_route=%2Fwp%2Fv2%2Fcategories&post=14490"},{"taxonomy":"post_tag","embeddable":true,"href":"https:\/\/oscarhumbertogomez.com\/index.php?rest_route=%2Fwp%2Fv2%2Ftags&post=14490"}],"curies":[{"name":"wp","href":"https:\/\/api.w.org\/{rel}","templated":true}]}}