{"id":14555,"date":"2014-12-06T11:41:16","date_gmt":"2014-12-06T16:41:16","guid":{"rendered":"http:\/\/www.oscarhumbertogomez.com\/?p=14555"},"modified":"2025-04-03T09:27:14","modified_gmt":"2025-04-03T14:27:14","slug":"coplas-por-alberto-florez-florez-11","status":"publish","type":"post","link":"https:\/\/oscarhumbertogomez.com\/?p=14555","title":{"rendered":"COPLAS. Por Alberto Fl\u00f3rez Fl\u00f3rez"},"content":{"rendered":"<p><img decoding=\"async\" class=\"aligncenter size-full wp-image-14285\" title=\"ALBERTO FL\u00d3REZ FL\u00d3REZ III\" src=\"https:\/\/lapiedrafilosofal.com\/wp-content\/uploads\/2014\/10\/ALBERTO-FL\u00d3REZ-FL\u00d3REZ-III1.jpg\" alt=\"\" width=\"500\" height=\"\" srcset=\"https:\/\/oscarhumbertogomez.com\/wp-content\/uploads\/2014\/10\/ALBERTO-FL\u00d3REZ-FL\u00d3REZ-III1.jpg 240w, https:\/\/oscarhumbertogomez.com\/wp-content\/uploads\/2014\/10\/ALBERTO-FL\u00d3REZ-FL\u00d3REZ-III1-225x300.jpg 225w\" sizes=\"(max-width: 240px) 100vw, 240px\" \/><\/p>\n<p>&nbsp;<\/p>\n<p>Qu\u00e9 inequidad tan pasmosa<br \/>\nde la tal autoridad,<br \/>\nqu\u00e9 corrupci\u00f3n espantosa<br \/>\nque sufre la sociedad.<\/p>\n<p>Todo anda manga por hombro<br \/>\nen ciudades y regiones,<br \/>\ny de esto yo me supongo<br \/>\nni &#8220;mu&#8221; en las conversaciones.<\/p>\n<p>Debieran televisar<br \/>\nde la mesa lo prudente,<br \/>\nlo m\u00e1s puntual de \u201cla Far\u201d<br \/>\ny del se\u00f1or presidente.<\/p>\n<p>Ameritar\u00eda mirar<br \/>\nqu\u00e9 se habla de corrupci\u00f3n,<br \/>\nqu\u00e9 del Gobierno y \u201cla Far\u201d<br \/>\nqu\u00e9 de mi pobre naci\u00f3n.<\/p>\n<p>Existen medios corruptos,<br \/>\ny apolog\u00edas de delitos,<br \/>\njefes indignos y brutos,<br \/>\n\u00a1cu\u00e1les flautas, cu\u00e1les pitos!<\/p>\n<p>Radios y televisores<br \/>\ndifunden la corrupci\u00f3n,<br \/>\nno hay un ministro, se\u00f1ores,<br \/>\n\u00bfqui\u00e9n manda en la informaci\u00f3n?<\/p>\n<p>Tel\u00e9fonos celulares<br \/>\nen manos de los choferes,<br \/>\naccidentes criminales<br \/>\ny no hay freno pa\u00b4 los males.<\/p>\n<p>Para qu\u00e9 mil funcionarios<br \/>\ndizque de circulaci\u00f3n,<br \/>\ndilapidando salarios<br \/>\ny repartiendo &#8230; sanci\u00f3n.<\/p>\n<p>__________<\/p>\n<p>&nbsp;<\/p>\n<p><img decoding=\"async\" class=\"aligncenter size-full wp-image-14285\" title=\"ALBERTO FL\u00d3REZ FL\u00d3REZ III\" src=\"https:\/\/lapiedrafilosofal.com\/wp-content\/uploads\/2014\/10\/ALBERTO-FL\u00d3REZ-FL\u00d3REZ-III1.jpg\" alt=\"\" width=\"500\" height=\"\" srcset=\"https:\/\/oscarhumbertogomez.com\/wp-content\/uploads\/2014\/10\/ALBERTO-FL\u00d3REZ-FL\u00d3REZ-III1.jpg 240w, https:\/\/oscarhumbertogomez.com\/wp-content\/uploads\/2014\/10\/ALBERTO-FL\u00d3REZ-FL\u00d3REZ-III1-225x300.jpg 225w\" sizes=\"(max-width: 240px) 100vw, 240px\" \/><\/p>\n<p>&nbsp;<\/p>\n<p>Esa palabra justicia<br \/>\nla he notado desgastada,<br \/>\nun c\u00edrculo que se vicia<br \/>\ny una gran fama menguada.<\/p>\n<p>En setenta y tres de edad<br \/>\nhe visto desigualdad,<br \/>\nsin freno mucha maldad<br \/>\ny el bien es bien desigual.<\/p>\n<p>Sin consultar en los libros,<br \/>\npensando con la cabeza,<br \/>\nveo que el desequilibrio<br \/>\nlo hay por naturaleza.<\/p>\n<p>Qu\u00e9 justicia puedo ver<br \/>\nsi mi existencia es sufrir,<br \/>\nsentenciado a envejecer<br \/>\na enfermarme y a morir.<\/p>\n<p>Mas vivo con alegr\u00eda<br \/>\ny del placer voy en pos,<br \/>\namo la filosof\u00eda,<br \/>\namo la luz de mi DIOS.<\/p>\n<p>_____________<\/p>\n<p>&nbsp;<\/p>\n<p><img decoding=\"async\" class=\"aligncenter size-full wp-image-14285\" title=\"ALBERTO FL\u00d3REZ FL\u00d3REZ III\" src=\"https:\/\/lapiedrafilosofal.com\/wp-content\/uploads\/2014\/10\/ALBERTO-FL\u00d3REZ-FL\u00d3REZ-III1.jpg\" alt=\"\" width=\"500\" height=\"\" srcset=\"https:\/\/oscarhumbertogomez.com\/wp-content\/uploads\/2014\/10\/ALBERTO-FL\u00d3REZ-FL\u00d3REZ-III1.jpg 240w, https:\/\/oscarhumbertogomez.com\/wp-content\/uploads\/2014\/10\/ALBERTO-FL\u00d3REZ-FL\u00d3REZ-III1-225x300.jpg 225w\" sizes=\"(max-width: 240px) 100vw, 240px\" \/><\/p>\n<p>&nbsp;<\/p>\n<p>Carta abierta yo le mando<br \/>\nhoy al se\u00f1or Presidente,<br \/>\nsolicitando un comando<br \/>\nque vigile a nuestra gente.<\/p>\n<p>Hoy todos nos preguntamos<br \/>\nen los barrios y ciudades,<br \/>\ninermes, solos andamos,<br \/>\n\u00bfy a do las autoridades?<\/p>\n<p>No existen carros patrullas,<br \/>\nya no hay esposas, ni grillos,<br \/>\nmucha in\u00fatil vigilancia:<br \/>\ncelular, pito y bolillo.<\/p>\n<p>Pobre nuestra sociedad<br \/>\nen medio de picard\u00eda,<br \/>\ninerme nuestra ciudad<br \/>\nen la noche y en el d\u00eda.<\/p>\n<p>Se\u00f1or Presidente Santos:<br \/>\nrevise m\u00e1s las ciudades,<br \/>\ncon c\u00e1maras, y en cintura<br \/>\nmeta a sus autoridades.<\/p>\n<p>Corrupci\u00f3n, no gobernar,<br \/>\ntodo dejando al garete,<br \/>\ny m\u00e1s grave: alcahuetear<br \/>\nesta danza del billete.<\/p>\n<p>_________<\/p>\n<p>&nbsp;<\/p>\n<p><img decoding=\"async\" class=\"aligncenter size-full wp-image-14285\" title=\"ALBERTO FL\u00d3REZ FL\u00d3REZ III\" src=\"https:\/\/lapiedrafilosofal.com\/wp-content\/uploads\/2014\/10\/ALBERTO-FL\u00d3REZ-FL\u00d3REZ-III1.jpg\" alt=\"\" width=\"500\" height=\"\" srcset=\"https:\/\/oscarhumbertogomez.com\/wp-content\/uploads\/2014\/10\/ALBERTO-FL\u00d3REZ-FL\u00d3REZ-III1.jpg 240w, https:\/\/oscarhumbertogomez.com\/wp-content\/uploads\/2014\/10\/ALBERTO-FL\u00d3REZ-FL\u00d3REZ-III1-225x300.jpg 225w\" sizes=\"(max-width: 240px) 100vw, 240px\" \/><\/p>\n<p>&nbsp;<\/p>\n<p>Felicitaciones a El Frente,<br \/>\nal cumplir setenta y dos;<br \/>\npor la cultura&#8230; de frente,<br \/>\npor el desarrollo&#8230; en pos.<\/p>\n<p>Los de anta\u00f1o recordamos<br \/>\nla trayectoria de El Frente,<br \/>\n\u00e9poca de dos banderas,<br \/>\nroja y azul, frente a frente.<\/p>\n<p>Honores que eran costosos,<br \/>\nante plena luz del d\u00eda,<br \/>\nhubo campos peligrosos<br \/>\nhab\u00eda politiquer\u00eda.<\/p>\n<p>Mas El Frente ha sido frente<br \/>\nde la patria informaci\u00f3n,<br \/>\nopini\u00f3n para la gente<br \/>\nde nuestra oriental regi\u00f3n.<\/p>\n<p>Felicitamos a El Frente,<br \/>\nel que llega a nuestras manos<br \/>\nmuy bien, y sencillamente,<br \/>\nen el quehacer cotidiano.<\/p>\n<p>Setenta y dos a\u00f1os cumple<br \/>\nEl FRENTE DE SANTANDER,<br \/>\nsetenta y dos a\u00f1os cumple<br \/>\ncumpliendo con el deber.<\/p>\n<p>Saludo para la empresa,<br \/>\na su gente vinculada,<br \/>\nsaludos a los lectores<br \/>\ny al Doctor Serrano Prada.<\/p>\n<p>_______________<\/p>\n<p>&nbsp;<\/p>\n<p><img decoding=\"async\" class=\"aligncenter size-full wp-image-14285\" title=\"ALBERTO FL\u00d3REZ FL\u00d3REZ III\" src=\"https:\/\/lapiedrafilosofal.com\/wp-content\/uploads\/2014\/10\/ALBERTO-FL\u00d3REZ-FL\u00d3REZ-III1.jpg\" alt=\"\" width=\"500\" height=\"\" srcset=\"https:\/\/oscarhumbertogomez.com\/wp-content\/uploads\/2014\/10\/ALBERTO-FL\u00d3REZ-FL\u00d3REZ-III1.jpg 240w, https:\/\/oscarhumbertogomez.com\/wp-content\/uploads\/2014\/10\/ALBERTO-FL\u00d3REZ-FL\u00d3REZ-III1-225x300.jpg 225w\" sizes=\"(max-width: 240px) 100vw, 240px\" \/><\/p>\n<p>&nbsp;<\/p>\n<p>Al Doctor Rafael Serrano Prada<br \/>\nagradezco y felicito por su acci\u00f3n;<br \/>\nme he enterado de sus pasos, su jornada,<br \/>\npor nuestra tierra, con mucha abnegaci\u00f3n.<\/p>\n<p>Patri\u00f3ticos ejemplos en la historia<br \/>\nen diferentes y virtuosas metas,<br \/>\nen Santander ha grabado su memoria<br \/>\nen los libros de oradores y poetas.<\/p>\n<p>La gente de los campos no olvidamos<br \/>\nsu abnegaci\u00f3n, por Radio Santander<br \/>\nsus comentarios y su voz la disfrutamos<br \/>\ncuando era all\u00ed donde cumpl\u00eda su deber.<\/p>\n<p>Evidencia su acci\u00f3n y su talento,<br \/>\nfervor y brillo, en cada intervenci\u00f3n,<br \/>\nes un honor para el departamento,<br \/>\npara su pueblo y para toda la regi\u00f3n.<\/p>\n<p>Amer\u00edta que el Estado colombiano<br \/>\nde su semblanza y perfil haga alusi\u00f3n,<br \/>\ndando equidad a un santandereano<br \/>\nabnegado por su entorno y su naci\u00f3n.<\/p>\n<p>Hoy que cumple setenta y dos a\u00f1os EL FRENTE,<br \/>\nadmiraci\u00f3n por su virtuosa trayectoria,<br \/>\notra opini\u00f3n y alternativa de la gente,<br \/>\notro engaste de zafiros en la historia.<\/p>\n<p>____________<\/p>\n<p>&nbsp;<\/p>\n<p><img decoding=\"async\" class=\"aligncenter size-full wp-image-14285\" title=\"ALBERTO FL\u00d3REZ FL\u00d3REZ III\" src=\"https:\/\/lapiedrafilosofal.com\/wp-content\/uploads\/2014\/10\/ALBERTO-FL\u00d3REZ-FL\u00d3REZ-III1.jpg\" alt=\"\" width=\"500\" height=\"\" srcset=\"https:\/\/oscarhumbertogomez.com\/wp-content\/uploads\/2014\/10\/ALBERTO-FL\u00d3REZ-FL\u00d3REZ-III1.jpg 240w, https:\/\/oscarhumbertogomez.com\/wp-content\/uploads\/2014\/10\/ALBERTO-FL\u00d3REZ-FL\u00d3REZ-III1-225x300.jpg 225w\" sizes=\"(max-width: 240px) 100vw, 240px\" \/><\/p>\n<p>&nbsp;<\/p>\n<p>Los pitadores seguir\u00e1n pitando,<br \/>\ncausando la jaqueca que emborracha,<br \/>\ny todos aguantados escuchando<br \/>\nsin los controles, porque no hay barbacha.<\/p>\n<p>Salta a la vista la l\u00f3gica raz\u00f3n:<br \/>\ncomo no hay multa, barbacha no hay tampoco,<br \/>\nentonces s\u00ed a controlar el cintur\u00f3n:<br \/>\n\u201cme da trescientos y me hago el loco\u201d.<\/p>\n<p>Y as\u00ed seguimos con esta pitaz\u00f3n<br \/>\ny aguantando de los ruidos el fastidio,<br \/>\nlos gobernantes no escuchan la raz\u00f3n<br \/>\nporque la \u201cliga\u201d para ellos es \u201calivio\u201d.<\/p>\n<p>______________<\/p>\n<p>&nbsp;<\/p>\n<p><img decoding=\"async\" class=\"aligncenter size-full wp-image-14285\" title=\"ALBERTO FL\u00d3REZ FL\u00d3REZ III\" src=\"https:\/\/lapiedrafilosofal.com\/wp-content\/uploads\/2014\/10\/ALBERTO-FL\u00d3REZ-FL\u00d3REZ-III1.jpg\" alt=\"\" width=\"500\" height=\"\" srcset=\"https:\/\/oscarhumbertogomez.com\/wp-content\/uploads\/2014\/10\/ALBERTO-FL\u00d3REZ-FL\u00d3REZ-III1.jpg 240w, https:\/\/oscarhumbertogomez.com\/wp-content\/uploads\/2014\/10\/ALBERTO-FL\u00d3REZ-FL\u00d3REZ-III1-225x300.jpg 225w\" sizes=\"(max-width: 240px) 100vw, 240px\" \/><\/p>\n<p>&nbsp;<\/p>\n<p>BANDERA PARA LA PAZ<br \/>\nLA NECESITA LA GENTE,<br \/>\nESPERANDO SEA CAPAZ<br \/>\nJUAN MANUEL EL PRESIDENTE.<\/p>\n<p>ESTA BANDERA DE PAZ<br \/>\nNI PARECIDO A LA HISTORIA:<br \/>\nYA EXISTE GENTE CAPAZ<br \/>\nCON INTERNET, CON MEMORIA.<\/p>\n<p>KIL\u00d3METROS DE AVANZADA<br \/>\nTIENE NUESTRA SOCIEDAD,<br \/>\nEN ESCRITOS REFLEJADA<br \/>\n\u201cCIEN A\u00d1OS DE SOLEDAD \u201d<\/p>\n<p>SIGLO SANGRIENTO EL PASADO,<br \/>\nTAMA\u00d1A EQUIVOCACI\u00d3N,<br \/>\nHICIERON MATAR AL PUEBLO<br \/>\nLIBERAL \u2013 CONSERVADOR<\/p>\n<p>IN\u00daTIL GUERRA PASADA<br \/>\nCORRUPCI\u00d3N DE MALHECHORES,<br \/>\nCAUSANDO AQU\u00cd CON SU ESPADA<br \/>\nMILES DE MUERTES Y HORRORES.<\/p>\n<p>EN ESTE SIGLO VEINTIUNO<br \/>\nMEJOR OPORTUNIDAD,<br \/>\nPOR DONDE QUIERA, EL ESTUDIO,<br \/>\nVIRTUAL UNIVERSIDAD.<\/p>\n<p>AMERITA HOY AGARRAR<br \/>\nDE SUS PALOS LAS BANDERAS,<br \/>\nY SIN PASIONES LUCHAR<br \/>\nCON LAS MEJORES MANERAS.<\/p>\n<p>_________<\/p>\n<p>&nbsp;<\/p>\n<p><img decoding=\"async\" class=\"aligncenter size-full wp-image-14367\" title=\"ALBERTO FL\u00d3REZ FL\u00d3REZ III\" src=\"https:\/\/lapiedrafilosofal.com\/wp-content\/uploads\/2014\/11\/ALBERTO-FL\u00d3REZ-FL\u00d3REZ-III.jpg\" alt=\"\" width=\"500\" height=\"\" srcset=\"https:\/\/oscarhumbertogomez.com\/wp-content\/uploads\/2014\/11\/ALBERTO-FL\u00d3REZ-FL\u00d3REZ-III.jpg 240w, https:\/\/oscarhumbertogomez.com\/wp-content\/uploads\/2014\/11\/ALBERTO-FL\u00d3REZ-FL\u00d3REZ-III-225x300.jpg 225w\" sizes=\"(max-width: 240px) 100vw, 240px\" \/><\/p>\n<p>&nbsp;<\/p>\n<p>La paz, espacio en el mundo,<br \/>\ntemplo de amor y conciencia,<br \/>\nel sentimiento profundo,<br \/>\nalma, soma, inteligencia.<\/p>\n<p>La paz, nuestro bello ambiente,<br \/>\nsol con azulada esfera,<br \/>\nvida y vigor de la gente,<br \/>\nentorno de la bandera.<\/p>\n<p>Paz, el preciado tesoro<br \/>\nla bendici\u00f3n de la tierra:<br \/>\n\u00a1A obtenerla sin desdoro,<br \/>\nsin dar motivo a la guerra!<\/p>\n<p>&nbsp;<\/p>\n","protected":false},"excerpt":{"rendered":"<p>&nbsp; Qu\u00e9 inequidad tan pasmosa de la tal autoridad, qu\u00e9 corrupci\u00f3n espantosa que sufre la sociedad. Todo anda manga por hombro en ciudades y regiones, y de esto yo me supongo ni &#8220;mu&#8221; en las conversaciones. Debieran televisar de la &hellip; <a href=\"https:\/\/oscarhumbertogomez.com\/?p=14555\">Sigue leyendo <span class=\"meta-nav\">&rarr;<\/span><\/a><\/p>\n<div class='heateorSssClear'><\/div><div  class='heateor_sss_sharing_container heateor_sss_horizontal_sharing' heateor-sss-data-href='https:\/\/oscarhumbertogomez.com\/?p=14555'><div class='heateor_sss_sharing_title' style=\"font-weight:bold\" >\u00a1Gracias por compartirla!<\/div><ul class=\"heateor_sss_sharing_ul\"><li class=\"heateorSssSharingRound\"><i style=\"width:35px;height:35px;border-radius:999px;\" alt=\"Facebook\" Title=\"Facebook\" class=\"heateorSssSharing heateorSssFacebookBackground\" onclick='heateorSssPopup(\"https:\/\/www.facebook.com\/sharer\/sharer.php?u=https%3A%2F%2Foscarhumbertogomez.com%2Findex.php%3Frest_route%3D%252Fwp%252Fv2%252Fposts%252F14555\")'><ss style=\"display:block;border-radius:999px;\" class=\"heateorSssSharingSvg heateorSssFacebookSvg\"><\/ss><\/i><\/li><li class=\"heateorSssSharingRound\"><i style=\"width:35px;height:35px;border-radius:999px;\" alt=\"Twitter\" Title=\"Twitter\" class=\"heateorSssSharing heateorSssTwitterBackground\" onclick='heateorSssPopup(\"http:\/\/twitter.com\/intent\/tweet?text=COPLAS.%20Por%20Alberto%20Fl%C3%B3rez%20Fl%C3%B3rez&url=https%3A%2F%2Foscarhumbertogomez.com%2Findex.php%3Frest_route%3D%252Fwp%252Fv2%252Fposts%252F14555\")'><ss style=\"display:block;border-radius:999px;\" class=\"heateorSssSharingSvg heateorSssTwitterSvg\"><\/ss><\/i><\/li><li class=\"heateorSssSharingRound\"><i style=\"width:35px;height:35px;border-radius:999px;\" alt=\"Whatsapp\" Title=\"Whatsapp\" class=\"heateorSssSharing heateorSssWhatsappBackground\" onclick='heateorSssPopup(\"https:\/\/web.whatsapp.com\/send?text=COPLAS.%20Por%20Alberto%20Fl%C3%B3rez%20Fl%C3%B3rez https%3A%2F%2Foscarhumbertogomez.com%2Findex.php%3Frest_route%3D%252Fwp%252Fv2%252Fposts%252F14555\")'><ss style=\"display:block\" class=\"heateorSssSharingSvg heateorSssWhatsappSvg\"><\/ss><\/i><\/li><li class=\"heateorSssSharingRound\"><i style=\"width:35px;height:35px;border-radius:999px;\" alt=\"Pinterest\" Title=\"Pinterest\" class=\"heateorSssSharing heateorSssPinterestBackground\" onclick=\"javascript:void( (function() {var e=document.createElement('script' );e.setAttribute('type','text\/javascript' );e.setAttribute('charset','UTF-8' );e.setAttribute('src','\/\/assets.pinterest.com\/js\/pinmarklet.js?r='+Math.random()*99999999);document.body.appendChild(e)})());\"><ss style=\"display:block;border-radius:999px;\" class=\"heateorSssSharingSvg heateorSssPinterestSvg\"><\/ss><\/i><\/li><li class=\"heateorSssSharingRound\"><i style=\"width:35px;height:35px;border-radius:999px;\" alt=\"Google Gmail\" Title=\"Google Gmail\" class=\"heateorSssSharing heateorSssGoogleGmailBackground\" onclick='heateorSssPopup(\"https:\/\/mail.google.com\/mail\/?ui=2&view=cm&fs=1&tf=1&su=COPLAS.%20Por%20Alberto%20Fl%C3%B3rez%20Fl%C3%B3rez&body=Link:https%3A%2F%2Foscarhumbertogomez.com%2Findex.php%3Frest_route%3D%252Fwp%252Fv2%252Fposts%252F14555\")'><ss style=\"display:block;border-radius:999px;\" class=\"heateorSssSharingSvg heateorSssGoogleGmailSvg\"><\/ss><\/i><\/li><li class=\"heateorSssSharingRound\"><i style=\"width:35px;height:35px;border-radius:999px;\" title=\"More\" alt=\"More\" class=\"heateorSssSharing heateorSssMoreBackground\" onclick=\"heateorSssMoreSharingPopup(this, 'https:\/\/oscarhumbertogomez.com\/index.php?rest_route=%2Fwp%2Fv2%2Fposts%2F14555', 'COPLAS.%20Por%20Alberto%20Fl%C3%B3rez%20Fl%C3%B3rez', '' )\" ><ss style=\"display:block\" class=\"heateorSssSharingSvg heateorSssMoreSvg\"><\/ss><\/i><\/li><\/ul><div class=\"heateorSssClear\"><\/div><\/div><div class='heateorSssClear'><\/div>","protected":false},"author":2,"featured_media":0,"comment_status":"closed","ping_status":"closed","sticky":false,"template":"","format":"standard","meta":{"spay_email":"","footnotes":""},"categories":[6],"tags":[],"class_list":["post-14555","post","type-post","status-publish","format-standard","hentry","category-la-pluma-ajena"],"jetpack_featured_media_url":"","jetpack_shortlink":"https:\/\/wp.me\/p1FYrr-3ML","_links":{"self":[{"href":"https:\/\/oscarhumbertogomez.com\/index.php?rest_route=\/wp\/v2\/posts\/14555","targetHints":{"allow":["GET"]}}],"collection":[{"href":"https:\/\/oscarhumbertogomez.com\/index.php?rest_route=\/wp\/v2\/posts"}],"about":[{"href":"https:\/\/oscarhumbertogomez.com\/index.php?rest_route=\/wp\/v2\/types\/post"}],"author":[{"embeddable":true,"href":"https:\/\/oscarhumbertogomez.com\/index.php?rest_route=\/wp\/v2\/users\/2"}],"replies":[{"embeddable":true,"href":"https:\/\/oscarhumbertogomez.com\/index.php?rest_route=%2Fwp%2Fv2%2Fcomments&post=14555"}],"version-history":[{"count":5,"href":"https:\/\/oscarhumbertogomez.com\/index.php?rest_route=\/wp\/v2\/posts\/14555\/revisions"}],"predecessor-version":[{"id":53484,"href":"https:\/\/oscarhumbertogomez.com\/index.php?rest_route=\/wp\/v2\/posts\/14555\/revisions\/53484"}],"wp:attachment":[{"href":"https:\/\/oscarhumbertogomez.com\/index.php?rest_route=%2Fwp%2Fv2%2Fmedia&parent=14555"}],"wp:term":[{"taxonomy":"category","embeddable":true,"href":"https:\/\/oscarhumbertogomez.com\/index.php?rest_route=%2Fwp%2Fv2%2Fcategories&post=14555"},{"taxonomy":"post_tag","embeddable":true,"href":"https:\/\/oscarhumbertogomez.com\/index.php?rest_route=%2Fwp%2Fv2%2Ftags&post=14555"}],"curies":[{"name":"wp","href":"https:\/\/api.w.org\/{rel}","templated":true}]}}